{"id":386952,"date":"2026-03-14T07:23:06","date_gmt":"2026-03-14T10:23:06","guid":{"rendered":"https:\/\/www.notibras.com\/site\/?p=386952"},"modified":"2026-03-14T07:23:06","modified_gmt":"2026-03-14T10:23:06","slug":"congressistas-miram-no-stf-para-tentar-esconder-suas-proprias-mazelas","status":"publish","type":"post","link":"https:\/\/www.notibras.com\/site\/congressistas-miram-no-stf-para-tentar-esconder-suas-proprias-mazelas\/","title":{"rendered":"Congressistas miram no STF para tentar esconder suas pr\u00f3prias mazelas"},"content":{"rendered":"<p>Embora seja considerada uma arte, a hipocrisia pol\u00edtica no Brasil \u00e9 algo acima do normal, muito al\u00e9m do permitido. Quem n\u00e3o conhece os deputados e senadores brasileiros costumam achar que eles se mascaram para se esconder dos eleitores chatos. Os que conhecem de perto as excel\u00eancias t\u00eam certeza de que as m\u00e1scaras servem como disfarce de seus embustes, de suas vigarices, do pouco casso deles com as causas do povo. Nos plen\u00e1rios da C\u00e2mara e do Senado ou em suas bases eleitorais, os congressistas trabalham tanto para mostrar o que n\u00e3o s\u00e3o que acabam se perdendo no pr\u00f3prio personagem.<\/p>\n<p>De t\u00e3o irrelevantes, as exce\u00e7\u00f5es s\u00e3o engolidas pela maioria hip\u00f3crita. Como n\u00e3o existem m\u00e1scaras que durem mais do que a pr\u00f3pria face, em ano eleitoral e quanto mais pr\u00f3ximo das elei\u00e7\u00f5es algumas caem. \u00c9 nesse momento que a verdade aparece e a admira\u00e7\u00e3o desaparece. Agindo como libertadores de um Legislativo \u00edntegro, probo e acima de qualquer suspeita, algumas dezenas de honrados e retos deputados e senadores resolveram se unir a dois ou tr\u00eas governadores contra o insuspeito Supremo Tribunal Federal.<\/p>\n<p>Mirar no STF, particularmente nos ministros Alexandre de Moraes e Dias Toffoli, cujos nomes est\u00e3o de alguma maneira associados ao esc\u00e2ndalo do Banco Master, \u00e9 a palavra de ordem entre boa parte dos 584 congressistas. Os senadores s\u00e3o os que mais t\u00eam necessidade de se insurgir contra a Corte Suprema por meio da m\u00eddia nacional. Ainda que gritem mais do que o homem da cobra ou do que o vendedor ambulante de panelas, eles sabem que ficar\u00e1 o dito pelo n\u00e3o dito. Se algu\u00e9m corre risco, s\u00e3o eles e n\u00e3o os ministros.<\/p>\n<p>Para os eleitores menos acostumados com o dia a dia da politicagem, seus eleitos est\u00e3o trabalhando s\u00e9rio e honestamente para garantir a equidade nacional. S\u00f3 que n\u00e3o. \u00c1gua e \u00f3leo se engolem, mas n\u00e3o se misturam. A for\u00e7a faz parte dos legisladores e de quem judicializa. A diferen\u00e7a \u00e9 que alguns s\u00e3o vital\u00edcios, enquanto outros dependem do mandato. Ou seja, sem a imunidade \u00e9 um cidad\u00e3o comum. Por isso, jogam para a plateia, embora saibam que se trata de uma luta ingl\u00f3ria.<\/p>\n<p>\u00c9 a mesma coisa que tentar apagar um inc\u00eandio com \u00f3leo diesel importado via Estreito de Ormuz. Servi\u00e7ais de uma corrente ideol\u00f3gica fora do poder, antes de pensar no povo e no pa\u00eds, as excel\u00eancias est\u00e3o tentando salvar a pr\u00f3pria pele. Na verdade, \u00e9 como a m\u00e1xima do roto e do esfarrapado. Ao mesmo tempo em que fingem emparedar os senhores de capa preta, os mascarados parlamentares fingem estar cumprindo um papel constitucional.<\/p>\n<p>Uma r\u00e1pida consulta \u00e0 Mesa do Senado \u00e9 suficiente para perceber que h\u00e1 mais pedidos de impeachment de ministros do STF do que projetos de lei em benef\u00edcio da sociedade. Resta ao eleitor avaliar que, mantido o atual quadro pol\u00edtico, dificilmente chegaremos a um bom lugar. Se a ideia \u00e9 permanecer no mesmo patamar de caos e de fingimentos, as elei\u00e7\u00f5es de outubro est\u00e3o a\u00ed para garantir que definitivamente preferimos o pa\u00eds definido pelo fil\u00f3sofo Tim Maia h\u00e1 quase 30 anos: O Brasil \u00e9 o \u00fanico lugar em que prostituta se apaixona, cafet\u00e3o tem ci\u00fame, traficante se vicia e matador se mata. O \u201cSic\u00e1rio\u201d de Daniel Vorcaro \u00e9 o exemplo morto do melhor e do pior do Brasil.<\/p>\n<p>&#8230;&#8230;..<\/p>\n<p><strong>Mathuzal\u00e9m J\u00fanior \u00e9 jornalista profissional desde 1978<\/strong><\/p>\n","protected":false},"excerpt":{"rendered":"<p>Embora seja considerada uma arte, a hipocrisia pol\u00edtica no Brasil \u00e9 algo acima do normal, muito al\u00e9m do permitido. Quem n\u00e3o conhece os deputados e senadores brasileiros costumam achar que eles se mascaram para se esconder dos eleitores chatos. Os que conhecem de perto as excel\u00eancias t\u00eam certeza de que as m\u00e1scaras servem como disfarce [&hellip;]<\/p>\n","protected":false},"author":2,"featured_media":298785,"comment_status":"closed","ping_status":"closed","sticky":false,"template":"","format":"standard","meta":{"_acf_changed":false,"footnotes":""},"categories":[16],"tags":[],"class_list":["post-386952","post","type-post","status-publish","format-standard","has-post-thumbnail","hentry","category-brasil"],"acf":[],"yoast_head":"<!-- This site is optimized with the Yoast SEO plugin v27.2 - https:\/\/yoast.com\/product\/yoast-seo-wordpress\/ -->\n<title>Congressistas miram no STF para tentar esconder suas pr\u00f3prias mazelas - Notibras<\/title>\n<meta name=\"robots\" content=\"index, follow, max-snippet:-1, max-image-preview:large, max-video-preview:-1\" \/>\n<link rel=\"canonical\" href=\"https:\/\/www.notibras.com\/site\/congressistas-miram-no-stf-para-tentar-esconder-suas-proprias-mazelas\/\" \/>\n<meta property=\"og:locale\" content=\"pt_BR\" \/>\n<meta property=\"og:type\" content=\"article\" \/>\n<meta property=\"og:title\" content=\"Congressistas miram no STF para tentar esconder suas pr\u00f3prias mazelas - Notibras\" \/>\n<meta property=\"og:description\" content=\"Embora seja considerada uma arte, a hipocrisia pol\u00edtica no Brasil \u00e9 algo acima do normal, muito al\u00e9m do permitido. Quem n\u00e3o conhece os deputados e senadores brasileiros costumam achar que eles se mascaram para se esconder dos eleitores chatos. Os que conhecem de perto as excel\u00eancias t\u00eam certeza de que as m\u00e1scaras servem como disfarce [&hellip;]\" \/>\n<meta property=\"og:url\" content=\"https:\/\/www.notibras.com\/site\/congressistas-miram-no-stf-para-tentar-esconder-suas-proprias-mazelas\/\" \/>\n<meta property=\"og:site_name\" content=\"Notibras\" \/>\n<meta property=\"article:publisher\" content=\"https:\/\/www.facebook.com\/notibras\/\" \/>\n<meta property=\"article:published_time\" content=\"2026-03-14T10:23:06+00:00\" \/>\n<meta property=\"og:image\" content=\"https:\/\/www.notibras.com\/site\/wp-content\/uploads\/2023\/01\/congresso_verde_vac_abr_2707220967.jpg\" \/>\n\t<meta property=\"og:image:width\" content=\"770\" \/>\n\t<meta property=\"og:image:height\" content=\"513\" \/>\n\t<meta property=\"og:image:type\" content=\"image\/jpeg\" \/>\n<meta name=\"author\" content=\"Reda\u00e7\u00e3o\" \/>\n<meta name=\"twitter:card\" content=\"summary_large_image\" \/>\n<meta name=\"twitter:creator\" content=\"@Notibras\" \/>\n<meta name=\"twitter:site\" content=\"@Notibras\" \/>\n<meta name=\"twitter:label1\" content=\"Escrito por\" \/>\n\t<meta name=\"twitter:data1\" content=\"Reda\u00e7\u00e3o\" \/>\n\t<meta name=\"twitter:label2\" content=\"Est. tempo de leitura\" \/>\n\t<meta name=\"twitter:data2\" content=\"4 minutos\" \/>\n<script type=\"application\/ld+json\" class=\"yoast-schema-graph\">{\"@context\":\"https:\/\/schema.org\",\"@graph\":[{\"@type\":\"Article\",\"@id\":\"https:\/\/www.notibras.com\/site\/congressistas-miram-no-stf-para-tentar-esconder-suas-proprias-mazelas\/#article\",\"isPartOf\":{\"@id\":\"https:\/\/www.notibras.com\/site\/congressistas-miram-no-stf-para-tentar-esconder-suas-proprias-mazelas\/\"},\"author\":{\"name\":\"Reda\u00e7\u00e3o\",\"@id\":\"https:\/\/www.notibras.com\/site\/#\/schema\/person\/36ab0979449956132d3e5b517ea76ac8\"},\"headline\":\"Congressistas miram no STF para tentar esconder suas pr\u00f3prias mazelas\",\"datePublished\":\"2026-03-14T10:23:06+00:00\",\"mainEntityOfPage\":{\"@id\":\"https:\/\/www.notibras.com\/site\/congressistas-miram-no-stf-para-tentar-esconder-suas-proprias-mazelas\/\"},\"wordCount\":607,\"publisher\":{\"@id\":\"https:\/\/www.notibras.com\/site\/#organization\"},\"image\":{\"@id\":\"https:\/\/www.notibras.com\/site\/congressistas-miram-no-stf-para-tentar-esconder-suas-proprias-mazelas\/#primaryimage\"},\"thumbnailUrl\":\"https:\/\/www.notibras.com\/site\/wp-content\/uploads\/2023\/01\/congresso_verde_vac_abr_2707220967.jpg\",\"articleSection\":[\"Brasil\"],\"inLanguage\":\"pt-BR\"},{\"@type\":\"WebPage\",\"@id\":\"https:\/\/www.notibras.com\/site\/congressistas-miram-no-stf-para-tentar-esconder-suas-proprias-mazelas\/\",\"url\":\"https:\/\/www.notibras.com\/site\/congressistas-miram-no-stf-para-tentar-esconder-suas-proprias-mazelas\/\",\"name\":\"Congressistas miram no STF para tentar esconder suas pr\u00f3prias mazelas - Notibras\",\"isPartOf\":{\"@id\":\"https:\/\/www.notibras.com\/site\/#website\"},\"primaryImageOfPage\":{\"@id\":\"https:\/\/www.notibras.com\/site\/congressistas-miram-no-stf-para-tentar-esconder-suas-proprias-mazelas\/#primaryimage\"},\"image\":{\"@id\":\"https:\/\/www.notibras.com\/site\/congressistas-miram-no-stf-para-tentar-esconder-suas-proprias-mazelas\/#primaryimage\"},\"thumbnailUrl\":\"https:\/\/www.notibras.com\/site\/wp-content\/uploads\/2023\/01\/congresso_verde_vac_abr_2707220967.jpg\",\"datePublished\":\"2026-03-14T10:23:06+00:00\",\"breadcrumb\":{\"@id\":\"https:\/\/www.notibras.com\/site\/congressistas-miram-no-stf-para-tentar-esconder-suas-proprias-mazelas\/#breadcrumb\"},\"inLanguage\":\"pt-BR\",\"potentialAction\":[{\"@type\":\"ReadAction\",\"target\":[\"https:\/\/www.notibras.com\/site\/congressistas-miram-no-stf-para-tentar-esconder-suas-proprias-mazelas\/\"]}]},{\"@type\":\"ImageObject\",\"inLanguage\":\"pt-BR\",\"@id\":\"https:\/\/www.notibras.com\/site\/congressistas-miram-no-stf-para-tentar-esconder-suas-proprias-mazelas\/#primaryimage\",\"url\":\"https:\/\/www.notibras.com\/site\/wp-content\/uploads\/2023\/01\/congresso_verde_vac_abr_2707220967.jpg\",\"contentUrl\":\"https:\/\/www.notibras.com\/site\/wp-content\/uploads\/2023\/01\/congresso_verde_vac_abr_2707220967.jpg\",\"width\":770,\"height\":513,\"caption\":\"O Congresso Nacional est\u00e1 iluminado de verde, desde domingo (24) at\u00e9 quarta (27), quando \u00e9 celebrado o Dia Mundial de Preven\u00e7\u00e3o do C\u00e2ncer de Cabe\u00e7a e Pesco\u00e7o.\"},{\"@type\":\"BreadcrumbList\",\"@id\":\"https:\/\/www.notibras.com\/site\/congressistas-miram-no-stf-para-tentar-esconder-suas-proprias-mazelas\/#breadcrumb\",\"itemListElement\":[{\"@type\":\"ListItem\",\"position\":1,\"name\":\"In\u00edcio\",\"item\":\"https:\/\/www.notibras.com\/site\/\"},{\"@type\":\"ListItem\",\"position\":2,\"name\":\"Congressistas miram no STF para tentar esconder suas pr\u00f3prias mazelas\"}]},{\"@type\":\"WebSite\",\"@id\":\"https:\/\/www.notibras.com\/site\/#website\",\"url\":\"https:\/\/www.notibras.com\/site\/\",\"name\":\"Notibras\",\"description\":\"Not\u00edcias de Bras\u00edlia, do Brasil e do Mundo\",\"publisher\":{\"@id\":\"https:\/\/www.notibras.com\/site\/#organization\"},\"potentialAction\":[{\"@type\":\"SearchAction\",\"target\":{\"@type\":\"EntryPoint\",\"urlTemplate\":\"https:\/\/www.notibras.com\/site\/?s={search_term_string}\"},\"query-input\":{\"@type\":\"PropertyValueSpecification\",\"valueRequired\":true,\"valueName\":\"search_term_string\"}}],\"inLanguage\":\"pt-BR\"},{\"@type\":\"Organization\",\"@id\":\"https:\/\/www.notibras.com\/site\/#organization\",\"name\":\"Grupo Notibras de Comunica\u00e7\u00e3o\",\"url\":\"https:\/\/www.notibras.com\/site\/\",\"logo\":{\"@type\":\"ImageObject\",\"inLanguage\":\"pt-BR\",\"@id\":\"https:\/\/www.notibras.com\/site\/#\/schema\/logo\/image\/\",\"url\":\"https:\/\/www.notibras.com\/site\/wp-content\/uploads\/2023\/01\/notibras23.png\",\"contentUrl\":\"https:\/\/www.notibras.com\/site\/wp-content\/uploads\/2023\/01\/notibras23.png\",\"width\":350,\"height\":87,\"caption\":\"Grupo Notibras de Comunica\u00e7\u00e3o\"},\"image\":{\"@id\":\"https:\/\/www.notibras.com\/site\/#\/schema\/logo\/image\/\"},\"sameAs\":[\"https:\/\/www.facebook.com\/notibras\/\",\"https:\/\/x.com\/Notibras\",\"https:\/\/www.instagram.com\/notibras\/\"]},{\"@type\":\"Person\",\"@id\":\"https:\/\/www.notibras.com\/site\/#\/schema\/person\/36ab0979449956132d3e5b517ea76ac8\",\"name\":\"Reda\u00e7\u00e3o\",\"image\":{\"@type\":\"ImageObject\",\"inLanguage\":\"pt-BR\",\"@id\":\"https:\/\/secure.gravatar.com\/avatar\/e0a867bdedb85fd243eadf09663511f96fc81e0720a4a42581f334ad4303aa6b?s=96&d=mm&r=g\",\"url\":\"https:\/\/secure.gravatar.com\/avatar\/e0a867bdedb85fd243eadf09663511f96fc81e0720a4a42581f334ad4303aa6b?s=96&d=mm&r=g\",\"contentUrl\":\"https:\/\/secure.gravatar.com\/avatar\/e0a867bdedb85fd243eadf09663511f96fc81e0720a4a42581f334ad4303aa6b?s=96&d=mm&r=g\",\"caption\":\"Reda\u00e7\u00e3o\"}}]}<\/script>\n<!-- \/ Yoast SEO plugin. -->","yoast_head_json":{"title":"Congressistas miram no STF para tentar esconder suas pr\u00f3prias mazelas - Notibras","robots":{"index":"index","follow":"follow","max-snippet":"max-snippet:-1","max-image-preview":"max-image-preview:large","max-video-preview":"max-video-preview:-1"},"canonical":"https:\/\/www.notibras.com\/site\/congressistas-miram-no-stf-para-tentar-esconder-suas-proprias-mazelas\/","og_locale":"pt_BR","og_type":"article","og_title":"Congressistas miram no STF para tentar esconder suas pr\u00f3prias mazelas - Notibras","og_description":"Embora seja considerada uma arte, a hipocrisia pol\u00edtica no Brasil \u00e9 algo acima do normal, muito al\u00e9m do permitido. Quem n\u00e3o conhece os deputados e senadores brasileiros costumam achar que eles se mascaram para se esconder dos eleitores chatos. Os que conhecem de perto as excel\u00eancias t\u00eam certeza de que as m\u00e1scaras servem como disfarce [&hellip;]","og_url":"https:\/\/www.notibras.com\/site\/congressistas-miram-no-stf-para-tentar-esconder-suas-proprias-mazelas\/","og_site_name":"Notibras","article_publisher":"https:\/\/www.facebook.com\/notibras\/","article_published_time":"2026-03-14T10:23:06+00:00","og_image":[{"width":770,"height":513,"url":"https:\/\/www.notibras.com\/site\/wp-content\/uploads\/2023\/01\/congresso_verde_vac_abr_2707220967.jpg","type":"image\/jpeg"}],"author":"Reda\u00e7\u00e3o","twitter_card":"summary_large_image","twitter_creator":"@Notibras","twitter_site":"@Notibras","twitter_misc":{"Escrito por":"Reda\u00e7\u00e3o","Est. tempo de leitura":"4 minutos"},"schema":{"@context":"https:\/\/schema.org","@graph":[{"@type":"Article","@id":"https:\/\/www.notibras.com\/site\/congressistas-miram-no-stf-para-tentar-esconder-suas-proprias-mazelas\/#article","isPartOf":{"@id":"https:\/\/www.notibras.com\/site\/congressistas-miram-no-stf-para-tentar-esconder-suas-proprias-mazelas\/"},"author":{"name":"Reda\u00e7\u00e3o","@id":"https:\/\/www.notibras.com\/site\/#\/schema\/person\/36ab0979449956132d3e5b517ea76ac8"},"headline":"Congressistas miram no STF para tentar esconder suas pr\u00f3prias mazelas","datePublished":"2026-03-14T10:23:06+00:00","mainEntityOfPage":{"@id":"https:\/\/www.notibras.com\/site\/congressistas-miram-no-stf-para-tentar-esconder-suas-proprias-mazelas\/"},"wordCount":607,"publisher":{"@id":"https:\/\/www.notibras.com\/site\/#organization"},"image":{"@id":"https:\/\/www.notibras.com\/site\/congressistas-miram-no-stf-para-tentar-esconder-suas-proprias-mazelas\/#primaryimage"},"thumbnailUrl":"https:\/\/www.notibras.com\/site\/wp-content\/uploads\/2023\/01\/congresso_verde_vac_abr_2707220967.jpg","articleSection":["Brasil"],"inLanguage":"pt-BR"},{"@type":"WebPage","@id":"https:\/\/www.notibras.com\/site\/congressistas-miram-no-stf-para-tentar-esconder-suas-proprias-mazelas\/","url":"https:\/\/www.notibras.com\/site\/congressistas-miram-no-stf-para-tentar-esconder-suas-proprias-mazelas\/","name":"Congressistas miram no STF para tentar esconder suas pr\u00f3prias mazelas - Notibras","isPartOf":{"@id":"https:\/\/www.notibras.com\/site\/#website"},"primaryImageOfPage":{"@id":"https:\/\/www.notibras.com\/site\/congressistas-miram-no-stf-para-tentar-esconder-suas-proprias-mazelas\/#primaryimage"},"image":{"@id":"https:\/\/www.notibras.com\/site\/congressistas-miram-no-stf-para-tentar-esconder-suas-proprias-mazelas\/#primaryimage"},"thumbnailUrl":"https:\/\/www.notibras.com\/site\/wp-content\/uploads\/2023\/01\/congresso_verde_vac_abr_2707220967.jpg","datePublished":"2026-03-14T10:23:06+00:00","breadcrumb":{"@id":"https:\/\/www.notibras.com\/site\/congressistas-miram-no-stf-para-tentar-esconder-suas-proprias-mazelas\/#breadcrumb"},"inLanguage":"pt-BR","potentialAction":[{"@type":"ReadAction","target":["https:\/\/www.notibras.com\/site\/congressistas-miram-no-stf-para-tentar-esconder-suas-proprias-mazelas\/"]}]},{"@type":"ImageObject","inLanguage":"pt-BR","@id":"https:\/\/www.notibras.com\/site\/congressistas-miram-no-stf-para-tentar-esconder-suas-proprias-mazelas\/#primaryimage","url":"https:\/\/www.notibras.com\/site\/wp-content\/uploads\/2023\/01\/congresso_verde_vac_abr_2707220967.jpg","contentUrl":"https:\/\/www.notibras.com\/site\/wp-content\/uploads\/2023\/01\/congresso_verde_vac_abr_2707220967.jpg","width":770,"height":513,"caption":"O Congresso Nacional est\u00e1 iluminado de verde, desde domingo (24) at\u00e9 quarta (27), quando \u00e9 celebrado o Dia Mundial de Preven\u00e7\u00e3o do C\u00e2ncer de Cabe\u00e7a e Pesco\u00e7o."},{"@type":"BreadcrumbList","@id":"https:\/\/www.notibras.com\/site\/congressistas-miram-no-stf-para-tentar-esconder-suas-proprias-mazelas\/#breadcrumb","itemListElement":[{"@type":"ListItem","position":1,"name":"In\u00edcio","item":"https:\/\/www.notibras.com\/site\/"},{"@type":"ListItem","position":2,"name":"Congressistas miram no STF para tentar esconder suas pr\u00f3prias mazelas"}]},{"@type":"WebSite","@id":"https:\/\/www.notibras.com\/site\/#website","url":"https:\/\/www.notibras.com\/site\/","name":"Notibras","description":"Not\u00edcias de Bras\u00edlia, do Brasil e do Mundo","publisher":{"@id":"https:\/\/www.notibras.com\/site\/#organization"},"potentialAction":[{"@type":"SearchAction","target":{"@type":"EntryPoint","urlTemplate":"https:\/\/www.notibras.com\/site\/?s={search_term_string}"},"query-input":{"@type":"PropertyValueSpecification","valueRequired":true,"valueName":"search_term_string"}}],"inLanguage":"pt-BR"},{"@type":"Organization","@id":"https:\/\/www.notibras.com\/site\/#organization","name":"Grupo Notibras de Comunica\u00e7\u00e3o","url":"https:\/\/www.notibras.com\/site\/","logo":{"@type":"ImageObject","inLanguage":"pt-BR","@id":"https:\/\/www.notibras.com\/site\/#\/schema\/logo\/image\/","url":"https:\/\/www.notibras.com\/site\/wp-content\/uploads\/2023\/01\/notibras23.png","contentUrl":"https:\/\/www.notibras.com\/site\/wp-content\/uploads\/2023\/01\/notibras23.png","width":350,"height":87,"caption":"Grupo Notibras de Comunica\u00e7\u00e3o"},"image":{"@id":"https:\/\/www.notibras.com\/site\/#\/schema\/logo\/image\/"},"sameAs":["https:\/\/www.facebook.com\/notibras\/","https:\/\/x.com\/Notibras","https:\/\/www.instagram.com\/notibras\/"]},{"@type":"Person","@id":"https:\/\/www.notibras.com\/site\/#\/schema\/person\/36ab0979449956132d3e5b517ea76ac8","name":"Reda\u00e7\u00e3o","image":{"@type":"ImageObject","inLanguage":"pt-BR","@id":"https:\/\/secure.gravatar.com\/avatar\/e0a867bdedb85fd243eadf09663511f96fc81e0720a4a42581f334ad4303aa6b?s=96&d=mm&r=g","url":"https:\/\/secure.gravatar.com\/avatar\/e0a867bdedb85fd243eadf09663511f96fc81e0720a4a42581f334ad4303aa6b?s=96&d=mm&r=g","contentUrl":"https:\/\/secure.gravatar.com\/avatar\/e0a867bdedb85fd243eadf09663511f96fc81e0720a4a42581f334ad4303aa6b?s=96&d=mm&r=g","caption":"Reda\u00e7\u00e3o"}}]}},"amp_enabled":true,"_links":{"self":[{"href":"https:\/\/www.notibras.com\/site\/wp-json\/wp\/v2\/posts\/386952","targetHints":{"allow":["GET"]}}],"collection":[{"href":"https:\/\/www.notibras.com\/site\/wp-json\/wp\/v2\/posts"}],"about":[{"href":"https:\/\/www.notibras.com\/site\/wp-json\/wp\/v2\/types\/post"}],"author":[{"embeddable":true,"href":"https:\/\/www.notibras.com\/site\/wp-json\/wp\/v2\/users\/2"}],"replies":[{"embeddable":true,"href":"https:\/\/www.notibras.com\/site\/wp-json\/wp\/v2\/comments?post=386952"}],"version-history":[{"count":1,"href":"https:\/\/www.notibras.com\/site\/wp-json\/wp\/v2\/posts\/386952\/revisions"}],"predecessor-version":[{"id":386953,"href":"https:\/\/www.notibras.com\/site\/wp-json\/wp\/v2\/posts\/386952\/revisions\/386953"}],"wp:featuredmedia":[{"embeddable":true,"href":"https:\/\/www.notibras.com\/site\/wp-json\/wp\/v2\/media\/298785"}],"wp:attachment":[{"href":"https:\/\/www.notibras.com\/site\/wp-json\/wp\/v2\/media?parent=386952"}],"wp:term":[{"taxonomy":"category","embeddable":true,"href":"https:\/\/www.notibras.com\/site\/wp-json\/wp\/v2\/categories?post=386952"},{"taxonomy":"post_tag","embeddable":true,"href":"https:\/\/www.notibras.com\/site\/wp-json\/wp\/v2\/tags?post=386952"}],"curies":[{"name":"wp","href":"https:\/\/api.w.org\/{rel}","templated":true}]}}