{"id":386960,"date":"2026-03-14T00:00:55","date_gmt":"2026-03-14T03:00:55","guid":{"rendered":"https:\/\/www.notibras.com\/site\/?p=386960"},"modified":"2026-03-14T07:37:12","modified_gmt":"2026-03-14T10:37:12","slug":"aberto-credito-emergencial-para-socorrer-minas-gerais","status":"publish","type":"post","link":"https:\/\/www.notibras.com\/site\/aberto-credito-emergencial-para-socorrer-minas-gerais\/","title":{"rendered":"Aberto cr\u00e9dito emergencial para socorrer Minas Gerais"},"content":{"rendered":"<p>Pessoas f\u00edsicas e empresas afetadas pelas enchentes em Minas Gerais ter\u00e3o acesso a uma linha emergencial com recursos do pr\u00e9-sal. Em reuni\u00e3o extraordin\u00e1ria nesta sexta-feira (13), o Conselho Monet\u00e1rio Nacional (CMN) regulamentou a opera\u00e7\u00e3o de cr\u00e9dito.<\/p>\n<p>A medida autoriza a utiliza\u00e7\u00e3o de at\u00e9 R$ 500 milh\u00f5es do super\u00e1vit financeiro do Fundo Social do Pr\u00e9-Sal, conforme previsto na Medida Provis\u00f3ria n\u00ba 1.337 de 2026. O objetivo \u00e9 apoiar a recupera\u00e7\u00e3o econ\u00f4mica e social das regi\u00f5es atingidas por desastres naturais reconhecidos pelo governo federal.<\/p>\n<p><strong>Cr\u00e9dito<\/strong><br \/>\nOs recursos poder\u00e3o ser usados para:<\/p>\n<p>reconstru\u00e7\u00e3o de instala\u00e7\u00f5es danificadas<br \/>\naquisi\u00e7\u00e3o de m\u00e1quinas e equipamentos<br \/>\ncapital de giro para empresas afetadas<\/p>\n<p>Segundo o governo, a iniciativa busca acelerar a retomada da atividade produtiva e recompor a capacidade econ\u00f4mica local nas \u00e1reas atingidas.<\/p>\n<p><strong>Bancos<\/strong><br \/>\nAs opera\u00e7\u00f5es ser\u00e3o realizadas por meio do Banco do Brasil e da Caixa Econ\u00f4mica Federal, que atuar\u00e3o como agentes financeiros e assumir\u00e3o integralmente o risco das opera\u00e7\u00f5es.<\/p>\n<p>Os pedidos de financiamento poder\u00e3o ser apresentados \u00e0s institui\u00e7\u00f5es at\u00e9 4 de julho de 2026.<\/p>\n<p><strong>Taxas<\/strong><br \/>\nOs encargos financeiros das opera\u00e7\u00f5es ser\u00e3o compostos por duas partes: a remunera\u00e7\u00e3o das institui\u00e7\u00f5es financeiras e a remunera\u00e7\u00e3o do Fundo Social.<\/p>\n<p>Spread dos bancos: at\u00e9 4% ao ano<\/p>\n<p>Taxa do Fundo Social (capital de giro): entre 2% e 6% ao ano, dependendo da renda ou porte da empresa<\/p>\n<p>Taxa para reconstru\u00e7\u00e3o e equipamentos: 1% ao ano para todos os benefici\u00e1rios<\/p>\n<p><strong>Limites<\/strong><br \/>\nOs valores m\u00e1ximos de financiamento variam conforme o perfil do benefici\u00e1rio:<\/p>\n<p>At\u00e9 R$ 200 mil: pessoas f\u00edsicas\u00a0 da agropecu\u00e1ria, florestal, pesca ou aquicultura<br \/>\nAt\u00e9 R$ 500 mil: microempresas e empresas de pequeno porte<br \/>\nAt\u00e9 R$ 5 milh\u00f5es: empresas com receita bruta de at\u00e9 R$ 300 milh\u00f5es<br \/>\nAt\u00e9 R$ 10 milh\u00f5es: capital de giro para grandes empresas<br \/>\nAt\u00e9 R$ 50 milh\u00f5es: reconstru\u00e7\u00e3o e compra de m\u00e1quinas para grandes empresas<\/p>\n<p><strong>Prazos<\/strong><br \/>\nOs financiamentos ter\u00e3o prazos diferentes conforme a finalidade do cr\u00e9dito:<br \/>\nCapital de giro: at\u00e9 60 meses, com at\u00e9 12 meses de car\u00eancia<br \/>\nReconstru\u00e7\u00e3o ou equipamentos: at\u00e9 120 meses, tamb\u00e9m com 12 meses de car\u00eancia<\/p>\n<p>Segundo o governo, o uso do super\u00e1vit do Fundo Social n\u00e3o gera impacto no resultado prim\u00e1rio das contas p\u00fablicas, j\u00e1 que o risco das opera\u00e7\u00f5es ser\u00e1 assumido pelas institui\u00e7\u00f5es financeiras.<\/p>\n<p>O CMN \u00e9 o principal \u00f3rg\u00e3o respons\u00e1vel pela formula\u00e7\u00e3o da pol\u00edtica monet\u00e1ria e financeira do pa\u00eds. O colegiado \u00e9 presidido pelo ministro da Fazenda, Fernando Haddad, e tamb\u00e9m \u00e9 composto pelo presidente do Banco Central do Brasil, Gabriel Muricca Gal\u00edpolo, e pela ministra do Planejamento e Or\u00e7amento, Simone Tebet.<\/p>\n","protected":false},"excerpt":{"rendered":"<p>Pessoas f\u00edsicas e empresas afetadas pelas enchentes em Minas Gerais ter\u00e3o acesso a uma linha emergencial com recursos do pr\u00e9-sal. Em reuni\u00e3o extraordin\u00e1ria nesta sexta-feira (13), o Conselho Monet\u00e1rio Nacional (CMN) regulamentou a opera\u00e7\u00e3o de cr\u00e9dito. A medida autoriza a utiliza\u00e7\u00e3o de at\u00e9 R$ 500 milh\u00f5es do super\u00e1vit financeiro do Fundo Social do Pr\u00e9-Sal, conforme [&hellip;]<\/p>\n","protected":false},"author":2,"featured_media":386961,"comment_status":"closed","ping_status":"closed","sticky":false,"template":"","format":"standard","meta":{"_acf_changed":false,"footnotes":""},"categories":[16],"tags":[],"class_list":["post-386960","post","type-post","status-publish","format-standard","has-post-thumbnail","hentry","category-brasil"],"acf":[],"yoast_head":"<!-- This site is optimized with the Yoast SEO plugin v27.2 - https:\/\/yoast.com\/product\/yoast-seo-wordpress\/ -->\n<title>Aberto cr\u00e9dito emergencial para socorrer Minas Gerais - Notibras<\/title>\n<meta name=\"robots\" content=\"index, follow, max-snippet:-1, max-image-preview:large, max-video-preview:-1\" \/>\n<link rel=\"canonical\" href=\"https:\/\/www.notibras.com\/site\/aberto-credito-emergencial-para-socorrer-minas-gerais\/\" \/>\n<meta property=\"og:locale\" content=\"pt_BR\" \/>\n<meta property=\"og:type\" content=\"article\" \/>\n<meta property=\"og:title\" content=\"Aberto cr\u00e9dito emergencial para socorrer Minas Gerais - Notibras\" \/>\n<meta property=\"og:description\" content=\"Pessoas f\u00edsicas e empresas afetadas pelas enchentes em Minas Gerais ter\u00e3o acesso a uma linha emergencial com recursos do pr\u00e9-sal. Em reuni\u00e3o extraordin\u00e1ria nesta sexta-feira (13), o Conselho Monet\u00e1rio Nacional (CMN) regulamentou a opera\u00e7\u00e3o de cr\u00e9dito. A medida autoriza a utiliza\u00e7\u00e3o de at\u00e9 R$ 500 milh\u00f5es do super\u00e1vit financeiro do Fundo Social do Pr\u00e9-Sal, conforme [&hellip;]\" \/>\n<meta property=\"og:url\" content=\"https:\/\/www.notibras.com\/site\/aberto-credito-emergencial-para-socorrer-minas-gerais\/\" \/>\n<meta property=\"og:site_name\" content=\"Notibras\" \/>\n<meta property=\"article:publisher\" content=\"https:\/\/www.facebook.com\/notibras\/\" \/>\n<meta property=\"article:published_time\" content=\"2026-03-14T03:00:55+00:00\" \/>\n<meta property=\"article:modified_time\" content=\"2026-03-14T10:37:12+00:00\" \/>\n<meta property=\"og:image\" content=\"https:\/\/www.notibras.com\/site\/wp-content\/uploads\/2026\/03\/lulauba_3.webp\" \/>\n\t<meta property=\"og:image:width\" content=\"1170\" \/>\n\t<meta property=\"og:image:height\" content=\"700\" \/>\n\t<meta property=\"og:image:type\" content=\"image\/webp\" \/>\n<meta name=\"author\" content=\"Reda\u00e7\u00e3o\" \/>\n<meta name=\"twitter:card\" content=\"summary_large_image\" \/>\n<meta name=\"twitter:creator\" content=\"@Notibras\" \/>\n<meta name=\"twitter:site\" content=\"@Notibras\" \/>\n<meta name=\"twitter:label1\" content=\"Escrito por\" \/>\n\t<meta name=\"twitter:data1\" content=\"Reda\u00e7\u00e3o\" \/>\n\t<meta name=\"twitter:label2\" content=\"Est. tempo de leitura\" \/>\n\t<meta name=\"twitter:data2\" content=\"3 minutos\" \/>\n<script type=\"application\/ld+json\" class=\"yoast-schema-graph\">{\"@context\":\"https:\/\/schema.org\",\"@graph\":[{\"@type\":\"Article\",\"@id\":\"https:\/\/www.notibras.com\/site\/aberto-credito-emergencial-para-socorrer-minas-gerais\/#article\",\"isPartOf\":{\"@id\":\"https:\/\/www.notibras.com\/site\/aberto-credito-emergencial-para-socorrer-minas-gerais\/\"},\"author\":{\"name\":\"Reda\u00e7\u00e3o\",\"@id\":\"https:\/\/www.notibras.com\/site\/#\/schema\/person\/36ab0979449956132d3e5b517ea76ac8\"},\"headline\":\"Aberto cr\u00e9dito emergencial para socorrer Minas Gerais\",\"datePublished\":\"2026-03-14T03:00:55+00:00\",\"dateModified\":\"2026-03-14T10:37:12+00:00\",\"mainEntityOfPage\":{\"@id\":\"https:\/\/www.notibras.com\/site\/aberto-credito-emergencial-para-socorrer-minas-gerais\/\"},\"wordCount\":465,\"publisher\":{\"@id\":\"https:\/\/www.notibras.com\/site\/#organization\"},\"image\":{\"@id\":\"https:\/\/www.notibras.com\/site\/aberto-credito-emergencial-para-socorrer-minas-gerais\/#primaryimage\"},\"thumbnailUrl\":\"https:\/\/www.notibras.com\/site\/wp-content\/uploads\/2026\/03\/lulauba_3.webp\",\"articleSection\":[\"Brasil\"],\"inLanguage\":\"pt-BR\"},{\"@type\":\"WebPage\",\"@id\":\"https:\/\/www.notibras.com\/site\/aberto-credito-emergencial-para-socorrer-minas-gerais\/\",\"url\":\"https:\/\/www.notibras.com\/site\/aberto-credito-emergencial-para-socorrer-minas-gerais\/\",\"name\":\"Aberto cr\u00e9dito emergencial para socorrer Minas Gerais - Notibras\",\"isPartOf\":{\"@id\":\"https:\/\/www.notibras.com\/site\/#website\"},\"primaryImageOfPage\":{\"@id\":\"https:\/\/www.notibras.com\/site\/aberto-credito-emergencial-para-socorrer-minas-gerais\/#primaryimage\"},\"image\":{\"@id\":\"https:\/\/www.notibras.com\/site\/aberto-credito-emergencial-para-socorrer-minas-gerais\/#primaryimage\"},\"thumbnailUrl\":\"https:\/\/www.notibras.com\/site\/wp-content\/uploads\/2026\/03\/lulauba_3.webp\",\"datePublished\":\"2026-03-14T03:00:55+00:00\",\"dateModified\":\"2026-03-14T10:37:12+00:00\",\"breadcrumb\":{\"@id\":\"https:\/\/www.notibras.com\/site\/aberto-credito-emergencial-para-socorrer-minas-gerais\/#breadcrumb\"},\"inLanguage\":\"pt-BR\",\"potentialAction\":[{\"@type\":\"ReadAction\",\"target\":[\"https:\/\/www.notibras.com\/site\/aberto-credito-emergencial-para-socorrer-minas-gerais\/\"]}]},{\"@type\":\"ImageObject\",\"inLanguage\":\"pt-BR\",\"@id\":\"https:\/\/www.notibras.com\/site\/aberto-credito-emergencial-para-socorrer-minas-gerais\/#primaryimage\",\"url\":\"https:\/\/www.notibras.com\/site\/wp-content\/uploads\/2026\/03\/lulauba_3.webp\",\"contentUrl\":\"https:\/\/www.notibras.com\/site\/wp-content\/uploads\/2026\/03\/lulauba_3.webp\",\"width\":1170,\"height\":700},{\"@type\":\"BreadcrumbList\",\"@id\":\"https:\/\/www.notibras.com\/site\/aberto-credito-emergencial-para-socorrer-minas-gerais\/#breadcrumb\",\"itemListElement\":[{\"@type\":\"ListItem\",\"position\":1,\"name\":\"In\u00edcio\",\"item\":\"https:\/\/www.notibras.com\/site\/\"},{\"@type\":\"ListItem\",\"position\":2,\"name\":\"Aberto cr\u00e9dito emergencial para socorrer Minas Gerais\"}]},{\"@type\":\"WebSite\",\"@id\":\"https:\/\/www.notibras.com\/site\/#website\",\"url\":\"https:\/\/www.notibras.com\/site\/\",\"name\":\"Notibras\",\"description\":\"Not\u00edcias de Bras\u00edlia, do Brasil e do Mundo\",\"publisher\":{\"@id\":\"https:\/\/www.notibras.com\/site\/#organization\"},\"potentialAction\":[{\"@type\":\"SearchAction\",\"target\":{\"@type\":\"EntryPoint\",\"urlTemplate\":\"https:\/\/www.notibras.com\/site\/?s={search_term_string}\"},\"query-input\":{\"@type\":\"PropertyValueSpecification\",\"valueRequired\":true,\"valueName\":\"search_term_string\"}}],\"inLanguage\":\"pt-BR\"},{\"@type\":\"Organization\",\"@id\":\"https:\/\/www.notibras.com\/site\/#organization\",\"name\":\"Grupo Notibras de Comunica\u00e7\u00e3o\",\"url\":\"https:\/\/www.notibras.com\/site\/\",\"logo\":{\"@type\":\"ImageObject\",\"inLanguage\":\"pt-BR\",\"@id\":\"https:\/\/www.notibras.com\/site\/#\/schema\/logo\/image\/\",\"url\":\"https:\/\/www.notibras.com\/site\/wp-content\/uploads\/2023\/01\/notibras23.png\",\"contentUrl\":\"https:\/\/www.notibras.com\/site\/wp-content\/uploads\/2023\/01\/notibras23.png\",\"width\":350,\"height\":87,\"caption\":\"Grupo Notibras de Comunica\u00e7\u00e3o\"},\"image\":{\"@id\":\"https:\/\/www.notibras.com\/site\/#\/schema\/logo\/image\/\"},\"sameAs\":[\"https:\/\/www.facebook.com\/notibras\/\",\"https:\/\/x.com\/Notibras\",\"https:\/\/www.instagram.com\/notibras\/\"]},{\"@type\":\"Person\",\"@id\":\"https:\/\/www.notibras.com\/site\/#\/schema\/person\/36ab0979449956132d3e5b517ea76ac8\",\"name\":\"Reda\u00e7\u00e3o\",\"image\":{\"@type\":\"ImageObject\",\"inLanguage\":\"pt-BR\",\"@id\":\"https:\/\/secure.gravatar.com\/avatar\/e0a867bdedb85fd243eadf09663511f96fc81e0720a4a42581f334ad4303aa6b?s=96&d=mm&r=g\",\"url\":\"https:\/\/secure.gravatar.com\/avatar\/e0a867bdedb85fd243eadf09663511f96fc81e0720a4a42581f334ad4303aa6b?s=96&d=mm&r=g\",\"contentUrl\":\"https:\/\/secure.gravatar.com\/avatar\/e0a867bdedb85fd243eadf09663511f96fc81e0720a4a42581f334ad4303aa6b?s=96&d=mm&r=g\",\"caption\":\"Reda\u00e7\u00e3o\"}}]}<\/script>\n<!-- \/ Yoast SEO plugin. -->","yoast_head_json":{"title":"Aberto cr\u00e9dito emergencial para socorrer Minas Gerais - Notibras","robots":{"index":"index","follow":"follow","max-snippet":"max-snippet:-1","max-image-preview":"max-image-preview:large","max-video-preview":"max-video-preview:-1"},"canonical":"https:\/\/www.notibras.com\/site\/aberto-credito-emergencial-para-socorrer-minas-gerais\/","og_locale":"pt_BR","og_type":"article","og_title":"Aberto cr\u00e9dito emergencial para socorrer Minas Gerais - Notibras","og_description":"Pessoas f\u00edsicas e empresas afetadas pelas enchentes em Minas Gerais ter\u00e3o acesso a uma linha emergencial com recursos do pr\u00e9-sal. Em reuni\u00e3o extraordin\u00e1ria nesta sexta-feira (13), o Conselho Monet\u00e1rio Nacional (CMN) regulamentou a opera\u00e7\u00e3o de cr\u00e9dito. A medida autoriza a utiliza\u00e7\u00e3o de at\u00e9 R$ 500 milh\u00f5es do super\u00e1vit financeiro do Fundo Social do Pr\u00e9-Sal, conforme [&hellip;]","og_url":"https:\/\/www.notibras.com\/site\/aberto-credito-emergencial-para-socorrer-minas-gerais\/","og_site_name":"Notibras","article_publisher":"https:\/\/www.facebook.com\/notibras\/","article_published_time":"2026-03-14T03:00:55+00:00","article_modified_time":"2026-03-14T10:37:12+00:00","og_image":[{"width":1170,"height":700,"url":"https:\/\/www.notibras.com\/site\/wp-content\/uploads\/2026\/03\/lulauba_3.webp","type":"image\/webp"}],"author":"Reda\u00e7\u00e3o","twitter_card":"summary_large_image","twitter_creator":"@Notibras","twitter_site":"@Notibras","twitter_misc":{"Escrito por":"Reda\u00e7\u00e3o","Est. tempo de leitura":"3 minutos"},"schema":{"@context":"https:\/\/schema.org","@graph":[{"@type":"Article","@id":"https:\/\/www.notibras.com\/site\/aberto-credito-emergencial-para-socorrer-minas-gerais\/#article","isPartOf":{"@id":"https:\/\/www.notibras.com\/site\/aberto-credito-emergencial-para-socorrer-minas-gerais\/"},"author":{"name":"Reda\u00e7\u00e3o","@id":"https:\/\/www.notibras.com\/site\/#\/schema\/person\/36ab0979449956132d3e5b517ea76ac8"},"headline":"Aberto cr\u00e9dito emergencial para socorrer Minas Gerais","datePublished":"2026-03-14T03:00:55+00:00","dateModified":"2026-03-14T10:37:12+00:00","mainEntityOfPage":{"@id":"https:\/\/www.notibras.com\/site\/aberto-credito-emergencial-para-socorrer-minas-gerais\/"},"wordCount":465,"publisher":{"@id":"https:\/\/www.notibras.com\/site\/#organization"},"image":{"@id":"https:\/\/www.notibras.com\/site\/aberto-credito-emergencial-para-socorrer-minas-gerais\/#primaryimage"},"thumbnailUrl":"https:\/\/www.notibras.com\/site\/wp-content\/uploads\/2026\/03\/lulauba_3.webp","articleSection":["Brasil"],"inLanguage":"pt-BR"},{"@type":"WebPage","@id":"https:\/\/www.notibras.com\/site\/aberto-credito-emergencial-para-socorrer-minas-gerais\/","url":"https:\/\/www.notibras.com\/site\/aberto-credito-emergencial-para-socorrer-minas-gerais\/","name":"Aberto cr\u00e9dito emergencial para socorrer Minas Gerais - Notibras","isPartOf":{"@id":"https:\/\/www.notibras.com\/site\/#website"},"primaryImageOfPage":{"@id":"https:\/\/www.notibras.com\/site\/aberto-credito-emergencial-para-socorrer-minas-gerais\/#primaryimage"},"image":{"@id":"https:\/\/www.notibras.com\/site\/aberto-credito-emergencial-para-socorrer-minas-gerais\/#primaryimage"},"thumbnailUrl":"https:\/\/www.notibras.com\/site\/wp-content\/uploads\/2026\/03\/lulauba_3.webp","datePublished":"2026-03-14T03:00:55+00:00","dateModified":"2026-03-14T10:37:12+00:00","breadcrumb":{"@id":"https:\/\/www.notibras.com\/site\/aberto-credito-emergencial-para-socorrer-minas-gerais\/#breadcrumb"},"inLanguage":"pt-BR","potentialAction":[{"@type":"ReadAction","target":["https:\/\/www.notibras.com\/site\/aberto-credito-emergencial-para-socorrer-minas-gerais\/"]}]},{"@type":"ImageObject","inLanguage":"pt-BR","@id":"https:\/\/www.notibras.com\/site\/aberto-credito-emergencial-para-socorrer-minas-gerais\/#primaryimage","url":"https:\/\/www.notibras.com\/site\/wp-content\/uploads\/2026\/03\/lulauba_3.webp","contentUrl":"https:\/\/www.notibras.com\/site\/wp-content\/uploads\/2026\/03\/lulauba_3.webp","width":1170,"height":700},{"@type":"BreadcrumbList","@id":"https:\/\/www.notibras.com\/site\/aberto-credito-emergencial-para-socorrer-minas-gerais\/#breadcrumb","itemListElement":[{"@type":"ListItem","position":1,"name":"In\u00edcio","item":"https:\/\/www.notibras.com\/site\/"},{"@type":"ListItem","position":2,"name":"Aberto cr\u00e9dito emergencial para socorrer Minas Gerais"}]},{"@type":"WebSite","@id":"https:\/\/www.notibras.com\/site\/#website","url":"https:\/\/www.notibras.com\/site\/","name":"Notibras","description":"Not\u00edcias de Bras\u00edlia, do Brasil e do Mundo","publisher":{"@id":"https:\/\/www.notibras.com\/site\/#organization"},"potentialAction":[{"@type":"SearchAction","target":{"@type":"EntryPoint","urlTemplate":"https:\/\/www.notibras.com\/site\/?s={search_term_string}"},"query-input":{"@type":"PropertyValueSpecification","valueRequired":true,"valueName":"search_term_string"}}],"inLanguage":"pt-BR"},{"@type":"Organization","@id":"https:\/\/www.notibras.com\/site\/#organization","name":"Grupo Notibras de Comunica\u00e7\u00e3o","url":"https:\/\/www.notibras.com\/site\/","logo":{"@type":"ImageObject","inLanguage":"pt-BR","@id":"https:\/\/www.notibras.com\/site\/#\/schema\/logo\/image\/","url":"https:\/\/www.notibras.com\/site\/wp-content\/uploads\/2023\/01\/notibras23.png","contentUrl":"https:\/\/www.notibras.com\/site\/wp-content\/uploads\/2023\/01\/notibras23.png","width":350,"height":87,"caption":"Grupo Notibras de Comunica\u00e7\u00e3o"},"image":{"@id":"https:\/\/www.notibras.com\/site\/#\/schema\/logo\/image\/"},"sameAs":["https:\/\/www.facebook.com\/notibras\/","https:\/\/x.com\/Notibras","https:\/\/www.instagram.com\/notibras\/"]},{"@type":"Person","@id":"https:\/\/www.notibras.com\/site\/#\/schema\/person\/36ab0979449956132d3e5b517ea76ac8","name":"Reda\u00e7\u00e3o","image":{"@type":"ImageObject","inLanguage":"pt-BR","@id":"https:\/\/secure.gravatar.com\/avatar\/e0a867bdedb85fd243eadf09663511f96fc81e0720a4a42581f334ad4303aa6b?s=96&d=mm&r=g","url":"https:\/\/secure.gravatar.com\/avatar\/e0a867bdedb85fd243eadf09663511f96fc81e0720a4a42581f334ad4303aa6b?s=96&d=mm&r=g","contentUrl":"https:\/\/secure.gravatar.com\/avatar\/e0a867bdedb85fd243eadf09663511f96fc81e0720a4a42581f334ad4303aa6b?s=96&d=mm&r=g","caption":"Reda\u00e7\u00e3o"}}]}},"amp_enabled":true,"_links":{"self":[{"href":"https:\/\/www.notibras.com\/site\/wp-json\/wp\/v2\/posts\/386960","targetHints":{"allow":["GET"]}}],"collection":[{"href":"https:\/\/www.notibras.com\/site\/wp-json\/wp\/v2\/posts"}],"about":[{"href":"https:\/\/www.notibras.com\/site\/wp-json\/wp\/v2\/types\/post"}],"author":[{"embeddable":true,"href":"https:\/\/www.notibras.com\/site\/wp-json\/wp\/v2\/users\/2"}],"replies":[{"embeddable":true,"href":"https:\/\/www.notibras.com\/site\/wp-json\/wp\/v2\/comments?post=386960"}],"version-history":[{"count":1,"href":"https:\/\/www.notibras.com\/site\/wp-json\/wp\/v2\/posts\/386960\/revisions"}],"predecessor-version":[{"id":386962,"href":"https:\/\/www.notibras.com\/site\/wp-json\/wp\/v2\/posts\/386960\/revisions\/386962"}],"wp:featuredmedia":[{"embeddable":true,"href":"https:\/\/www.notibras.com\/site\/wp-json\/wp\/v2\/media\/386961"}],"wp:attachment":[{"href":"https:\/\/www.notibras.com\/site\/wp-json\/wp\/v2\/media?parent=386960"}],"wp:term":[{"taxonomy":"category","embeddable":true,"href":"https:\/\/www.notibras.com\/site\/wp-json\/wp\/v2\/categories?post=386960"},{"taxonomy":"post_tag","embeddable":true,"href":"https:\/\/www.notibras.com\/site\/wp-json\/wp\/v2\/tags?post=386960"}],"curies":[{"name":"wp","href":"https:\/\/api.w.org\/{rel}","templated":true}]}}