{"id":386969,"date":"2026-03-14T08:25:13","date_gmt":"2026-03-14T11:25:13","guid":{"rendered":"https:\/\/www.notibras.com\/site\/?p=386969"},"modified":"2026-03-14T08:25:13","modified_gmt":"2026-03-14T11:25:13","slug":"abrindo-as-paginas-do-livro-tibetano-dos-mortos","status":"publish","type":"post","link":"https:\/\/www.notibras.com\/site\/abrindo-as-paginas-do-livro-tibetano-dos-mortos\/","title":{"rendered":"Abrindo as p\u00e1ginas do Livro Tibetano dos Mortos"},"content":{"rendered":"<p>Poucos textos religiosos despertam tanto fasc\u00ednio no Ocidente quanto O Livro Tibetano dos Mortos, conhecido em sua l\u00edngua original como Bardo Th\u00f6dol. Considerado um dos escritos mais importantes do budismo tibetano, o livro n\u00e3o \u00e9 um relato sobre a morte em si, mas um manual espiritual destinado a orientar a consci\u00eancia no momento de morrer e no per\u00edodo que se segue ao falecimento.<\/p>\n<p>De acordo com a tradi\u00e7\u00e3o tibetana, entre a morte f\u00edsica e um poss\u00edvel renascimento existe um estado intermedi\u00e1rio chamado bardo, que dura at\u00e9 49 dias. \u00c9 nesse intervalo que a consci\u00eancia, livre do corpo, atravessa experi\u00eancias intensas e decisivas. O Bardo Th\u00f6dol surge justamente como um mapa para essa travessia, com o objetivo maior de conduzir \u00e0 ilumina\u00e7\u00e3o e libertar o ser do ciclo de renascimentos, conhecido como samsara.<\/p>\n<p>Diferentemente de religi\u00f5es te\u00edstas, o budismo tibetano n\u00e3o se centra na adora\u00e7\u00e3o de um deus criador. Sua \u00eanfase est\u00e1 no desenvolvimento espiritual individual e no treinamento da mente. A tradi\u00e7\u00e3o integra ensinamentos do budismo Mah\u0101y\u0101na com pr\u00e1ticas t\u00e2ntricas do Vajray\u0101na, combinando medita\u00e7\u00e3o, rituais e visualiza\u00e7\u00f5es de divindades, entendidas n\u00e3o como seres externos, mas como express\u00f5es simb\u00f3licas da pr\u00f3pria mente. O objetivo final dessa pr\u00e1tica \u00e9 alcan\u00e7ar a budeidade ou o estado de ilumina\u00e7\u00e3o plena. Nesse n\u00edvel de realiza\u00e7\u00e3o, a mente se liberta de ignor\u00e2ncia, sofrimento e dualidade, reconhecendo diretamente a verdadeira natureza da realidade. Segundo o budismo tibetano, todos os seres possuem potencial inato para alcan\u00e7ar esse estado, chamado tamb\u00e9m de \u201cgrande liberta\u00e7\u00e3o\u201d.<\/p>\n<p>O nome Bardo Th\u00f6dol pode ser traduzido como \u201cLiberta\u00e7\u00e3o pela Audi\u00e7\u00e3o no Estado Intermedi\u00e1rio\u201d. A obra foi concebida para ser lida em voz alta por um lama ou monge ao moribundo e, depois da morte, por at\u00e9 49 dias. A cren\u00e7a \u00e9 que, mesmo ap\u00f3s o corpo cessar suas fun\u00e7\u00f5es, a consci\u00eancia permanece capaz de ouvir e compreender as instru\u00e7\u00f5es. Essas orienta\u00e7\u00f5es ajudam o falecido a reconhecer vis\u00f5es, mem\u00f3rias e apari\u00e7\u00f5es p\u00f3s morte como proje\u00e7\u00f5es da pr\u00f3pria mente, evitando o medo e o apego que poderiam lev\u00e1 lo a um novo renascimento involunt\u00e1rio. O foco central \u00e9 o reconhecimento da chamada \u201cClara Luz\u201d, considerada a ess\u00eancia luminosa e primordial da mente. O texto descreve o processo p\u00f3s morte em tr\u00eas fases simb\u00f3licas, cada uma representando n\u00edveis de dissolu\u00e7\u00e3o da mente e confronto com a realidade:<\/p>\n<p>\u2022 Chikhai Bardo: corresponde ao momento da morte, quando os elementos f\u00edsicos se dissolvem e a Clara Luz primordial se manifesta. Segundo a tradi\u00e7\u00e3o, este \u00e9 o instante de maior possibilidade de alcan\u00e7ar o nirvana.<\/p>\n<p>\u2022 Ch\u00f6nyid Bardo: conhecido como o \u201cVislumbre da Realidade\u201d, \u00e9 marcado por vis\u00f5es de divindades pac\u00edficas e col\u00e9ricas, estados on\u00edricos e ilus\u00f5es k\u00e1rmicas. O desafio \u00e9 manter a lucidez e n\u00e3o sucumbir ao medo.<\/p>\n<p>\u2022 Sidpa Bardo: \u00e9 a fase em que surge o impulso para renascer. A consci\u00eancia rev\u00ea suas a\u00e7\u00f5es passadas e pode experimentar julgamentos simb\u00f3licos, como a figura de Yama, o senhor da morte.<\/p>\n<p>Um lama pode orientar o falecido a \u201cfechar a porta do ventre\u201d, evitando um renascimento compuls\u00f3rio.<\/p>\n<p>Caso a consci\u00eancia n\u00e3o reconhe\u00e7a a verdadeira natureza da mente, acaba sendo conduzida a um novo nascimento, determinado pelo karma acumulado. Al\u00e9m de descrever o p\u00f3s morte, o Livro Tibetano dos Mortos apresenta uma vis\u00e3o ampla da vida. Para o budismo tibetano, a exist\u00eancia \u00e9 c\u00edclica, movida pelo karma, o conjunto de a\u00e7\u00f5es, palavras e pensamentos. O sofrimento \u00e9 visto como inerente \u00e0 condi\u00e7\u00e3o humana, pois tudo \u00e9 impermanente: prazer, sa\u00fade, juventude e at\u00e9 a pr\u00f3pria vida.<\/p>\n<p>Romper o samsara significa superar a ignor\u00e2ncia sobre a natureza da realidade, reconhecendo o vazio, a imperman\u00eancia e a aus\u00eancia de um \u201ceu\u201d fixo. A ilumina\u00e7\u00e3o, nesse contexto, n\u00e3o \u00e9 um pr\u00eamio p\u00f3s morte, mas um despertar profundo da mente. Frequentemente comparado ao Livro dos Mortos Eg\u00edpcio, o Bardo Th\u00f6dol compartilha com ele a fun\u00e7\u00e3o de guia para a jornada ap\u00f3s a morte.<\/p>\n<p>Ambos s\u00e3o textos sagrados, utilizados em rituais funer\u00e1rios e dependentes da recita\u00e7\u00e3o por especialistas. Tamb\u00e9m descrevem provas, julgamentos e encontros simb\u00f3licos no al\u00e9m. As diferen\u00e7as, por\u00e9m, revelam vis\u00f5es de mundo opostas. O texto eg\u00edpcio buscava garantir ao morto uma vida eterna no al\u00e9m, nos Campos de Iaru, preservando a identidade pessoal (o ba e o ka). J\u00e1 o livro tibetano prop\u00f5e justamente o contr\u00e1rio: transcender a individualidade e romper o ciclo de renascimentos.<\/p>\n<p>&#8230;&#8230;&#8230;..<\/p>\n<p><strong>Marco Mammoli, Mestre Conselheiro e membro do conselho do Col\u00e9gio de Magos e Sacerdotisas.<\/strong><\/p>\n<p><em>Interessados podem entrar em contato direto com o Col\u00e9gio dos Magos e Sacerdotisas atrav\u00e9s da Bio, Direct e o Whatsapp: 81 997302139.<\/em><\/p>\n","protected":false},"excerpt":{"rendered":"<p>Poucos textos religiosos despertam tanto fasc\u00ednio no Ocidente quanto O Livro Tibetano dos Mortos, conhecido em sua l\u00edngua original como Bardo Th\u00f6dol. Considerado um dos escritos mais importantes do budismo tibetano, o livro n\u00e3o \u00e9 um relato sobre a morte em si, mas um manual espiritual destinado a orientar a consci\u00eancia no momento de morrer [&hellip;]<\/p>\n","protected":false},"author":2,"featured_media":386970,"comment_status":"closed","ping_status":"closed","sticky":false,"template":"","format":"standard","meta":{"_acf_changed":false,"footnotes":""},"categories":[237],"tags":[],"class_list":["post-386969","post","type-post","status-publish","format-standard","has-post-thumbnail","hentry","category-oraculos"],"acf":[],"yoast_head":"<!-- This site is optimized with the Yoast SEO plugin v27.2 - https:\/\/yoast.com\/product\/yoast-seo-wordpress\/ -->\n<title>Abrindo as p\u00e1ginas do Livro Tibetano dos Mortos - Notibras<\/title>\n<meta name=\"robots\" content=\"index, follow, max-snippet:-1, max-image-preview:large, max-video-preview:-1\" \/>\n<link rel=\"canonical\" href=\"https:\/\/www.notibras.com\/site\/abrindo-as-paginas-do-livro-tibetano-dos-mortos\/\" \/>\n<meta property=\"og:locale\" content=\"pt_BR\" \/>\n<meta property=\"og:type\" content=\"article\" \/>\n<meta property=\"og:title\" content=\"Abrindo as p\u00e1ginas do Livro Tibetano dos Mortos - Notibras\" \/>\n<meta property=\"og:description\" content=\"Poucos textos religiosos despertam tanto fasc\u00ednio no Ocidente quanto O Livro Tibetano dos Mortos, conhecido em sua l\u00edngua original como Bardo Th\u00f6dol. Considerado um dos escritos mais importantes do budismo tibetano, o livro n\u00e3o \u00e9 um relato sobre a morte em si, mas um manual espiritual destinado a orientar a consci\u00eancia no momento de morrer [&hellip;]\" \/>\n<meta property=\"og:url\" content=\"https:\/\/www.notibras.com\/site\/abrindo-as-paginas-do-livro-tibetano-dos-mortos\/\" \/>\n<meta property=\"og:site_name\" content=\"Notibras\" \/>\n<meta property=\"article:publisher\" content=\"https:\/\/www.facebook.com\/notibras\/\" \/>\n<meta property=\"article:published_time\" content=\"2026-03-14T11:25:13+00:00\" \/>\n<meta property=\"og:image\" content=\"https:\/\/www.notibras.com\/site\/wp-content\/uploads\/2026\/03\/7e969f2d-9560-4ba0-81fc-27d62d156ee3.jpg\" \/>\n\t<meta property=\"og:image:width\" content=\"483\" \/>\n\t<meta property=\"og:image:height\" content=\"483\" \/>\n\t<meta property=\"og:image:type\" content=\"image\/jpeg\" \/>\n<meta name=\"author\" content=\"Reda\u00e7\u00e3o\" \/>\n<meta name=\"twitter:card\" content=\"summary_large_image\" \/>\n<meta name=\"twitter:creator\" content=\"@Notibras\" \/>\n<meta name=\"twitter:site\" content=\"@Notibras\" \/>\n<meta name=\"twitter:label1\" content=\"Escrito por\" \/>\n\t<meta name=\"twitter:data1\" content=\"Reda\u00e7\u00e3o\" \/>\n\t<meta name=\"twitter:label2\" content=\"Est. tempo de leitura\" \/>\n\t<meta name=\"twitter:data2\" content=\"5 minutos\" \/>\n<script type=\"application\/ld+json\" class=\"yoast-schema-graph\">{\"@context\":\"https:\/\/schema.org\",\"@graph\":[{\"@type\":\"Article\",\"@id\":\"https:\/\/www.notibras.com\/site\/abrindo-as-paginas-do-livro-tibetano-dos-mortos\/#article\",\"isPartOf\":{\"@id\":\"https:\/\/www.notibras.com\/site\/abrindo-as-paginas-do-livro-tibetano-dos-mortos\/\"},\"author\":{\"name\":\"Reda\u00e7\u00e3o\",\"@id\":\"https:\/\/www.notibras.com\/site\/#\/schema\/person\/36ab0979449956132d3e5b517ea76ac8\"},\"headline\":\"Abrindo as p\u00e1ginas do Livro Tibetano dos Mortos\",\"datePublished\":\"2026-03-14T11:25:13+00:00\",\"mainEntityOfPage\":{\"@id\":\"https:\/\/www.notibras.com\/site\/abrindo-as-paginas-do-livro-tibetano-dos-mortos\/\"},\"wordCount\":850,\"publisher\":{\"@id\":\"https:\/\/www.notibras.com\/site\/#organization\"},\"image\":{\"@id\":\"https:\/\/www.notibras.com\/site\/abrindo-as-paginas-do-livro-tibetano-dos-mortos\/#primaryimage\"},\"thumbnailUrl\":\"https:\/\/www.notibras.com\/site\/wp-content\/uploads\/2026\/03\/7e969f2d-9560-4ba0-81fc-27d62d156ee3.jpg\",\"articleSection\":[\"Or\u00e1culos\"],\"inLanguage\":\"pt-BR\"},{\"@type\":\"WebPage\",\"@id\":\"https:\/\/www.notibras.com\/site\/abrindo-as-paginas-do-livro-tibetano-dos-mortos\/\",\"url\":\"https:\/\/www.notibras.com\/site\/abrindo-as-paginas-do-livro-tibetano-dos-mortos\/\",\"name\":\"Abrindo as p\u00e1ginas do Livro Tibetano dos Mortos - Notibras\",\"isPartOf\":{\"@id\":\"https:\/\/www.notibras.com\/site\/#website\"},\"primaryImageOfPage\":{\"@id\":\"https:\/\/www.notibras.com\/site\/abrindo-as-paginas-do-livro-tibetano-dos-mortos\/#primaryimage\"},\"image\":{\"@id\":\"https:\/\/www.notibras.com\/site\/abrindo-as-paginas-do-livro-tibetano-dos-mortos\/#primaryimage\"},\"thumbnailUrl\":\"https:\/\/www.notibras.com\/site\/wp-content\/uploads\/2026\/03\/7e969f2d-9560-4ba0-81fc-27d62d156ee3.jpg\",\"datePublished\":\"2026-03-14T11:25:13+00:00\",\"breadcrumb\":{\"@id\":\"https:\/\/www.notibras.com\/site\/abrindo-as-paginas-do-livro-tibetano-dos-mortos\/#breadcrumb\"},\"inLanguage\":\"pt-BR\",\"potentialAction\":[{\"@type\":\"ReadAction\",\"target\":[\"https:\/\/www.notibras.com\/site\/abrindo-as-paginas-do-livro-tibetano-dos-mortos\/\"]}]},{\"@type\":\"ImageObject\",\"inLanguage\":\"pt-BR\",\"@id\":\"https:\/\/www.notibras.com\/site\/abrindo-as-paginas-do-livro-tibetano-dos-mortos\/#primaryimage\",\"url\":\"https:\/\/www.notibras.com\/site\/wp-content\/uploads\/2026\/03\/7e969f2d-9560-4ba0-81fc-27d62d156ee3.jpg\",\"contentUrl\":\"https:\/\/www.notibras.com\/site\/wp-content\/uploads\/2026\/03\/7e969f2d-9560-4ba0-81fc-27d62d156ee3.jpg\",\"width\":483,\"height\":483},{\"@type\":\"BreadcrumbList\",\"@id\":\"https:\/\/www.notibras.com\/site\/abrindo-as-paginas-do-livro-tibetano-dos-mortos\/#breadcrumb\",\"itemListElement\":[{\"@type\":\"ListItem\",\"position\":1,\"name\":\"In\u00edcio\",\"item\":\"https:\/\/www.notibras.com\/site\/\"},{\"@type\":\"ListItem\",\"position\":2,\"name\":\"Abrindo as p\u00e1ginas do Livro Tibetano dos Mortos\"}]},{\"@type\":\"WebSite\",\"@id\":\"https:\/\/www.notibras.com\/site\/#website\",\"url\":\"https:\/\/www.notibras.com\/site\/\",\"name\":\"Notibras\",\"description\":\"Not\u00edcias de Bras\u00edlia, do Brasil e do Mundo\",\"publisher\":{\"@id\":\"https:\/\/www.notibras.com\/site\/#organization\"},\"potentialAction\":[{\"@type\":\"SearchAction\",\"target\":{\"@type\":\"EntryPoint\",\"urlTemplate\":\"https:\/\/www.notibras.com\/site\/?s={search_term_string}\"},\"query-input\":{\"@type\":\"PropertyValueSpecification\",\"valueRequired\":true,\"valueName\":\"search_term_string\"}}],\"inLanguage\":\"pt-BR\"},{\"@type\":\"Organization\",\"@id\":\"https:\/\/www.notibras.com\/site\/#organization\",\"name\":\"Grupo Notibras de Comunica\u00e7\u00e3o\",\"url\":\"https:\/\/www.notibras.com\/site\/\",\"logo\":{\"@type\":\"ImageObject\",\"inLanguage\":\"pt-BR\",\"@id\":\"https:\/\/www.notibras.com\/site\/#\/schema\/logo\/image\/\",\"url\":\"https:\/\/www.notibras.com\/site\/wp-content\/uploads\/2023\/01\/notibras23.png\",\"contentUrl\":\"https:\/\/www.notibras.com\/site\/wp-content\/uploads\/2023\/01\/notibras23.png\",\"width\":350,\"height\":87,\"caption\":\"Grupo Notibras de Comunica\u00e7\u00e3o\"},\"image\":{\"@id\":\"https:\/\/www.notibras.com\/site\/#\/schema\/logo\/image\/\"},\"sameAs\":[\"https:\/\/www.facebook.com\/notibras\/\",\"https:\/\/x.com\/Notibras\",\"https:\/\/www.instagram.com\/notibras\/\"]},{\"@type\":\"Person\",\"@id\":\"https:\/\/www.notibras.com\/site\/#\/schema\/person\/36ab0979449956132d3e5b517ea76ac8\",\"name\":\"Reda\u00e7\u00e3o\",\"image\":{\"@type\":\"ImageObject\",\"inLanguage\":\"pt-BR\",\"@id\":\"https:\/\/secure.gravatar.com\/avatar\/e0a867bdedb85fd243eadf09663511f96fc81e0720a4a42581f334ad4303aa6b?s=96&d=mm&r=g\",\"url\":\"https:\/\/secure.gravatar.com\/avatar\/e0a867bdedb85fd243eadf09663511f96fc81e0720a4a42581f334ad4303aa6b?s=96&d=mm&r=g\",\"contentUrl\":\"https:\/\/secure.gravatar.com\/avatar\/e0a867bdedb85fd243eadf09663511f96fc81e0720a4a42581f334ad4303aa6b?s=96&d=mm&r=g\",\"caption\":\"Reda\u00e7\u00e3o\"}}]}<\/script>\n<!-- \/ Yoast SEO plugin. -->","yoast_head_json":{"title":"Abrindo as p\u00e1ginas do Livro Tibetano dos Mortos - Notibras","robots":{"index":"index","follow":"follow","max-snippet":"max-snippet:-1","max-image-preview":"max-image-preview:large","max-video-preview":"max-video-preview:-1"},"canonical":"https:\/\/www.notibras.com\/site\/abrindo-as-paginas-do-livro-tibetano-dos-mortos\/","og_locale":"pt_BR","og_type":"article","og_title":"Abrindo as p\u00e1ginas do Livro Tibetano dos Mortos - Notibras","og_description":"Poucos textos religiosos despertam tanto fasc\u00ednio no Ocidente quanto O Livro Tibetano dos Mortos, conhecido em sua l\u00edngua original como Bardo Th\u00f6dol. Considerado um dos escritos mais importantes do budismo tibetano, o livro n\u00e3o \u00e9 um relato sobre a morte em si, mas um manual espiritual destinado a orientar a consci\u00eancia no momento de morrer [&hellip;]","og_url":"https:\/\/www.notibras.com\/site\/abrindo-as-paginas-do-livro-tibetano-dos-mortos\/","og_site_name":"Notibras","article_publisher":"https:\/\/www.facebook.com\/notibras\/","article_published_time":"2026-03-14T11:25:13+00:00","og_image":[{"width":483,"height":483,"url":"https:\/\/www.notibras.com\/site\/wp-content\/uploads\/2026\/03\/7e969f2d-9560-4ba0-81fc-27d62d156ee3.jpg","type":"image\/jpeg"}],"author":"Reda\u00e7\u00e3o","twitter_card":"summary_large_image","twitter_creator":"@Notibras","twitter_site":"@Notibras","twitter_misc":{"Escrito por":"Reda\u00e7\u00e3o","Est. tempo de leitura":"5 minutos"},"schema":{"@context":"https:\/\/schema.org","@graph":[{"@type":"Article","@id":"https:\/\/www.notibras.com\/site\/abrindo-as-paginas-do-livro-tibetano-dos-mortos\/#article","isPartOf":{"@id":"https:\/\/www.notibras.com\/site\/abrindo-as-paginas-do-livro-tibetano-dos-mortos\/"},"author":{"name":"Reda\u00e7\u00e3o","@id":"https:\/\/www.notibras.com\/site\/#\/schema\/person\/36ab0979449956132d3e5b517ea76ac8"},"headline":"Abrindo as p\u00e1ginas do Livro Tibetano dos Mortos","datePublished":"2026-03-14T11:25:13+00:00","mainEntityOfPage":{"@id":"https:\/\/www.notibras.com\/site\/abrindo-as-paginas-do-livro-tibetano-dos-mortos\/"},"wordCount":850,"publisher":{"@id":"https:\/\/www.notibras.com\/site\/#organization"},"image":{"@id":"https:\/\/www.notibras.com\/site\/abrindo-as-paginas-do-livro-tibetano-dos-mortos\/#primaryimage"},"thumbnailUrl":"https:\/\/www.notibras.com\/site\/wp-content\/uploads\/2026\/03\/7e969f2d-9560-4ba0-81fc-27d62d156ee3.jpg","articleSection":["Or\u00e1culos"],"inLanguage":"pt-BR"},{"@type":"WebPage","@id":"https:\/\/www.notibras.com\/site\/abrindo-as-paginas-do-livro-tibetano-dos-mortos\/","url":"https:\/\/www.notibras.com\/site\/abrindo-as-paginas-do-livro-tibetano-dos-mortos\/","name":"Abrindo as p\u00e1ginas do Livro Tibetano dos Mortos - Notibras","isPartOf":{"@id":"https:\/\/www.notibras.com\/site\/#website"},"primaryImageOfPage":{"@id":"https:\/\/www.notibras.com\/site\/abrindo-as-paginas-do-livro-tibetano-dos-mortos\/#primaryimage"},"image":{"@id":"https:\/\/www.notibras.com\/site\/abrindo-as-paginas-do-livro-tibetano-dos-mortos\/#primaryimage"},"thumbnailUrl":"https:\/\/www.notibras.com\/site\/wp-content\/uploads\/2026\/03\/7e969f2d-9560-4ba0-81fc-27d62d156ee3.jpg","datePublished":"2026-03-14T11:25:13+00:00","breadcrumb":{"@id":"https:\/\/www.notibras.com\/site\/abrindo-as-paginas-do-livro-tibetano-dos-mortos\/#breadcrumb"},"inLanguage":"pt-BR","potentialAction":[{"@type":"ReadAction","target":["https:\/\/www.notibras.com\/site\/abrindo-as-paginas-do-livro-tibetano-dos-mortos\/"]}]},{"@type":"ImageObject","inLanguage":"pt-BR","@id":"https:\/\/www.notibras.com\/site\/abrindo-as-paginas-do-livro-tibetano-dos-mortos\/#primaryimage","url":"https:\/\/www.notibras.com\/site\/wp-content\/uploads\/2026\/03\/7e969f2d-9560-4ba0-81fc-27d62d156ee3.jpg","contentUrl":"https:\/\/www.notibras.com\/site\/wp-content\/uploads\/2026\/03\/7e969f2d-9560-4ba0-81fc-27d62d156ee3.jpg","width":483,"height":483},{"@type":"BreadcrumbList","@id":"https:\/\/www.notibras.com\/site\/abrindo-as-paginas-do-livro-tibetano-dos-mortos\/#breadcrumb","itemListElement":[{"@type":"ListItem","position":1,"name":"In\u00edcio","item":"https:\/\/www.notibras.com\/site\/"},{"@type":"ListItem","position":2,"name":"Abrindo as p\u00e1ginas do Livro Tibetano dos Mortos"}]},{"@type":"WebSite","@id":"https:\/\/www.notibras.com\/site\/#website","url":"https:\/\/www.notibras.com\/site\/","name":"Notibras","description":"Not\u00edcias de Bras\u00edlia, do Brasil e do Mundo","publisher":{"@id":"https:\/\/www.notibras.com\/site\/#organization"},"potentialAction":[{"@type":"SearchAction","target":{"@type":"EntryPoint","urlTemplate":"https:\/\/www.notibras.com\/site\/?s={search_term_string}"},"query-input":{"@type":"PropertyValueSpecification","valueRequired":true,"valueName":"search_term_string"}}],"inLanguage":"pt-BR"},{"@type":"Organization","@id":"https:\/\/www.notibras.com\/site\/#organization","name":"Grupo Notibras de Comunica\u00e7\u00e3o","url":"https:\/\/www.notibras.com\/site\/","logo":{"@type":"ImageObject","inLanguage":"pt-BR","@id":"https:\/\/www.notibras.com\/site\/#\/schema\/logo\/image\/","url":"https:\/\/www.notibras.com\/site\/wp-content\/uploads\/2023\/01\/notibras23.png","contentUrl":"https:\/\/www.notibras.com\/site\/wp-content\/uploads\/2023\/01\/notibras23.png","width":350,"height":87,"caption":"Grupo Notibras de Comunica\u00e7\u00e3o"},"image":{"@id":"https:\/\/www.notibras.com\/site\/#\/schema\/logo\/image\/"},"sameAs":["https:\/\/www.facebook.com\/notibras\/","https:\/\/x.com\/Notibras","https:\/\/www.instagram.com\/notibras\/"]},{"@type":"Person","@id":"https:\/\/www.notibras.com\/site\/#\/schema\/person\/36ab0979449956132d3e5b517ea76ac8","name":"Reda\u00e7\u00e3o","image":{"@type":"ImageObject","inLanguage":"pt-BR","@id":"https:\/\/secure.gravatar.com\/avatar\/e0a867bdedb85fd243eadf09663511f96fc81e0720a4a42581f334ad4303aa6b?s=96&d=mm&r=g","url":"https:\/\/secure.gravatar.com\/avatar\/e0a867bdedb85fd243eadf09663511f96fc81e0720a4a42581f334ad4303aa6b?s=96&d=mm&r=g","contentUrl":"https:\/\/secure.gravatar.com\/avatar\/e0a867bdedb85fd243eadf09663511f96fc81e0720a4a42581f334ad4303aa6b?s=96&d=mm&r=g","caption":"Reda\u00e7\u00e3o"}}]}},"amp_enabled":true,"_links":{"self":[{"href":"https:\/\/www.notibras.com\/site\/wp-json\/wp\/v2\/posts\/386969","targetHints":{"allow":["GET"]}}],"collection":[{"href":"https:\/\/www.notibras.com\/site\/wp-json\/wp\/v2\/posts"}],"about":[{"href":"https:\/\/www.notibras.com\/site\/wp-json\/wp\/v2\/types\/post"}],"author":[{"embeddable":true,"href":"https:\/\/www.notibras.com\/site\/wp-json\/wp\/v2\/users\/2"}],"replies":[{"embeddable":true,"href":"https:\/\/www.notibras.com\/site\/wp-json\/wp\/v2\/comments?post=386969"}],"version-history":[{"count":1,"href":"https:\/\/www.notibras.com\/site\/wp-json\/wp\/v2\/posts\/386969\/revisions"}],"predecessor-version":[{"id":386971,"href":"https:\/\/www.notibras.com\/site\/wp-json\/wp\/v2\/posts\/386969\/revisions\/386971"}],"wp:featuredmedia":[{"embeddable":true,"href":"https:\/\/www.notibras.com\/site\/wp-json\/wp\/v2\/media\/386970"}],"wp:attachment":[{"href":"https:\/\/www.notibras.com\/site\/wp-json\/wp\/v2\/media?parent=386969"}],"wp:term":[{"taxonomy":"category","embeddable":true,"href":"https:\/\/www.notibras.com\/site\/wp-json\/wp\/v2\/categories?post=386969"},{"taxonomy":"post_tag","embeddable":true,"href":"https:\/\/www.notibras.com\/site\/wp-json\/wp\/v2\/tags?post=386969"}],"curies":[{"name":"wp","href":"https:\/\/api.w.org\/{rel}","templated":true}]}}