{"id":386972,"date":"2026-03-14T08:35:19","date_gmt":"2026-03-14T11:35:19","guid":{"rendered":"https:\/\/www.notibras.com\/site\/?p=386972"},"modified":"2026-03-14T08:39:46","modified_gmt":"2026-03-14T11:39:46","slug":"governo-fracassa-com-pessoal-de-ti-e-mudanca-digital-fica-capenga","status":"publish","type":"post","link":"https:\/\/www.notibras.com\/site\/governo-fracassa-com-pessoal-de-ti-e-mudanca-digital-fica-capenga\/","title":{"rendered":"Governo fracassa com pessoal de TI e mudan\u00e7a digital fica capenga"},"content":{"rendered":"<p>A baixa ades\u00e3o \u00e0 carreira de Analista em Tecnologia da Informa\u00e7\u00e3o (ATI) no Concurso P\u00fablico Nacional Unificado (CNU) acendeu um sinal de alerta dentro da administra\u00e7\u00e3o p\u00fablica federal e exp\u00f4s uma fragilidade estrutural em uma das \u00e1reas consideradas mais estrat\u00e9gicas para o futuro do Estado brasileiro. Levantamentos oficiais mostram que cerca de 70% dos candidatos convocados ao longo de oito chamadas desistiram de assumir o cargo \u2014 um \u00edndice incomum em concursos federais e que revela a dificuldade crescente do governo em competir com o mercado privado por profissionais qualificados de tecnologia.<\/p>\n<p>O problema ficou ainda mais evidente ap\u00f3s a decis\u00e3o do governo de prorrogar a validade da primeira edi\u00e7\u00e3o do CNU sem incluir a carreira de ATI entre aquelas autorizadas a convocar novos candidatos. Segundo o Minist\u00e9rio da Gest\u00e3o e da Inova\u00e7\u00e3o em Servi\u00e7os P\u00fablicos (MGI), todos os aprovados no cadastro de reserva j\u00e1 foram chamados, mas o n\u00famero efetivo de ingressantes ficou muito abaixo do previsto: dos 1.200 candidatos aprovados, cerca de 700 abriram m\u00e3o da vaga.<\/p>\n<p>O epis\u00f3dio evidencia um paradoxo dentro da pr\u00f3pria estrutura federal: enquanto a transforma\u00e7\u00e3o digital \u00e9 apresentada como prioridade estrat\u00e9gica, faltam profissionais dispostos a ocupar justamente os postos respons\u00e1veis por executar essa agenda.<\/p>\n<p>Para o analista em Tecnologia da Informa\u00e7\u00e3o e gestor de pol\u00edticas p\u00fablicas de TI, Luiz Alexandre, presidente da Associa\u00e7\u00e3o dos Analistas em Tecnologia da Informa\u00e7\u00e3o (ANATI), o problema ultrapassa o modelo do concurso e revela uma quest\u00e3o estrutural.<\/p>\n<p>\u201cOs n\u00fameros mostram que a dificuldade n\u00e3o est\u00e1 no certame em si, mas na incapacidade do Estado de competir com o mercado de tecnologia na atra\u00e7\u00e3o de profissionais qualificados. Isso se torna ainda mais grave quando se observa que essa carreira supervisiona contratos que movimentam cerca de 12 bilh\u00f5es de reais por ano. Quando essas vagas permanecem vazias, o Estado perde capacidade t\u00e9cnica justamente em uma \u00e1rea cr\u00edtica para o pa\u00eds\u201d, afirma.<\/p>\n<p>Os Analistas em Tecnologia da Informa\u00e7\u00e3o ocupam fun\u00e7\u00f5es centrais na infraestrutura digital do Estado. S\u00e3o respons\u00e1veis pela gest\u00e3o e fiscaliza\u00e7\u00e3o de contratos bilion\u00e1rios, pelo desenvolvimento de sistemas, governan\u00e7a digital, seguran\u00e7a da informa\u00e7\u00e3o e suporte t\u00e9cnico em mais de 200 \u00f3rg\u00e3os federais.<\/p>\n<p>Apesar da relev\u00e2ncia institucional, a carreira enfrenta h\u00e1 anos dificuldades para atrair e manter quadros especializados. As convoca\u00e7\u00f5es realizadas em 2025 e 2026 tornaram esse quadro ainda mais vis\u00edvel.<\/p>\n<p>Dados da Escola Nacional de Administra\u00e7\u00e3o P\u00fablica mostram que, em 2025, quase 500 candidatos foram convocados para preencher 300 vagas iniciais. Desses, apenas 217 iniciaram o curso de forma\u00e7\u00e3o e, ao final, somente 169 efetivamente tomaram posse.<\/p>\n<p>Em 2026, duas novas convoca\u00e7\u00f5es mobilizaram mais de 700 candidatos do cadastro de reserva. Foram ofertadas 420 vagas, mas apenas 237 aprovados demonstraram interesse suficiente para iniciar o curso de forma\u00e7\u00e3o.<\/p>\n<p>Segundo a Associa\u00e7\u00e3o Nacional dos Analistas de Tecnologia da Informa\u00e7\u00e3o, a evas\u00e3o elevada indica que muitos aprovados preferem seguir em outras carreiras p\u00fablicas ou migrar para o setor privado, onde as condi\u00e7\u00f5es salariais s\u00e3o significativamente mais competitivas.<\/p>\n<p>A entidade aponta que profissionais com perfil equivalente no mercado de tecnologia chegam a receber, em m\u00e9dia, at\u00e9 tr\u00eas vezes mais do que a remunera\u00e7\u00e3o inicial oferecida pelo governo federal. H\u00e1 ainda diferen\u00e7a relevante em rela\u00e7\u00e3o a outras carreiras p\u00fablicas de n\u00edvel semelhante, nas quais o sal\u00e1rio de entrada pode ser at\u00e9 duas vezes superior ao pago aos ATIs.<\/p>\n<p>Outro fator apontado como desestimulante \u00e9 o modelo de ingresso na carreira. Atualmente, os convocados precisam participar de um curso de forma\u00e7\u00e3o presencial em Bras\u00edlia, com dedica\u00e7\u00e3o exclusiva por tr\u00eas a quatro meses.<\/p>\n<p>Durante esse per\u00edodo, os candidatos recebem cerca de R$ 5 mil mensais \u2014 aproximadamente metade da remunera\u00e7\u00e3o inicial do cargo efetivo.<\/p>\n<p>Para profissionais j\u00e1 inseridos no mercado de tecnologia, muitos em regime remoto ou recebendo sal\u00e1rios superiores, a exig\u00eancia de mudan\u00e7a tempor\u00e1ria para Bras\u00edlia e a interrup\u00e7\u00e3o de v\u00ednculos profissionais se tornam obst\u00e1culos concretos \u00e0 ades\u00e3o.<\/p>\n<p>A dificuldade de preenchimento ocorre justamente quando o governo federal intensifica o discurso de moderniza\u00e7\u00e3o administrativa, expans\u00e3o de servi\u00e7os digitais, uso de intelig\u00eancia artificial e implementa\u00e7\u00e3o de pol\u00edticas de prote\u00e7\u00e3o de dados, como a Lei Geral de Prote\u00e7\u00e3o de Dados.<\/p>\n<p>Para Marlon Prudente, analista em tecnologia da informa\u00e7\u00e3o do Minist\u00e9rio de Minas e Energia, h\u00e1 um descompasso evidente entre a ambi\u00e7\u00e3o institucional e a pol\u00edtica de pessoal voltada \u00e0 \u00e1rea tecnol\u00f3gica.<\/p>\n<p>\u201cNos \u00faltimos anos, o governo ampliou iniciativas de digitaliza\u00e7\u00e3o e de transforma\u00e7\u00e3o digital da administra\u00e7\u00e3o p\u00fablica. Mas a pol\u00edtica de gest\u00e3o de pessoas para a \u00e1rea de tecnologia ainda n\u00e3o acompanha essa prioridade estrat\u00e9gica\u201d, afirma.<\/p>\n<p>Diante do risco de novas desist\u00eancias e da dificuldade de reten\u00e7\u00e3o dos profissionais j\u00e1 em exerc\u00edcio, entidades representativas defendem uma revis\u00e3o mais ampla da carreira.<\/p>\n<p>Entre as propostas em discuss\u00e3o est\u00e3o a reestrutura\u00e7\u00e3o salarial, acelera\u00e7\u00e3o da progress\u00e3o funcional, reposicionamento de servidores em n\u00edveis mais avan\u00e7ados e atualiza\u00e7\u00e3o do modelo de ingresso.<\/p>\n<p>Especialistas alertam que, sem mudan\u00e7as concretas, novos concursos podem repetir o mesmo padr\u00e3o observado no CNU: grande procura inicial, elevada aprova\u00e7\u00e3o formal e baixa ocupa\u00e7\u00e3o real das vagas.<\/p>\n<p>No centro do debate est\u00e1 uma pergunta cada vez mais presente dentro do pr\u00f3prio governo: como sustentar uma agenda de transforma\u00e7\u00e3o digital sem garantir atratividade m\u00ednima para quem deve execut\u00e1-la?<\/p>\n","protected":false},"excerpt":{"rendered":"<p>A baixa ades\u00e3o \u00e0 carreira de Analista em Tecnologia da Informa\u00e7\u00e3o (ATI) no Concurso P\u00fablico Nacional Unificado (CNU) acendeu um sinal de alerta dentro da administra\u00e7\u00e3o p\u00fablica federal e exp\u00f4s uma fragilidade estrutural em uma das \u00e1reas consideradas mais estrat\u00e9gicas para o futuro do Estado brasileiro. Levantamentos oficiais mostram que cerca de 70% dos candidatos [&hellip;]<\/p>\n","protected":false},"author":2,"featured_media":210503,"comment_status":"closed","ping_status":"closed","sticky":false,"template":"","format":"standard","meta":{"_acf_changed":false,"footnotes":""},"categories":[155],"tags":[],"class_list":["post-386972","post","type-post","status-publish","format-standard","has-post-thumbnail","hentry","category-leitura-vip"],"acf":[],"yoast_head":"<!-- This site is optimized with the Yoast SEO plugin v27.2 - https:\/\/yoast.com\/product\/yoast-seo-wordpress\/ -->\n<title>Governo fracassa com pessoal de TI e mudan\u00e7a digital fica capenga - Notibras<\/title>\n<meta name=\"robots\" content=\"index, follow, max-snippet:-1, max-image-preview:large, max-video-preview:-1\" \/>\n<link rel=\"canonical\" href=\"https:\/\/www.notibras.com\/site\/governo-fracassa-com-pessoal-de-ti-e-mudanca-digital-fica-capenga\/\" \/>\n<meta property=\"og:locale\" content=\"pt_BR\" \/>\n<meta property=\"og:type\" content=\"article\" \/>\n<meta property=\"og:title\" content=\"Governo fracassa com pessoal de TI e mudan\u00e7a digital fica capenga - Notibras\" \/>\n<meta property=\"og:description\" content=\"A baixa ades\u00e3o \u00e0 carreira de Analista em Tecnologia da Informa\u00e7\u00e3o (ATI) no Concurso P\u00fablico Nacional Unificado (CNU) acendeu um sinal de alerta dentro da administra\u00e7\u00e3o p\u00fablica federal e exp\u00f4s uma fragilidade estrutural em uma das \u00e1reas consideradas mais estrat\u00e9gicas para o futuro do Estado brasileiro. Levantamentos oficiais mostram que cerca de 70% dos candidatos [&hellip;]\" \/>\n<meta property=\"og:url\" content=\"https:\/\/www.notibras.com\/site\/governo-fracassa-com-pessoal-de-ti-e-mudanca-digital-fica-capenga\/\" \/>\n<meta property=\"og:site_name\" content=\"Notibras\" \/>\n<meta property=\"article:publisher\" content=\"https:\/\/www.facebook.com\/notibras\/\" \/>\n<meta property=\"article:published_time\" content=\"2026-03-14T11:35:19+00:00\" \/>\n<meta property=\"article:modified_time\" content=\"2026-03-14T11:39:46+00:00\" \/>\n<meta property=\"og:image\" content=\"https:\/\/www.notibras.com\/site\/wp-content\/uploads\/2019\/06\/Intelig\u00eancia-Artificial.jpg\" \/>\n\t<meta property=\"og:image:width\" content=\"2121\" \/>\n\t<meta property=\"og:image:height\" content=\"1413\" \/>\n\t<meta property=\"og:image:type\" content=\"image\/jpeg\" \/>\n<meta name=\"author\" content=\"Reda\u00e7\u00e3o\" \/>\n<meta name=\"twitter:card\" content=\"summary_large_image\" \/>\n<meta name=\"twitter:creator\" content=\"@Notibras\" \/>\n<meta name=\"twitter:site\" content=\"@Notibras\" \/>\n<meta name=\"twitter:label1\" content=\"Escrito por\" \/>\n\t<meta name=\"twitter:data1\" content=\"Reda\u00e7\u00e3o\" \/>\n\t<meta name=\"twitter:label2\" content=\"Est. tempo de leitura\" \/>\n\t<meta name=\"twitter:data2\" content=\"5 minutos\" \/>\n<script type=\"application\/ld+json\" class=\"yoast-schema-graph\">{\"@context\":\"https:\/\/schema.org\",\"@graph\":[{\"@type\":\"Article\",\"@id\":\"https:\/\/www.notibras.com\/site\/governo-fracassa-com-pessoal-de-ti-e-mudanca-digital-fica-capenga\/#article\",\"isPartOf\":{\"@id\":\"https:\/\/www.notibras.com\/site\/governo-fracassa-com-pessoal-de-ti-e-mudanca-digital-fica-capenga\/\"},\"author\":{\"name\":\"Reda\u00e7\u00e3o\",\"@id\":\"https:\/\/www.notibras.com\/site\/#\/schema\/person\/36ab0979449956132d3e5b517ea76ac8\"},\"headline\":\"Governo fracassa com pessoal de TI e mudan\u00e7a digital fica capenga\",\"datePublished\":\"2026-03-14T11:35:19+00:00\",\"dateModified\":\"2026-03-14T11:39:46+00:00\",\"mainEntityOfPage\":{\"@id\":\"https:\/\/www.notibras.com\/site\/governo-fracassa-com-pessoal-de-ti-e-mudanca-digital-fica-capenga\/\"},\"wordCount\":962,\"publisher\":{\"@id\":\"https:\/\/www.notibras.com\/site\/#organization\"},\"image\":{\"@id\":\"https:\/\/www.notibras.com\/site\/governo-fracassa-com-pessoal-de-ti-e-mudanca-digital-fica-capenga\/#primaryimage\"},\"thumbnailUrl\":\"https:\/\/www.notibras.com\/site\/wp-content\/uploads\/2019\/06\/Intelig\u00eancia-Artificial.jpg\",\"articleSection\":[\"Leitura Vip\"],\"inLanguage\":\"pt-BR\"},{\"@type\":\"WebPage\",\"@id\":\"https:\/\/www.notibras.com\/site\/governo-fracassa-com-pessoal-de-ti-e-mudanca-digital-fica-capenga\/\",\"url\":\"https:\/\/www.notibras.com\/site\/governo-fracassa-com-pessoal-de-ti-e-mudanca-digital-fica-capenga\/\",\"name\":\"Governo fracassa com pessoal de TI e mudan\u00e7a digital fica capenga - Notibras\",\"isPartOf\":{\"@id\":\"https:\/\/www.notibras.com\/site\/#website\"},\"primaryImageOfPage\":{\"@id\":\"https:\/\/www.notibras.com\/site\/governo-fracassa-com-pessoal-de-ti-e-mudanca-digital-fica-capenga\/#primaryimage\"},\"image\":{\"@id\":\"https:\/\/www.notibras.com\/site\/governo-fracassa-com-pessoal-de-ti-e-mudanca-digital-fica-capenga\/#primaryimage\"},\"thumbnailUrl\":\"https:\/\/www.notibras.com\/site\/wp-content\/uploads\/2019\/06\/Intelig\u00eancia-Artificial.jpg\",\"datePublished\":\"2026-03-14T11:35:19+00:00\",\"dateModified\":\"2026-03-14T11:39:46+00:00\",\"breadcrumb\":{\"@id\":\"https:\/\/www.notibras.com\/site\/governo-fracassa-com-pessoal-de-ti-e-mudanca-digital-fica-capenga\/#breadcrumb\"},\"inLanguage\":\"pt-BR\",\"potentialAction\":[{\"@type\":\"ReadAction\",\"target\":[\"https:\/\/www.notibras.com\/site\/governo-fracassa-com-pessoal-de-ti-e-mudanca-digital-fica-capenga\/\"]}]},{\"@type\":\"ImageObject\",\"inLanguage\":\"pt-BR\",\"@id\":\"https:\/\/www.notibras.com\/site\/governo-fracassa-com-pessoal-de-ti-e-mudanca-digital-fica-capenga\/#primaryimage\",\"url\":\"https:\/\/www.notibras.com\/site\/wp-content\/uploads\/2019\/06\/Intelig\u00eancia-Artificial.jpg\",\"contentUrl\":\"https:\/\/www.notibras.com\/site\/wp-content\/uploads\/2019\/06\/Intelig\u00eancia-Artificial.jpg\",\"width\":2121,\"height\":1413},{\"@type\":\"BreadcrumbList\",\"@id\":\"https:\/\/www.notibras.com\/site\/governo-fracassa-com-pessoal-de-ti-e-mudanca-digital-fica-capenga\/#breadcrumb\",\"itemListElement\":[{\"@type\":\"ListItem\",\"position\":1,\"name\":\"In\u00edcio\",\"item\":\"https:\/\/www.notibras.com\/site\/\"},{\"@type\":\"ListItem\",\"position\":2,\"name\":\"Governo fracassa com pessoal de TI e mudan\u00e7a digital fica capenga\"}]},{\"@type\":\"WebSite\",\"@id\":\"https:\/\/www.notibras.com\/site\/#website\",\"url\":\"https:\/\/www.notibras.com\/site\/\",\"name\":\"Notibras\",\"description\":\"Not\u00edcias de Bras\u00edlia, do Brasil e do Mundo\",\"publisher\":{\"@id\":\"https:\/\/www.notibras.com\/site\/#organization\"},\"potentialAction\":[{\"@type\":\"SearchAction\",\"target\":{\"@type\":\"EntryPoint\",\"urlTemplate\":\"https:\/\/www.notibras.com\/site\/?s={search_term_string}\"},\"query-input\":{\"@type\":\"PropertyValueSpecification\",\"valueRequired\":true,\"valueName\":\"search_term_string\"}}],\"inLanguage\":\"pt-BR\"},{\"@type\":\"Organization\",\"@id\":\"https:\/\/www.notibras.com\/site\/#organization\",\"name\":\"Grupo Notibras de Comunica\u00e7\u00e3o\",\"url\":\"https:\/\/www.notibras.com\/site\/\",\"logo\":{\"@type\":\"ImageObject\",\"inLanguage\":\"pt-BR\",\"@id\":\"https:\/\/www.notibras.com\/site\/#\/schema\/logo\/image\/\",\"url\":\"https:\/\/www.notibras.com\/site\/wp-content\/uploads\/2023\/01\/notibras23.png\",\"contentUrl\":\"https:\/\/www.notibras.com\/site\/wp-content\/uploads\/2023\/01\/notibras23.png\",\"width\":350,\"height\":87,\"caption\":\"Grupo Notibras de Comunica\u00e7\u00e3o\"},\"image\":{\"@id\":\"https:\/\/www.notibras.com\/site\/#\/schema\/logo\/image\/\"},\"sameAs\":[\"https:\/\/www.facebook.com\/notibras\/\",\"https:\/\/x.com\/Notibras\",\"https:\/\/www.instagram.com\/notibras\/\"]},{\"@type\":\"Person\",\"@id\":\"https:\/\/www.notibras.com\/site\/#\/schema\/person\/36ab0979449956132d3e5b517ea76ac8\",\"name\":\"Reda\u00e7\u00e3o\",\"image\":{\"@type\":\"ImageObject\",\"inLanguage\":\"pt-BR\",\"@id\":\"https:\/\/secure.gravatar.com\/avatar\/e0a867bdedb85fd243eadf09663511f96fc81e0720a4a42581f334ad4303aa6b?s=96&d=mm&r=g\",\"url\":\"https:\/\/secure.gravatar.com\/avatar\/e0a867bdedb85fd243eadf09663511f96fc81e0720a4a42581f334ad4303aa6b?s=96&d=mm&r=g\",\"contentUrl\":\"https:\/\/secure.gravatar.com\/avatar\/e0a867bdedb85fd243eadf09663511f96fc81e0720a4a42581f334ad4303aa6b?s=96&d=mm&r=g\",\"caption\":\"Reda\u00e7\u00e3o\"}}]}<\/script>\n<!-- \/ Yoast SEO plugin. -->","yoast_head_json":{"title":"Governo fracassa com pessoal de TI e mudan\u00e7a digital fica capenga - Notibras","robots":{"index":"index","follow":"follow","max-snippet":"max-snippet:-1","max-image-preview":"max-image-preview:large","max-video-preview":"max-video-preview:-1"},"canonical":"https:\/\/www.notibras.com\/site\/governo-fracassa-com-pessoal-de-ti-e-mudanca-digital-fica-capenga\/","og_locale":"pt_BR","og_type":"article","og_title":"Governo fracassa com pessoal de TI e mudan\u00e7a digital fica capenga - Notibras","og_description":"A baixa ades\u00e3o \u00e0 carreira de Analista em Tecnologia da Informa\u00e7\u00e3o (ATI) no Concurso P\u00fablico Nacional Unificado (CNU) acendeu um sinal de alerta dentro da administra\u00e7\u00e3o p\u00fablica federal e exp\u00f4s uma fragilidade estrutural em uma das \u00e1reas consideradas mais estrat\u00e9gicas para o futuro do Estado brasileiro. Levantamentos oficiais mostram que cerca de 70% dos candidatos [&hellip;]","og_url":"https:\/\/www.notibras.com\/site\/governo-fracassa-com-pessoal-de-ti-e-mudanca-digital-fica-capenga\/","og_site_name":"Notibras","article_publisher":"https:\/\/www.facebook.com\/notibras\/","article_published_time":"2026-03-14T11:35:19+00:00","article_modified_time":"2026-03-14T11:39:46+00:00","og_image":[{"width":2121,"height":1413,"url":"https:\/\/www.notibras.com\/site\/wp-content\/uploads\/2019\/06\/Intelig\u00eancia-Artificial.jpg","type":"image\/jpeg"}],"author":"Reda\u00e7\u00e3o","twitter_card":"summary_large_image","twitter_creator":"@Notibras","twitter_site":"@Notibras","twitter_misc":{"Escrito por":"Reda\u00e7\u00e3o","Est. tempo de leitura":"5 minutos"},"schema":{"@context":"https:\/\/schema.org","@graph":[{"@type":"Article","@id":"https:\/\/www.notibras.com\/site\/governo-fracassa-com-pessoal-de-ti-e-mudanca-digital-fica-capenga\/#article","isPartOf":{"@id":"https:\/\/www.notibras.com\/site\/governo-fracassa-com-pessoal-de-ti-e-mudanca-digital-fica-capenga\/"},"author":{"name":"Reda\u00e7\u00e3o","@id":"https:\/\/www.notibras.com\/site\/#\/schema\/person\/36ab0979449956132d3e5b517ea76ac8"},"headline":"Governo fracassa com pessoal de TI e mudan\u00e7a digital fica capenga","datePublished":"2026-03-14T11:35:19+00:00","dateModified":"2026-03-14T11:39:46+00:00","mainEntityOfPage":{"@id":"https:\/\/www.notibras.com\/site\/governo-fracassa-com-pessoal-de-ti-e-mudanca-digital-fica-capenga\/"},"wordCount":962,"publisher":{"@id":"https:\/\/www.notibras.com\/site\/#organization"},"image":{"@id":"https:\/\/www.notibras.com\/site\/governo-fracassa-com-pessoal-de-ti-e-mudanca-digital-fica-capenga\/#primaryimage"},"thumbnailUrl":"https:\/\/www.notibras.com\/site\/wp-content\/uploads\/2019\/06\/Intelig\u00eancia-Artificial.jpg","articleSection":["Leitura Vip"],"inLanguage":"pt-BR"},{"@type":"WebPage","@id":"https:\/\/www.notibras.com\/site\/governo-fracassa-com-pessoal-de-ti-e-mudanca-digital-fica-capenga\/","url":"https:\/\/www.notibras.com\/site\/governo-fracassa-com-pessoal-de-ti-e-mudanca-digital-fica-capenga\/","name":"Governo fracassa com pessoal de TI e mudan\u00e7a digital fica capenga - Notibras","isPartOf":{"@id":"https:\/\/www.notibras.com\/site\/#website"},"primaryImageOfPage":{"@id":"https:\/\/www.notibras.com\/site\/governo-fracassa-com-pessoal-de-ti-e-mudanca-digital-fica-capenga\/#primaryimage"},"image":{"@id":"https:\/\/www.notibras.com\/site\/governo-fracassa-com-pessoal-de-ti-e-mudanca-digital-fica-capenga\/#primaryimage"},"thumbnailUrl":"https:\/\/www.notibras.com\/site\/wp-content\/uploads\/2019\/06\/Intelig\u00eancia-Artificial.jpg","datePublished":"2026-03-14T11:35:19+00:00","dateModified":"2026-03-14T11:39:46+00:00","breadcrumb":{"@id":"https:\/\/www.notibras.com\/site\/governo-fracassa-com-pessoal-de-ti-e-mudanca-digital-fica-capenga\/#breadcrumb"},"inLanguage":"pt-BR","potentialAction":[{"@type":"ReadAction","target":["https:\/\/www.notibras.com\/site\/governo-fracassa-com-pessoal-de-ti-e-mudanca-digital-fica-capenga\/"]}]},{"@type":"ImageObject","inLanguage":"pt-BR","@id":"https:\/\/www.notibras.com\/site\/governo-fracassa-com-pessoal-de-ti-e-mudanca-digital-fica-capenga\/#primaryimage","url":"https:\/\/www.notibras.com\/site\/wp-content\/uploads\/2019\/06\/Intelig\u00eancia-Artificial.jpg","contentUrl":"https:\/\/www.notibras.com\/site\/wp-content\/uploads\/2019\/06\/Intelig\u00eancia-Artificial.jpg","width":2121,"height":1413},{"@type":"BreadcrumbList","@id":"https:\/\/www.notibras.com\/site\/governo-fracassa-com-pessoal-de-ti-e-mudanca-digital-fica-capenga\/#breadcrumb","itemListElement":[{"@type":"ListItem","position":1,"name":"In\u00edcio","item":"https:\/\/www.notibras.com\/site\/"},{"@type":"ListItem","position":2,"name":"Governo fracassa com pessoal de TI e mudan\u00e7a digital fica capenga"}]},{"@type":"WebSite","@id":"https:\/\/www.notibras.com\/site\/#website","url":"https:\/\/www.notibras.com\/site\/","name":"Notibras","description":"Not\u00edcias de Bras\u00edlia, do Brasil e do Mundo","publisher":{"@id":"https:\/\/www.notibras.com\/site\/#organization"},"potentialAction":[{"@type":"SearchAction","target":{"@type":"EntryPoint","urlTemplate":"https:\/\/www.notibras.com\/site\/?s={search_term_string}"},"query-input":{"@type":"PropertyValueSpecification","valueRequired":true,"valueName":"search_term_string"}}],"inLanguage":"pt-BR"},{"@type":"Organization","@id":"https:\/\/www.notibras.com\/site\/#organization","name":"Grupo Notibras de Comunica\u00e7\u00e3o","url":"https:\/\/www.notibras.com\/site\/","logo":{"@type":"ImageObject","inLanguage":"pt-BR","@id":"https:\/\/www.notibras.com\/site\/#\/schema\/logo\/image\/","url":"https:\/\/www.notibras.com\/site\/wp-content\/uploads\/2023\/01\/notibras23.png","contentUrl":"https:\/\/www.notibras.com\/site\/wp-content\/uploads\/2023\/01\/notibras23.png","width":350,"height":87,"caption":"Grupo Notibras de Comunica\u00e7\u00e3o"},"image":{"@id":"https:\/\/www.notibras.com\/site\/#\/schema\/logo\/image\/"},"sameAs":["https:\/\/www.facebook.com\/notibras\/","https:\/\/x.com\/Notibras","https:\/\/www.instagram.com\/notibras\/"]},{"@type":"Person","@id":"https:\/\/www.notibras.com\/site\/#\/schema\/person\/36ab0979449956132d3e5b517ea76ac8","name":"Reda\u00e7\u00e3o","image":{"@type":"ImageObject","inLanguage":"pt-BR","@id":"https:\/\/secure.gravatar.com\/avatar\/e0a867bdedb85fd243eadf09663511f96fc81e0720a4a42581f334ad4303aa6b?s=96&d=mm&r=g","url":"https:\/\/secure.gravatar.com\/avatar\/e0a867bdedb85fd243eadf09663511f96fc81e0720a4a42581f334ad4303aa6b?s=96&d=mm&r=g","contentUrl":"https:\/\/secure.gravatar.com\/avatar\/e0a867bdedb85fd243eadf09663511f96fc81e0720a4a42581f334ad4303aa6b?s=96&d=mm&r=g","caption":"Reda\u00e7\u00e3o"}}]}},"amp_enabled":true,"_links":{"self":[{"href":"https:\/\/www.notibras.com\/site\/wp-json\/wp\/v2\/posts\/386972","targetHints":{"allow":["GET"]}}],"collection":[{"href":"https:\/\/www.notibras.com\/site\/wp-json\/wp\/v2\/posts"}],"about":[{"href":"https:\/\/www.notibras.com\/site\/wp-json\/wp\/v2\/types\/post"}],"author":[{"embeddable":true,"href":"https:\/\/www.notibras.com\/site\/wp-json\/wp\/v2\/users\/2"}],"replies":[{"embeddable":true,"href":"https:\/\/www.notibras.com\/site\/wp-json\/wp\/v2\/comments?post=386972"}],"version-history":[{"count":4,"href":"https:\/\/www.notibras.com\/site\/wp-json\/wp\/v2\/posts\/386972\/revisions"}],"predecessor-version":[{"id":386976,"href":"https:\/\/www.notibras.com\/site\/wp-json\/wp\/v2\/posts\/386972\/revisions\/386976"}],"wp:featuredmedia":[{"embeddable":true,"href":"https:\/\/www.notibras.com\/site\/wp-json\/wp\/v2\/media\/210503"}],"wp:attachment":[{"href":"https:\/\/www.notibras.com\/site\/wp-json\/wp\/v2\/media?parent=386972"}],"wp:term":[{"taxonomy":"category","embeddable":true,"href":"https:\/\/www.notibras.com\/site\/wp-json\/wp\/v2\/categories?post=386972"},{"taxonomy":"post_tag","embeddable":true,"href":"https:\/\/www.notibras.com\/site\/wp-json\/wp\/v2\/tags?post=386972"}],"curies":[{"name":"wp","href":"https:\/\/api.w.org\/{rel}","templated":true}]}}