{"id":386977,"date":"2026-03-14T00:45:28","date_gmt":"2026-03-14T03:45:28","guid":{"rendered":"https:\/\/www.notibras.com\/site\/?p=386977"},"modified":"2026-03-14T08:48:20","modified_gmt":"2026-03-14T11:48:20","slug":"jardim-do-museu-da-republica-tera-area-para-museu-do-folclore","status":"publish","type":"post","link":"https:\/\/www.notibras.com\/site\/jardim-do-museu-da-republica-tera-area-para-museu-do-folclore\/","title":{"rendered":"Jardim do Museu da Rep\u00fablica ter\u00e1 \u00e1rea para Museu do Folclore"},"content":{"rendered":"<p>Os jardins do Museu da Rep\u00fablica, na zona sul do Rio de Janeiro, v\u00e3o receber uma nova unidade do Museu do Folclore Edison Carneiro. Nesta sexta-feira (13), um acordo foi assinado entre os \u00f3rg\u00e3os que administram as duas entidades para a instala\u00e7\u00e3o de um novo pr\u00e9dio, que permitir\u00e1 a expans\u00e3o do museu dedicado \u00e0 cultura popular e a artes\u00e3os de todo o pa\u00eds.<\/p>\n<p>O an\u00fancio do acordo entre o Instituto do Patrim\u00f4nio Hist\u00f3rico e Art\u00edstico Nacional (Iphan), que administra o Museu do Folclore, e o Instituto Brasileiro de Museus (Ibram), respons\u00e1vel pelo Museu da Rep\u00fablica, ocorreu paralelamente \u00e0 inaugura\u00e7\u00e3o do mural em homenagem ao folclorista Edison Carneiro, no Catete, zona sul.<\/p>\n<p>A nova unidade, dedicada a abrigar obras da cultura popular, registros de saberes e de modos de fazer, deve ser erguida em uma pequena \u00e1rea do jardim do Museu da Rep\u00fablica adjacente ao Museu do Folclore.<\/p>\n<p>O novo pr\u00e9dio pretende integrar unidades do Centro Nacional de Folclore e Cultura Popular (CNFCP), guardar e exibir reserva t\u00e9cnica, ampliar a \u00e1rea dedicada \u00e0 pesquisa e oferecer um programa educativo, com espa\u00e7o para audit\u00f3rio e recep\u00e7\u00f5es.<\/p>\n<p>De acordo com o presidente do Iphan, Leandro Grass, devem ser investidos entre R$ 2 milh\u00f5es e R$ 5 milh\u00f5es na iniciativa, incluindo a reforma da sede e de unidades do CNFCP, por meio do Programa de Acelera\u00e7\u00e3o do Crescimento (PAC). A previs\u00e3o \u00e9 de que a conclus\u00e3o da licita\u00e7\u00e3o seja ainda este ano.<\/p>\n<p>&#8220;Vamos expandir tanto o museu quanto a reserva t\u00e9cnica, colocar \u00e0 disposi\u00e7\u00e3o da popula\u00e7\u00e3o e dos pesquisadores, e dar amplitude ao que j\u00e1 \u00e9 oferecido hoje&#8221;, prometeu Grass.<\/p>\n<p>O acordo, segundo o presidente do Iphan, \u00e9 o sinal verde para a contrata\u00e7\u00e3o do projeto executivo, que ser\u00e1 conduzido pelo instituto.<\/p>\n<p><strong>Acervo popular<\/strong><br \/>\nO diretor do CNFCP, Rafael Barros, disse que o novo espa\u00e7o \u00e9 uma demanda de 20 anos. &#8220;A nossa reserva [t\u00e9cnica], hoje, possui mais de 20 mil objetos. \u00c9 a maior reserva de cultura popular e, infelizmente, n\u00e3o tem as condi\u00e7\u00f5es t\u00e9cnicas adequadas para guarda e conserva\u00e7\u00e3o&#8221;, explicou.<\/p>\n<p>Com a obra, Barros espera triplicar a \u00e1rea de reserva e ampliar visitas e pesquisas ao material.<\/p>\n<p>&#8220;Nossa ideia \u00e9 que tenha paredes de vidro, para que o p\u00fablico, os moradores, os turistas, todas as pessoas que circulam pelo Museu da Rep\u00fablica, possam tamb\u00e9m conhecer e visualizar esse acervo&#8221;, adiantou no evento.<\/p>\n<p>Para Barros, o diferencial do Museu do Folclore \u00e9 conectar o p\u00fablico \u00e0s suas origens e, por isso, h\u00e1 essa demanda antiga por amplia\u00e7\u00e3o. A atual unidade do museu funciona na antiga Casa da Guarda do Museu da Rep\u00fablica.<\/p>\n<p>&#8220;A cultura popular \u00e9 o fundamento da nossa identidade, \u00e9 aquilo que nos constitui na singularidade e na diversidade e que conforma esse imenso pa\u00eds continental&#8221;, destacou.<\/p>\n<p>A presidenta do Ibram, Fernanda Castro, tamb\u00e9m destacou a iniciativa como um passo para valorizar um patrim\u00f4nio brasileiro que deve estar \u00e0 disposi\u00e7\u00e3o do p\u00fablico.<\/p>\n<p>&#8220;O Centro Nacional de Folclore e Cultura Popular ter um espa\u00e7o para reserva t\u00e9cnica significa preservar a mem\u00f3ria de manifesta\u00e7\u00f5es culturais que v\u00eam do povo, e o que vem do povo deve orientar as pol\u00edticas p\u00fablicas&#8221;, afirmou.<\/p>\n<p>O CNFCP, que abriga o Museu do Folclore Edison Carneiro, foi fundado no final da d\u00e9cada de 1950 e hoje est\u00e1 vinculado ao Iphan.<\/p>\n<p>A unidade conta com 17 mil objetos e 200 mil documentos bibliogr\u00e1ficos e audiovisuais. H\u00e1 exposi\u00e7\u00f5es, \u00e1rea de pesquisa e uma loja. O centro funciona todos os dias, exceto \u00e0s segundas-feiras, das 11h \u00e0s 17h, na Rua do Catete, 179.<\/p>\n","protected":false},"excerpt":{"rendered":"<p>Os jardins do Museu da Rep\u00fablica, na zona sul do Rio de Janeiro, v\u00e3o receber uma nova unidade do Museu do Folclore Edison Carneiro. Nesta sexta-feira (13), um acordo foi assinado entre os \u00f3rg\u00e3os que administram as duas entidades para a instala\u00e7\u00e3o de um novo pr\u00e9dio, que permitir\u00e1 a expans\u00e3o do museu dedicado \u00e0 cultura [&hellip;]<\/p>\n","protected":false},"author":2,"featured_media":386978,"comment_status":"closed","ping_status":"closed","sticky":false,"template":"","format":"standard","meta":{"_acf_changed":false,"footnotes":""},"categories":[155],"tags":[],"class_list":["post-386977","post","type-post","status-publish","format-standard","has-post-thumbnail","hentry","category-leitura-vip"],"acf":[],"yoast_head":"<!-- This site is optimized with the Yoast SEO plugin v27.2 - https:\/\/yoast.com\/product\/yoast-seo-wordpress\/ -->\n<title>Jardim do Museu da Rep\u00fablica ter\u00e1 \u00e1rea para Museu do Folclore - Notibras<\/title>\n<meta name=\"robots\" content=\"index, follow, max-snippet:-1, max-image-preview:large, max-video-preview:-1\" \/>\n<link rel=\"canonical\" href=\"https:\/\/www.notibras.com\/site\/jardim-do-museu-da-republica-tera-area-para-museu-do-folclore\/\" \/>\n<meta property=\"og:locale\" content=\"pt_BR\" \/>\n<meta property=\"og:type\" content=\"article\" \/>\n<meta property=\"og:title\" content=\"Jardim do Museu da Rep\u00fablica ter\u00e1 \u00e1rea para Museu do Folclore - Notibras\" \/>\n<meta property=\"og:description\" content=\"Os jardins do Museu da Rep\u00fablica, na zona sul do Rio de Janeiro, v\u00e3o receber uma nova unidade do Museu do Folclore Edison Carneiro. Nesta sexta-feira (13), um acordo foi assinado entre os \u00f3rg\u00e3os que administram as duas entidades para a instala\u00e7\u00e3o de um novo pr\u00e9dio, que permitir\u00e1 a expans\u00e3o do museu dedicado \u00e0 cultura [&hellip;]\" \/>\n<meta property=\"og:url\" content=\"https:\/\/www.notibras.com\/site\/jardim-do-museu-da-republica-tera-area-para-museu-do-folclore\/\" \/>\n<meta property=\"og:site_name\" content=\"Notibras\" \/>\n<meta property=\"article:publisher\" content=\"https:\/\/www.facebook.com\/notibras\/\" \/>\n<meta property=\"article:published_time\" content=\"2026-03-14T03:45:28+00:00\" \/>\n<meta property=\"article:modified_time\" content=\"2026-03-14T11:48:20+00:00\" \/>\n<meta property=\"og:image\" content=\"https:\/\/www.notibras.com\/site\/wp-content\/uploads\/2026\/03\/dsc8666.webp\" \/>\n\t<meta property=\"og:image:width\" content=\"754\" \/>\n\t<meta property=\"og:image:height\" content=\"502\" \/>\n\t<meta property=\"og:image:type\" content=\"image\/webp\" \/>\n<meta name=\"author\" content=\"Reda\u00e7\u00e3o\" \/>\n<meta name=\"twitter:card\" content=\"summary_large_image\" \/>\n<meta name=\"twitter:creator\" content=\"@Notibras\" \/>\n<meta name=\"twitter:site\" content=\"@Notibras\" \/>\n<meta name=\"twitter:label1\" content=\"Escrito por\" \/>\n\t<meta name=\"twitter:data1\" content=\"Reda\u00e7\u00e3o\" \/>\n\t<meta name=\"twitter:label2\" content=\"Est. tempo de leitura\" \/>\n\t<meta name=\"twitter:data2\" content=\"4 minutos\" \/>\n<script type=\"application\/ld+json\" class=\"yoast-schema-graph\">{\"@context\":\"https:\/\/schema.org\",\"@graph\":[{\"@type\":\"Article\",\"@id\":\"https:\/\/www.notibras.com\/site\/jardim-do-museu-da-republica-tera-area-para-museu-do-folclore\/#article\",\"isPartOf\":{\"@id\":\"https:\/\/www.notibras.com\/site\/jardim-do-museu-da-republica-tera-area-para-museu-do-folclore\/\"},\"author\":{\"name\":\"Reda\u00e7\u00e3o\",\"@id\":\"https:\/\/www.notibras.com\/site\/#\/schema\/person\/36ab0979449956132d3e5b517ea76ac8\"},\"headline\":\"Jardim do Museu da Rep\u00fablica ter\u00e1 \u00e1rea para Museu do Folclore\",\"datePublished\":\"2026-03-14T03:45:28+00:00\",\"dateModified\":\"2026-03-14T11:48:20+00:00\",\"mainEntityOfPage\":{\"@id\":\"https:\/\/www.notibras.com\/site\/jardim-do-museu-da-republica-tera-area-para-museu-do-folclore\/\"},\"wordCount\":629,\"publisher\":{\"@id\":\"https:\/\/www.notibras.com\/site\/#organization\"},\"image\":{\"@id\":\"https:\/\/www.notibras.com\/site\/jardim-do-museu-da-republica-tera-area-para-museu-do-folclore\/#primaryimage\"},\"thumbnailUrl\":\"https:\/\/www.notibras.com\/site\/wp-content\/uploads\/2026\/03\/dsc8666.webp\",\"articleSection\":[\"Leitura Vip\"],\"inLanguage\":\"pt-BR\"},{\"@type\":\"WebPage\",\"@id\":\"https:\/\/www.notibras.com\/site\/jardim-do-museu-da-republica-tera-area-para-museu-do-folclore\/\",\"url\":\"https:\/\/www.notibras.com\/site\/jardim-do-museu-da-republica-tera-area-para-museu-do-folclore\/\",\"name\":\"Jardim do Museu da Rep\u00fablica ter\u00e1 \u00e1rea para Museu do Folclore - Notibras\",\"isPartOf\":{\"@id\":\"https:\/\/www.notibras.com\/site\/#website\"},\"primaryImageOfPage\":{\"@id\":\"https:\/\/www.notibras.com\/site\/jardim-do-museu-da-republica-tera-area-para-museu-do-folclore\/#primaryimage\"},\"image\":{\"@id\":\"https:\/\/www.notibras.com\/site\/jardim-do-museu-da-republica-tera-area-para-museu-do-folclore\/#primaryimage\"},\"thumbnailUrl\":\"https:\/\/www.notibras.com\/site\/wp-content\/uploads\/2026\/03\/dsc8666.webp\",\"datePublished\":\"2026-03-14T03:45:28+00:00\",\"dateModified\":\"2026-03-14T11:48:20+00:00\",\"breadcrumb\":{\"@id\":\"https:\/\/www.notibras.com\/site\/jardim-do-museu-da-republica-tera-area-para-museu-do-folclore\/#breadcrumb\"},\"inLanguage\":\"pt-BR\",\"potentialAction\":[{\"@type\":\"ReadAction\",\"target\":[\"https:\/\/www.notibras.com\/site\/jardim-do-museu-da-republica-tera-area-para-museu-do-folclore\/\"]}]},{\"@type\":\"ImageObject\",\"inLanguage\":\"pt-BR\",\"@id\":\"https:\/\/www.notibras.com\/site\/jardim-do-museu-da-republica-tera-area-para-museu-do-folclore\/#primaryimage\",\"url\":\"https:\/\/www.notibras.com\/site\/wp-content\/uploads\/2026\/03\/dsc8666.webp\",\"contentUrl\":\"https:\/\/www.notibras.com\/site\/wp-content\/uploads\/2026\/03\/dsc8666.webp\",\"width\":754,\"height\":502},{\"@type\":\"BreadcrumbList\",\"@id\":\"https:\/\/www.notibras.com\/site\/jardim-do-museu-da-republica-tera-area-para-museu-do-folclore\/#breadcrumb\",\"itemListElement\":[{\"@type\":\"ListItem\",\"position\":1,\"name\":\"In\u00edcio\",\"item\":\"https:\/\/www.notibras.com\/site\/\"},{\"@type\":\"ListItem\",\"position\":2,\"name\":\"Jardim do Museu da Rep\u00fablica ter\u00e1 \u00e1rea para Museu do Folclore\"}]},{\"@type\":\"WebSite\",\"@id\":\"https:\/\/www.notibras.com\/site\/#website\",\"url\":\"https:\/\/www.notibras.com\/site\/\",\"name\":\"Notibras\",\"description\":\"Not\u00edcias de Bras\u00edlia, do Brasil e do Mundo\",\"publisher\":{\"@id\":\"https:\/\/www.notibras.com\/site\/#organization\"},\"potentialAction\":[{\"@type\":\"SearchAction\",\"target\":{\"@type\":\"EntryPoint\",\"urlTemplate\":\"https:\/\/www.notibras.com\/site\/?s={search_term_string}\"},\"query-input\":{\"@type\":\"PropertyValueSpecification\",\"valueRequired\":true,\"valueName\":\"search_term_string\"}}],\"inLanguage\":\"pt-BR\"},{\"@type\":\"Organization\",\"@id\":\"https:\/\/www.notibras.com\/site\/#organization\",\"name\":\"Grupo Notibras de Comunica\u00e7\u00e3o\",\"url\":\"https:\/\/www.notibras.com\/site\/\",\"logo\":{\"@type\":\"ImageObject\",\"inLanguage\":\"pt-BR\",\"@id\":\"https:\/\/www.notibras.com\/site\/#\/schema\/logo\/image\/\",\"url\":\"https:\/\/www.notibras.com\/site\/wp-content\/uploads\/2023\/01\/notibras23.png\",\"contentUrl\":\"https:\/\/www.notibras.com\/site\/wp-content\/uploads\/2023\/01\/notibras23.png\",\"width\":350,\"height\":87,\"caption\":\"Grupo Notibras de Comunica\u00e7\u00e3o\"},\"image\":{\"@id\":\"https:\/\/www.notibras.com\/site\/#\/schema\/logo\/image\/\"},\"sameAs\":[\"https:\/\/www.facebook.com\/notibras\/\",\"https:\/\/x.com\/Notibras\",\"https:\/\/www.instagram.com\/notibras\/\"]},{\"@type\":\"Person\",\"@id\":\"https:\/\/www.notibras.com\/site\/#\/schema\/person\/36ab0979449956132d3e5b517ea76ac8\",\"name\":\"Reda\u00e7\u00e3o\",\"image\":{\"@type\":\"ImageObject\",\"inLanguage\":\"pt-BR\",\"@id\":\"https:\/\/secure.gravatar.com\/avatar\/e0a867bdedb85fd243eadf09663511f96fc81e0720a4a42581f334ad4303aa6b?s=96&d=mm&r=g\",\"url\":\"https:\/\/secure.gravatar.com\/avatar\/e0a867bdedb85fd243eadf09663511f96fc81e0720a4a42581f334ad4303aa6b?s=96&d=mm&r=g\",\"contentUrl\":\"https:\/\/secure.gravatar.com\/avatar\/e0a867bdedb85fd243eadf09663511f96fc81e0720a4a42581f334ad4303aa6b?s=96&d=mm&r=g\",\"caption\":\"Reda\u00e7\u00e3o\"}}]}<\/script>\n<!-- \/ Yoast SEO plugin. -->","yoast_head_json":{"title":"Jardim do Museu da Rep\u00fablica ter\u00e1 \u00e1rea para Museu do Folclore - Notibras","robots":{"index":"index","follow":"follow","max-snippet":"max-snippet:-1","max-image-preview":"max-image-preview:large","max-video-preview":"max-video-preview:-1"},"canonical":"https:\/\/www.notibras.com\/site\/jardim-do-museu-da-republica-tera-area-para-museu-do-folclore\/","og_locale":"pt_BR","og_type":"article","og_title":"Jardim do Museu da Rep\u00fablica ter\u00e1 \u00e1rea para Museu do Folclore - Notibras","og_description":"Os jardins do Museu da Rep\u00fablica, na zona sul do Rio de Janeiro, v\u00e3o receber uma nova unidade do Museu do Folclore Edison Carneiro. Nesta sexta-feira (13), um acordo foi assinado entre os \u00f3rg\u00e3os que administram as duas entidades para a instala\u00e7\u00e3o de um novo pr\u00e9dio, que permitir\u00e1 a expans\u00e3o do museu dedicado \u00e0 cultura [&hellip;]","og_url":"https:\/\/www.notibras.com\/site\/jardim-do-museu-da-republica-tera-area-para-museu-do-folclore\/","og_site_name":"Notibras","article_publisher":"https:\/\/www.facebook.com\/notibras\/","article_published_time":"2026-03-14T03:45:28+00:00","article_modified_time":"2026-03-14T11:48:20+00:00","og_image":[{"width":754,"height":502,"url":"https:\/\/www.notibras.com\/site\/wp-content\/uploads\/2026\/03\/dsc8666.webp","type":"image\/webp"}],"author":"Reda\u00e7\u00e3o","twitter_card":"summary_large_image","twitter_creator":"@Notibras","twitter_site":"@Notibras","twitter_misc":{"Escrito por":"Reda\u00e7\u00e3o","Est. tempo de leitura":"4 minutos"},"schema":{"@context":"https:\/\/schema.org","@graph":[{"@type":"Article","@id":"https:\/\/www.notibras.com\/site\/jardim-do-museu-da-republica-tera-area-para-museu-do-folclore\/#article","isPartOf":{"@id":"https:\/\/www.notibras.com\/site\/jardim-do-museu-da-republica-tera-area-para-museu-do-folclore\/"},"author":{"name":"Reda\u00e7\u00e3o","@id":"https:\/\/www.notibras.com\/site\/#\/schema\/person\/36ab0979449956132d3e5b517ea76ac8"},"headline":"Jardim do Museu da Rep\u00fablica ter\u00e1 \u00e1rea para Museu do Folclore","datePublished":"2026-03-14T03:45:28+00:00","dateModified":"2026-03-14T11:48:20+00:00","mainEntityOfPage":{"@id":"https:\/\/www.notibras.com\/site\/jardim-do-museu-da-republica-tera-area-para-museu-do-folclore\/"},"wordCount":629,"publisher":{"@id":"https:\/\/www.notibras.com\/site\/#organization"},"image":{"@id":"https:\/\/www.notibras.com\/site\/jardim-do-museu-da-republica-tera-area-para-museu-do-folclore\/#primaryimage"},"thumbnailUrl":"https:\/\/www.notibras.com\/site\/wp-content\/uploads\/2026\/03\/dsc8666.webp","articleSection":["Leitura Vip"],"inLanguage":"pt-BR"},{"@type":"WebPage","@id":"https:\/\/www.notibras.com\/site\/jardim-do-museu-da-republica-tera-area-para-museu-do-folclore\/","url":"https:\/\/www.notibras.com\/site\/jardim-do-museu-da-republica-tera-area-para-museu-do-folclore\/","name":"Jardim do Museu da Rep\u00fablica ter\u00e1 \u00e1rea para Museu do Folclore - Notibras","isPartOf":{"@id":"https:\/\/www.notibras.com\/site\/#website"},"primaryImageOfPage":{"@id":"https:\/\/www.notibras.com\/site\/jardim-do-museu-da-republica-tera-area-para-museu-do-folclore\/#primaryimage"},"image":{"@id":"https:\/\/www.notibras.com\/site\/jardim-do-museu-da-republica-tera-area-para-museu-do-folclore\/#primaryimage"},"thumbnailUrl":"https:\/\/www.notibras.com\/site\/wp-content\/uploads\/2026\/03\/dsc8666.webp","datePublished":"2026-03-14T03:45:28+00:00","dateModified":"2026-03-14T11:48:20+00:00","breadcrumb":{"@id":"https:\/\/www.notibras.com\/site\/jardim-do-museu-da-republica-tera-area-para-museu-do-folclore\/#breadcrumb"},"inLanguage":"pt-BR","potentialAction":[{"@type":"ReadAction","target":["https:\/\/www.notibras.com\/site\/jardim-do-museu-da-republica-tera-area-para-museu-do-folclore\/"]}]},{"@type":"ImageObject","inLanguage":"pt-BR","@id":"https:\/\/www.notibras.com\/site\/jardim-do-museu-da-republica-tera-area-para-museu-do-folclore\/#primaryimage","url":"https:\/\/www.notibras.com\/site\/wp-content\/uploads\/2026\/03\/dsc8666.webp","contentUrl":"https:\/\/www.notibras.com\/site\/wp-content\/uploads\/2026\/03\/dsc8666.webp","width":754,"height":502},{"@type":"BreadcrumbList","@id":"https:\/\/www.notibras.com\/site\/jardim-do-museu-da-republica-tera-area-para-museu-do-folclore\/#breadcrumb","itemListElement":[{"@type":"ListItem","position":1,"name":"In\u00edcio","item":"https:\/\/www.notibras.com\/site\/"},{"@type":"ListItem","position":2,"name":"Jardim do Museu da Rep\u00fablica ter\u00e1 \u00e1rea para Museu do Folclore"}]},{"@type":"WebSite","@id":"https:\/\/www.notibras.com\/site\/#website","url":"https:\/\/www.notibras.com\/site\/","name":"Notibras","description":"Not\u00edcias de Bras\u00edlia, do Brasil e do Mundo","publisher":{"@id":"https:\/\/www.notibras.com\/site\/#organization"},"potentialAction":[{"@type":"SearchAction","target":{"@type":"EntryPoint","urlTemplate":"https:\/\/www.notibras.com\/site\/?s={search_term_string}"},"query-input":{"@type":"PropertyValueSpecification","valueRequired":true,"valueName":"search_term_string"}}],"inLanguage":"pt-BR"},{"@type":"Organization","@id":"https:\/\/www.notibras.com\/site\/#organization","name":"Grupo Notibras de Comunica\u00e7\u00e3o","url":"https:\/\/www.notibras.com\/site\/","logo":{"@type":"ImageObject","inLanguage":"pt-BR","@id":"https:\/\/www.notibras.com\/site\/#\/schema\/logo\/image\/","url":"https:\/\/www.notibras.com\/site\/wp-content\/uploads\/2023\/01\/notibras23.png","contentUrl":"https:\/\/www.notibras.com\/site\/wp-content\/uploads\/2023\/01\/notibras23.png","width":350,"height":87,"caption":"Grupo Notibras de Comunica\u00e7\u00e3o"},"image":{"@id":"https:\/\/www.notibras.com\/site\/#\/schema\/logo\/image\/"},"sameAs":["https:\/\/www.facebook.com\/notibras\/","https:\/\/x.com\/Notibras","https:\/\/www.instagram.com\/notibras\/"]},{"@type":"Person","@id":"https:\/\/www.notibras.com\/site\/#\/schema\/person\/36ab0979449956132d3e5b517ea76ac8","name":"Reda\u00e7\u00e3o","image":{"@type":"ImageObject","inLanguage":"pt-BR","@id":"https:\/\/secure.gravatar.com\/avatar\/e0a867bdedb85fd243eadf09663511f96fc81e0720a4a42581f334ad4303aa6b?s=96&d=mm&r=g","url":"https:\/\/secure.gravatar.com\/avatar\/e0a867bdedb85fd243eadf09663511f96fc81e0720a4a42581f334ad4303aa6b?s=96&d=mm&r=g","contentUrl":"https:\/\/secure.gravatar.com\/avatar\/e0a867bdedb85fd243eadf09663511f96fc81e0720a4a42581f334ad4303aa6b?s=96&d=mm&r=g","caption":"Reda\u00e7\u00e3o"}}]}},"amp_enabled":true,"_links":{"self":[{"href":"https:\/\/www.notibras.com\/site\/wp-json\/wp\/v2\/posts\/386977","targetHints":{"allow":["GET"]}}],"collection":[{"href":"https:\/\/www.notibras.com\/site\/wp-json\/wp\/v2\/posts"}],"about":[{"href":"https:\/\/www.notibras.com\/site\/wp-json\/wp\/v2\/types\/post"}],"author":[{"embeddable":true,"href":"https:\/\/www.notibras.com\/site\/wp-json\/wp\/v2\/users\/2"}],"replies":[{"embeddable":true,"href":"https:\/\/www.notibras.com\/site\/wp-json\/wp\/v2\/comments?post=386977"}],"version-history":[{"count":1,"href":"https:\/\/www.notibras.com\/site\/wp-json\/wp\/v2\/posts\/386977\/revisions"}],"predecessor-version":[{"id":386979,"href":"https:\/\/www.notibras.com\/site\/wp-json\/wp\/v2\/posts\/386977\/revisions\/386979"}],"wp:featuredmedia":[{"embeddable":true,"href":"https:\/\/www.notibras.com\/site\/wp-json\/wp\/v2\/media\/386978"}],"wp:attachment":[{"href":"https:\/\/www.notibras.com\/site\/wp-json\/wp\/v2\/media?parent=386977"}],"wp:term":[{"taxonomy":"category","embeddable":true,"href":"https:\/\/www.notibras.com\/site\/wp-json\/wp\/v2\/categories?post=386977"},{"taxonomy":"post_tag","embeddable":true,"href":"https:\/\/www.notibras.com\/site\/wp-json\/wp\/v2\/tags?post=386977"}],"curies":[{"name":"wp","href":"https:\/\/api.w.org\/{rel}","templated":true}]}}