{"id":386980,"date":"2026-03-14T00:29:19","date_gmt":"2026-03-14T03:29:19","guid":{"rendered":"https:\/\/www.notibras.com\/site\/?p=386980"},"modified":"2026-03-14T08:50:37","modified_gmt":"2026-03-14T11:50:37","slug":"etnologo-da-cultura-afro-brasileira-edison-carneiro-ganha-mural","status":"publish","type":"post","link":"https:\/\/www.notibras.com\/site\/etnologo-da-cultura-afro-brasileira-edison-carneiro-ganha-mural\/","title":{"rendered":"Etn\u00f3logo da cultura afro-brasileira, Edison Carneiro ganha mural"},"content":{"rendered":"<p>Um dos mais importantes pesquisadores da cultura popular e etn\u00f3grafos brasileiros, Edison Carneiro (1912-1972) teve um mural em sua homenagem inaugurado nesta sexta-feira (13), no Rio de Janeiro. A obra foi realizada pelo projeto Negro Muro, no terra\u00e7o do Centro Nacional de Folclore e Cultura Popular (CNFCP), que abriga o Museu do Folclore Edison Carneiro, no Catete, zona sul da cidade.<\/p>\n<p>No mural, o intelectual feiticeiro, como foi apelidado pelo amigo e escritor Jorge Amado, ambos militantes do Partido Comunista \u2013 refer\u00eancia que aparece na obra \u2013, \u00e9 retratado de terno branco, caminhando com semblante alegre, com seus livros, por Salvador, cidade onde nasceu e viveu.<\/p>\n<p>Edison Carneiro tamb\u00e9m aparece representado como Exu, o Orix\u00e1 e fil\u00f3sofo da comunica\u00e7\u00e3o, aquele que faz a ponte entre os mundos. Em volta da figura dele, h\u00e1 ainda v\u00e1rios elementos da cultura popular, como um boizinho de barro, capoeiristas e um livro sobre o samba, manifesta\u00e7\u00e3o que o baiano tamb\u00e9m pesquisou e ajudou a difundir.<\/p>\n<p>Carneiro \u00e9 nome de refer\u00eancia nos estudos sobre rela\u00e7\u00f5es \u00e9tnico-raciais, folclore, cultura popular e religi\u00e3o afro-brasileira. Ele tornou-se percursor da defesa da liberdade religiosa, a partir da publica\u00e7\u00e3o de artigos em jornais e textos acad\u00eamicos sobre as religi\u00f5es de matriz africana, em uma \u00e9poca em que essas manifesta\u00e7\u00f5es estampavam apenas p\u00e1ginas policiais. Tamb\u00e9m reconhecido por ter feito pontes entre terreiros de renome e pesquisadores nacionais e estrangeiros.<\/p>\n<p>Celebrando essa trajet\u00f3ria, no muro do Centro Nacional de Folclore e Cultura Popular, est\u00e3o oferendas, galinhas, figuras mitol\u00f3gicas e uma m\u00e3e de santo, com suas ervas em punho, al\u00e9m de uma pequena imagem de Exu que o pesquisador mantinha na estante de em casa. Ali, tamb\u00e9m est\u00e3o os livros A Carta do Samba (1962) e Quilombo dos Palmares (1947), duas obras de destaque publicadas.<\/p>\n<p>No trabalho preparat\u00f3rio para a pintura, o projeto Negro Muro, de arte urbana, contou com apoio do Museu do Folclore, uma unidade do CNFCP, que foi dirigido pelo pr\u00f3prio Carneiro, entre 1960 e 1964, no Rio de Janeiro. O pesquisador Pedro Raj\u00e3o, da equipe do projeto, conta que teve acesso a pesquisas sobre o folclorista e celebra a inaugura\u00e7\u00e3o da obra, a 77\u00aa do Negro Muro. Coincidentemente, 77 \u00e9 o n\u00famero de Exu, no candombl\u00e9.<\/p>\n<p>&#8220;A gente trocou muito com pesquisadores do museu e conseguimos trazer esses elementos, nesta homenagem aqui, neste territ\u00f3rio, que tamb\u00e9m era um pouco a casa dele&#8221;, disse. Para a equipe do projeto, \u00e9 fundamental que a obra tenha rela\u00e7\u00e3o com o bairro onde est\u00e1 instalada.<\/p>\n<p>Durante a inaugura\u00e7\u00e3o, foi firmado um acordo para amplia\u00e7\u00e3o do Museu do Folclore, por meio de uma parceria entre o Instituto do Patrim\u00f4nio Hist\u00f3rico e Art\u00edstico Nacional (Iphan) e o Instituto Brasileiro de Museus (Ibram). A nova unidade deve ser erguida nos jardins do Museu da Rep\u00fablica, no terreno ao lado do Museu do Folclore.<\/p>\n","protected":false},"excerpt":{"rendered":"<p>Um dos mais importantes pesquisadores da cultura popular e etn\u00f3grafos brasileiros, Edison Carneiro (1912-1972) teve um mural em sua homenagem inaugurado nesta sexta-feira (13), no Rio de Janeiro. A obra foi realizada pelo projeto Negro Muro, no terra\u00e7o do Centro Nacional de Folclore e Cultura Popular (CNFCP), que abriga o Museu do Folclore Edison Carneiro, [&hellip;]<\/p>\n","protected":false},"author":2,"featured_media":386981,"comment_status":"closed","ping_status":"closed","sticky":false,"template":"","format":"standard","meta":{"_acf_changed":false,"footnotes":""},"categories":[155],"tags":[],"class_list":["post-386980","post","type-post","status-publish","format-standard","has-post-thumbnail","hentry","category-leitura-vip"],"acf":[],"yoast_head":"<!-- This site is optimized with the Yoast SEO plugin v27.2 - https:\/\/yoast.com\/product\/yoast-seo-wordpress\/ -->\n<title>Etn\u00f3logo da cultura afro-brasileira, Edison Carneiro ganha mural - Notibras<\/title>\n<meta name=\"robots\" content=\"index, follow, max-snippet:-1, max-image-preview:large, max-video-preview:-1\" \/>\n<link rel=\"canonical\" href=\"https:\/\/www.notibras.com\/site\/etnologo-da-cultura-afro-brasileira-edison-carneiro-ganha-mural\/\" \/>\n<meta property=\"og:locale\" content=\"pt_BR\" \/>\n<meta property=\"og:type\" content=\"article\" \/>\n<meta property=\"og:title\" content=\"Etn\u00f3logo da cultura afro-brasileira, Edison Carneiro ganha mural - Notibras\" \/>\n<meta property=\"og:description\" content=\"Um dos mais importantes pesquisadores da cultura popular e etn\u00f3grafos brasileiros, Edison Carneiro (1912-1972) teve um mural em sua homenagem inaugurado nesta sexta-feira (13), no Rio de Janeiro. A obra foi realizada pelo projeto Negro Muro, no terra\u00e7o do Centro Nacional de Folclore e Cultura Popular (CNFCP), que abriga o Museu do Folclore Edison Carneiro, [&hellip;]\" \/>\n<meta property=\"og:url\" content=\"https:\/\/www.notibras.com\/site\/etnologo-da-cultura-afro-brasileira-edison-carneiro-ganha-mural\/\" \/>\n<meta property=\"og:site_name\" content=\"Notibras\" \/>\n<meta property=\"article:publisher\" content=\"https:\/\/www.facebook.com\/notibras\/\" \/>\n<meta property=\"article:published_time\" content=\"2026-03-14T03:29:19+00:00\" \/>\n<meta property=\"article:modified_time\" content=\"2026-03-14T11:50:37+00:00\" \/>\n<meta property=\"og:image\" content=\"https:\/\/www.notibras.com\/site\/wp-content\/uploads\/2026\/03\/0g0a5686.webp\" \/>\n\t<meta property=\"og:image:width\" content=\"1170\" \/>\n\t<meta property=\"og:image:height\" content=\"700\" \/>\n\t<meta property=\"og:image:type\" content=\"image\/webp\" \/>\n<meta name=\"author\" content=\"Reda\u00e7\u00e3o\" \/>\n<meta name=\"twitter:card\" content=\"summary_large_image\" \/>\n<meta name=\"twitter:creator\" content=\"@Notibras\" \/>\n<meta name=\"twitter:site\" content=\"@Notibras\" \/>\n<meta name=\"twitter:label1\" content=\"Escrito por\" \/>\n\t<meta name=\"twitter:data1\" content=\"Reda\u00e7\u00e3o\" \/>\n\t<meta name=\"twitter:label2\" content=\"Est. tempo de leitura\" \/>\n\t<meta name=\"twitter:data2\" content=\"3 minutos\" \/>\n<script type=\"application\/ld+json\" class=\"yoast-schema-graph\">{\"@context\":\"https:\/\/schema.org\",\"@graph\":[{\"@type\":\"Article\",\"@id\":\"https:\/\/www.notibras.com\/site\/etnologo-da-cultura-afro-brasileira-edison-carneiro-ganha-mural\/#article\",\"isPartOf\":{\"@id\":\"https:\/\/www.notibras.com\/site\/etnologo-da-cultura-afro-brasileira-edison-carneiro-ganha-mural\/\"},\"author\":{\"name\":\"Reda\u00e7\u00e3o\",\"@id\":\"https:\/\/www.notibras.com\/site\/#\/schema\/person\/36ab0979449956132d3e5b517ea76ac8\"},\"headline\":\"Etn\u00f3logo da cultura afro-brasileira, Edison Carneiro ganha mural\",\"datePublished\":\"2026-03-14T03:29:19+00:00\",\"dateModified\":\"2026-03-14T11:50:37+00:00\",\"mainEntityOfPage\":{\"@id\":\"https:\/\/www.notibras.com\/site\/etnologo-da-cultura-afro-brasileira-edison-carneiro-ganha-mural\/\"},\"wordCount\":502,\"publisher\":{\"@id\":\"https:\/\/www.notibras.com\/site\/#organization\"},\"image\":{\"@id\":\"https:\/\/www.notibras.com\/site\/etnologo-da-cultura-afro-brasileira-edison-carneiro-ganha-mural\/#primaryimage\"},\"thumbnailUrl\":\"https:\/\/www.notibras.com\/site\/wp-content\/uploads\/2026\/03\/0g0a5686.webp\",\"articleSection\":[\"Leitura Vip\"],\"inLanguage\":\"pt-BR\"},{\"@type\":\"WebPage\",\"@id\":\"https:\/\/www.notibras.com\/site\/etnologo-da-cultura-afro-brasileira-edison-carneiro-ganha-mural\/\",\"url\":\"https:\/\/www.notibras.com\/site\/etnologo-da-cultura-afro-brasileira-edison-carneiro-ganha-mural\/\",\"name\":\"Etn\u00f3logo da cultura afro-brasileira, Edison Carneiro ganha mural - Notibras\",\"isPartOf\":{\"@id\":\"https:\/\/www.notibras.com\/site\/#website\"},\"primaryImageOfPage\":{\"@id\":\"https:\/\/www.notibras.com\/site\/etnologo-da-cultura-afro-brasileira-edison-carneiro-ganha-mural\/#primaryimage\"},\"image\":{\"@id\":\"https:\/\/www.notibras.com\/site\/etnologo-da-cultura-afro-brasileira-edison-carneiro-ganha-mural\/#primaryimage\"},\"thumbnailUrl\":\"https:\/\/www.notibras.com\/site\/wp-content\/uploads\/2026\/03\/0g0a5686.webp\",\"datePublished\":\"2026-03-14T03:29:19+00:00\",\"dateModified\":\"2026-03-14T11:50:37+00:00\",\"breadcrumb\":{\"@id\":\"https:\/\/www.notibras.com\/site\/etnologo-da-cultura-afro-brasileira-edison-carneiro-ganha-mural\/#breadcrumb\"},\"inLanguage\":\"pt-BR\",\"potentialAction\":[{\"@type\":\"ReadAction\",\"target\":[\"https:\/\/www.notibras.com\/site\/etnologo-da-cultura-afro-brasileira-edison-carneiro-ganha-mural\/\"]}]},{\"@type\":\"ImageObject\",\"inLanguage\":\"pt-BR\",\"@id\":\"https:\/\/www.notibras.com\/site\/etnologo-da-cultura-afro-brasileira-edison-carneiro-ganha-mural\/#primaryimage\",\"url\":\"https:\/\/www.notibras.com\/site\/wp-content\/uploads\/2026\/03\/0g0a5686.webp\",\"contentUrl\":\"https:\/\/www.notibras.com\/site\/wp-content\/uploads\/2026\/03\/0g0a5686.webp\",\"width\":1170,\"height\":700},{\"@type\":\"BreadcrumbList\",\"@id\":\"https:\/\/www.notibras.com\/site\/etnologo-da-cultura-afro-brasileira-edison-carneiro-ganha-mural\/#breadcrumb\",\"itemListElement\":[{\"@type\":\"ListItem\",\"position\":1,\"name\":\"In\u00edcio\",\"item\":\"https:\/\/www.notibras.com\/site\/\"},{\"@type\":\"ListItem\",\"position\":2,\"name\":\"Etn\u00f3logo da cultura afro-brasileira, Edison Carneiro ganha mural\"}]},{\"@type\":\"WebSite\",\"@id\":\"https:\/\/www.notibras.com\/site\/#website\",\"url\":\"https:\/\/www.notibras.com\/site\/\",\"name\":\"Notibras\",\"description\":\"Not\u00edcias de Bras\u00edlia, do Brasil e do Mundo\",\"publisher\":{\"@id\":\"https:\/\/www.notibras.com\/site\/#organization\"},\"potentialAction\":[{\"@type\":\"SearchAction\",\"target\":{\"@type\":\"EntryPoint\",\"urlTemplate\":\"https:\/\/www.notibras.com\/site\/?s={search_term_string}\"},\"query-input\":{\"@type\":\"PropertyValueSpecification\",\"valueRequired\":true,\"valueName\":\"search_term_string\"}}],\"inLanguage\":\"pt-BR\"},{\"@type\":\"Organization\",\"@id\":\"https:\/\/www.notibras.com\/site\/#organization\",\"name\":\"Grupo Notibras de Comunica\u00e7\u00e3o\",\"url\":\"https:\/\/www.notibras.com\/site\/\",\"logo\":{\"@type\":\"ImageObject\",\"inLanguage\":\"pt-BR\",\"@id\":\"https:\/\/www.notibras.com\/site\/#\/schema\/logo\/image\/\",\"url\":\"https:\/\/www.notibras.com\/site\/wp-content\/uploads\/2023\/01\/notibras23.png\",\"contentUrl\":\"https:\/\/www.notibras.com\/site\/wp-content\/uploads\/2023\/01\/notibras23.png\",\"width\":350,\"height\":87,\"caption\":\"Grupo Notibras de Comunica\u00e7\u00e3o\"},\"image\":{\"@id\":\"https:\/\/www.notibras.com\/site\/#\/schema\/logo\/image\/\"},\"sameAs\":[\"https:\/\/www.facebook.com\/notibras\/\",\"https:\/\/x.com\/Notibras\",\"https:\/\/www.instagram.com\/notibras\/\"]},{\"@type\":\"Person\",\"@id\":\"https:\/\/www.notibras.com\/site\/#\/schema\/person\/36ab0979449956132d3e5b517ea76ac8\",\"name\":\"Reda\u00e7\u00e3o\",\"image\":{\"@type\":\"ImageObject\",\"inLanguage\":\"pt-BR\",\"@id\":\"https:\/\/secure.gravatar.com\/avatar\/e0a867bdedb85fd243eadf09663511f96fc81e0720a4a42581f334ad4303aa6b?s=96&d=mm&r=g\",\"url\":\"https:\/\/secure.gravatar.com\/avatar\/e0a867bdedb85fd243eadf09663511f96fc81e0720a4a42581f334ad4303aa6b?s=96&d=mm&r=g\",\"contentUrl\":\"https:\/\/secure.gravatar.com\/avatar\/e0a867bdedb85fd243eadf09663511f96fc81e0720a4a42581f334ad4303aa6b?s=96&d=mm&r=g\",\"caption\":\"Reda\u00e7\u00e3o\"}}]}<\/script>\n<!-- \/ Yoast SEO plugin. -->","yoast_head_json":{"title":"Etn\u00f3logo da cultura afro-brasileira, Edison Carneiro ganha mural - Notibras","robots":{"index":"index","follow":"follow","max-snippet":"max-snippet:-1","max-image-preview":"max-image-preview:large","max-video-preview":"max-video-preview:-1"},"canonical":"https:\/\/www.notibras.com\/site\/etnologo-da-cultura-afro-brasileira-edison-carneiro-ganha-mural\/","og_locale":"pt_BR","og_type":"article","og_title":"Etn\u00f3logo da cultura afro-brasileira, Edison Carneiro ganha mural - Notibras","og_description":"Um dos mais importantes pesquisadores da cultura popular e etn\u00f3grafos brasileiros, Edison Carneiro (1912-1972) teve um mural em sua homenagem inaugurado nesta sexta-feira (13), no Rio de Janeiro. A obra foi realizada pelo projeto Negro Muro, no terra\u00e7o do Centro Nacional de Folclore e Cultura Popular (CNFCP), que abriga o Museu do Folclore Edison Carneiro, [&hellip;]","og_url":"https:\/\/www.notibras.com\/site\/etnologo-da-cultura-afro-brasileira-edison-carneiro-ganha-mural\/","og_site_name":"Notibras","article_publisher":"https:\/\/www.facebook.com\/notibras\/","article_published_time":"2026-03-14T03:29:19+00:00","article_modified_time":"2026-03-14T11:50:37+00:00","og_image":[{"width":1170,"height":700,"url":"https:\/\/www.notibras.com\/site\/wp-content\/uploads\/2026\/03\/0g0a5686.webp","type":"image\/webp"}],"author":"Reda\u00e7\u00e3o","twitter_card":"summary_large_image","twitter_creator":"@Notibras","twitter_site":"@Notibras","twitter_misc":{"Escrito por":"Reda\u00e7\u00e3o","Est. tempo de leitura":"3 minutos"},"schema":{"@context":"https:\/\/schema.org","@graph":[{"@type":"Article","@id":"https:\/\/www.notibras.com\/site\/etnologo-da-cultura-afro-brasileira-edison-carneiro-ganha-mural\/#article","isPartOf":{"@id":"https:\/\/www.notibras.com\/site\/etnologo-da-cultura-afro-brasileira-edison-carneiro-ganha-mural\/"},"author":{"name":"Reda\u00e7\u00e3o","@id":"https:\/\/www.notibras.com\/site\/#\/schema\/person\/36ab0979449956132d3e5b517ea76ac8"},"headline":"Etn\u00f3logo da cultura afro-brasileira, Edison Carneiro ganha mural","datePublished":"2026-03-14T03:29:19+00:00","dateModified":"2026-03-14T11:50:37+00:00","mainEntityOfPage":{"@id":"https:\/\/www.notibras.com\/site\/etnologo-da-cultura-afro-brasileira-edison-carneiro-ganha-mural\/"},"wordCount":502,"publisher":{"@id":"https:\/\/www.notibras.com\/site\/#organization"},"image":{"@id":"https:\/\/www.notibras.com\/site\/etnologo-da-cultura-afro-brasileira-edison-carneiro-ganha-mural\/#primaryimage"},"thumbnailUrl":"https:\/\/www.notibras.com\/site\/wp-content\/uploads\/2026\/03\/0g0a5686.webp","articleSection":["Leitura Vip"],"inLanguage":"pt-BR"},{"@type":"WebPage","@id":"https:\/\/www.notibras.com\/site\/etnologo-da-cultura-afro-brasileira-edison-carneiro-ganha-mural\/","url":"https:\/\/www.notibras.com\/site\/etnologo-da-cultura-afro-brasileira-edison-carneiro-ganha-mural\/","name":"Etn\u00f3logo da cultura afro-brasileira, Edison Carneiro ganha mural - Notibras","isPartOf":{"@id":"https:\/\/www.notibras.com\/site\/#website"},"primaryImageOfPage":{"@id":"https:\/\/www.notibras.com\/site\/etnologo-da-cultura-afro-brasileira-edison-carneiro-ganha-mural\/#primaryimage"},"image":{"@id":"https:\/\/www.notibras.com\/site\/etnologo-da-cultura-afro-brasileira-edison-carneiro-ganha-mural\/#primaryimage"},"thumbnailUrl":"https:\/\/www.notibras.com\/site\/wp-content\/uploads\/2026\/03\/0g0a5686.webp","datePublished":"2026-03-14T03:29:19+00:00","dateModified":"2026-03-14T11:50:37+00:00","breadcrumb":{"@id":"https:\/\/www.notibras.com\/site\/etnologo-da-cultura-afro-brasileira-edison-carneiro-ganha-mural\/#breadcrumb"},"inLanguage":"pt-BR","potentialAction":[{"@type":"ReadAction","target":["https:\/\/www.notibras.com\/site\/etnologo-da-cultura-afro-brasileira-edison-carneiro-ganha-mural\/"]}]},{"@type":"ImageObject","inLanguage":"pt-BR","@id":"https:\/\/www.notibras.com\/site\/etnologo-da-cultura-afro-brasileira-edison-carneiro-ganha-mural\/#primaryimage","url":"https:\/\/www.notibras.com\/site\/wp-content\/uploads\/2026\/03\/0g0a5686.webp","contentUrl":"https:\/\/www.notibras.com\/site\/wp-content\/uploads\/2026\/03\/0g0a5686.webp","width":1170,"height":700},{"@type":"BreadcrumbList","@id":"https:\/\/www.notibras.com\/site\/etnologo-da-cultura-afro-brasileira-edison-carneiro-ganha-mural\/#breadcrumb","itemListElement":[{"@type":"ListItem","position":1,"name":"In\u00edcio","item":"https:\/\/www.notibras.com\/site\/"},{"@type":"ListItem","position":2,"name":"Etn\u00f3logo da cultura afro-brasileira, Edison Carneiro ganha mural"}]},{"@type":"WebSite","@id":"https:\/\/www.notibras.com\/site\/#website","url":"https:\/\/www.notibras.com\/site\/","name":"Notibras","description":"Not\u00edcias de Bras\u00edlia, do Brasil e do Mundo","publisher":{"@id":"https:\/\/www.notibras.com\/site\/#organization"},"potentialAction":[{"@type":"SearchAction","target":{"@type":"EntryPoint","urlTemplate":"https:\/\/www.notibras.com\/site\/?s={search_term_string}"},"query-input":{"@type":"PropertyValueSpecification","valueRequired":true,"valueName":"search_term_string"}}],"inLanguage":"pt-BR"},{"@type":"Organization","@id":"https:\/\/www.notibras.com\/site\/#organization","name":"Grupo Notibras de Comunica\u00e7\u00e3o","url":"https:\/\/www.notibras.com\/site\/","logo":{"@type":"ImageObject","inLanguage":"pt-BR","@id":"https:\/\/www.notibras.com\/site\/#\/schema\/logo\/image\/","url":"https:\/\/www.notibras.com\/site\/wp-content\/uploads\/2023\/01\/notibras23.png","contentUrl":"https:\/\/www.notibras.com\/site\/wp-content\/uploads\/2023\/01\/notibras23.png","width":350,"height":87,"caption":"Grupo Notibras de Comunica\u00e7\u00e3o"},"image":{"@id":"https:\/\/www.notibras.com\/site\/#\/schema\/logo\/image\/"},"sameAs":["https:\/\/www.facebook.com\/notibras\/","https:\/\/x.com\/Notibras","https:\/\/www.instagram.com\/notibras\/"]},{"@type":"Person","@id":"https:\/\/www.notibras.com\/site\/#\/schema\/person\/36ab0979449956132d3e5b517ea76ac8","name":"Reda\u00e7\u00e3o","image":{"@type":"ImageObject","inLanguage":"pt-BR","@id":"https:\/\/secure.gravatar.com\/avatar\/e0a867bdedb85fd243eadf09663511f96fc81e0720a4a42581f334ad4303aa6b?s=96&d=mm&r=g","url":"https:\/\/secure.gravatar.com\/avatar\/e0a867bdedb85fd243eadf09663511f96fc81e0720a4a42581f334ad4303aa6b?s=96&d=mm&r=g","contentUrl":"https:\/\/secure.gravatar.com\/avatar\/e0a867bdedb85fd243eadf09663511f96fc81e0720a4a42581f334ad4303aa6b?s=96&d=mm&r=g","caption":"Reda\u00e7\u00e3o"}}]}},"amp_enabled":true,"_links":{"self":[{"href":"https:\/\/www.notibras.com\/site\/wp-json\/wp\/v2\/posts\/386980","targetHints":{"allow":["GET"]}}],"collection":[{"href":"https:\/\/www.notibras.com\/site\/wp-json\/wp\/v2\/posts"}],"about":[{"href":"https:\/\/www.notibras.com\/site\/wp-json\/wp\/v2\/types\/post"}],"author":[{"embeddable":true,"href":"https:\/\/www.notibras.com\/site\/wp-json\/wp\/v2\/users\/2"}],"replies":[{"embeddable":true,"href":"https:\/\/www.notibras.com\/site\/wp-json\/wp\/v2\/comments?post=386980"}],"version-history":[{"count":1,"href":"https:\/\/www.notibras.com\/site\/wp-json\/wp\/v2\/posts\/386980\/revisions"}],"predecessor-version":[{"id":386982,"href":"https:\/\/www.notibras.com\/site\/wp-json\/wp\/v2\/posts\/386980\/revisions\/386982"}],"wp:featuredmedia":[{"embeddable":true,"href":"https:\/\/www.notibras.com\/site\/wp-json\/wp\/v2\/media\/386981"}],"wp:attachment":[{"href":"https:\/\/www.notibras.com\/site\/wp-json\/wp\/v2\/media?parent=386980"}],"wp:term":[{"taxonomy":"category","embeddable":true,"href":"https:\/\/www.notibras.com\/site\/wp-json\/wp\/v2\/categories?post=386980"},{"taxonomy":"post_tag","embeddable":true,"href":"https:\/\/www.notibras.com\/site\/wp-json\/wp\/v2\/tags?post=386980"}],"curies":[{"name":"wp","href":"https:\/\/api.w.org\/{rel}","templated":true}]}}