{"id":386983,"date":"2026-03-14T00:00:17","date_gmt":"2026-03-14T03:00:17","guid":{"rendered":"https:\/\/www.notibras.com\/site\/?p=386983"},"modified":"2026-03-14T08:55:19","modified_gmt":"2026-03-14T11:55:19","slug":"margareth-dalcolmo-recebe-medalha-oswaldo-cruz","status":"publish","type":"post","link":"https:\/\/www.notibras.com\/site\/margareth-dalcolmo-recebe-medalha-oswaldo-cruz\/","title":{"rendered":"Margareth Dalcolmo recebe medalha Oswaldo Cruz"},"content":{"rendered":"<p>A pneumologista e pesquisadora da Funda\u00e7\u00e3o Oswaldo Cruz Margareth Dalcolmo recebeu nesta sexta-feira (13) a medalha de m\u00e9rito Oswaldo Cruz, honraria concedida pela Presid\u00eancia da Rep\u00fablica a personalidades e iniciativas que tenham contribu\u00eddo com o bem-estar e a sa\u00fade f\u00edsica e mental dos brasileiros.<\/p>\n<p>Margareth Dalcolmo se tornou uma das principais vozes de orienta\u00e7\u00e3o durante a pandemia de covid-19. Desde o in\u00edcio da emerg\u00eancia sanit\u00e1ria, a pesquisadora da Fiocruz fez alertas sobre a import\u00e2ncia das medidas de isolamento e em defesa da vacina\u00e7\u00e3o.<\/p>\n<p>Ao receber a homenagem, a cientista lembrou que o decreto de pandemia, feito pela Organiza\u00e7\u00e3o Mundial da Sa\u00fade, completou seis anos na \u00faltima quarta-feira (11).<\/p>\n<p>\u201cNeste dia, eu gravei um pequeno e modesto v\u00eddeo anunciando que seria uma trag\u00e9dia que se abateria sobre o Brasil e infelizmente era verdade. N\u00f3s fizemos o primeiro alerta\u201d, disse.<\/p>\n<p>Margareth Dalcolmo tamb\u00e9m lembrou das dificuldades de enfrentar os discursos negacionistas.<\/p>\n<p>\u201cDeu muito mais trabalho desconstruir a ret\u00f3rica nociva ao povo brasileiro do que informar sobre os progressos que n\u00f3s conseguimos fazer. N\u00f3s fizemos isso porque \u00e9 nossa obriga\u00e7\u00e3o, porque \u00e9 isso que n\u00f3s sabemos fazer. Esse \u00e9 o meu compromisso de todo dia. A nossa ideologia \u00e9 cuidar de pessoas. Vou ficar velhinha fazendo isso\u201d.<\/p>\n<p>A concess\u00e3o oficial da medalha foi feita em setembro de 2024, mas a pesquisadora n\u00e3o pode participar da cerim\u00f4nia em Bras\u00edlia. Por isso, recebeu a medalha, das m\u00e3os do presidente Luiz In\u00e1cio Lula da Silva, durante um evento no Hospital do Andara\u00ed, na Zona Norte do Rio de Janeiro.<\/p>\n<p>A apresenta\u00e7\u00e3o da medalha foi feita pela ex-ministra da Sa\u00fade N\u00edsia Trindade, colega de Margaret na Fiocruz e que presidiu a institui\u00e7\u00e3o durante a pandemia. N\u00edsia destacou que os servi\u00e7os prestados pela pesquisadora \u00e0 popula\u00e7\u00e3o n\u00e3o se encerraram com o fim da emerg\u00eancia sanit\u00e1ria.<\/p>\n<p>\u201cAl\u00e9m de todo o trabalho durante a pandemia, de informar as pessoas, de ser uma alento na sua comunica\u00e7\u00e3o, dando as palavras da ci\u00eancia e orientando as fam\u00edlia, Margareth colaborou conosco o tempo todo no Minist\u00e9rio e colabora at\u00e9 agora pra que n\u00f3s sejamos de novo refer\u00eancia de vacina\u00e7\u00e3o no mundo\u201d, garantiu a ex-ministra.<\/p>\n","protected":false},"excerpt":{"rendered":"<p>A pneumologista e pesquisadora da Funda\u00e7\u00e3o Oswaldo Cruz Margareth Dalcolmo recebeu nesta sexta-feira (13) a medalha de m\u00e9rito Oswaldo Cruz, honraria concedida pela Presid\u00eancia da Rep\u00fablica a personalidades e iniciativas que tenham contribu\u00eddo com o bem-estar e a sa\u00fade f\u00edsica e mental dos brasileiros. Margareth Dalcolmo se tornou uma das principais vozes de orienta\u00e7\u00e3o durante [&hellip;]<\/p>\n","protected":false},"author":2,"featured_media":386984,"comment_status":"closed","ping_status":"closed","sticky":false,"template":"","format":"standard","meta":{"_acf_changed":false,"footnotes":""},"categories":[155],"tags":[],"class_list":["post-386983","post","type-post","status-publish","format-standard","has-post-thumbnail","hentry","category-leitura-vip"],"acf":[],"yoast_head":"<!-- This site is optimized with the Yoast SEO plugin v27.2 - https:\/\/yoast.com\/product\/yoast-seo-wordpress\/ -->\n<title>Margareth Dalcolmo recebe medalha Oswaldo Cruz - Notibras<\/title>\n<meta name=\"robots\" content=\"index, follow, max-snippet:-1, max-image-preview:large, max-video-preview:-1\" \/>\n<link rel=\"canonical\" href=\"https:\/\/www.notibras.com\/site\/margareth-dalcolmo-recebe-medalha-oswaldo-cruz\/\" \/>\n<meta property=\"og:locale\" content=\"pt_BR\" \/>\n<meta property=\"og:type\" content=\"article\" \/>\n<meta property=\"og:title\" content=\"Margareth Dalcolmo recebe medalha Oswaldo Cruz - Notibras\" \/>\n<meta property=\"og:description\" content=\"A pneumologista e pesquisadora da Funda\u00e7\u00e3o Oswaldo Cruz Margareth Dalcolmo recebeu nesta sexta-feira (13) a medalha de m\u00e9rito Oswaldo Cruz, honraria concedida pela Presid\u00eancia da Rep\u00fablica a personalidades e iniciativas que tenham contribu\u00eddo com o bem-estar e a sa\u00fade f\u00edsica e mental dos brasileiros. Margareth Dalcolmo se tornou uma das principais vozes de orienta\u00e7\u00e3o durante [&hellip;]\" \/>\n<meta property=\"og:url\" content=\"https:\/\/www.notibras.com\/site\/margareth-dalcolmo-recebe-medalha-oswaldo-cruz\/\" \/>\n<meta property=\"og:site_name\" content=\"Notibras\" \/>\n<meta property=\"article:publisher\" content=\"https:\/\/www.facebook.com\/notibras\/\" \/>\n<meta property=\"article:published_time\" content=\"2026-03-14T03:00:17+00:00\" \/>\n<meta property=\"article:modified_time\" content=\"2026-03-14T11:55:19+00:00\" \/>\n<meta property=\"og:image\" content=\"https:\/\/www.notibras.com\/site\/wp-content\/uploads\/2026\/03\/0g0a6246_copy.webp\" \/>\n\t<meta property=\"og:image:width\" content=\"1170\" \/>\n\t<meta property=\"og:image:height\" content=\"700\" \/>\n\t<meta property=\"og:image:type\" content=\"image\/webp\" \/>\n<meta name=\"author\" content=\"Reda\u00e7\u00e3o\" \/>\n<meta name=\"twitter:card\" content=\"summary_large_image\" \/>\n<meta name=\"twitter:creator\" content=\"@Notibras\" \/>\n<meta name=\"twitter:site\" content=\"@Notibras\" \/>\n<meta name=\"twitter:label1\" content=\"Escrito por\" \/>\n\t<meta name=\"twitter:data1\" content=\"Reda\u00e7\u00e3o\" \/>\n\t<meta name=\"twitter:label2\" content=\"Est. tempo de leitura\" \/>\n\t<meta name=\"twitter:data2\" content=\"3 minutos\" \/>\n<script type=\"application\/ld+json\" class=\"yoast-schema-graph\">{\"@context\":\"https:\/\/schema.org\",\"@graph\":[{\"@type\":\"Article\",\"@id\":\"https:\/\/www.notibras.com\/site\/margareth-dalcolmo-recebe-medalha-oswaldo-cruz\/#article\",\"isPartOf\":{\"@id\":\"https:\/\/www.notibras.com\/site\/margareth-dalcolmo-recebe-medalha-oswaldo-cruz\/\"},\"author\":{\"name\":\"Reda\u00e7\u00e3o\",\"@id\":\"https:\/\/www.notibras.com\/site\/#\/schema\/person\/36ab0979449956132d3e5b517ea76ac8\"},\"headline\":\"Margareth Dalcolmo recebe medalha Oswaldo Cruz\",\"datePublished\":\"2026-03-14T03:00:17+00:00\",\"dateModified\":\"2026-03-14T11:55:19+00:00\",\"mainEntityOfPage\":{\"@id\":\"https:\/\/www.notibras.com\/site\/margareth-dalcolmo-recebe-medalha-oswaldo-cruz\/\"},\"wordCount\":397,\"publisher\":{\"@id\":\"https:\/\/www.notibras.com\/site\/#organization\"},\"image\":{\"@id\":\"https:\/\/www.notibras.com\/site\/margareth-dalcolmo-recebe-medalha-oswaldo-cruz\/#primaryimage\"},\"thumbnailUrl\":\"https:\/\/www.notibras.com\/site\/wp-content\/uploads\/2026\/03\/0g0a6246_copy.webp\",\"articleSection\":[\"Leitura Vip\"],\"inLanguage\":\"pt-BR\"},{\"@type\":\"WebPage\",\"@id\":\"https:\/\/www.notibras.com\/site\/margareth-dalcolmo-recebe-medalha-oswaldo-cruz\/\",\"url\":\"https:\/\/www.notibras.com\/site\/margareth-dalcolmo-recebe-medalha-oswaldo-cruz\/\",\"name\":\"Margareth Dalcolmo recebe medalha Oswaldo Cruz - Notibras\",\"isPartOf\":{\"@id\":\"https:\/\/www.notibras.com\/site\/#website\"},\"primaryImageOfPage\":{\"@id\":\"https:\/\/www.notibras.com\/site\/margareth-dalcolmo-recebe-medalha-oswaldo-cruz\/#primaryimage\"},\"image\":{\"@id\":\"https:\/\/www.notibras.com\/site\/margareth-dalcolmo-recebe-medalha-oswaldo-cruz\/#primaryimage\"},\"thumbnailUrl\":\"https:\/\/www.notibras.com\/site\/wp-content\/uploads\/2026\/03\/0g0a6246_copy.webp\",\"datePublished\":\"2026-03-14T03:00:17+00:00\",\"dateModified\":\"2026-03-14T11:55:19+00:00\",\"breadcrumb\":{\"@id\":\"https:\/\/www.notibras.com\/site\/margareth-dalcolmo-recebe-medalha-oswaldo-cruz\/#breadcrumb\"},\"inLanguage\":\"pt-BR\",\"potentialAction\":[{\"@type\":\"ReadAction\",\"target\":[\"https:\/\/www.notibras.com\/site\/margareth-dalcolmo-recebe-medalha-oswaldo-cruz\/\"]}]},{\"@type\":\"ImageObject\",\"inLanguage\":\"pt-BR\",\"@id\":\"https:\/\/www.notibras.com\/site\/margareth-dalcolmo-recebe-medalha-oswaldo-cruz\/#primaryimage\",\"url\":\"https:\/\/www.notibras.com\/site\/wp-content\/uploads\/2026\/03\/0g0a6246_copy.webp\",\"contentUrl\":\"https:\/\/www.notibras.com\/site\/wp-content\/uploads\/2026\/03\/0g0a6246_copy.webp\",\"width\":1170,\"height\":700},{\"@type\":\"BreadcrumbList\",\"@id\":\"https:\/\/www.notibras.com\/site\/margareth-dalcolmo-recebe-medalha-oswaldo-cruz\/#breadcrumb\",\"itemListElement\":[{\"@type\":\"ListItem\",\"position\":1,\"name\":\"In\u00edcio\",\"item\":\"https:\/\/www.notibras.com\/site\/\"},{\"@type\":\"ListItem\",\"position\":2,\"name\":\"Margareth Dalcolmo recebe medalha Oswaldo Cruz\"}]},{\"@type\":\"WebSite\",\"@id\":\"https:\/\/www.notibras.com\/site\/#website\",\"url\":\"https:\/\/www.notibras.com\/site\/\",\"name\":\"Notibras\",\"description\":\"Not\u00edcias de Bras\u00edlia, do Brasil e do Mundo\",\"publisher\":{\"@id\":\"https:\/\/www.notibras.com\/site\/#organization\"},\"potentialAction\":[{\"@type\":\"SearchAction\",\"target\":{\"@type\":\"EntryPoint\",\"urlTemplate\":\"https:\/\/www.notibras.com\/site\/?s={search_term_string}\"},\"query-input\":{\"@type\":\"PropertyValueSpecification\",\"valueRequired\":true,\"valueName\":\"search_term_string\"}}],\"inLanguage\":\"pt-BR\"},{\"@type\":\"Organization\",\"@id\":\"https:\/\/www.notibras.com\/site\/#organization\",\"name\":\"Grupo Notibras de Comunica\u00e7\u00e3o\",\"url\":\"https:\/\/www.notibras.com\/site\/\",\"logo\":{\"@type\":\"ImageObject\",\"inLanguage\":\"pt-BR\",\"@id\":\"https:\/\/www.notibras.com\/site\/#\/schema\/logo\/image\/\",\"url\":\"https:\/\/www.notibras.com\/site\/wp-content\/uploads\/2023\/01\/notibras23.png\",\"contentUrl\":\"https:\/\/www.notibras.com\/site\/wp-content\/uploads\/2023\/01\/notibras23.png\",\"width\":350,\"height\":87,\"caption\":\"Grupo Notibras de Comunica\u00e7\u00e3o\"},\"image\":{\"@id\":\"https:\/\/www.notibras.com\/site\/#\/schema\/logo\/image\/\"},\"sameAs\":[\"https:\/\/www.facebook.com\/notibras\/\",\"https:\/\/x.com\/Notibras\",\"https:\/\/www.instagram.com\/notibras\/\"]},{\"@type\":\"Person\",\"@id\":\"https:\/\/www.notibras.com\/site\/#\/schema\/person\/36ab0979449956132d3e5b517ea76ac8\",\"name\":\"Reda\u00e7\u00e3o\",\"image\":{\"@type\":\"ImageObject\",\"inLanguage\":\"pt-BR\",\"@id\":\"https:\/\/secure.gravatar.com\/avatar\/e0a867bdedb85fd243eadf09663511f96fc81e0720a4a42581f334ad4303aa6b?s=96&d=mm&r=g\",\"url\":\"https:\/\/secure.gravatar.com\/avatar\/e0a867bdedb85fd243eadf09663511f96fc81e0720a4a42581f334ad4303aa6b?s=96&d=mm&r=g\",\"contentUrl\":\"https:\/\/secure.gravatar.com\/avatar\/e0a867bdedb85fd243eadf09663511f96fc81e0720a4a42581f334ad4303aa6b?s=96&d=mm&r=g\",\"caption\":\"Reda\u00e7\u00e3o\"}}]}<\/script>\n<!-- \/ Yoast SEO plugin. -->","yoast_head_json":{"title":"Margareth Dalcolmo recebe medalha Oswaldo Cruz - Notibras","robots":{"index":"index","follow":"follow","max-snippet":"max-snippet:-1","max-image-preview":"max-image-preview:large","max-video-preview":"max-video-preview:-1"},"canonical":"https:\/\/www.notibras.com\/site\/margareth-dalcolmo-recebe-medalha-oswaldo-cruz\/","og_locale":"pt_BR","og_type":"article","og_title":"Margareth Dalcolmo recebe medalha Oswaldo Cruz - Notibras","og_description":"A pneumologista e pesquisadora da Funda\u00e7\u00e3o Oswaldo Cruz Margareth Dalcolmo recebeu nesta sexta-feira (13) a medalha de m\u00e9rito Oswaldo Cruz, honraria concedida pela Presid\u00eancia da Rep\u00fablica a personalidades e iniciativas que tenham contribu\u00eddo com o bem-estar e a sa\u00fade f\u00edsica e mental dos brasileiros. Margareth Dalcolmo se tornou uma das principais vozes de orienta\u00e7\u00e3o durante [&hellip;]","og_url":"https:\/\/www.notibras.com\/site\/margareth-dalcolmo-recebe-medalha-oswaldo-cruz\/","og_site_name":"Notibras","article_publisher":"https:\/\/www.facebook.com\/notibras\/","article_published_time":"2026-03-14T03:00:17+00:00","article_modified_time":"2026-03-14T11:55:19+00:00","og_image":[{"width":1170,"height":700,"url":"https:\/\/www.notibras.com\/site\/wp-content\/uploads\/2026\/03\/0g0a6246_copy.webp","type":"image\/webp"}],"author":"Reda\u00e7\u00e3o","twitter_card":"summary_large_image","twitter_creator":"@Notibras","twitter_site":"@Notibras","twitter_misc":{"Escrito por":"Reda\u00e7\u00e3o","Est. tempo de leitura":"3 minutos"},"schema":{"@context":"https:\/\/schema.org","@graph":[{"@type":"Article","@id":"https:\/\/www.notibras.com\/site\/margareth-dalcolmo-recebe-medalha-oswaldo-cruz\/#article","isPartOf":{"@id":"https:\/\/www.notibras.com\/site\/margareth-dalcolmo-recebe-medalha-oswaldo-cruz\/"},"author":{"name":"Reda\u00e7\u00e3o","@id":"https:\/\/www.notibras.com\/site\/#\/schema\/person\/36ab0979449956132d3e5b517ea76ac8"},"headline":"Margareth Dalcolmo recebe medalha Oswaldo Cruz","datePublished":"2026-03-14T03:00:17+00:00","dateModified":"2026-03-14T11:55:19+00:00","mainEntityOfPage":{"@id":"https:\/\/www.notibras.com\/site\/margareth-dalcolmo-recebe-medalha-oswaldo-cruz\/"},"wordCount":397,"publisher":{"@id":"https:\/\/www.notibras.com\/site\/#organization"},"image":{"@id":"https:\/\/www.notibras.com\/site\/margareth-dalcolmo-recebe-medalha-oswaldo-cruz\/#primaryimage"},"thumbnailUrl":"https:\/\/www.notibras.com\/site\/wp-content\/uploads\/2026\/03\/0g0a6246_copy.webp","articleSection":["Leitura Vip"],"inLanguage":"pt-BR"},{"@type":"WebPage","@id":"https:\/\/www.notibras.com\/site\/margareth-dalcolmo-recebe-medalha-oswaldo-cruz\/","url":"https:\/\/www.notibras.com\/site\/margareth-dalcolmo-recebe-medalha-oswaldo-cruz\/","name":"Margareth Dalcolmo recebe medalha Oswaldo Cruz - Notibras","isPartOf":{"@id":"https:\/\/www.notibras.com\/site\/#website"},"primaryImageOfPage":{"@id":"https:\/\/www.notibras.com\/site\/margareth-dalcolmo-recebe-medalha-oswaldo-cruz\/#primaryimage"},"image":{"@id":"https:\/\/www.notibras.com\/site\/margareth-dalcolmo-recebe-medalha-oswaldo-cruz\/#primaryimage"},"thumbnailUrl":"https:\/\/www.notibras.com\/site\/wp-content\/uploads\/2026\/03\/0g0a6246_copy.webp","datePublished":"2026-03-14T03:00:17+00:00","dateModified":"2026-03-14T11:55:19+00:00","breadcrumb":{"@id":"https:\/\/www.notibras.com\/site\/margareth-dalcolmo-recebe-medalha-oswaldo-cruz\/#breadcrumb"},"inLanguage":"pt-BR","potentialAction":[{"@type":"ReadAction","target":["https:\/\/www.notibras.com\/site\/margareth-dalcolmo-recebe-medalha-oswaldo-cruz\/"]}]},{"@type":"ImageObject","inLanguage":"pt-BR","@id":"https:\/\/www.notibras.com\/site\/margareth-dalcolmo-recebe-medalha-oswaldo-cruz\/#primaryimage","url":"https:\/\/www.notibras.com\/site\/wp-content\/uploads\/2026\/03\/0g0a6246_copy.webp","contentUrl":"https:\/\/www.notibras.com\/site\/wp-content\/uploads\/2026\/03\/0g0a6246_copy.webp","width":1170,"height":700},{"@type":"BreadcrumbList","@id":"https:\/\/www.notibras.com\/site\/margareth-dalcolmo-recebe-medalha-oswaldo-cruz\/#breadcrumb","itemListElement":[{"@type":"ListItem","position":1,"name":"In\u00edcio","item":"https:\/\/www.notibras.com\/site\/"},{"@type":"ListItem","position":2,"name":"Margareth Dalcolmo recebe medalha Oswaldo Cruz"}]},{"@type":"WebSite","@id":"https:\/\/www.notibras.com\/site\/#website","url":"https:\/\/www.notibras.com\/site\/","name":"Notibras","description":"Not\u00edcias de Bras\u00edlia, do Brasil e do Mundo","publisher":{"@id":"https:\/\/www.notibras.com\/site\/#organization"},"potentialAction":[{"@type":"SearchAction","target":{"@type":"EntryPoint","urlTemplate":"https:\/\/www.notibras.com\/site\/?s={search_term_string}"},"query-input":{"@type":"PropertyValueSpecification","valueRequired":true,"valueName":"search_term_string"}}],"inLanguage":"pt-BR"},{"@type":"Organization","@id":"https:\/\/www.notibras.com\/site\/#organization","name":"Grupo Notibras de Comunica\u00e7\u00e3o","url":"https:\/\/www.notibras.com\/site\/","logo":{"@type":"ImageObject","inLanguage":"pt-BR","@id":"https:\/\/www.notibras.com\/site\/#\/schema\/logo\/image\/","url":"https:\/\/www.notibras.com\/site\/wp-content\/uploads\/2023\/01\/notibras23.png","contentUrl":"https:\/\/www.notibras.com\/site\/wp-content\/uploads\/2023\/01\/notibras23.png","width":350,"height":87,"caption":"Grupo Notibras de Comunica\u00e7\u00e3o"},"image":{"@id":"https:\/\/www.notibras.com\/site\/#\/schema\/logo\/image\/"},"sameAs":["https:\/\/www.facebook.com\/notibras\/","https:\/\/x.com\/Notibras","https:\/\/www.instagram.com\/notibras\/"]},{"@type":"Person","@id":"https:\/\/www.notibras.com\/site\/#\/schema\/person\/36ab0979449956132d3e5b517ea76ac8","name":"Reda\u00e7\u00e3o","image":{"@type":"ImageObject","inLanguage":"pt-BR","@id":"https:\/\/secure.gravatar.com\/avatar\/e0a867bdedb85fd243eadf09663511f96fc81e0720a4a42581f334ad4303aa6b?s=96&d=mm&r=g","url":"https:\/\/secure.gravatar.com\/avatar\/e0a867bdedb85fd243eadf09663511f96fc81e0720a4a42581f334ad4303aa6b?s=96&d=mm&r=g","contentUrl":"https:\/\/secure.gravatar.com\/avatar\/e0a867bdedb85fd243eadf09663511f96fc81e0720a4a42581f334ad4303aa6b?s=96&d=mm&r=g","caption":"Reda\u00e7\u00e3o"}}]}},"amp_enabled":true,"_links":{"self":[{"href":"https:\/\/www.notibras.com\/site\/wp-json\/wp\/v2\/posts\/386983","targetHints":{"allow":["GET"]}}],"collection":[{"href":"https:\/\/www.notibras.com\/site\/wp-json\/wp\/v2\/posts"}],"about":[{"href":"https:\/\/www.notibras.com\/site\/wp-json\/wp\/v2\/types\/post"}],"author":[{"embeddable":true,"href":"https:\/\/www.notibras.com\/site\/wp-json\/wp\/v2\/users\/2"}],"replies":[{"embeddable":true,"href":"https:\/\/www.notibras.com\/site\/wp-json\/wp\/v2\/comments?post=386983"}],"version-history":[{"count":1,"href":"https:\/\/www.notibras.com\/site\/wp-json\/wp\/v2\/posts\/386983\/revisions"}],"predecessor-version":[{"id":386985,"href":"https:\/\/www.notibras.com\/site\/wp-json\/wp\/v2\/posts\/386983\/revisions\/386985"}],"wp:featuredmedia":[{"embeddable":true,"href":"https:\/\/www.notibras.com\/site\/wp-json\/wp\/v2\/media\/386984"}],"wp:attachment":[{"href":"https:\/\/www.notibras.com\/site\/wp-json\/wp\/v2\/media?parent=386983"}],"wp:term":[{"taxonomy":"category","embeddable":true,"href":"https:\/\/www.notibras.com\/site\/wp-json\/wp\/v2\/categories?post=386983"},{"taxonomy":"post_tag","embeddable":true,"href":"https:\/\/www.notibras.com\/site\/wp-json\/wp\/v2\/tags?post=386983"}],"curies":[{"name":"wp","href":"https:\/\/api.w.org\/{rel}","templated":true}]}}