{"id":386986,"date":"2026-03-14T09:03:41","date_gmt":"2026-03-14T12:03:41","guid":{"rendered":"https:\/\/www.notibras.com\/site\/?p=386986"},"modified":"2026-03-14T09:03:41","modified_gmt":"2026-03-14T12:03:41","slug":"alceu-e-voz-de-pernambuco-para-o-resto-do-brasil","status":"publish","type":"post","link":"https:\/\/www.notibras.com\/site\/alceu-e-voz-de-pernambuco-para-o-resto-do-brasil\/","title":{"rendered":"Alceu \u00e9 voz de Pernambuco para o resto do Brasil"},"content":{"rendered":"<p>As oito d\u00e9cadas de vida do cantor e compositor Alceu Valen\u00e7a v\u00e3o ser comemoradas com a turn\u00ea 80 Girass\u00f3is, que estreia neste s\u00e1bado (14), no Rio de Janeiro. Em seguida, o emblem\u00e1tico representante da m\u00fasica pernambucana seguir\u00e1 para S\u00e3o Paulo, Salvador, Florian\u00f3polis, Curitiba, Bras\u00edlia, Recife, Fortaleza, Bel\u00e9m e Belo Horizonte, com patroc\u00ednio master do Banco do Brasil.<\/p>\n<p>Os shows est\u00e3o programados para ocorrer at\u00e9 junho, e Alceu completar\u00e1 os 80 anos em 1\u00ba de julho. \u201cEsta turn\u00ea vai ser uma maravilha. Est\u00e1 sendo muito bem projetada pela minha esposa, Yan\u00ea [Montenegro], e J\u00falio Moura. A gente tem s\u00f3cios em v\u00e1rios estados para fazer esta turn\u00ea\u201d, disse Alceu em entrevista \u00e0 Ag\u00eancia Brasil.<\/p>\n<p>O show deste fim de semana ser\u00e1 na Farmasi Arena, na Zona Sudoeste da capital fluminense. Com Alceu, estar\u00e3o no palco os m\u00fasicos Tovinho (teclados e dire\u00e7\u00e3o musical), C\u00e1ssio Cunha (bateria), Zi Ferreira (guitarra), Nando Barreto (baixo), Andr\u00e9 Juli\u00e3o (sanfona), Costinha (flautas) e participa\u00e7\u00e3o ainda de Lui Coimbra (violas e violoncelo) e Natalia Mitre (percuss\u00e3o).<\/p>\n<p><strong>Embolada do tempo<\/strong><br \/>\nAlceu contou que a temporada \u00e9 resultado de seis meses de ensaios, tudo gravado em \u00e1udio e v\u00eddeo, e destacou as proje\u00e7\u00f5es que v\u00e3o ser exibidas durante as apresenta\u00e7\u00f5es.<\/p>\n<p>\u201cEsse show tem umas proje\u00e7\u00f5es incr\u00edveis feitas por Rafael Todeschini. A Yan\u00ea participa tamb\u00e9m. Proje\u00e7\u00f5es simplesmente maravilhosas, e, dentro desse acervo meu, at\u00e9 minha m\u00e3e e meu pai v\u00e3o aparecer\u201d.<\/p>\n<p>A todos que o perguntam sobre a a\u00e7\u00e3o do tempo em sua vida desde quando era menino, em S\u00e3o Bento do Una, Alceu conta que vive no presente, passado e futuro, em uma Embolada do Tempo, que \u00e9 o t\u00edtulo de uma das suas m\u00fasicas. Durante a entrevista, ele declama parte da letra.<\/p>\n<p>\u201cO tempo em si\/ N\u00e3o tem fim\/ N\u00e3o tem come\u00e7o\/ Mesmo pensado ao avesso\/ N\u00e3o se pode mensurar\u201d.<\/p>\n<p>E continua:<\/p>\n<p>&#8220;Buraco negro\/ A exist\u00eancia do nada\/ Noves fora, nada, nada\/ Por isso nos causa medo&#8221;.<\/p>\n<p>&#8220;Tempo \u00e9 segredo\/ Senhor de rugas e marcas\/ E das horas abstratas\/Quando paro pra pensar&#8221;.<\/p>\n<p>&#8220;Voc\u00ea quer parar o tempo\/ E o tempo n\u00e3o tem parada&#8221;.<\/p>\n<p>A turn\u00ea n\u00e3o se restringe aos shows. Algumas das cidades por onde ela passar tamb\u00e9m receber\u00e3o exposi\u00e7\u00f5es de artes pl\u00e1sticas e sess\u00f5es de filmes. Alceu destacou que \u00e9 cineasta e j\u00e1 fez participa\u00e7\u00f5es como ator em diversas produ\u00e7\u00f5es.<\/p>\n<p>\u201cFiz o papel principal no filme de S\u00e9rgio Ricardo [tamb\u00e9m cantor e compositor] A Noite do Espantalho. Depois, fiz um filme chamado A Luneta do Tempo\u201d, contou.<\/p>\n<p>O cantor acrescentou que tem um acervo grande de filmes realizados em diversos pa\u00edses como Fran\u00e7a, Alemanha, Su\u00ed\u00e7a, Portugal, Espanha, Estados Unidos e Brasil.<\/p>\n<p>\u201cEu sempre gostei da arte de cinema e levava c\u00e2meras comigo. Tenho muita coisa. S\u00e3o outras partes do meu trabalho. N\u00e3o \u00e9 s\u00f3 a m\u00fasica. \u00c9 a trajet\u00f3ria\u201d.<\/p>\n<p><strong>Sele\u00e7\u00e3o das m\u00fasicas <\/strong><br \/>\nA escolha das m\u00fasicas, segundo Alceu, seguiu um m\u00e9todo que ele pr\u00f3prio definiu: encade\u00e1-las conforme os temas de cada uma.<\/p>\n<p>\u201c\u00c9 uma narrativa po\u00e9tica. Por exemplo, Martelo Agalopado, que \u00e9 uma m\u00fasica que adv\u00e9m do cantador, faz parte da cultura do sert\u00e3o profundo, onde nasci, em S\u00e3o Bento do Una. Logo depois, vem o repert\u00f3rio de Luiz Gonzaga, porque ele faz parte disso e se completa. Outra, \u00e9 de quando eu era crian\u00e7a e gostava de correr de Cavalo de Pau [nome de uma das m\u00fasicas ]\u201d, descreveu.<\/p>\n<p>O lado foli\u00e3o n\u00e3o podia faltar e est\u00e1 representado, tanto na presen\u00e7a que costuma ter em Olinda como em shows de trios el\u00e9tricos no per\u00edodo da folia. Em S\u00e3o Paulo, h\u00e1 mais de dez anos, e no Recife, em um per\u00edodo mais recente, ele comanda o bloco Bicho Maluco Beleza, arrastando 1 milh\u00e3o de pessoas.<\/p>\n<p>Tamb\u00e9m estar\u00e1 na turn\u00ea o &#8220;Alceu caminhador&#8221;, o cara que vive aqui e l\u00e1. \u201cCora\u00e7\u00e3o Bobo eu compus em Paris, quando morei l\u00e1, com saudade muito grande de Jackson do Pandeiro e Geraldo Azevedo. Tem uma outra que compus falando sobre ruas, Pelas ruas que andei, e falo das ruas do Recife. Tem uma com lembran\u00e7as de Nova York, que compus aqui, no Rio de Janeiro\u201d, relatou.<\/p>\n<p><strong>Anuncia\u00e7\u00e3o<\/strong><br \/>\nO processo para compor as suas obras \u00e9 diverso e, na m\u00fasica Anuncia\u00e7\u00e3o, ele o classifica como um surto criativo. Alceu revelou que, andando em Olinda, criou uma m\u00fasica na flauta com que estava aprendendo a tocar. Quando entrava em casa, uma mo\u00e7a elogiou o que tinha ouvido.<\/p>\n<p>&#8220;&#8216;Alceu que m\u00fasica bonita que voc\u00ea estava tocando? Que coisa mais linda\u2019. &#8216;Voc\u00ea achou?&#8217; Perguntei. A m\u00fasica ia se perder se ela n\u00e3o tivesse falado\u201d, afirmou.<\/p>\n<p>Ao chegar na cozinha, Alceu pegou um papel de p\u00e3o e come\u00e7ou a fazer a letra, escrita a l\u00e1pis, de Anuncia\u00e7\u00e3o.<\/p>\n<p>O artista contou que existem diversas postagens nas redes sociais de pessoas que relatam a liga\u00e7\u00e3o dessa m\u00fasica com o nascimento de crian\u00e7as.<\/p>\n<p>\u201cOlha o que eu encontro! Se voc\u00ea sair comigo por a\u00ed, todo dia \u00e9 a mesma coisa. Mulheres dizendo que tinham dificuldades, e o filho nasceu [ao som da m\u00fasica], outras que n\u00e3o tinham. Tem quem diz que fez o parto ouvindo a m\u00fasica e crian\u00e7as pequenas que dizem que ouviam desde que estavam no bucho [barriga da m\u00e3e]. T\u00f4 brincando\u201d, disse sorrindo.<\/p>\n<p>Alceu comemora os n\u00fameros de acessos das suas m\u00fasicas na plataforma de streaming de \u00e1udio Spotify, na qual Anuncia\u00e7\u00e3o alcan\u00e7ou 200 milh\u00f5es. J\u00e1 no YouTube, Belle de Jour conta com mais de 300 milh\u00f5es.<\/p>\n<p>A inspira\u00e7\u00e3o \u00e9 uma marca de projetos que Alceu participou ao longo da vida. Mesclando o cl\u00e1ssico com o popular, sua jornada tem concertos com orquestras do Brasil e do exterior.<\/p>\n<p>\u201cEu advenho da cultura do sert\u00e3o pernambucano profundo. L\u00e1, eu ouvia aboios, toadas de vaqueiros\u201d, recordou.<\/p>\n<p>Essa trajet\u00f3ria quase seguiu outro caminho: Alceu quis ser advogado e fazer concurso para promotor. Chegou a se formar, mas n\u00e3o seguiu na carreira, confirmando uma frase que lembra ter ouvido da m\u00e3e, que dizia que ele veio ao mundo para levar alegria \u00e0s pessoas.<\/p>\n<p>\u201cCoisa boa que se confirmou, porque se n\u00e3o tivesse se confirmado, seria chato para ela e para mim\u201d.<\/p>\n","protected":false},"excerpt":{"rendered":"<p>As oito d\u00e9cadas de vida do cantor e compositor Alceu Valen\u00e7a v\u00e3o ser comemoradas com a turn\u00ea 80 Girass\u00f3is, que estreia neste s\u00e1bado (14), no Rio de Janeiro. Em seguida, o emblem\u00e1tico representante da m\u00fasica pernambucana seguir\u00e1 para S\u00e3o Paulo, Salvador, Florian\u00f3polis, Curitiba, Bras\u00edlia, Recife, Fortaleza, Bel\u00e9m e Belo Horizonte, com patroc\u00ednio master do Banco [&hellip;]<\/p>\n","protected":false},"author":2,"featured_media":386987,"comment_status":"closed","ping_status":"closed","sticky":false,"template":"","format":"standard","meta":{"_acf_changed":false,"footnotes":""},"categories":[165],"tags":[],"class_list":["post-386986","post","type-post","status-publish","format-standard","has-post-thumbnail","hentry","category-nordeste"],"acf":[],"yoast_head":"<!-- This site is optimized with the Yoast SEO plugin v27.2 - https:\/\/yoast.com\/product\/yoast-seo-wordpress\/ -->\n<title>Alceu \u00e9 voz de Pernambuco para o resto do Brasil - Notibras<\/title>\n<meta name=\"robots\" content=\"index, follow, max-snippet:-1, max-image-preview:large, max-video-preview:-1\" \/>\n<link rel=\"canonical\" href=\"https:\/\/www.notibras.com\/site\/alceu-e-voz-de-pernambuco-para-o-resto-do-brasil\/\" \/>\n<meta property=\"og:locale\" content=\"pt_BR\" \/>\n<meta property=\"og:type\" content=\"article\" \/>\n<meta property=\"og:title\" content=\"Alceu \u00e9 voz de Pernambuco para o resto do Brasil - Notibras\" \/>\n<meta property=\"og:description\" content=\"As oito d\u00e9cadas de vida do cantor e compositor Alceu Valen\u00e7a v\u00e3o ser comemoradas com a turn\u00ea 80 Girass\u00f3is, que estreia neste s\u00e1bado (14), no Rio de Janeiro. Em seguida, o emblem\u00e1tico representante da m\u00fasica pernambucana seguir\u00e1 para S\u00e3o Paulo, Salvador, Florian\u00f3polis, Curitiba, Bras\u00edlia, Recife, Fortaleza, Bel\u00e9m e Belo Horizonte, com patroc\u00ednio master do Banco [&hellip;]\" \/>\n<meta property=\"og:url\" content=\"https:\/\/www.notibras.com\/site\/alceu-e-voz-de-pernambuco-para-o-resto-do-brasil\/\" \/>\n<meta property=\"og:site_name\" content=\"Notibras\" \/>\n<meta property=\"article:publisher\" content=\"https:\/\/www.facebook.com\/notibras\/\" \/>\n<meta property=\"article:published_time\" content=\"2026-03-14T12:03:41+00:00\" \/>\n<meta property=\"og:image\" content=\"https:\/\/www.notibras.com\/site\/wp-content\/uploads\/2026\/03\/img_2755_2.webp\" \/>\n\t<meta property=\"og:image:width\" content=\"754\" \/>\n\t<meta property=\"og:image:height\" content=\"503\" \/>\n\t<meta property=\"og:image:type\" content=\"image\/webp\" \/>\n<meta name=\"author\" content=\"Reda\u00e7\u00e3o\" \/>\n<meta name=\"twitter:card\" content=\"summary_large_image\" \/>\n<meta name=\"twitter:creator\" content=\"@Notibras\" \/>\n<meta name=\"twitter:site\" content=\"@Notibras\" \/>\n<meta name=\"twitter:label1\" content=\"Escrito por\" \/>\n\t<meta name=\"twitter:data1\" content=\"Reda\u00e7\u00e3o\" \/>\n\t<meta name=\"twitter:label2\" content=\"Est. tempo de leitura\" \/>\n\t<meta name=\"twitter:data2\" content=\"6 minutos\" \/>\n<script type=\"application\/ld+json\" class=\"yoast-schema-graph\">{\"@context\":\"https:\/\/schema.org\",\"@graph\":[{\"@type\":\"Article\",\"@id\":\"https:\/\/www.notibras.com\/site\/alceu-e-voz-de-pernambuco-para-o-resto-do-brasil\/#article\",\"isPartOf\":{\"@id\":\"https:\/\/www.notibras.com\/site\/alceu-e-voz-de-pernambuco-para-o-resto-do-brasil\/\"},\"author\":{\"name\":\"Reda\u00e7\u00e3o\",\"@id\":\"https:\/\/www.notibras.com\/site\/#\/schema\/person\/36ab0979449956132d3e5b517ea76ac8\"},\"headline\":\"Alceu \u00e9 voz de Pernambuco para o resto do Brasil\",\"datePublished\":\"2026-03-14T12:03:41+00:00\",\"mainEntityOfPage\":{\"@id\":\"https:\/\/www.notibras.com\/site\/alceu-e-voz-de-pernambuco-para-o-resto-do-brasil\/\"},\"wordCount\":1109,\"publisher\":{\"@id\":\"https:\/\/www.notibras.com\/site\/#organization\"},\"image\":{\"@id\":\"https:\/\/www.notibras.com\/site\/alceu-e-voz-de-pernambuco-para-o-resto-do-brasil\/#primaryimage\"},\"thumbnailUrl\":\"https:\/\/www.notibras.com\/site\/wp-content\/uploads\/2026\/03\/img_2755_2.webp\",\"articleSection\":[\"Nordeste\"],\"inLanguage\":\"pt-BR\"},{\"@type\":\"WebPage\",\"@id\":\"https:\/\/www.notibras.com\/site\/alceu-e-voz-de-pernambuco-para-o-resto-do-brasil\/\",\"url\":\"https:\/\/www.notibras.com\/site\/alceu-e-voz-de-pernambuco-para-o-resto-do-brasil\/\",\"name\":\"Alceu \u00e9 voz de Pernambuco para o resto do Brasil - Notibras\",\"isPartOf\":{\"@id\":\"https:\/\/www.notibras.com\/site\/#website\"},\"primaryImageOfPage\":{\"@id\":\"https:\/\/www.notibras.com\/site\/alceu-e-voz-de-pernambuco-para-o-resto-do-brasil\/#primaryimage\"},\"image\":{\"@id\":\"https:\/\/www.notibras.com\/site\/alceu-e-voz-de-pernambuco-para-o-resto-do-brasil\/#primaryimage\"},\"thumbnailUrl\":\"https:\/\/www.notibras.com\/site\/wp-content\/uploads\/2026\/03\/img_2755_2.webp\",\"datePublished\":\"2026-03-14T12:03:41+00:00\",\"breadcrumb\":{\"@id\":\"https:\/\/www.notibras.com\/site\/alceu-e-voz-de-pernambuco-para-o-resto-do-brasil\/#breadcrumb\"},\"inLanguage\":\"pt-BR\",\"potentialAction\":[{\"@type\":\"ReadAction\",\"target\":[\"https:\/\/www.notibras.com\/site\/alceu-e-voz-de-pernambuco-para-o-resto-do-brasil\/\"]}]},{\"@type\":\"ImageObject\",\"inLanguage\":\"pt-BR\",\"@id\":\"https:\/\/www.notibras.com\/site\/alceu-e-voz-de-pernambuco-para-o-resto-do-brasil\/#primaryimage\",\"url\":\"https:\/\/www.notibras.com\/site\/wp-content\/uploads\/2026\/03\/img_2755_2.webp\",\"contentUrl\":\"https:\/\/www.notibras.com\/site\/wp-content\/uploads\/2026\/03\/img_2755_2.webp\",\"width\":754,\"height\":503},{\"@type\":\"BreadcrumbList\",\"@id\":\"https:\/\/www.notibras.com\/site\/alceu-e-voz-de-pernambuco-para-o-resto-do-brasil\/#breadcrumb\",\"itemListElement\":[{\"@type\":\"ListItem\",\"position\":1,\"name\":\"In\u00edcio\",\"item\":\"https:\/\/www.notibras.com\/site\/\"},{\"@type\":\"ListItem\",\"position\":2,\"name\":\"Alceu \u00e9 voz de Pernambuco para o resto do Brasil\"}]},{\"@type\":\"WebSite\",\"@id\":\"https:\/\/www.notibras.com\/site\/#website\",\"url\":\"https:\/\/www.notibras.com\/site\/\",\"name\":\"Notibras\",\"description\":\"Not\u00edcias de Bras\u00edlia, do Brasil e do Mundo\",\"publisher\":{\"@id\":\"https:\/\/www.notibras.com\/site\/#organization\"},\"potentialAction\":[{\"@type\":\"SearchAction\",\"target\":{\"@type\":\"EntryPoint\",\"urlTemplate\":\"https:\/\/www.notibras.com\/site\/?s={search_term_string}\"},\"query-input\":{\"@type\":\"PropertyValueSpecification\",\"valueRequired\":true,\"valueName\":\"search_term_string\"}}],\"inLanguage\":\"pt-BR\"},{\"@type\":\"Organization\",\"@id\":\"https:\/\/www.notibras.com\/site\/#organization\",\"name\":\"Grupo Notibras de Comunica\u00e7\u00e3o\",\"url\":\"https:\/\/www.notibras.com\/site\/\",\"logo\":{\"@type\":\"ImageObject\",\"inLanguage\":\"pt-BR\",\"@id\":\"https:\/\/www.notibras.com\/site\/#\/schema\/logo\/image\/\",\"url\":\"https:\/\/www.notibras.com\/site\/wp-content\/uploads\/2023\/01\/notibras23.png\",\"contentUrl\":\"https:\/\/www.notibras.com\/site\/wp-content\/uploads\/2023\/01\/notibras23.png\",\"width\":350,\"height\":87,\"caption\":\"Grupo Notibras de Comunica\u00e7\u00e3o\"},\"image\":{\"@id\":\"https:\/\/www.notibras.com\/site\/#\/schema\/logo\/image\/\"},\"sameAs\":[\"https:\/\/www.facebook.com\/notibras\/\",\"https:\/\/x.com\/Notibras\",\"https:\/\/www.instagram.com\/notibras\/\"]},{\"@type\":\"Person\",\"@id\":\"https:\/\/www.notibras.com\/site\/#\/schema\/person\/36ab0979449956132d3e5b517ea76ac8\",\"name\":\"Reda\u00e7\u00e3o\",\"image\":{\"@type\":\"ImageObject\",\"inLanguage\":\"pt-BR\",\"@id\":\"https:\/\/secure.gravatar.com\/avatar\/e0a867bdedb85fd243eadf09663511f96fc81e0720a4a42581f334ad4303aa6b?s=96&d=mm&r=g\",\"url\":\"https:\/\/secure.gravatar.com\/avatar\/e0a867bdedb85fd243eadf09663511f96fc81e0720a4a42581f334ad4303aa6b?s=96&d=mm&r=g\",\"contentUrl\":\"https:\/\/secure.gravatar.com\/avatar\/e0a867bdedb85fd243eadf09663511f96fc81e0720a4a42581f334ad4303aa6b?s=96&d=mm&r=g\",\"caption\":\"Reda\u00e7\u00e3o\"}}]}<\/script>\n<!-- \/ Yoast SEO plugin. -->","yoast_head_json":{"title":"Alceu \u00e9 voz de Pernambuco para o resto do Brasil - Notibras","robots":{"index":"index","follow":"follow","max-snippet":"max-snippet:-1","max-image-preview":"max-image-preview:large","max-video-preview":"max-video-preview:-1"},"canonical":"https:\/\/www.notibras.com\/site\/alceu-e-voz-de-pernambuco-para-o-resto-do-brasil\/","og_locale":"pt_BR","og_type":"article","og_title":"Alceu \u00e9 voz de Pernambuco para o resto do Brasil - Notibras","og_description":"As oito d\u00e9cadas de vida do cantor e compositor Alceu Valen\u00e7a v\u00e3o ser comemoradas com a turn\u00ea 80 Girass\u00f3is, que estreia neste s\u00e1bado (14), no Rio de Janeiro. Em seguida, o emblem\u00e1tico representante da m\u00fasica pernambucana seguir\u00e1 para S\u00e3o Paulo, Salvador, Florian\u00f3polis, Curitiba, Bras\u00edlia, Recife, Fortaleza, Bel\u00e9m e Belo Horizonte, com patroc\u00ednio master do Banco [&hellip;]","og_url":"https:\/\/www.notibras.com\/site\/alceu-e-voz-de-pernambuco-para-o-resto-do-brasil\/","og_site_name":"Notibras","article_publisher":"https:\/\/www.facebook.com\/notibras\/","article_published_time":"2026-03-14T12:03:41+00:00","og_image":[{"width":754,"height":503,"url":"https:\/\/www.notibras.com\/site\/wp-content\/uploads\/2026\/03\/img_2755_2.webp","type":"image\/webp"}],"author":"Reda\u00e7\u00e3o","twitter_card":"summary_large_image","twitter_creator":"@Notibras","twitter_site":"@Notibras","twitter_misc":{"Escrito por":"Reda\u00e7\u00e3o","Est. tempo de leitura":"6 minutos"},"schema":{"@context":"https:\/\/schema.org","@graph":[{"@type":"Article","@id":"https:\/\/www.notibras.com\/site\/alceu-e-voz-de-pernambuco-para-o-resto-do-brasil\/#article","isPartOf":{"@id":"https:\/\/www.notibras.com\/site\/alceu-e-voz-de-pernambuco-para-o-resto-do-brasil\/"},"author":{"name":"Reda\u00e7\u00e3o","@id":"https:\/\/www.notibras.com\/site\/#\/schema\/person\/36ab0979449956132d3e5b517ea76ac8"},"headline":"Alceu \u00e9 voz de Pernambuco para o resto do Brasil","datePublished":"2026-03-14T12:03:41+00:00","mainEntityOfPage":{"@id":"https:\/\/www.notibras.com\/site\/alceu-e-voz-de-pernambuco-para-o-resto-do-brasil\/"},"wordCount":1109,"publisher":{"@id":"https:\/\/www.notibras.com\/site\/#organization"},"image":{"@id":"https:\/\/www.notibras.com\/site\/alceu-e-voz-de-pernambuco-para-o-resto-do-brasil\/#primaryimage"},"thumbnailUrl":"https:\/\/www.notibras.com\/site\/wp-content\/uploads\/2026\/03\/img_2755_2.webp","articleSection":["Nordeste"],"inLanguage":"pt-BR"},{"@type":"WebPage","@id":"https:\/\/www.notibras.com\/site\/alceu-e-voz-de-pernambuco-para-o-resto-do-brasil\/","url":"https:\/\/www.notibras.com\/site\/alceu-e-voz-de-pernambuco-para-o-resto-do-brasil\/","name":"Alceu \u00e9 voz de Pernambuco para o resto do Brasil - Notibras","isPartOf":{"@id":"https:\/\/www.notibras.com\/site\/#website"},"primaryImageOfPage":{"@id":"https:\/\/www.notibras.com\/site\/alceu-e-voz-de-pernambuco-para-o-resto-do-brasil\/#primaryimage"},"image":{"@id":"https:\/\/www.notibras.com\/site\/alceu-e-voz-de-pernambuco-para-o-resto-do-brasil\/#primaryimage"},"thumbnailUrl":"https:\/\/www.notibras.com\/site\/wp-content\/uploads\/2026\/03\/img_2755_2.webp","datePublished":"2026-03-14T12:03:41+00:00","breadcrumb":{"@id":"https:\/\/www.notibras.com\/site\/alceu-e-voz-de-pernambuco-para-o-resto-do-brasil\/#breadcrumb"},"inLanguage":"pt-BR","potentialAction":[{"@type":"ReadAction","target":["https:\/\/www.notibras.com\/site\/alceu-e-voz-de-pernambuco-para-o-resto-do-brasil\/"]}]},{"@type":"ImageObject","inLanguage":"pt-BR","@id":"https:\/\/www.notibras.com\/site\/alceu-e-voz-de-pernambuco-para-o-resto-do-brasil\/#primaryimage","url":"https:\/\/www.notibras.com\/site\/wp-content\/uploads\/2026\/03\/img_2755_2.webp","contentUrl":"https:\/\/www.notibras.com\/site\/wp-content\/uploads\/2026\/03\/img_2755_2.webp","width":754,"height":503},{"@type":"BreadcrumbList","@id":"https:\/\/www.notibras.com\/site\/alceu-e-voz-de-pernambuco-para-o-resto-do-brasil\/#breadcrumb","itemListElement":[{"@type":"ListItem","position":1,"name":"In\u00edcio","item":"https:\/\/www.notibras.com\/site\/"},{"@type":"ListItem","position":2,"name":"Alceu \u00e9 voz de Pernambuco para o resto do Brasil"}]},{"@type":"WebSite","@id":"https:\/\/www.notibras.com\/site\/#website","url":"https:\/\/www.notibras.com\/site\/","name":"Notibras","description":"Not\u00edcias de Bras\u00edlia, do Brasil e do Mundo","publisher":{"@id":"https:\/\/www.notibras.com\/site\/#organization"},"potentialAction":[{"@type":"SearchAction","target":{"@type":"EntryPoint","urlTemplate":"https:\/\/www.notibras.com\/site\/?s={search_term_string}"},"query-input":{"@type":"PropertyValueSpecification","valueRequired":true,"valueName":"search_term_string"}}],"inLanguage":"pt-BR"},{"@type":"Organization","@id":"https:\/\/www.notibras.com\/site\/#organization","name":"Grupo Notibras de Comunica\u00e7\u00e3o","url":"https:\/\/www.notibras.com\/site\/","logo":{"@type":"ImageObject","inLanguage":"pt-BR","@id":"https:\/\/www.notibras.com\/site\/#\/schema\/logo\/image\/","url":"https:\/\/www.notibras.com\/site\/wp-content\/uploads\/2023\/01\/notibras23.png","contentUrl":"https:\/\/www.notibras.com\/site\/wp-content\/uploads\/2023\/01\/notibras23.png","width":350,"height":87,"caption":"Grupo Notibras de Comunica\u00e7\u00e3o"},"image":{"@id":"https:\/\/www.notibras.com\/site\/#\/schema\/logo\/image\/"},"sameAs":["https:\/\/www.facebook.com\/notibras\/","https:\/\/x.com\/Notibras","https:\/\/www.instagram.com\/notibras\/"]},{"@type":"Person","@id":"https:\/\/www.notibras.com\/site\/#\/schema\/person\/36ab0979449956132d3e5b517ea76ac8","name":"Reda\u00e7\u00e3o","image":{"@type":"ImageObject","inLanguage":"pt-BR","@id":"https:\/\/secure.gravatar.com\/avatar\/e0a867bdedb85fd243eadf09663511f96fc81e0720a4a42581f334ad4303aa6b?s=96&d=mm&r=g","url":"https:\/\/secure.gravatar.com\/avatar\/e0a867bdedb85fd243eadf09663511f96fc81e0720a4a42581f334ad4303aa6b?s=96&d=mm&r=g","contentUrl":"https:\/\/secure.gravatar.com\/avatar\/e0a867bdedb85fd243eadf09663511f96fc81e0720a4a42581f334ad4303aa6b?s=96&d=mm&r=g","caption":"Reda\u00e7\u00e3o"}}]}},"amp_enabled":true,"_links":{"self":[{"href":"https:\/\/www.notibras.com\/site\/wp-json\/wp\/v2\/posts\/386986","targetHints":{"allow":["GET"]}}],"collection":[{"href":"https:\/\/www.notibras.com\/site\/wp-json\/wp\/v2\/posts"}],"about":[{"href":"https:\/\/www.notibras.com\/site\/wp-json\/wp\/v2\/types\/post"}],"author":[{"embeddable":true,"href":"https:\/\/www.notibras.com\/site\/wp-json\/wp\/v2\/users\/2"}],"replies":[{"embeddable":true,"href":"https:\/\/www.notibras.com\/site\/wp-json\/wp\/v2\/comments?post=386986"}],"version-history":[{"count":1,"href":"https:\/\/www.notibras.com\/site\/wp-json\/wp\/v2\/posts\/386986\/revisions"}],"predecessor-version":[{"id":386988,"href":"https:\/\/www.notibras.com\/site\/wp-json\/wp\/v2\/posts\/386986\/revisions\/386988"}],"wp:featuredmedia":[{"embeddable":true,"href":"https:\/\/www.notibras.com\/site\/wp-json\/wp\/v2\/media\/386987"}],"wp:attachment":[{"href":"https:\/\/www.notibras.com\/site\/wp-json\/wp\/v2\/media?parent=386986"}],"wp:term":[{"taxonomy":"category","embeddable":true,"href":"https:\/\/www.notibras.com\/site\/wp-json\/wp\/v2\/categories?post=386986"},{"taxonomy":"post_tag","embeddable":true,"href":"https:\/\/www.notibras.com\/site\/wp-json\/wp\/v2\/tags?post=386986"}],"curies":[{"name":"wp","href":"https:\/\/api.w.org\/{rel}","templated":true}]}}