{"id":387002,"date":"2026-03-14T00:00:38","date_gmt":"2026-03-14T03:00:38","guid":{"rendered":"https:\/\/www.notibras.com\/site\/?p=387002"},"modified":"2026-03-14T10:56:38","modified_gmt":"2026-03-14T13:56:38","slug":"incendio-atinge-loja-de-eletrodomesticos-no-shopping-recife","status":"publish","type":"post","link":"https:\/\/www.notibras.com\/site\/incendio-atinge-loja-de-eletrodomesticos-no-shopping-recife\/","title":{"rendered":"Inc\u00eandio atinge loja de eletrodom\u00e9sticos no Shopping Recife"},"content":{"rendered":"<p>Um inc\u00eandio atingiu a loja da Casas Bahia que fica no Shopping Recife, na madrugada de sexta-feira (13). Seis pessoas foram socorridas. Dez viaturas do Corpo de Bombeiros foram ao local, e os militares apagaram as chamas. O centro de compras foi fechado e s\u00f3 deve reabrir no s\u00e1bado (14).<\/p>\n<p>De acordo com o shopping, que fica no bairro de Boa Viagem, na Zona Sul do Recife, todo o sistema de seguran\u00e7a e combate a inc\u00eandio foi acionado imediatamente ap\u00f3s o in\u00edcio das chamas. Brigadistas do pr\u00f3prio centro de compras iniciaram os primeiros atendimentos e retiraram funcion\u00e1rios do local.<\/p>\n<p>Seis pessoas de nomes n\u00e3o divulgados precisaram de atendimento, segundo o Servi\u00e7o de Atendimento M\u00f3vel de Urg\u00eancia (Samu), que foi acionado \u00e0s 2h27.<\/p>\n","protected":false},"excerpt":{"rendered":"<p>Um inc\u00eandio atingiu a loja da Casas Bahia que fica no Shopping Recife, na madrugada de sexta-feira (13). Seis pessoas foram socorridas. Dez viaturas do Corpo de Bombeiros foram ao local, e os militares apagaram as chamas. O centro de compras foi fechado e s\u00f3 deve reabrir no s\u00e1bado (14). De acordo com o shopping, [&hellip;]<\/p>\n","protected":false},"author":2,"featured_media":387003,"comment_status":"closed","ping_status":"closed","sticky":false,"template":"","format":"standard","meta":{"_acf_changed":false,"footnotes":""},"categories":[165],"tags":[],"class_list":["post-387002","post","type-post","status-publish","format-standard","has-post-thumbnail","hentry","category-nordeste"],"acf":[],"yoast_head":"<!-- This site is optimized with the Yoast SEO plugin v27.2 - https:\/\/yoast.com\/product\/yoast-seo-wordpress\/ -->\n<title>Inc\u00eandio atinge loja de eletrodom\u00e9sticos no Shopping Recife - Notibras<\/title>\n<meta name=\"robots\" content=\"index, follow, max-snippet:-1, max-image-preview:large, max-video-preview:-1\" \/>\n<link rel=\"canonical\" href=\"https:\/\/www.notibras.com\/site\/incendio-atinge-loja-de-eletrodomesticos-no-shopping-recife\/\" \/>\n<meta property=\"og:locale\" content=\"pt_BR\" \/>\n<meta property=\"og:type\" content=\"article\" \/>\n<meta property=\"og:title\" content=\"Inc\u00eandio atinge loja de eletrodom\u00e9sticos no Shopping Recife - Notibras\" \/>\n<meta property=\"og:description\" content=\"Um inc\u00eandio atingiu a loja da Casas Bahia que fica no Shopping Recife, na madrugada de sexta-feira (13). Seis pessoas foram socorridas. Dez viaturas do Corpo de Bombeiros foram ao local, e os militares apagaram as chamas. O centro de compras foi fechado e s\u00f3 deve reabrir no s\u00e1bado (14). De acordo com o shopping, [&hellip;]\" \/>\n<meta property=\"og:url\" content=\"https:\/\/www.notibras.com\/site\/incendio-atinge-loja-de-eletrodomesticos-no-shopping-recife\/\" \/>\n<meta property=\"og:site_name\" content=\"Notibras\" \/>\n<meta property=\"article:publisher\" content=\"https:\/\/www.facebook.com\/notibras\/\" \/>\n<meta property=\"article:published_time\" content=\"2026-03-14T03:00:38+00:00\" \/>\n<meta property=\"article:modified_time\" content=\"2026-03-14T13:56:38+00:00\" \/>\n<meta property=\"og:image\" content=\"https:\/\/www.notibras.com\/site\/wp-content\/uploads\/2026\/03\/8b0017ef-c2e2-4fe2-9a73-13f43e169ecc.jpg\" \/>\n\t<meta property=\"og:image:width\" content=\"720\" \/>\n\t<meta property=\"og:image:height\" content=\"442\" \/>\n\t<meta property=\"og:image:type\" content=\"image\/jpeg\" \/>\n<meta name=\"author\" content=\"Reda\u00e7\u00e3o\" \/>\n<meta name=\"twitter:card\" content=\"summary_large_image\" \/>\n<meta name=\"twitter:creator\" content=\"@Notibras\" \/>\n<meta name=\"twitter:site\" content=\"@Notibras\" \/>\n<meta name=\"twitter:label1\" content=\"Escrito por\" \/>\n\t<meta name=\"twitter:data1\" content=\"Reda\u00e7\u00e3o\" \/>\n\t<meta name=\"twitter:label2\" content=\"Est. tempo de leitura\" \/>\n\t<meta name=\"twitter:data2\" content=\"1 minuto\" \/>\n<script type=\"application\/ld+json\" class=\"yoast-schema-graph\">{\"@context\":\"https:\/\/schema.org\",\"@graph\":[{\"@type\":\"Article\",\"@id\":\"https:\/\/www.notibras.com\/site\/incendio-atinge-loja-de-eletrodomesticos-no-shopping-recife\/#article\",\"isPartOf\":{\"@id\":\"https:\/\/www.notibras.com\/site\/incendio-atinge-loja-de-eletrodomesticos-no-shopping-recife\/\"},\"author\":{\"name\":\"Reda\u00e7\u00e3o\",\"@id\":\"https:\/\/www.notibras.com\/site\/#\/schema\/person\/36ab0979449956132d3e5b517ea76ac8\"},\"headline\":\"Inc\u00eandio atinge loja de eletrodom\u00e9sticos no Shopping Recife\",\"datePublished\":\"2026-03-14T03:00:38+00:00\",\"dateModified\":\"2026-03-14T13:56:38+00:00\",\"mainEntityOfPage\":{\"@id\":\"https:\/\/www.notibras.com\/site\/incendio-atinge-loja-de-eletrodomesticos-no-shopping-recife\/\"},\"wordCount\":142,\"publisher\":{\"@id\":\"https:\/\/www.notibras.com\/site\/#organization\"},\"image\":{\"@id\":\"https:\/\/www.notibras.com\/site\/incendio-atinge-loja-de-eletrodomesticos-no-shopping-recife\/#primaryimage\"},\"thumbnailUrl\":\"https:\/\/www.notibras.com\/site\/wp-content\/uploads\/2026\/03\/8b0017ef-c2e2-4fe2-9a73-13f43e169ecc.jpg\",\"articleSection\":[\"Nordeste\"],\"inLanguage\":\"pt-BR\"},{\"@type\":\"WebPage\",\"@id\":\"https:\/\/www.notibras.com\/site\/incendio-atinge-loja-de-eletrodomesticos-no-shopping-recife\/\",\"url\":\"https:\/\/www.notibras.com\/site\/incendio-atinge-loja-de-eletrodomesticos-no-shopping-recife\/\",\"name\":\"Inc\u00eandio atinge loja de eletrodom\u00e9sticos no Shopping Recife - Notibras\",\"isPartOf\":{\"@id\":\"https:\/\/www.notibras.com\/site\/#website\"},\"primaryImageOfPage\":{\"@id\":\"https:\/\/www.notibras.com\/site\/incendio-atinge-loja-de-eletrodomesticos-no-shopping-recife\/#primaryimage\"},\"image\":{\"@id\":\"https:\/\/www.notibras.com\/site\/incendio-atinge-loja-de-eletrodomesticos-no-shopping-recife\/#primaryimage\"},\"thumbnailUrl\":\"https:\/\/www.notibras.com\/site\/wp-content\/uploads\/2026\/03\/8b0017ef-c2e2-4fe2-9a73-13f43e169ecc.jpg\",\"datePublished\":\"2026-03-14T03:00:38+00:00\",\"dateModified\":\"2026-03-14T13:56:38+00:00\",\"breadcrumb\":{\"@id\":\"https:\/\/www.notibras.com\/site\/incendio-atinge-loja-de-eletrodomesticos-no-shopping-recife\/#breadcrumb\"},\"inLanguage\":\"pt-BR\",\"potentialAction\":[{\"@type\":\"ReadAction\",\"target\":[\"https:\/\/www.notibras.com\/site\/incendio-atinge-loja-de-eletrodomesticos-no-shopping-recife\/\"]}]},{\"@type\":\"ImageObject\",\"inLanguage\":\"pt-BR\",\"@id\":\"https:\/\/www.notibras.com\/site\/incendio-atinge-loja-de-eletrodomesticos-no-shopping-recife\/#primaryimage\",\"url\":\"https:\/\/www.notibras.com\/site\/wp-content\/uploads\/2026\/03\/8b0017ef-c2e2-4fe2-9a73-13f43e169ecc.jpg\",\"contentUrl\":\"https:\/\/www.notibras.com\/site\/wp-content\/uploads\/2026\/03\/8b0017ef-c2e2-4fe2-9a73-13f43e169ecc.jpg\",\"width\":720,\"height\":442},{\"@type\":\"BreadcrumbList\",\"@id\":\"https:\/\/www.notibras.com\/site\/incendio-atinge-loja-de-eletrodomesticos-no-shopping-recife\/#breadcrumb\",\"itemListElement\":[{\"@type\":\"ListItem\",\"position\":1,\"name\":\"In\u00edcio\",\"item\":\"https:\/\/www.notibras.com\/site\/\"},{\"@type\":\"ListItem\",\"position\":2,\"name\":\"Inc\u00eandio atinge loja de eletrodom\u00e9sticos no Shopping Recife\"}]},{\"@type\":\"WebSite\",\"@id\":\"https:\/\/www.notibras.com\/site\/#website\",\"url\":\"https:\/\/www.notibras.com\/site\/\",\"name\":\"Notibras\",\"description\":\"Not\u00edcias de Bras\u00edlia, do Brasil e do Mundo\",\"publisher\":{\"@id\":\"https:\/\/www.notibras.com\/site\/#organization\"},\"potentialAction\":[{\"@type\":\"SearchAction\",\"target\":{\"@type\":\"EntryPoint\",\"urlTemplate\":\"https:\/\/www.notibras.com\/site\/?s={search_term_string}\"},\"query-input\":{\"@type\":\"PropertyValueSpecification\",\"valueRequired\":true,\"valueName\":\"search_term_string\"}}],\"inLanguage\":\"pt-BR\"},{\"@type\":\"Organization\",\"@id\":\"https:\/\/www.notibras.com\/site\/#organization\",\"name\":\"Grupo Notibras de Comunica\u00e7\u00e3o\",\"url\":\"https:\/\/www.notibras.com\/site\/\",\"logo\":{\"@type\":\"ImageObject\",\"inLanguage\":\"pt-BR\",\"@id\":\"https:\/\/www.notibras.com\/site\/#\/schema\/logo\/image\/\",\"url\":\"https:\/\/www.notibras.com\/site\/wp-content\/uploads\/2023\/01\/notibras23.png\",\"contentUrl\":\"https:\/\/www.notibras.com\/site\/wp-content\/uploads\/2023\/01\/notibras23.png\",\"width\":350,\"height\":87,\"caption\":\"Grupo Notibras de Comunica\u00e7\u00e3o\"},\"image\":{\"@id\":\"https:\/\/www.notibras.com\/site\/#\/schema\/logo\/image\/\"},\"sameAs\":[\"https:\/\/www.facebook.com\/notibras\/\",\"https:\/\/x.com\/Notibras\",\"https:\/\/www.instagram.com\/notibras\/\"]},{\"@type\":\"Person\",\"@id\":\"https:\/\/www.notibras.com\/site\/#\/schema\/person\/36ab0979449956132d3e5b517ea76ac8\",\"name\":\"Reda\u00e7\u00e3o\",\"image\":{\"@type\":\"ImageObject\",\"inLanguage\":\"pt-BR\",\"@id\":\"https:\/\/secure.gravatar.com\/avatar\/e0a867bdedb85fd243eadf09663511f96fc81e0720a4a42581f334ad4303aa6b?s=96&d=mm&r=g\",\"url\":\"https:\/\/secure.gravatar.com\/avatar\/e0a867bdedb85fd243eadf09663511f96fc81e0720a4a42581f334ad4303aa6b?s=96&d=mm&r=g\",\"contentUrl\":\"https:\/\/secure.gravatar.com\/avatar\/e0a867bdedb85fd243eadf09663511f96fc81e0720a4a42581f334ad4303aa6b?s=96&d=mm&r=g\",\"caption\":\"Reda\u00e7\u00e3o\"}}]}<\/script>\n<!-- \/ Yoast SEO plugin. -->","yoast_head_json":{"title":"Inc\u00eandio atinge loja de eletrodom\u00e9sticos no Shopping Recife - Notibras","robots":{"index":"index","follow":"follow","max-snippet":"max-snippet:-1","max-image-preview":"max-image-preview:large","max-video-preview":"max-video-preview:-1"},"canonical":"https:\/\/www.notibras.com\/site\/incendio-atinge-loja-de-eletrodomesticos-no-shopping-recife\/","og_locale":"pt_BR","og_type":"article","og_title":"Inc\u00eandio atinge loja de eletrodom\u00e9sticos no Shopping Recife - Notibras","og_description":"Um inc\u00eandio atingiu a loja da Casas Bahia que fica no Shopping Recife, na madrugada de sexta-feira (13). Seis pessoas foram socorridas. Dez viaturas do Corpo de Bombeiros foram ao local, e os militares apagaram as chamas. O centro de compras foi fechado e s\u00f3 deve reabrir no s\u00e1bado (14). De acordo com o shopping, [&hellip;]","og_url":"https:\/\/www.notibras.com\/site\/incendio-atinge-loja-de-eletrodomesticos-no-shopping-recife\/","og_site_name":"Notibras","article_publisher":"https:\/\/www.facebook.com\/notibras\/","article_published_time":"2026-03-14T03:00:38+00:00","article_modified_time":"2026-03-14T13:56:38+00:00","og_image":[{"width":720,"height":442,"url":"https:\/\/www.notibras.com\/site\/wp-content\/uploads\/2026\/03\/8b0017ef-c2e2-4fe2-9a73-13f43e169ecc.jpg","type":"image\/jpeg"}],"author":"Reda\u00e7\u00e3o","twitter_card":"summary_large_image","twitter_creator":"@Notibras","twitter_site":"@Notibras","twitter_misc":{"Escrito por":"Reda\u00e7\u00e3o","Est. tempo de leitura":"1 minuto"},"schema":{"@context":"https:\/\/schema.org","@graph":[{"@type":"Article","@id":"https:\/\/www.notibras.com\/site\/incendio-atinge-loja-de-eletrodomesticos-no-shopping-recife\/#article","isPartOf":{"@id":"https:\/\/www.notibras.com\/site\/incendio-atinge-loja-de-eletrodomesticos-no-shopping-recife\/"},"author":{"name":"Reda\u00e7\u00e3o","@id":"https:\/\/www.notibras.com\/site\/#\/schema\/person\/36ab0979449956132d3e5b517ea76ac8"},"headline":"Inc\u00eandio atinge loja de eletrodom\u00e9sticos no Shopping Recife","datePublished":"2026-03-14T03:00:38+00:00","dateModified":"2026-03-14T13:56:38+00:00","mainEntityOfPage":{"@id":"https:\/\/www.notibras.com\/site\/incendio-atinge-loja-de-eletrodomesticos-no-shopping-recife\/"},"wordCount":142,"publisher":{"@id":"https:\/\/www.notibras.com\/site\/#organization"},"image":{"@id":"https:\/\/www.notibras.com\/site\/incendio-atinge-loja-de-eletrodomesticos-no-shopping-recife\/#primaryimage"},"thumbnailUrl":"https:\/\/www.notibras.com\/site\/wp-content\/uploads\/2026\/03\/8b0017ef-c2e2-4fe2-9a73-13f43e169ecc.jpg","articleSection":["Nordeste"],"inLanguage":"pt-BR"},{"@type":"WebPage","@id":"https:\/\/www.notibras.com\/site\/incendio-atinge-loja-de-eletrodomesticos-no-shopping-recife\/","url":"https:\/\/www.notibras.com\/site\/incendio-atinge-loja-de-eletrodomesticos-no-shopping-recife\/","name":"Inc\u00eandio atinge loja de eletrodom\u00e9sticos no Shopping Recife - Notibras","isPartOf":{"@id":"https:\/\/www.notibras.com\/site\/#website"},"primaryImageOfPage":{"@id":"https:\/\/www.notibras.com\/site\/incendio-atinge-loja-de-eletrodomesticos-no-shopping-recife\/#primaryimage"},"image":{"@id":"https:\/\/www.notibras.com\/site\/incendio-atinge-loja-de-eletrodomesticos-no-shopping-recife\/#primaryimage"},"thumbnailUrl":"https:\/\/www.notibras.com\/site\/wp-content\/uploads\/2026\/03\/8b0017ef-c2e2-4fe2-9a73-13f43e169ecc.jpg","datePublished":"2026-03-14T03:00:38+00:00","dateModified":"2026-03-14T13:56:38+00:00","breadcrumb":{"@id":"https:\/\/www.notibras.com\/site\/incendio-atinge-loja-de-eletrodomesticos-no-shopping-recife\/#breadcrumb"},"inLanguage":"pt-BR","potentialAction":[{"@type":"ReadAction","target":["https:\/\/www.notibras.com\/site\/incendio-atinge-loja-de-eletrodomesticos-no-shopping-recife\/"]}]},{"@type":"ImageObject","inLanguage":"pt-BR","@id":"https:\/\/www.notibras.com\/site\/incendio-atinge-loja-de-eletrodomesticos-no-shopping-recife\/#primaryimage","url":"https:\/\/www.notibras.com\/site\/wp-content\/uploads\/2026\/03\/8b0017ef-c2e2-4fe2-9a73-13f43e169ecc.jpg","contentUrl":"https:\/\/www.notibras.com\/site\/wp-content\/uploads\/2026\/03\/8b0017ef-c2e2-4fe2-9a73-13f43e169ecc.jpg","width":720,"height":442},{"@type":"BreadcrumbList","@id":"https:\/\/www.notibras.com\/site\/incendio-atinge-loja-de-eletrodomesticos-no-shopping-recife\/#breadcrumb","itemListElement":[{"@type":"ListItem","position":1,"name":"In\u00edcio","item":"https:\/\/www.notibras.com\/site\/"},{"@type":"ListItem","position":2,"name":"Inc\u00eandio atinge loja de eletrodom\u00e9sticos no Shopping Recife"}]},{"@type":"WebSite","@id":"https:\/\/www.notibras.com\/site\/#website","url":"https:\/\/www.notibras.com\/site\/","name":"Notibras","description":"Not\u00edcias de Bras\u00edlia, do Brasil e do Mundo","publisher":{"@id":"https:\/\/www.notibras.com\/site\/#organization"},"potentialAction":[{"@type":"SearchAction","target":{"@type":"EntryPoint","urlTemplate":"https:\/\/www.notibras.com\/site\/?s={search_term_string}"},"query-input":{"@type":"PropertyValueSpecification","valueRequired":true,"valueName":"search_term_string"}}],"inLanguage":"pt-BR"},{"@type":"Organization","@id":"https:\/\/www.notibras.com\/site\/#organization","name":"Grupo Notibras de Comunica\u00e7\u00e3o","url":"https:\/\/www.notibras.com\/site\/","logo":{"@type":"ImageObject","inLanguage":"pt-BR","@id":"https:\/\/www.notibras.com\/site\/#\/schema\/logo\/image\/","url":"https:\/\/www.notibras.com\/site\/wp-content\/uploads\/2023\/01\/notibras23.png","contentUrl":"https:\/\/www.notibras.com\/site\/wp-content\/uploads\/2023\/01\/notibras23.png","width":350,"height":87,"caption":"Grupo Notibras de Comunica\u00e7\u00e3o"},"image":{"@id":"https:\/\/www.notibras.com\/site\/#\/schema\/logo\/image\/"},"sameAs":["https:\/\/www.facebook.com\/notibras\/","https:\/\/x.com\/Notibras","https:\/\/www.instagram.com\/notibras\/"]},{"@type":"Person","@id":"https:\/\/www.notibras.com\/site\/#\/schema\/person\/36ab0979449956132d3e5b517ea76ac8","name":"Reda\u00e7\u00e3o","image":{"@type":"ImageObject","inLanguage":"pt-BR","@id":"https:\/\/secure.gravatar.com\/avatar\/e0a867bdedb85fd243eadf09663511f96fc81e0720a4a42581f334ad4303aa6b?s=96&d=mm&r=g","url":"https:\/\/secure.gravatar.com\/avatar\/e0a867bdedb85fd243eadf09663511f96fc81e0720a4a42581f334ad4303aa6b?s=96&d=mm&r=g","contentUrl":"https:\/\/secure.gravatar.com\/avatar\/e0a867bdedb85fd243eadf09663511f96fc81e0720a4a42581f334ad4303aa6b?s=96&d=mm&r=g","caption":"Reda\u00e7\u00e3o"}}]}},"amp_enabled":true,"_links":{"self":[{"href":"https:\/\/www.notibras.com\/site\/wp-json\/wp\/v2\/posts\/387002","targetHints":{"allow":["GET"]}}],"collection":[{"href":"https:\/\/www.notibras.com\/site\/wp-json\/wp\/v2\/posts"}],"about":[{"href":"https:\/\/www.notibras.com\/site\/wp-json\/wp\/v2\/types\/post"}],"author":[{"embeddable":true,"href":"https:\/\/www.notibras.com\/site\/wp-json\/wp\/v2\/users\/2"}],"replies":[{"embeddable":true,"href":"https:\/\/www.notibras.com\/site\/wp-json\/wp\/v2\/comments?post=387002"}],"version-history":[{"count":1,"href":"https:\/\/www.notibras.com\/site\/wp-json\/wp\/v2\/posts\/387002\/revisions"}],"predecessor-version":[{"id":387004,"href":"https:\/\/www.notibras.com\/site\/wp-json\/wp\/v2\/posts\/387002\/revisions\/387004"}],"wp:featuredmedia":[{"embeddable":true,"href":"https:\/\/www.notibras.com\/site\/wp-json\/wp\/v2\/media\/387003"}],"wp:attachment":[{"href":"https:\/\/www.notibras.com\/site\/wp-json\/wp\/v2\/media?parent=387002"}],"wp:term":[{"taxonomy":"category","embeddable":true,"href":"https:\/\/www.notibras.com\/site\/wp-json\/wp\/v2\/categories?post=387002"},{"taxonomy":"post_tag","embeddable":true,"href":"https:\/\/www.notibras.com\/site\/wp-json\/wp\/v2\/tags?post=387002"}],"curies":[{"name":"wp","href":"https:\/\/api.w.org\/{rel}","templated":true}]}}