{"id":387005,"date":"2026-03-14T00:57:56","date_gmt":"2026-03-14T03:57:56","guid":{"rendered":"https:\/\/www.notibras.com\/site\/?p=387005"},"modified":"2026-03-14T10:59:40","modified_gmt":"2026-03-14T13:59:40","slug":"clima-no-nordeste-contrasta-sertao-seco-com-litoral-umido","status":"publish","type":"post","link":"https:\/\/www.notibras.com\/site\/clima-no-nordeste-contrasta-sertao-seco-com-litoral-umido\/","title":{"rendered":"Clima no Nordeste contrasta sert\u00e3o seco com litoral \u00famido"},"content":{"rendered":"<p>O Nordeste brasileiro \u00e9 conhecido por sua diversidade clim\u00e1tica, que varia drasticamente do litoral \u00e0 regi\u00e3o interiorana. Enquanto as praias e cidades costeiras desfrutam de um clima mais \u00famido e temperaturas amenas, o sert\u00e3o enfrenta longos per\u00edodos de seca e um clima semi\u00e1rido que desafia a vida cotidiana de seus habitantes.<\/p>\n<p>No litoral, o clima \u00e9 influenciado pela proximidade com o Oceano Atl\u00e2ntico, trazendo chuvas mais regulares e alta umidade. Cidades como Recife, Salvador e Fortaleza registram precipita\u00e7\u00f5es concentradas nos meses de abril a julho, o que contribui para a fertilidade do solo e a riqueza da vegeta\u00e7\u00e3o. Al\u00e9m disso, a umidade favorece o turismo, com praias atrativas e temperaturas m\u00e9dias em torno de 25\u00b0C a 28\u00b0C.<\/p>\n<p>J\u00e1 no sert\u00e3o, o cen\u00e1rio \u00e9 bastante diferente. A regi\u00e3o semi\u00e1rida \u00e9 marcada por longos per\u00edodos de estiagem, solos pobres e vegeta\u00e7\u00e3o adaptada \u00e0 escassez de \u00e1gua, como a caatinga. Munic\u00edpios do interior, como Juazeiro do Norte (CE) e Mossor\u00f3 (RN), enfrentam desafios di\u00e1rios relacionados \u00e0 escassez h\u00eddrica, agricultura limitada e altos \u00edndices de evapora\u00e7\u00e3o. Chuvas irregulares e mal distribu\u00eddas tornam a conviv\u00eancia com o clima seco um fator determinante para a economia e a vida social da popula\u00e7\u00e3o.<\/p>\n<p>O contraste clim\u00e1tico da regi\u00e3o tamb\u00e9m influencia a cultura local. Enquanto o litoral exibe uma culin\u00e1ria baseada em peixes, frutos do mar e pratos frescos, o sert\u00e3o desenvolveu receitas com ingredientes resistentes \u00e0 seca, como a mandioca, feij\u00e3o-de-corda e carne-seca. Festas tradicionais e adapta\u00e7\u00f5es sociais refletem a conviv\u00eancia com o clima, evidenciando a resili\u00eancia das comunidades nordestinas.<\/p>\n<p>Especialistas alertam que as mudan\u00e7as clim\u00e1ticas podem acentuar essas diferen\u00e7as, intensificando per\u00edodos de seca no sert\u00e3o e alterando o regime de chuvas no litoral. Projetos de gest\u00e3o h\u00eddrica, reflorestamento e t\u00e9cnicas de agricultura adaptativa s\u00e3o apontados como solu\u00e7\u00f5es essenciais para enfrentar os desafios impostos pelo clima.<\/p>\n<p>O Nordeste, portanto, \u00e9 um territ\u00f3rio de contrastes marcantes, onde a natureza e a cultura se moldam de formas distintas, dependendo da proximidade com o mar ou da aridez do sert\u00e3o. Compreender essas diferen\u00e7as \u00e9 fundamental para o desenvolvimento sustent\u00e1vel e a preserva\u00e7\u00e3o do patrim\u00f4nio natural e humano da regi\u00e3o.<\/p>\n","protected":false},"excerpt":{"rendered":"<p>O Nordeste brasileiro \u00e9 conhecido por sua diversidade clim\u00e1tica, que varia drasticamente do litoral \u00e0 regi\u00e3o interiorana. Enquanto as praias e cidades costeiras desfrutam de um clima mais \u00famido e temperaturas amenas, o sert\u00e3o enfrenta longos per\u00edodos de seca e um clima semi\u00e1rido que desafia a vida cotidiana de seus habitantes. No litoral, o clima [&hellip;]<\/p>\n","protected":false},"author":2,"featured_media":387006,"comment_status":"closed","ping_status":"closed","sticky":false,"template":"","format":"standard","meta":{"_acf_changed":false,"footnotes":""},"categories":[165],"tags":[],"class_list":["post-387005","post","type-post","status-publish","format-standard","has-post-thumbnail","hentry","category-nordeste"],"acf":[],"yoast_head":"<!-- This site is optimized with the Yoast SEO plugin v27.2 - https:\/\/yoast.com\/product\/yoast-seo-wordpress\/ -->\n<title>Clima no Nordeste contrasta sert\u00e3o seco com litoral \u00famido - Notibras<\/title>\n<meta name=\"robots\" content=\"index, follow, max-snippet:-1, max-image-preview:large, max-video-preview:-1\" \/>\n<link rel=\"canonical\" href=\"https:\/\/www.notibras.com\/site\/clima-no-nordeste-contrasta-sertao-seco-com-litoral-umido\/\" \/>\n<meta property=\"og:locale\" content=\"pt_BR\" \/>\n<meta property=\"og:type\" content=\"article\" \/>\n<meta property=\"og:title\" content=\"Clima no Nordeste contrasta sert\u00e3o seco com litoral \u00famido - Notibras\" \/>\n<meta property=\"og:description\" content=\"O Nordeste brasileiro \u00e9 conhecido por sua diversidade clim\u00e1tica, que varia drasticamente do litoral \u00e0 regi\u00e3o interiorana. Enquanto as praias e cidades costeiras desfrutam de um clima mais \u00famido e temperaturas amenas, o sert\u00e3o enfrenta longos per\u00edodos de seca e um clima semi\u00e1rido que desafia a vida cotidiana de seus habitantes. No litoral, o clima [&hellip;]\" \/>\n<meta property=\"og:url\" content=\"https:\/\/www.notibras.com\/site\/clima-no-nordeste-contrasta-sertao-seco-com-litoral-umido\/\" \/>\n<meta property=\"og:site_name\" content=\"Notibras\" \/>\n<meta property=\"article:publisher\" content=\"https:\/\/www.facebook.com\/notibras\/\" \/>\n<meta property=\"article:published_time\" content=\"2026-03-14T03:57:56+00:00\" \/>\n<meta property=\"article:modified_time\" content=\"2026-03-14T13:59:40+00:00\" \/>\n<meta property=\"og:image\" content=\"https:\/\/www.notibras.com\/site\/wp-content\/uploads\/2026\/03\/8083bc2a-00d0-4419-8361-f342e093032a.jpg\" \/>\n\t<meta property=\"og:image:width\" content=\"600\" \/>\n\t<meta property=\"og:image:height\" content=\"401\" \/>\n\t<meta property=\"og:image:type\" content=\"image\/jpeg\" \/>\n<meta name=\"author\" content=\"Reda\u00e7\u00e3o\" \/>\n<meta name=\"twitter:card\" content=\"summary_large_image\" \/>\n<meta name=\"twitter:creator\" content=\"@Notibras\" \/>\n<meta name=\"twitter:site\" content=\"@Notibras\" \/>\n<meta name=\"twitter:label1\" content=\"Escrito por\" \/>\n\t<meta name=\"twitter:data1\" content=\"Reda\u00e7\u00e3o\" \/>\n\t<meta name=\"twitter:label2\" content=\"Est. tempo de leitura\" \/>\n\t<meta name=\"twitter:data2\" content=\"3 minutos\" \/>\n<script type=\"application\/ld+json\" class=\"yoast-schema-graph\">{\"@context\":\"https:\/\/schema.org\",\"@graph\":[{\"@type\":\"Article\",\"@id\":\"https:\/\/www.notibras.com\/site\/clima-no-nordeste-contrasta-sertao-seco-com-litoral-umido\/#article\",\"isPartOf\":{\"@id\":\"https:\/\/www.notibras.com\/site\/clima-no-nordeste-contrasta-sertao-seco-com-litoral-umido\/\"},\"author\":{\"name\":\"Reda\u00e7\u00e3o\",\"@id\":\"https:\/\/www.notibras.com\/site\/#\/schema\/person\/36ab0979449956132d3e5b517ea76ac8\"},\"headline\":\"Clima no Nordeste contrasta sert\u00e3o seco com litoral \u00famido\",\"datePublished\":\"2026-03-14T03:57:56+00:00\",\"dateModified\":\"2026-03-14T13:59:40+00:00\",\"mainEntityOfPage\":{\"@id\":\"https:\/\/www.notibras.com\/site\/clima-no-nordeste-contrasta-sertao-seco-com-litoral-umido\/\"},\"wordCount\":398,\"publisher\":{\"@id\":\"https:\/\/www.notibras.com\/site\/#organization\"},\"image\":{\"@id\":\"https:\/\/www.notibras.com\/site\/clima-no-nordeste-contrasta-sertao-seco-com-litoral-umido\/#primaryimage\"},\"thumbnailUrl\":\"https:\/\/www.notibras.com\/site\/wp-content\/uploads\/2026\/03\/8083bc2a-00d0-4419-8361-f342e093032a.jpg\",\"articleSection\":[\"Nordeste\"],\"inLanguage\":\"pt-BR\"},{\"@type\":\"WebPage\",\"@id\":\"https:\/\/www.notibras.com\/site\/clima-no-nordeste-contrasta-sertao-seco-com-litoral-umido\/\",\"url\":\"https:\/\/www.notibras.com\/site\/clima-no-nordeste-contrasta-sertao-seco-com-litoral-umido\/\",\"name\":\"Clima no Nordeste contrasta sert\u00e3o seco com litoral \u00famido - Notibras\",\"isPartOf\":{\"@id\":\"https:\/\/www.notibras.com\/site\/#website\"},\"primaryImageOfPage\":{\"@id\":\"https:\/\/www.notibras.com\/site\/clima-no-nordeste-contrasta-sertao-seco-com-litoral-umido\/#primaryimage\"},\"image\":{\"@id\":\"https:\/\/www.notibras.com\/site\/clima-no-nordeste-contrasta-sertao-seco-com-litoral-umido\/#primaryimage\"},\"thumbnailUrl\":\"https:\/\/www.notibras.com\/site\/wp-content\/uploads\/2026\/03\/8083bc2a-00d0-4419-8361-f342e093032a.jpg\",\"datePublished\":\"2026-03-14T03:57:56+00:00\",\"dateModified\":\"2026-03-14T13:59:40+00:00\",\"breadcrumb\":{\"@id\":\"https:\/\/www.notibras.com\/site\/clima-no-nordeste-contrasta-sertao-seco-com-litoral-umido\/#breadcrumb\"},\"inLanguage\":\"pt-BR\",\"potentialAction\":[{\"@type\":\"ReadAction\",\"target\":[\"https:\/\/www.notibras.com\/site\/clima-no-nordeste-contrasta-sertao-seco-com-litoral-umido\/\"]}]},{\"@type\":\"ImageObject\",\"inLanguage\":\"pt-BR\",\"@id\":\"https:\/\/www.notibras.com\/site\/clima-no-nordeste-contrasta-sertao-seco-com-litoral-umido\/#primaryimage\",\"url\":\"https:\/\/www.notibras.com\/site\/wp-content\/uploads\/2026\/03\/8083bc2a-00d0-4419-8361-f342e093032a.jpg\",\"contentUrl\":\"https:\/\/www.notibras.com\/site\/wp-content\/uploads\/2026\/03\/8083bc2a-00d0-4419-8361-f342e093032a.jpg\",\"width\":600,\"height\":401},{\"@type\":\"BreadcrumbList\",\"@id\":\"https:\/\/www.notibras.com\/site\/clima-no-nordeste-contrasta-sertao-seco-com-litoral-umido\/#breadcrumb\",\"itemListElement\":[{\"@type\":\"ListItem\",\"position\":1,\"name\":\"In\u00edcio\",\"item\":\"https:\/\/www.notibras.com\/site\/\"},{\"@type\":\"ListItem\",\"position\":2,\"name\":\"Clima no Nordeste contrasta sert\u00e3o seco com litoral \u00famido\"}]},{\"@type\":\"WebSite\",\"@id\":\"https:\/\/www.notibras.com\/site\/#website\",\"url\":\"https:\/\/www.notibras.com\/site\/\",\"name\":\"Notibras\",\"description\":\"Not\u00edcias de Bras\u00edlia, do Brasil e do Mundo\",\"publisher\":{\"@id\":\"https:\/\/www.notibras.com\/site\/#organization\"},\"potentialAction\":[{\"@type\":\"SearchAction\",\"target\":{\"@type\":\"EntryPoint\",\"urlTemplate\":\"https:\/\/www.notibras.com\/site\/?s={search_term_string}\"},\"query-input\":{\"@type\":\"PropertyValueSpecification\",\"valueRequired\":true,\"valueName\":\"search_term_string\"}}],\"inLanguage\":\"pt-BR\"},{\"@type\":\"Organization\",\"@id\":\"https:\/\/www.notibras.com\/site\/#organization\",\"name\":\"Grupo Notibras de Comunica\u00e7\u00e3o\",\"url\":\"https:\/\/www.notibras.com\/site\/\",\"logo\":{\"@type\":\"ImageObject\",\"inLanguage\":\"pt-BR\",\"@id\":\"https:\/\/www.notibras.com\/site\/#\/schema\/logo\/image\/\",\"url\":\"https:\/\/www.notibras.com\/site\/wp-content\/uploads\/2023\/01\/notibras23.png\",\"contentUrl\":\"https:\/\/www.notibras.com\/site\/wp-content\/uploads\/2023\/01\/notibras23.png\",\"width\":350,\"height\":87,\"caption\":\"Grupo Notibras de Comunica\u00e7\u00e3o\"},\"image\":{\"@id\":\"https:\/\/www.notibras.com\/site\/#\/schema\/logo\/image\/\"},\"sameAs\":[\"https:\/\/www.facebook.com\/notibras\/\",\"https:\/\/x.com\/Notibras\",\"https:\/\/www.instagram.com\/notibras\/\"]},{\"@type\":\"Person\",\"@id\":\"https:\/\/www.notibras.com\/site\/#\/schema\/person\/36ab0979449956132d3e5b517ea76ac8\",\"name\":\"Reda\u00e7\u00e3o\",\"image\":{\"@type\":\"ImageObject\",\"inLanguage\":\"pt-BR\",\"@id\":\"https:\/\/secure.gravatar.com\/avatar\/e0a867bdedb85fd243eadf09663511f96fc81e0720a4a42581f334ad4303aa6b?s=96&d=mm&r=g\",\"url\":\"https:\/\/secure.gravatar.com\/avatar\/e0a867bdedb85fd243eadf09663511f96fc81e0720a4a42581f334ad4303aa6b?s=96&d=mm&r=g\",\"contentUrl\":\"https:\/\/secure.gravatar.com\/avatar\/e0a867bdedb85fd243eadf09663511f96fc81e0720a4a42581f334ad4303aa6b?s=96&d=mm&r=g\",\"caption\":\"Reda\u00e7\u00e3o\"}}]}<\/script>\n<!-- \/ Yoast SEO plugin. -->","yoast_head_json":{"title":"Clima no Nordeste contrasta sert\u00e3o seco com litoral \u00famido - Notibras","robots":{"index":"index","follow":"follow","max-snippet":"max-snippet:-1","max-image-preview":"max-image-preview:large","max-video-preview":"max-video-preview:-1"},"canonical":"https:\/\/www.notibras.com\/site\/clima-no-nordeste-contrasta-sertao-seco-com-litoral-umido\/","og_locale":"pt_BR","og_type":"article","og_title":"Clima no Nordeste contrasta sert\u00e3o seco com litoral \u00famido - Notibras","og_description":"O Nordeste brasileiro \u00e9 conhecido por sua diversidade clim\u00e1tica, que varia drasticamente do litoral \u00e0 regi\u00e3o interiorana. Enquanto as praias e cidades costeiras desfrutam de um clima mais \u00famido e temperaturas amenas, o sert\u00e3o enfrenta longos per\u00edodos de seca e um clima semi\u00e1rido que desafia a vida cotidiana de seus habitantes. No litoral, o clima [&hellip;]","og_url":"https:\/\/www.notibras.com\/site\/clima-no-nordeste-contrasta-sertao-seco-com-litoral-umido\/","og_site_name":"Notibras","article_publisher":"https:\/\/www.facebook.com\/notibras\/","article_published_time":"2026-03-14T03:57:56+00:00","article_modified_time":"2026-03-14T13:59:40+00:00","og_image":[{"width":600,"height":401,"url":"https:\/\/www.notibras.com\/site\/wp-content\/uploads\/2026\/03\/8083bc2a-00d0-4419-8361-f342e093032a.jpg","type":"image\/jpeg"}],"author":"Reda\u00e7\u00e3o","twitter_card":"summary_large_image","twitter_creator":"@Notibras","twitter_site":"@Notibras","twitter_misc":{"Escrito por":"Reda\u00e7\u00e3o","Est. tempo de leitura":"3 minutos"},"schema":{"@context":"https:\/\/schema.org","@graph":[{"@type":"Article","@id":"https:\/\/www.notibras.com\/site\/clima-no-nordeste-contrasta-sertao-seco-com-litoral-umido\/#article","isPartOf":{"@id":"https:\/\/www.notibras.com\/site\/clima-no-nordeste-contrasta-sertao-seco-com-litoral-umido\/"},"author":{"name":"Reda\u00e7\u00e3o","@id":"https:\/\/www.notibras.com\/site\/#\/schema\/person\/36ab0979449956132d3e5b517ea76ac8"},"headline":"Clima no Nordeste contrasta sert\u00e3o seco com litoral \u00famido","datePublished":"2026-03-14T03:57:56+00:00","dateModified":"2026-03-14T13:59:40+00:00","mainEntityOfPage":{"@id":"https:\/\/www.notibras.com\/site\/clima-no-nordeste-contrasta-sertao-seco-com-litoral-umido\/"},"wordCount":398,"publisher":{"@id":"https:\/\/www.notibras.com\/site\/#organization"},"image":{"@id":"https:\/\/www.notibras.com\/site\/clima-no-nordeste-contrasta-sertao-seco-com-litoral-umido\/#primaryimage"},"thumbnailUrl":"https:\/\/www.notibras.com\/site\/wp-content\/uploads\/2026\/03\/8083bc2a-00d0-4419-8361-f342e093032a.jpg","articleSection":["Nordeste"],"inLanguage":"pt-BR"},{"@type":"WebPage","@id":"https:\/\/www.notibras.com\/site\/clima-no-nordeste-contrasta-sertao-seco-com-litoral-umido\/","url":"https:\/\/www.notibras.com\/site\/clima-no-nordeste-contrasta-sertao-seco-com-litoral-umido\/","name":"Clima no Nordeste contrasta sert\u00e3o seco com litoral \u00famido - Notibras","isPartOf":{"@id":"https:\/\/www.notibras.com\/site\/#website"},"primaryImageOfPage":{"@id":"https:\/\/www.notibras.com\/site\/clima-no-nordeste-contrasta-sertao-seco-com-litoral-umido\/#primaryimage"},"image":{"@id":"https:\/\/www.notibras.com\/site\/clima-no-nordeste-contrasta-sertao-seco-com-litoral-umido\/#primaryimage"},"thumbnailUrl":"https:\/\/www.notibras.com\/site\/wp-content\/uploads\/2026\/03\/8083bc2a-00d0-4419-8361-f342e093032a.jpg","datePublished":"2026-03-14T03:57:56+00:00","dateModified":"2026-03-14T13:59:40+00:00","breadcrumb":{"@id":"https:\/\/www.notibras.com\/site\/clima-no-nordeste-contrasta-sertao-seco-com-litoral-umido\/#breadcrumb"},"inLanguage":"pt-BR","potentialAction":[{"@type":"ReadAction","target":["https:\/\/www.notibras.com\/site\/clima-no-nordeste-contrasta-sertao-seco-com-litoral-umido\/"]}]},{"@type":"ImageObject","inLanguage":"pt-BR","@id":"https:\/\/www.notibras.com\/site\/clima-no-nordeste-contrasta-sertao-seco-com-litoral-umido\/#primaryimage","url":"https:\/\/www.notibras.com\/site\/wp-content\/uploads\/2026\/03\/8083bc2a-00d0-4419-8361-f342e093032a.jpg","contentUrl":"https:\/\/www.notibras.com\/site\/wp-content\/uploads\/2026\/03\/8083bc2a-00d0-4419-8361-f342e093032a.jpg","width":600,"height":401},{"@type":"BreadcrumbList","@id":"https:\/\/www.notibras.com\/site\/clima-no-nordeste-contrasta-sertao-seco-com-litoral-umido\/#breadcrumb","itemListElement":[{"@type":"ListItem","position":1,"name":"In\u00edcio","item":"https:\/\/www.notibras.com\/site\/"},{"@type":"ListItem","position":2,"name":"Clima no Nordeste contrasta sert\u00e3o seco com litoral \u00famido"}]},{"@type":"WebSite","@id":"https:\/\/www.notibras.com\/site\/#website","url":"https:\/\/www.notibras.com\/site\/","name":"Notibras","description":"Not\u00edcias de Bras\u00edlia, do Brasil e do Mundo","publisher":{"@id":"https:\/\/www.notibras.com\/site\/#organization"},"potentialAction":[{"@type":"SearchAction","target":{"@type":"EntryPoint","urlTemplate":"https:\/\/www.notibras.com\/site\/?s={search_term_string}"},"query-input":{"@type":"PropertyValueSpecification","valueRequired":true,"valueName":"search_term_string"}}],"inLanguage":"pt-BR"},{"@type":"Organization","@id":"https:\/\/www.notibras.com\/site\/#organization","name":"Grupo Notibras de Comunica\u00e7\u00e3o","url":"https:\/\/www.notibras.com\/site\/","logo":{"@type":"ImageObject","inLanguage":"pt-BR","@id":"https:\/\/www.notibras.com\/site\/#\/schema\/logo\/image\/","url":"https:\/\/www.notibras.com\/site\/wp-content\/uploads\/2023\/01\/notibras23.png","contentUrl":"https:\/\/www.notibras.com\/site\/wp-content\/uploads\/2023\/01\/notibras23.png","width":350,"height":87,"caption":"Grupo Notibras de Comunica\u00e7\u00e3o"},"image":{"@id":"https:\/\/www.notibras.com\/site\/#\/schema\/logo\/image\/"},"sameAs":["https:\/\/www.facebook.com\/notibras\/","https:\/\/x.com\/Notibras","https:\/\/www.instagram.com\/notibras\/"]},{"@type":"Person","@id":"https:\/\/www.notibras.com\/site\/#\/schema\/person\/36ab0979449956132d3e5b517ea76ac8","name":"Reda\u00e7\u00e3o","image":{"@type":"ImageObject","inLanguage":"pt-BR","@id":"https:\/\/secure.gravatar.com\/avatar\/e0a867bdedb85fd243eadf09663511f96fc81e0720a4a42581f334ad4303aa6b?s=96&d=mm&r=g","url":"https:\/\/secure.gravatar.com\/avatar\/e0a867bdedb85fd243eadf09663511f96fc81e0720a4a42581f334ad4303aa6b?s=96&d=mm&r=g","contentUrl":"https:\/\/secure.gravatar.com\/avatar\/e0a867bdedb85fd243eadf09663511f96fc81e0720a4a42581f334ad4303aa6b?s=96&d=mm&r=g","caption":"Reda\u00e7\u00e3o"}}]}},"amp_enabled":true,"_links":{"self":[{"href":"https:\/\/www.notibras.com\/site\/wp-json\/wp\/v2\/posts\/387005","targetHints":{"allow":["GET"]}}],"collection":[{"href":"https:\/\/www.notibras.com\/site\/wp-json\/wp\/v2\/posts"}],"about":[{"href":"https:\/\/www.notibras.com\/site\/wp-json\/wp\/v2\/types\/post"}],"author":[{"embeddable":true,"href":"https:\/\/www.notibras.com\/site\/wp-json\/wp\/v2\/users\/2"}],"replies":[{"embeddable":true,"href":"https:\/\/www.notibras.com\/site\/wp-json\/wp\/v2\/comments?post=387005"}],"version-history":[{"count":1,"href":"https:\/\/www.notibras.com\/site\/wp-json\/wp\/v2\/posts\/387005\/revisions"}],"predecessor-version":[{"id":387007,"href":"https:\/\/www.notibras.com\/site\/wp-json\/wp\/v2\/posts\/387005\/revisions\/387007"}],"wp:featuredmedia":[{"embeddable":true,"href":"https:\/\/www.notibras.com\/site\/wp-json\/wp\/v2\/media\/387006"}],"wp:attachment":[{"href":"https:\/\/www.notibras.com\/site\/wp-json\/wp\/v2\/media?parent=387005"}],"wp:term":[{"taxonomy":"category","embeddable":true,"href":"https:\/\/www.notibras.com\/site\/wp-json\/wp\/v2\/categories?post=387005"},{"taxonomy":"post_tag","embeddable":true,"href":"https:\/\/www.notibras.com\/site\/wp-json\/wp\/v2\/tags?post=387005"}],"curies":[{"name":"wp","href":"https:\/\/api.w.org\/{rel}","templated":true}]}}