{"id":387014,"date":"2026-03-15T01:00:33","date_gmt":"2026-03-15T04:00:33","guid":{"rendered":"https:\/\/www.notibras.com\/site\/?p=387014"},"modified":"2026-03-14T14:57:18","modified_gmt":"2026-03-14T17:57:18","slug":"a-jornada-de-superacao-de-fabiola-pessoa-que-recebeu-um-novo-coracao","status":"publish","type":"post","link":"https:\/\/www.notibras.com\/site\/a-jornada-de-superacao-de-fabiola-pessoa-que-recebeu-um-novo-coracao\/","title":{"rendered":"A jornada de supera\u00e7\u00e3o de Fab\u00edola Pessoa, que recebeu um novo cora\u00e7\u00e3o"},"content":{"rendered":"<p>Um &#8220;novo sopro de vida&#8221;. \u00c9 assim que Fab\u00edola Pessoa, de 41 anos, descreve a sensa\u00e7\u00e3o de renascimento ap\u00f3s completar um m\u00eas de transplante card\u00edaco nesta sexta-feira (13). Para a moradora do Distrito Federal, a cirurgia bem-sucedida representa o fim de um ciclo de cinco anos de sofrimento e a chance de planejar um futuro que, at\u00e9 pouco tempo atr\u00e1s, parecia incerto.<\/p>\n<p>A luta de Fab\u00edola come\u00e7ou em fevereiro de 2021, quando sofreu um infarto grave durante a gesta\u00e7\u00e3o. O epis\u00f3dio traum\u00e1tico resultou na perda de seu beb\u00ea, o pequeno Leo, e deixou sequelas severas em sua sa\u00fade. Diagnosticada com insufici\u00eancia card\u00edaca grave, ela passou a viver sob monitoramento m\u00e9dico constante, enfrentando limita\u00e7\u00f5es f\u00edsicas que transformavam tarefas simples em grandes desafios.<\/p>\n<p>Durante quatro anos, o tratamento foi intenso e complexo. Sob os cuidados do cardiologista Vitor Barzilai, Fab\u00edola precisou implantar tr\u00eas stents para manter o fluxo sangu\u00edneo e chegou a utilizar a ECMO (Oxigena\u00e7\u00e3o por Membrana Extracorp\u00f3rea). Esse suporte avan\u00e7ado funcionou como um cora\u00e7\u00e3o e pulm\u00e3o artificiais, permitindo que seus \u00f3rg\u00e3os descansassem enquanto o sistema oxigenava o sangue fora do corpo.<\/p>\n<p>A situa\u00e7\u00e3o, que j\u00e1 era delicada, tornou-se cr\u00edtica no in\u00edcio de 2025. Uma infec\u00e7\u00e3o inesperada, causada por uma picada de aranha, agravou severamente seu quadro cl\u00ednico. Diante da incapacidade do cora\u00e7\u00e3o de bombear sangue adequadamente, a equipe m\u00e9dica concluiu que o transplante era a \u00fanica alternativa restante para garantir a sobreviv\u00eancia da paciente.<\/p>\n<p>Fab\u00edola j\u00e1 estava na fila de espera desde setembro de 2025, mas a piora em janeiro deste ano a colocou na lista de prioridade. A espera angustiante entre &#8220;medo e f\u00e9&#8221;, como ela mesma define, durou tr\u00eas semanas at\u00e9 que o telefone finalmente tocou. O doador compat\u00edvel foi localizado em S\u00e3o Mateus, no Esp\u00edrito Santo, desencadeando uma opera\u00e7\u00e3o log\u00edstica interestadual.<\/p>\n<p>No dia 13 de fevereiro, o novo cora\u00e7\u00e3o chegou ao Hospital Bras\u00edlia \u00e0s 9h, transportado com o apoio fundamental do helic\u00f3ptero da Pol\u00edcia Civil do DF. A cirurgia foi realizada imediatamente e a recupera\u00e7\u00e3o de Fab\u00edola surpreendeu a equipe m\u00e9dica. Apenas duas semanas ap\u00f3s o procedimento, no dia 27 de fevereiro, ela recebeu alta para terminar a recupera\u00e7\u00e3o em casa.<\/p>\n<p>Livre das dores e das limita\u00e7\u00f5es funcionais que a acompanharam por meia d\u00e9cada, Fab\u00edola agora celebra a retomada de sua autonomia. &#8220;Agora \u00e9 como se tudo fosse poss\u00edvel. Voltei a fazer coisas simples sem cansa\u00e7o&#8221;, comemora. A gratid\u00e3o pela nova fase \u00e9 acompanhada pela lembran\u00e7a do filho e pela consci\u00eancia de que sua vida hoje depende da generosidade de desconhecidos.<\/p>\n<p>No encerramento dessa jornada, a paciente faz um apelo emocionado \u00e0 conscientiza\u00e7\u00e3o sobre a doa\u00e7\u00e3o de \u00f3rg\u00e3os. Ela destaca que sua sobreviv\u00eancia s\u00f3 foi poss\u00edvel gra\u00e7as a uma fam\u00edlia que, mesmo em meio ao luto, teve a coragem de dizer &#8220;sim&#8221;. Para Fab\u00edola, esse ato de amor \u00e9 o que permite perpetuar a vida e dar esperan\u00e7a a quem ainda aguarda por um milagre.<\/p>\n","protected":false},"excerpt":{"rendered":"<p>Um &#8220;novo sopro de vida&#8221;. \u00c9 assim que Fab\u00edola Pessoa, de 41 anos, descreve a sensa\u00e7\u00e3o de renascimento ap\u00f3s completar um m\u00eas de transplante card\u00edaco nesta sexta-feira (13). Para a moradora do Distrito Federal, a cirurgia bem-sucedida representa o fim de um ciclo de cinco anos de sofrimento e a chance de planejar um futuro [&hellip;]<\/p>\n","protected":false},"author":21,"featured_media":387015,"comment_status":"closed","ping_status":"closed","sticky":false,"template":"","format":"standard","meta":{"_acf_changed":false,"footnotes":""},"categories":[161],"tags":[],"class_list":["post-387014","post","type-post","status-publish","format-standard","has-post-thumbnail","hentry","category-quadradinho-em-foco"],"acf":[],"yoast_head":"<!-- This site is optimized with the Yoast SEO plugin v27.2 - https:\/\/yoast.com\/product\/yoast-seo-wordpress\/ -->\n<title>A jornada de supera\u00e7\u00e3o de Fab\u00edola Pessoa, que recebeu um novo cora\u00e7\u00e3o - Notibras<\/title>\n<meta name=\"robots\" content=\"index, follow, max-snippet:-1, max-image-preview:large, max-video-preview:-1\" \/>\n<link rel=\"canonical\" href=\"https:\/\/www.notibras.com\/site\/a-jornada-de-superacao-de-fabiola-pessoa-que-recebeu-um-novo-coracao\/\" \/>\n<meta property=\"og:locale\" content=\"pt_BR\" \/>\n<meta property=\"og:type\" content=\"article\" \/>\n<meta property=\"og:title\" content=\"A jornada de supera\u00e7\u00e3o de Fab\u00edola Pessoa, que recebeu um novo cora\u00e7\u00e3o - Notibras\" \/>\n<meta property=\"og:description\" content=\"Um &#8220;novo sopro de vida&#8221;. \u00c9 assim que Fab\u00edola Pessoa, de 41 anos, descreve a sensa\u00e7\u00e3o de renascimento ap\u00f3s completar um m\u00eas de transplante card\u00edaco nesta sexta-feira (13). Para a moradora do Distrito Federal, a cirurgia bem-sucedida representa o fim de um ciclo de cinco anos de sofrimento e a chance de planejar um futuro [&hellip;]\" \/>\n<meta property=\"og:url\" content=\"https:\/\/www.notibras.com\/site\/a-jornada-de-superacao-de-fabiola-pessoa-que-recebeu-um-novo-coracao\/\" \/>\n<meta property=\"og:site_name\" content=\"Notibras\" \/>\n<meta property=\"article:publisher\" content=\"https:\/\/www.facebook.com\/notibras\/\" \/>\n<meta property=\"article:published_time\" content=\"2026-03-15T04:00:33+00:00\" \/>\n<meta property=\"og:image\" content=\"https:\/\/www.notibras.com\/site\/wp-content\/uploads\/2026\/03\/WhatsApp-Image-2026-03-14-at-14.55.50.jpeg\" \/>\n\t<meta property=\"og:image:width\" content=\"984\" \/>\n\t<meta property=\"og:image:height\" content=\"738\" \/>\n\t<meta property=\"og:image:type\" content=\"image\/jpeg\" \/>\n<meta name=\"author\" content=\"Eduardo Mart\u00ednez\" \/>\n<meta name=\"twitter:card\" content=\"summary_large_image\" \/>\n<meta name=\"twitter:creator\" content=\"@Notibras\" \/>\n<meta name=\"twitter:site\" content=\"@Notibras\" \/>\n<meta name=\"twitter:label1\" content=\"Escrito por\" \/>\n\t<meta name=\"twitter:data1\" content=\"Eduardo Mart\u00ednez\" \/>\n\t<meta name=\"twitter:label2\" content=\"Est. tempo de leitura\" \/>\n\t<meta name=\"twitter:data2\" content=\"3 minutos\" \/>\n<script type=\"application\/ld+json\" class=\"yoast-schema-graph\">{\"@context\":\"https:\/\/schema.org\",\"@graph\":[{\"@type\":\"Article\",\"@id\":\"https:\/\/www.notibras.com\/site\/a-jornada-de-superacao-de-fabiola-pessoa-que-recebeu-um-novo-coracao\/#article\",\"isPartOf\":{\"@id\":\"https:\/\/www.notibras.com\/site\/a-jornada-de-superacao-de-fabiola-pessoa-que-recebeu-um-novo-coracao\/\"},\"author\":{\"name\":\"Eduardo Mart\u00ednez\",\"@id\":\"https:\/\/www.notibras.com\/site\/#\/schema\/person\/5b7fabf2aedc3ada2105f03b22b4d3dd\"},\"headline\":\"A jornada de supera\u00e7\u00e3o de Fab\u00edola Pessoa, que recebeu um novo cora\u00e7\u00e3o\",\"datePublished\":\"2026-03-15T04:00:33+00:00\",\"mainEntityOfPage\":{\"@id\":\"https:\/\/www.notibras.com\/site\/a-jornada-de-superacao-de-fabiola-pessoa-que-recebeu-um-novo-coracao\/\"},\"wordCount\":548,\"publisher\":{\"@id\":\"https:\/\/www.notibras.com\/site\/#organization\"},\"image\":{\"@id\":\"https:\/\/www.notibras.com\/site\/a-jornada-de-superacao-de-fabiola-pessoa-que-recebeu-um-novo-coracao\/#primaryimage\"},\"thumbnailUrl\":\"https:\/\/www.notibras.com\/site\/wp-content\/uploads\/2026\/03\/WhatsApp-Image-2026-03-14-at-14.55.50.jpeg\",\"articleSection\":[\"Quadradinho em Foco\"],\"inLanguage\":\"pt-BR\"},{\"@type\":\"WebPage\",\"@id\":\"https:\/\/www.notibras.com\/site\/a-jornada-de-superacao-de-fabiola-pessoa-que-recebeu-um-novo-coracao\/\",\"url\":\"https:\/\/www.notibras.com\/site\/a-jornada-de-superacao-de-fabiola-pessoa-que-recebeu-um-novo-coracao\/\",\"name\":\"A jornada de supera\u00e7\u00e3o de Fab\u00edola Pessoa, que recebeu um novo cora\u00e7\u00e3o - Notibras\",\"isPartOf\":{\"@id\":\"https:\/\/www.notibras.com\/site\/#website\"},\"primaryImageOfPage\":{\"@id\":\"https:\/\/www.notibras.com\/site\/a-jornada-de-superacao-de-fabiola-pessoa-que-recebeu-um-novo-coracao\/#primaryimage\"},\"image\":{\"@id\":\"https:\/\/www.notibras.com\/site\/a-jornada-de-superacao-de-fabiola-pessoa-que-recebeu-um-novo-coracao\/#primaryimage\"},\"thumbnailUrl\":\"https:\/\/www.notibras.com\/site\/wp-content\/uploads\/2026\/03\/WhatsApp-Image-2026-03-14-at-14.55.50.jpeg\",\"datePublished\":\"2026-03-15T04:00:33+00:00\",\"breadcrumb\":{\"@id\":\"https:\/\/www.notibras.com\/site\/a-jornada-de-superacao-de-fabiola-pessoa-que-recebeu-um-novo-coracao\/#breadcrumb\"},\"inLanguage\":\"pt-BR\",\"potentialAction\":[{\"@type\":\"ReadAction\",\"target\":[\"https:\/\/www.notibras.com\/site\/a-jornada-de-superacao-de-fabiola-pessoa-que-recebeu-um-novo-coracao\/\"]}]},{\"@type\":\"ImageObject\",\"inLanguage\":\"pt-BR\",\"@id\":\"https:\/\/www.notibras.com\/site\/a-jornada-de-superacao-de-fabiola-pessoa-que-recebeu-um-novo-coracao\/#primaryimage\",\"url\":\"https:\/\/www.notibras.com\/site\/wp-content\/uploads\/2026\/03\/WhatsApp-Image-2026-03-14-at-14.55.50.jpeg\",\"contentUrl\":\"https:\/\/www.notibras.com\/site\/wp-content\/uploads\/2026\/03\/WhatsApp-Image-2026-03-14-at-14.55.50.jpeg\",\"width\":984,\"height\":738},{\"@type\":\"BreadcrumbList\",\"@id\":\"https:\/\/www.notibras.com\/site\/a-jornada-de-superacao-de-fabiola-pessoa-que-recebeu-um-novo-coracao\/#breadcrumb\",\"itemListElement\":[{\"@type\":\"ListItem\",\"position\":1,\"name\":\"In\u00edcio\",\"item\":\"https:\/\/www.notibras.com\/site\/\"},{\"@type\":\"ListItem\",\"position\":2,\"name\":\"A jornada de supera\u00e7\u00e3o de Fab\u00edola Pessoa, que recebeu um novo cora\u00e7\u00e3o\"}]},{\"@type\":\"WebSite\",\"@id\":\"https:\/\/www.notibras.com\/site\/#website\",\"url\":\"https:\/\/www.notibras.com\/site\/\",\"name\":\"Notibras\",\"description\":\"Not\u00edcias de Bras\u00edlia, do Brasil e do Mundo\",\"publisher\":{\"@id\":\"https:\/\/www.notibras.com\/site\/#organization\"},\"potentialAction\":[{\"@type\":\"SearchAction\",\"target\":{\"@type\":\"EntryPoint\",\"urlTemplate\":\"https:\/\/www.notibras.com\/site\/?s={search_term_string}\"},\"query-input\":{\"@type\":\"PropertyValueSpecification\",\"valueRequired\":true,\"valueName\":\"search_term_string\"}}],\"inLanguage\":\"pt-BR\"},{\"@type\":\"Organization\",\"@id\":\"https:\/\/www.notibras.com\/site\/#organization\",\"name\":\"Grupo Notibras de Comunica\u00e7\u00e3o\",\"url\":\"https:\/\/www.notibras.com\/site\/\",\"logo\":{\"@type\":\"ImageObject\",\"inLanguage\":\"pt-BR\",\"@id\":\"https:\/\/www.notibras.com\/site\/#\/schema\/logo\/image\/\",\"url\":\"https:\/\/www.notibras.com\/site\/wp-content\/uploads\/2023\/01\/notibras23.png\",\"contentUrl\":\"https:\/\/www.notibras.com\/site\/wp-content\/uploads\/2023\/01\/notibras23.png\",\"width\":350,\"height\":87,\"caption\":\"Grupo Notibras de Comunica\u00e7\u00e3o\"},\"image\":{\"@id\":\"https:\/\/www.notibras.com\/site\/#\/schema\/logo\/image\/\"},\"sameAs\":[\"https:\/\/www.facebook.com\/notibras\/\",\"https:\/\/x.com\/Notibras\",\"https:\/\/www.instagram.com\/notibras\/\"]},{\"@type\":\"Person\",\"@id\":\"https:\/\/www.notibras.com\/site\/#\/schema\/person\/5b7fabf2aedc3ada2105f03b22b4d3dd\",\"name\":\"Eduardo Mart\u00ednez\",\"image\":{\"@type\":\"ImageObject\",\"inLanguage\":\"pt-BR\",\"@id\":\"https:\/\/secure.gravatar.com\/avatar\/7902f906289926289cbcda644b5197c796b893c6ffd7b9a536a42d290f7704a0?s=96&d=mm&r=g\",\"url\":\"https:\/\/secure.gravatar.com\/avatar\/7902f906289926289cbcda644b5197c796b893c6ffd7b9a536a42d290f7704a0?s=96&d=mm&r=g\",\"contentUrl\":\"https:\/\/secure.gravatar.com\/avatar\/7902f906289926289cbcda644b5197c796b893c6ffd7b9a536a42d290f7704a0?s=96&d=mm&r=g\",\"caption\":\"Eduardo Mart\u00ednez\"}}]}<\/script>\n<!-- \/ Yoast SEO plugin. -->","yoast_head_json":{"title":"A jornada de supera\u00e7\u00e3o de Fab\u00edola Pessoa, que recebeu um novo cora\u00e7\u00e3o - Notibras","robots":{"index":"index","follow":"follow","max-snippet":"max-snippet:-1","max-image-preview":"max-image-preview:large","max-video-preview":"max-video-preview:-1"},"canonical":"https:\/\/www.notibras.com\/site\/a-jornada-de-superacao-de-fabiola-pessoa-que-recebeu-um-novo-coracao\/","og_locale":"pt_BR","og_type":"article","og_title":"A jornada de supera\u00e7\u00e3o de Fab\u00edola Pessoa, que recebeu um novo cora\u00e7\u00e3o - Notibras","og_description":"Um &#8220;novo sopro de vida&#8221;. \u00c9 assim que Fab\u00edola Pessoa, de 41 anos, descreve a sensa\u00e7\u00e3o de renascimento ap\u00f3s completar um m\u00eas de transplante card\u00edaco nesta sexta-feira (13). Para a moradora do Distrito Federal, a cirurgia bem-sucedida representa o fim de um ciclo de cinco anos de sofrimento e a chance de planejar um futuro [&hellip;]","og_url":"https:\/\/www.notibras.com\/site\/a-jornada-de-superacao-de-fabiola-pessoa-que-recebeu-um-novo-coracao\/","og_site_name":"Notibras","article_publisher":"https:\/\/www.facebook.com\/notibras\/","article_published_time":"2026-03-15T04:00:33+00:00","og_image":[{"width":984,"height":738,"url":"https:\/\/www.notibras.com\/site\/wp-content\/uploads\/2026\/03\/WhatsApp-Image-2026-03-14-at-14.55.50.jpeg","type":"image\/jpeg"}],"author":"Eduardo Mart\u00ednez","twitter_card":"summary_large_image","twitter_creator":"@Notibras","twitter_site":"@Notibras","twitter_misc":{"Escrito por":"Eduardo Mart\u00ednez","Est. tempo de leitura":"3 minutos"},"schema":{"@context":"https:\/\/schema.org","@graph":[{"@type":"Article","@id":"https:\/\/www.notibras.com\/site\/a-jornada-de-superacao-de-fabiola-pessoa-que-recebeu-um-novo-coracao\/#article","isPartOf":{"@id":"https:\/\/www.notibras.com\/site\/a-jornada-de-superacao-de-fabiola-pessoa-que-recebeu-um-novo-coracao\/"},"author":{"name":"Eduardo Mart\u00ednez","@id":"https:\/\/www.notibras.com\/site\/#\/schema\/person\/5b7fabf2aedc3ada2105f03b22b4d3dd"},"headline":"A jornada de supera\u00e7\u00e3o de Fab\u00edola Pessoa, que recebeu um novo cora\u00e7\u00e3o","datePublished":"2026-03-15T04:00:33+00:00","mainEntityOfPage":{"@id":"https:\/\/www.notibras.com\/site\/a-jornada-de-superacao-de-fabiola-pessoa-que-recebeu-um-novo-coracao\/"},"wordCount":548,"publisher":{"@id":"https:\/\/www.notibras.com\/site\/#organization"},"image":{"@id":"https:\/\/www.notibras.com\/site\/a-jornada-de-superacao-de-fabiola-pessoa-que-recebeu-um-novo-coracao\/#primaryimage"},"thumbnailUrl":"https:\/\/www.notibras.com\/site\/wp-content\/uploads\/2026\/03\/WhatsApp-Image-2026-03-14-at-14.55.50.jpeg","articleSection":["Quadradinho em Foco"],"inLanguage":"pt-BR"},{"@type":"WebPage","@id":"https:\/\/www.notibras.com\/site\/a-jornada-de-superacao-de-fabiola-pessoa-que-recebeu-um-novo-coracao\/","url":"https:\/\/www.notibras.com\/site\/a-jornada-de-superacao-de-fabiola-pessoa-que-recebeu-um-novo-coracao\/","name":"A jornada de supera\u00e7\u00e3o de Fab\u00edola Pessoa, que recebeu um novo cora\u00e7\u00e3o - Notibras","isPartOf":{"@id":"https:\/\/www.notibras.com\/site\/#website"},"primaryImageOfPage":{"@id":"https:\/\/www.notibras.com\/site\/a-jornada-de-superacao-de-fabiola-pessoa-que-recebeu-um-novo-coracao\/#primaryimage"},"image":{"@id":"https:\/\/www.notibras.com\/site\/a-jornada-de-superacao-de-fabiola-pessoa-que-recebeu-um-novo-coracao\/#primaryimage"},"thumbnailUrl":"https:\/\/www.notibras.com\/site\/wp-content\/uploads\/2026\/03\/WhatsApp-Image-2026-03-14-at-14.55.50.jpeg","datePublished":"2026-03-15T04:00:33+00:00","breadcrumb":{"@id":"https:\/\/www.notibras.com\/site\/a-jornada-de-superacao-de-fabiola-pessoa-que-recebeu-um-novo-coracao\/#breadcrumb"},"inLanguage":"pt-BR","potentialAction":[{"@type":"ReadAction","target":["https:\/\/www.notibras.com\/site\/a-jornada-de-superacao-de-fabiola-pessoa-que-recebeu-um-novo-coracao\/"]}]},{"@type":"ImageObject","inLanguage":"pt-BR","@id":"https:\/\/www.notibras.com\/site\/a-jornada-de-superacao-de-fabiola-pessoa-que-recebeu-um-novo-coracao\/#primaryimage","url":"https:\/\/www.notibras.com\/site\/wp-content\/uploads\/2026\/03\/WhatsApp-Image-2026-03-14-at-14.55.50.jpeg","contentUrl":"https:\/\/www.notibras.com\/site\/wp-content\/uploads\/2026\/03\/WhatsApp-Image-2026-03-14-at-14.55.50.jpeg","width":984,"height":738},{"@type":"BreadcrumbList","@id":"https:\/\/www.notibras.com\/site\/a-jornada-de-superacao-de-fabiola-pessoa-que-recebeu-um-novo-coracao\/#breadcrumb","itemListElement":[{"@type":"ListItem","position":1,"name":"In\u00edcio","item":"https:\/\/www.notibras.com\/site\/"},{"@type":"ListItem","position":2,"name":"A jornada de supera\u00e7\u00e3o de Fab\u00edola Pessoa, que recebeu um novo cora\u00e7\u00e3o"}]},{"@type":"WebSite","@id":"https:\/\/www.notibras.com\/site\/#website","url":"https:\/\/www.notibras.com\/site\/","name":"Notibras","description":"Not\u00edcias de Bras\u00edlia, do Brasil e do Mundo","publisher":{"@id":"https:\/\/www.notibras.com\/site\/#organization"},"potentialAction":[{"@type":"SearchAction","target":{"@type":"EntryPoint","urlTemplate":"https:\/\/www.notibras.com\/site\/?s={search_term_string}"},"query-input":{"@type":"PropertyValueSpecification","valueRequired":true,"valueName":"search_term_string"}}],"inLanguage":"pt-BR"},{"@type":"Organization","@id":"https:\/\/www.notibras.com\/site\/#organization","name":"Grupo Notibras de Comunica\u00e7\u00e3o","url":"https:\/\/www.notibras.com\/site\/","logo":{"@type":"ImageObject","inLanguage":"pt-BR","@id":"https:\/\/www.notibras.com\/site\/#\/schema\/logo\/image\/","url":"https:\/\/www.notibras.com\/site\/wp-content\/uploads\/2023\/01\/notibras23.png","contentUrl":"https:\/\/www.notibras.com\/site\/wp-content\/uploads\/2023\/01\/notibras23.png","width":350,"height":87,"caption":"Grupo Notibras de Comunica\u00e7\u00e3o"},"image":{"@id":"https:\/\/www.notibras.com\/site\/#\/schema\/logo\/image\/"},"sameAs":["https:\/\/www.facebook.com\/notibras\/","https:\/\/x.com\/Notibras","https:\/\/www.instagram.com\/notibras\/"]},{"@type":"Person","@id":"https:\/\/www.notibras.com\/site\/#\/schema\/person\/5b7fabf2aedc3ada2105f03b22b4d3dd","name":"Eduardo Mart\u00ednez","image":{"@type":"ImageObject","inLanguage":"pt-BR","@id":"https:\/\/secure.gravatar.com\/avatar\/7902f906289926289cbcda644b5197c796b893c6ffd7b9a536a42d290f7704a0?s=96&d=mm&r=g","url":"https:\/\/secure.gravatar.com\/avatar\/7902f906289926289cbcda644b5197c796b893c6ffd7b9a536a42d290f7704a0?s=96&d=mm&r=g","contentUrl":"https:\/\/secure.gravatar.com\/avatar\/7902f906289926289cbcda644b5197c796b893c6ffd7b9a536a42d290f7704a0?s=96&d=mm&r=g","caption":"Eduardo Mart\u00ednez"}}]}},"amp_enabled":true,"_links":{"self":[{"href":"https:\/\/www.notibras.com\/site\/wp-json\/wp\/v2\/posts\/387014","targetHints":{"allow":["GET"]}}],"collection":[{"href":"https:\/\/www.notibras.com\/site\/wp-json\/wp\/v2\/posts"}],"about":[{"href":"https:\/\/www.notibras.com\/site\/wp-json\/wp\/v2\/types\/post"}],"author":[{"embeddable":true,"href":"https:\/\/www.notibras.com\/site\/wp-json\/wp\/v2\/users\/21"}],"replies":[{"embeddable":true,"href":"https:\/\/www.notibras.com\/site\/wp-json\/wp\/v2\/comments?post=387014"}],"version-history":[{"count":2,"href":"https:\/\/www.notibras.com\/site\/wp-json\/wp\/v2\/posts\/387014\/revisions"}],"predecessor-version":[{"id":387017,"href":"https:\/\/www.notibras.com\/site\/wp-json\/wp\/v2\/posts\/387014\/revisions\/387017"}],"wp:featuredmedia":[{"embeddable":true,"href":"https:\/\/www.notibras.com\/site\/wp-json\/wp\/v2\/media\/387015"}],"wp:attachment":[{"href":"https:\/\/www.notibras.com\/site\/wp-json\/wp\/v2\/media?parent=387014"}],"wp:term":[{"taxonomy":"category","embeddable":true,"href":"https:\/\/www.notibras.com\/site\/wp-json\/wp\/v2\/categories?post=387014"},{"taxonomy":"post_tag","embeddable":true,"href":"https:\/\/www.notibras.com\/site\/wp-json\/wp\/v2\/tags?post=387014"}],"curies":[{"name":"wp","href":"https:\/\/api.w.org\/{rel}","templated":true}]}}