{"id":387023,"date":"2026-03-14T17:33:37","date_gmt":"2026-03-14T20:33:37","guid":{"rendered":"https:\/\/www.notibras.com\/site\/?p=387023"},"modified":"2026-03-14T17:34:39","modified_gmt":"2026-03-14T20:34:39","slug":"circo-familiar-vira-patrimonio-cultural","status":"publish","type":"post","link":"https:\/\/www.notibras.com\/site\/circo-familiar-vira-patrimonio-cultural\/","title":{"rendered":"Circo Familiar vira patrim\u00f4nio cultural"},"content":{"rendered":"<p>O Circo de Tradi\u00e7\u00e3o Familiar foi reconhecido nesta semana como Patrim\u00f4nio Cultural do Brasil pelo Conselho Consultivo do Patrim\u00f4nio Cultural, do Instituto do Patrim\u00f4nio Hist\u00f3rico e Art\u00edstico Nacional (Iphan), e vai constar no Livro de Registro das Formas de Express\u00e3o.<\/p>\n<p>Espalhada por todo o pa\u00eds, essa manifesta\u00e7\u00e3o cultural \u00e9 descrita pelo Iphan como itinerante, organizada em torno de n\u00facleos familiares e de transmiss\u00e3o oral de saberes, t\u00e9cnicas, modos de fazer e formas de conviv\u00eancia entre gera\u00e7\u00f5es.<\/p>\n<p>No entendimento do conselho consultivo, favor\u00e1vel ao registro, essa manifesta\u00e7\u00e3o cultural tem relev\u00e2ncia nacional, tanto pela for\u00e7a na promo\u00e7\u00e3o de espet\u00e1culos como pelaspr\u00e1ticas l\u00fadicas e pela mem\u00f3ria social.<\/p>\n<p><strong>Pioneirismo<\/strong><br \/>\nA decis\u00e3o tomada em reuni\u00e3o no Pal\u00e1cio Gustavo Capanema, no centro do Rio de Janeiro, na \u00faltima quarta-feira (11), est\u00e1 ligada \u00e0 luta das familias que mant\u00eam essa tradi\u00e7\u00e3o. Fundado no Paran\u00e1, em 1991, o Circo de Tradi\u00e7\u00e3o Familiar Zanchettini liderou esse processo.<\/p>\n<p>A companhia come\u00e7ou pelo trabalho de Wanda Cabral Zanchettin e Primo J\u00falio Zanchettin, e tem sido mantido ao longo do tempo pelos dez filhos e filhas do casal e seus descendentes. Desde 1993, Wanda encabe\u00e7ou a luta para que a categoria recebesse o reconhecimento que chegou mais de 30 anos depois.<\/p>\n<p>O pedido oficial de registro foi protocolado por ela no Iphan em 2005, e mobilizou fam\u00edlias circenses, associa\u00e7\u00f5es, pesquisadores e institui\u00e7\u00f5es p\u00fablicas. A decis\u00e3o desta semana, no entanto, veio ap\u00f3s a sua morte, em 2017.<\/p>\n<p>Em entrevista \u00e0 Ag\u00eancia Brasil, Edlamar Maria Cabral Zanchettin, de 68 anos, filha de Wanda e uma das herdeiras da tradi\u00e7\u00e3o, reivindica o protagonismo da fam\u00edlia nessa luta.<\/p>\n<p>\u201cFoi a nossa fam\u00edlia quem protocolou, quem trabalhou, foi a Bras\u00edlia, fez reuni\u00e3o. Tudo fomos n\u00f3s, mas fizemos na abrang\u00eancia de todos os circos brasileiros, principalmente, a nossa maior luta \u00e9 para o reconhecimento dos nossos antepassados\u201d, disse ela, que celebrou: \u201c\u00c9 como um Oscar para o circo brasileiro, porque \u00e9 para todos\u201d.<\/p>\n<p>Ela lamentou que a m\u00e3e n\u00e3o tenha testemunhado a vit\u00f3ria. \u201cLutou muito por isso, mas, infelizmente, n\u00e3o chegou a alcan\u00e7ar este momento de gl\u00f3ria. Foi a pessoa que foi na frente, nos empurrou, nos deu for\u00e7a e chegamos, gra\u00e7as a Deus, a esse reconhecimento\u201d.<\/p>\n<p><strong>Origem<\/strong><br \/>\nEm 1949, Wanda Cabral tinha 18 anos e atuava no circo de ciganos Irm\u00e3os Marques junto com a m\u00e3e e os irm\u00e3os. Naquele ano, o italiano Primo J\u00falio conheceu Wanda e se apaixonou por ela, os dois casaram e, com os parentes da mulher, montaram o Circo Teatro G\u00e1vea.<\/p>\n<p>\u201cO circo era pequeno, mas, ali, a gente aprendeu tudo. A m\u00e3e passava as t\u00e9cnicas pra gente. Ela sabia tudo sobre circo e sobre as artes\u201d, contou Erimeide Maria, de 65 anos, que destacou que a m\u00e3e cresceu imersa nessa cultura.<\/p>\n<p>Em 1991, quando o marido morreu, Wanda batizou a companhia de Zanchettini para homenage\u00e1-lo.<\/p>\n<p>\u201cO pai a acompanhou nessa trajet\u00f3ria, como artista e palha\u00e7o. Somos dez filhos, cinco mulheres e cinco homens, e a gente foi nascendo e crescendo em barracas em volta do circo\u201d, revelou Erimeide, que foi trapezista, cantora, acrobata, atriz, entre outras coisas.<\/p>\n<p>Apesar dos apertos, ela contou que a conviv\u00eancia em fam\u00edlia sempre foi boa entre os irm\u00e3os Edlamar, Erimeide, M\u00e1rcia Aparecida, Solange Maria, \u00c1urea, Silvio Marcos, S\u00e9rgio, Jaime, M\u00e1rcio e Amauri.<\/p>\n<p>\u201c\u00c9 uma luta dif\u00edcil e continua sendo para todos os circenses, muito trabalhosa, mas com a uni\u00e3o dos irm\u00e3os, m\u00e3e, pai e agregados, a gente teve sempre uma vida feliz em circo, que \u00e9 nossa grande paix\u00e3o, nosso amor\u201d, pontuou Erimeide.<\/p>\n<p><strong>Gera\u00e7\u00f5es<\/strong><br \/>\nA renova\u00e7\u00e3o no circo familiar \u00e9 constante e, atualmente, a gera\u00e7\u00e3o mais nova j\u00e1 faz parte do elenco do Zanchettini.<\/p>\n<p>\u201cOs mais novos v\u00eam chegando, e a gente vai repassando toda a hist\u00f3ria do circo, com suas nuances. Tem uma sabedoria muito forte dentro do circo, um linguajar nosso. Tudo tem um prop\u00f3sito\u201d, observou a apresentadora.<\/p>\n<p>Os mais jovens da fam\u00edlia est\u00e3o mantendo a tradi\u00e7\u00e3o e fazem suas carreiras profissionais no circo. Entre os sobrinhos, o \u00fanico que saiu do Zanchettini foi para Dubai, nos Emirados \u00c1rabes Unidos, para trabalhar tamb\u00e9m como artista circense.<\/p>\n<p>\u201c\u00c9 de gera\u00e7\u00e3o em gera\u00e7\u00e3o. Vem da minha av\u00f3, minha m\u00e3e, meu pai, nossa fam\u00edlia toda. Dez irm\u00e3os caminhando pelo mundo afora, montando e desmontando circo, enfrentando estradas, fazendo espet\u00e1culos, ensaiando, pegando terrenos cheios de barro e outros bonitos. \u00c9 uma hist\u00f3ria muito longa de uma vida toda\u201d, acrescentou Erimeide.<\/p>\n<p><strong>Dificuldades<\/strong><br \/>\nNas viagens a v\u00e1rios estados do Brasil e at\u00e9 fora do pa\u00eds, como o Paraguai, Argentina e Bol\u00edvia, Edlamar disse que uma das dificuldades do circo tradicional \u00e9 a concorr\u00eancia com apresenta\u00e7\u00f5es de celebridades e shows gratuitos.<\/p>\n<p>\u201cEsses n\u00e3o t\u00eam o circo tradicional brasileiro, do palha\u00e7o da cara pintada, do trap\u00e9zio, do globo da morte, do malabarismo, do contorcionismo. A gente leva o tradicional. N\u00e3o temos personagens, n\u00e3o temos celebridades de TV, n\u00e3o temos dinossauros. N\u00f3s somos raiz\u201d, afirmou.<\/p>\n<p>Outra quest\u00e3o s\u00e3o os custos, como impostos e taxas cobradas pelo Poder P\u00fablico. &#8220;Eles nos cobram como se f\u00f4ssemos edificados, uma farm\u00e1cia, um supermercado ou nos cobram como evento grande, n\u00e3o como cultura\u201d, reclamou a administradora. \u201cA prefeitura cobra o uso de solo, e a gente paga tudo adiantado. Se chover, a prefeitura j\u00e1 ganhou, e a gente, n\u00e3o\u201d.<\/p>\n<p>Os obst\u00e1culos s\u00e3o os mesmos enfrentados por muitos circos familiares do Brasil, e Edlamar lamentou que muitos circos pequenos e tradicionais lidam com dificuldades ainda maiores por n\u00e3o serem fam\u00edlias t\u00e3o numerosas.<\/p>\n<p>\u201cA gente j\u00e1 passou por v\u00e1rios tipos de fal\u00eancia, recuperamos tudo e recome\u00e7amos de novo. \u00c9 um amor t\u00e3o forte e um sentimento poderoso pelo circo que a gente n\u00e3o sabe de onde vem. A gente n\u00e3o conseguiria viver longe do circo\u201d, pontuou Erimeide.<\/p>\n<p>A expectativa de Edlamar \u00e9 que esse cen\u00e1rio de dificuldade financeira mude ap\u00f3s o reconhecimento.<\/p>\n<p>\u201cFica mais f\u00e1cil falar com o prefeito para ver o que ele pode fazer dentro do regulamento do Iphan. Seja um pre\u00e7o menor, um terreno da prefeitura gratuito. Esse reconhecimento n\u00e3o \u00e9 qualquer um que tem e ser\u00e1 de grande valia para n\u00f3s\u201d, avaliou.<\/p>\n","protected":false},"excerpt":{"rendered":"<p>O Circo de Tradi\u00e7\u00e3o Familiar foi reconhecido nesta semana como Patrim\u00f4nio Cultural do Brasil pelo Conselho Consultivo do Patrim\u00f4nio Cultural, do Instituto do Patrim\u00f4nio Hist\u00f3rico e Art\u00edstico Nacional (Iphan), e vai constar no Livro de Registro das Formas de Express\u00e3o. Espalhada por todo o pa\u00eds, essa manifesta\u00e7\u00e3o cultural \u00e9 descrita pelo Iphan como itinerante, organizada [&hellip;]<\/p>\n","protected":false},"author":2,"featured_media":387024,"comment_status":"closed","ping_status":"closed","sticky":false,"template":"","format":"standard","meta":{"_acf_changed":false,"footnotes":""},"categories":[155],"tags":[],"class_list":["post-387023","post","type-post","status-publish","format-standard","has-post-thumbnail","hentry","category-leitura-vip"],"acf":[],"yoast_head":"<!-- This site is optimized with the Yoast SEO plugin v27.2 - https:\/\/yoast.com\/product\/yoast-seo-wordpress\/ -->\n<title>Circo Familiar vira patrim\u00f4nio cultural - Notibras<\/title>\n<meta name=\"robots\" content=\"index, follow, max-snippet:-1, max-image-preview:large, max-video-preview:-1\" \/>\n<link rel=\"canonical\" href=\"https:\/\/www.notibras.com\/site\/circo-familiar-vira-patrimonio-cultural\/\" \/>\n<meta property=\"og:locale\" content=\"pt_BR\" \/>\n<meta property=\"og:type\" content=\"article\" \/>\n<meta property=\"og:title\" content=\"Circo Familiar vira patrim\u00f4nio cultural - Notibras\" \/>\n<meta property=\"og:description\" content=\"O Circo de Tradi\u00e7\u00e3o Familiar foi reconhecido nesta semana como Patrim\u00f4nio Cultural do Brasil pelo Conselho Consultivo do Patrim\u00f4nio Cultural, do Instituto do Patrim\u00f4nio Hist\u00f3rico e Art\u00edstico Nacional (Iphan), e vai constar no Livro de Registro das Formas de Express\u00e3o. Espalhada por todo o pa\u00eds, essa manifesta\u00e7\u00e3o cultural \u00e9 descrita pelo Iphan como itinerante, organizada [&hellip;]\" \/>\n<meta property=\"og:url\" content=\"https:\/\/www.notibras.com\/site\/circo-familiar-vira-patrimonio-cultural\/\" \/>\n<meta property=\"og:site_name\" content=\"Notibras\" \/>\n<meta property=\"article:publisher\" content=\"https:\/\/www.facebook.com\/notibras\/\" \/>\n<meta property=\"article:published_time\" content=\"2026-03-14T20:33:37+00:00\" \/>\n<meta property=\"article:modified_time\" content=\"2026-03-14T20:34:39+00:00\" \/>\n<meta property=\"og:image\" content=\"https:\/\/www.notibras.com\/site\/wp-content\/uploads\/2026\/03\/trapezistas_do_circo_zanchettini_copy.webp\" \/>\n\t<meta property=\"og:image:width\" content=\"1170\" \/>\n\t<meta property=\"og:image:height\" content=\"700\" \/>\n\t<meta property=\"og:image:type\" content=\"image\/webp\" \/>\n<meta name=\"author\" content=\"Reda\u00e7\u00e3o\" \/>\n<meta name=\"twitter:card\" content=\"summary_large_image\" \/>\n<meta name=\"twitter:creator\" content=\"@Notibras\" \/>\n<meta name=\"twitter:site\" content=\"@Notibras\" \/>\n<meta name=\"twitter:label1\" content=\"Escrito por\" \/>\n\t<meta name=\"twitter:data1\" content=\"Reda\u00e7\u00e3o\" \/>\n\t<meta name=\"twitter:label2\" content=\"Est. tempo de leitura\" \/>\n\t<meta name=\"twitter:data2\" content=\"6 minutos\" \/>\n<script type=\"application\/ld+json\" class=\"yoast-schema-graph\">{\"@context\":\"https:\/\/schema.org\",\"@graph\":[{\"@type\":\"Article\",\"@id\":\"https:\/\/www.notibras.com\/site\/circo-familiar-vira-patrimonio-cultural\/#article\",\"isPartOf\":{\"@id\":\"https:\/\/www.notibras.com\/site\/circo-familiar-vira-patrimonio-cultural\/\"},\"author\":{\"name\":\"Reda\u00e7\u00e3o\",\"@id\":\"https:\/\/www.notibras.com\/site\/#\/schema\/person\/36ab0979449956132d3e5b517ea76ac8\"},\"headline\":\"Circo Familiar vira patrim\u00f4nio cultural\",\"datePublished\":\"2026-03-14T20:33:37+00:00\",\"dateModified\":\"2026-03-14T20:34:39+00:00\",\"mainEntityOfPage\":{\"@id\":\"https:\/\/www.notibras.com\/site\/circo-familiar-vira-patrimonio-cultural\/\"},\"wordCount\":1106,\"publisher\":{\"@id\":\"https:\/\/www.notibras.com\/site\/#organization\"},\"image\":{\"@id\":\"https:\/\/www.notibras.com\/site\/circo-familiar-vira-patrimonio-cultural\/#primaryimage\"},\"thumbnailUrl\":\"https:\/\/www.notibras.com\/site\/wp-content\/uploads\/2026\/03\/trapezistas_do_circo_zanchettini_copy.webp\",\"articleSection\":[\"Leitura Vip\"],\"inLanguage\":\"pt-BR\"},{\"@type\":\"WebPage\",\"@id\":\"https:\/\/www.notibras.com\/site\/circo-familiar-vira-patrimonio-cultural\/\",\"url\":\"https:\/\/www.notibras.com\/site\/circo-familiar-vira-patrimonio-cultural\/\",\"name\":\"Circo Familiar vira patrim\u00f4nio cultural - Notibras\",\"isPartOf\":{\"@id\":\"https:\/\/www.notibras.com\/site\/#website\"},\"primaryImageOfPage\":{\"@id\":\"https:\/\/www.notibras.com\/site\/circo-familiar-vira-patrimonio-cultural\/#primaryimage\"},\"image\":{\"@id\":\"https:\/\/www.notibras.com\/site\/circo-familiar-vira-patrimonio-cultural\/#primaryimage\"},\"thumbnailUrl\":\"https:\/\/www.notibras.com\/site\/wp-content\/uploads\/2026\/03\/trapezistas_do_circo_zanchettini_copy.webp\",\"datePublished\":\"2026-03-14T20:33:37+00:00\",\"dateModified\":\"2026-03-14T20:34:39+00:00\",\"breadcrumb\":{\"@id\":\"https:\/\/www.notibras.com\/site\/circo-familiar-vira-patrimonio-cultural\/#breadcrumb\"},\"inLanguage\":\"pt-BR\",\"potentialAction\":[{\"@type\":\"ReadAction\",\"target\":[\"https:\/\/www.notibras.com\/site\/circo-familiar-vira-patrimonio-cultural\/\"]}]},{\"@type\":\"ImageObject\",\"inLanguage\":\"pt-BR\",\"@id\":\"https:\/\/www.notibras.com\/site\/circo-familiar-vira-patrimonio-cultural\/#primaryimage\",\"url\":\"https:\/\/www.notibras.com\/site\/wp-content\/uploads\/2026\/03\/trapezistas_do_circo_zanchettini_copy.webp\",\"contentUrl\":\"https:\/\/www.notibras.com\/site\/wp-content\/uploads\/2026\/03\/trapezistas_do_circo_zanchettini_copy.webp\",\"width\":1170,\"height\":700},{\"@type\":\"BreadcrumbList\",\"@id\":\"https:\/\/www.notibras.com\/site\/circo-familiar-vira-patrimonio-cultural\/#breadcrumb\",\"itemListElement\":[{\"@type\":\"ListItem\",\"position\":1,\"name\":\"In\u00edcio\",\"item\":\"https:\/\/www.notibras.com\/site\/\"},{\"@type\":\"ListItem\",\"position\":2,\"name\":\"Circo Familiar vira patrim\u00f4nio cultural\"}]},{\"@type\":\"WebSite\",\"@id\":\"https:\/\/www.notibras.com\/site\/#website\",\"url\":\"https:\/\/www.notibras.com\/site\/\",\"name\":\"Notibras\",\"description\":\"Not\u00edcias de Bras\u00edlia, do Brasil e do Mundo\",\"publisher\":{\"@id\":\"https:\/\/www.notibras.com\/site\/#organization\"},\"potentialAction\":[{\"@type\":\"SearchAction\",\"target\":{\"@type\":\"EntryPoint\",\"urlTemplate\":\"https:\/\/www.notibras.com\/site\/?s={search_term_string}\"},\"query-input\":{\"@type\":\"PropertyValueSpecification\",\"valueRequired\":true,\"valueName\":\"search_term_string\"}}],\"inLanguage\":\"pt-BR\"},{\"@type\":\"Organization\",\"@id\":\"https:\/\/www.notibras.com\/site\/#organization\",\"name\":\"Grupo Notibras de Comunica\u00e7\u00e3o\",\"url\":\"https:\/\/www.notibras.com\/site\/\",\"logo\":{\"@type\":\"ImageObject\",\"inLanguage\":\"pt-BR\",\"@id\":\"https:\/\/www.notibras.com\/site\/#\/schema\/logo\/image\/\",\"url\":\"https:\/\/www.notibras.com\/site\/wp-content\/uploads\/2023\/01\/notibras23.png\",\"contentUrl\":\"https:\/\/www.notibras.com\/site\/wp-content\/uploads\/2023\/01\/notibras23.png\",\"width\":350,\"height\":87,\"caption\":\"Grupo Notibras de Comunica\u00e7\u00e3o\"},\"image\":{\"@id\":\"https:\/\/www.notibras.com\/site\/#\/schema\/logo\/image\/\"},\"sameAs\":[\"https:\/\/www.facebook.com\/notibras\/\",\"https:\/\/x.com\/Notibras\",\"https:\/\/www.instagram.com\/notibras\/\"]},{\"@type\":\"Person\",\"@id\":\"https:\/\/www.notibras.com\/site\/#\/schema\/person\/36ab0979449956132d3e5b517ea76ac8\",\"name\":\"Reda\u00e7\u00e3o\",\"image\":{\"@type\":\"ImageObject\",\"inLanguage\":\"pt-BR\",\"@id\":\"https:\/\/secure.gravatar.com\/avatar\/e0a867bdedb85fd243eadf09663511f96fc81e0720a4a42581f334ad4303aa6b?s=96&d=mm&r=g\",\"url\":\"https:\/\/secure.gravatar.com\/avatar\/e0a867bdedb85fd243eadf09663511f96fc81e0720a4a42581f334ad4303aa6b?s=96&d=mm&r=g\",\"contentUrl\":\"https:\/\/secure.gravatar.com\/avatar\/e0a867bdedb85fd243eadf09663511f96fc81e0720a4a42581f334ad4303aa6b?s=96&d=mm&r=g\",\"caption\":\"Reda\u00e7\u00e3o\"}}]}<\/script>\n<!-- \/ Yoast SEO plugin. -->","yoast_head_json":{"title":"Circo Familiar vira patrim\u00f4nio cultural - Notibras","robots":{"index":"index","follow":"follow","max-snippet":"max-snippet:-1","max-image-preview":"max-image-preview:large","max-video-preview":"max-video-preview:-1"},"canonical":"https:\/\/www.notibras.com\/site\/circo-familiar-vira-patrimonio-cultural\/","og_locale":"pt_BR","og_type":"article","og_title":"Circo Familiar vira patrim\u00f4nio cultural - Notibras","og_description":"O Circo de Tradi\u00e7\u00e3o Familiar foi reconhecido nesta semana como Patrim\u00f4nio Cultural do Brasil pelo Conselho Consultivo do Patrim\u00f4nio Cultural, do Instituto do Patrim\u00f4nio Hist\u00f3rico e Art\u00edstico Nacional (Iphan), e vai constar no Livro de Registro das Formas de Express\u00e3o. Espalhada por todo o pa\u00eds, essa manifesta\u00e7\u00e3o cultural \u00e9 descrita pelo Iphan como itinerante, organizada [&hellip;]","og_url":"https:\/\/www.notibras.com\/site\/circo-familiar-vira-patrimonio-cultural\/","og_site_name":"Notibras","article_publisher":"https:\/\/www.facebook.com\/notibras\/","article_published_time":"2026-03-14T20:33:37+00:00","article_modified_time":"2026-03-14T20:34:39+00:00","og_image":[{"width":1170,"height":700,"url":"https:\/\/www.notibras.com\/site\/wp-content\/uploads\/2026\/03\/trapezistas_do_circo_zanchettini_copy.webp","type":"image\/webp"}],"author":"Reda\u00e7\u00e3o","twitter_card":"summary_large_image","twitter_creator":"@Notibras","twitter_site":"@Notibras","twitter_misc":{"Escrito por":"Reda\u00e7\u00e3o","Est. tempo de leitura":"6 minutos"},"schema":{"@context":"https:\/\/schema.org","@graph":[{"@type":"Article","@id":"https:\/\/www.notibras.com\/site\/circo-familiar-vira-patrimonio-cultural\/#article","isPartOf":{"@id":"https:\/\/www.notibras.com\/site\/circo-familiar-vira-patrimonio-cultural\/"},"author":{"name":"Reda\u00e7\u00e3o","@id":"https:\/\/www.notibras.com\/site\/#\/schema\/person\/36ab0979449956132d3e5b517ea76ac8"},"headline":"Circo Familiar vira patrim\u00f4nio cultural","datePublished":"2026-03-14T20:33:37+00:00","dateModified":"2026-03-14T20:34:39+00:00","mainEntityOfPage":{"@id":"https:\/\/www.notibras.com\/site\/circo-familiar-vira-patrimonio-cultural\/"},"wordCount":1106,"publisher":{"@id":"https:\/\/www.notibras.com\/site\/#organization"},"image":{"@id":"https:\/\/www.notibras.com\/site\/circo-familiar-vira-patrimonio-cultural\/#primaryimage"},"thumbnailUrl":"https:\/\/www.notibras.com\/site\/wp-content\/uploads\/2026\/03\/trapezistas_do_circo_zanchettini_copy.webp","articleSection":["Leitura Vip"],"inLanguage":"pt-BR"},{"@type":"WebPage","@id":"https:\/\/www.notibras.com\/site\/circo-familiar-vira-patrimonio-cultural\/","url":"https:\/\/www.notibras.com\/site\/circo-familiar-vira-patrimonio-cultural\/","name":"Circo Familiar vira patrim\u00f4nio cultural - Notibras","isPartOf":{"@id":"https:\/\/www.notibras.com\/site\/#website"},"primaryImageOfPage":{"@id":"https:\/\/www.notibras.com\/site\/circo-familiar-vira-patrimonio-cultural\/#primaryimage"},"image":{"@id":"https:\/\/www.notibras.com\/site\/circo-familiar-vira-patrimonio-cultural\/#primaryimage"},"thumbnailUrl":"https:\/\/www.notibras.com\/site\/wp-content\/uploads\/2026\/03\/trapezistas_do_circo_zanchettini_copy.webp","datePublished":"2026-03-14T20:33:37+00:00","dateModified":"2026-03-14T20:34:39+00:00","breadcrumb":{"@id":"https:\/\/www.notibras.com\/site\/circo-familiar-vira-patrimonio-cultural\/#breadcrumb"},"inLanguage":"pt-BR","potentialAction":[{"@type":"ReadAction","target":["https:\/\/www.notibras.com\/site\/circo-familiar-vira-patrimonio-cultural\/"]}]},{"@type":"ImageObject","inLanguage":"pt-BR","@id":"https:\/\/www.notibras.com\/site\/circo-familiar-vira-patrimonio-cultural\/#primaryimage","url":"https:\/\/www.notibras.com\/site\/wp-content\/uploads\/2026\/03\/trapezistas_do_circo_zanchettini_copy.webp","contentUrl":"https:\/\/www.notibras.com\/site\/wp-content\/uploads\/2026\/03\/trapezistas_do_circo_zanchettini_copy.webp","width":1170,"height":700},{"@type":"BreadcrumbList","@id":"https:\/\/www.notibras.com\/site\/circo-familiar-vira-patrimonio-cultural\/#breadcrumb","itemListElement":[{"@type":"ListItem","position":1,"name":"In\u00edcio","item":"https:\/\/www.notibras.com\/site\/"},{"@type":"ListItem","position":2,"name":"Circo Familiar vira patrim\u00f4nio cultural"}]},{"@type":"WebSite","@id":"https:\/\/www.notibras.com\/site\/#website","url":"https:\/\/www.notibras.com\/site\/","name":"Notibras","description":"Not\u00edcias de Bras\u00edlia, do Brasil e do Mundo","publisher":{"@id":"https:\/\/www.notibras.com\/site\/#organization"},"potentialAction":[{"@type":"SearchAction","target":{"@type":"EntryPoint","urlTemplate":"https:\/\/www.notibras.com\/site\/?s={search_term_string}"},"query-input":{"@type":"PropertyValueSpecification","valueRequired":true,"valueName":"search_term_string"}}],"inLanguage":"pt-BR"},{"@type":"Organization","@id":"https:\/\/www.notibras.com\/site\/#organization","name":"Grupo Notibras de Comunica\u00e7\u00e3o","url":"https:\/\/www.notibras.com\/site\/","logo":{"@type":"ImageObject","inLanguage":"pt-BR","@id":"https:\/\/www.notibras.com\/site\/#\/schema\/logo\/image\/","url":"https:\/\/www.notibras.com\/site\/wp-content\/uploads\/2023\/01\/notibras23.png","contentUrl":"https:\/\/www.notibras.com\/site\/wp-content\/uploads\/2023\/01\/notibras23.png","width":350,"height":87,"caption":"Grupo Notibras de Comunica\u00e7\u00e3o"},"image":{"@id":"https:\/\/www.notibras.com\/site\/#\/schema\/logo\/image\/"},"sameAs":["https:\/\/www.facebook.com\/notibras\/","https:\/\/x.com\/Notibras","https:\/\/www.instagram.com\/notibras\/"]},{"@type":"Person","@id":"https:\/\/www.notibras.com\/site\/#\/schema\/person\/36ab0979449956132d3e5b517ea76ac8","name":"Reda\u00e7\u00e3o","image":{"@type":"ImageObject","inLanguage":"pt-BR","@id":"https:\/\/secure.gravatar.com\/avatar\/e0a867bdedb85fd243eadf09663511f96fc81e0720a4a42581f334ad4303aa6b?s=96&d=mm&r=g","url":"https:\/\/secure.gravatar.com\/avatar\/e0a867bdedb85fd243eadf09663511f96fc81e0720a4a42581f334ad4303aa6b?s=96&d=mm&r=g","contentUrl":"https:\/\/secure.gravatar.com\/avatar\/e0a867bdedb85fd243eadf09663511f96fc81e0720a4a42581f334ad4303aa6b?s=96&d=mm&r=g","caption":"Reda\u00e7\u00e3o"}}]}},"amp_enabled":true,"_links":{"self":[{"href":"https:\/\/www.notibras.com\/site\/wp-json\/wp\/v2\/posts\/387023","targetHints":{"allow":["GET"]}}],"collection":[{"href":"https:\/\/www.notibras.com\/site\/wp-json\/wp\/v2\/posts"}],"about":[{"href":"https:\/\/www.notibras.com\/site\/wp-json\/wp\/v2\/types\/post"}],"author":[{"embeddable":true,"href":"https:\/\/www.notibras.com\/site\/wp-json\/wp\/v2\/users\/2"}],"replies":[{"embeddable":true,"href":"https:\/\/www.notibras.com\/site\/wp-json\/wp\/v2\/comments?post=387023"}],"version-history":[{"count":2,"href":"https:\/\/www.notibras.com\/site\/wp-json\/wp\/v2\/posts\/387023\/revisions"}],"predecessor-version":[{"id":387026,"href":"https:\/\/www.notibras.com\/site\/wp-json\/wp\/v2\/posts\/387023\/revisions\/387026"}],"wp:featuredmedia":[{"embeddable":true,"href":"https:\/\/www.notibras.com\/site\/wp-json\/wp\/v2\/media\/387024"}],"wp:attachment":[{"href":"https:\/\/www.notibras.com\/site\/wp-json\/wp\/v2\/media?parent=387023"}],"wp:term":[{"taxonomy":"category","embeddable":true,"href":"https:\/\/www.notibras.com\/site\/wp-json\/wp\/v2\/categories?post=387023"},{"taxonomy":"post_tag","embeddable":true,"href":"https:\/\/www.notibras.com\/site\/wp-json\/wp\/v2\/tags?post=387023"}],"curies":[{"name":"wp","href":"https:\/\/api.w.org\/{rel}","templated":true}]}}