{"id":387032,"date":"2026-03-15T00:45:53","date_gmt":"2026-03-15T03:45:53","guid":{"rendered":"https:\/\/www.notibras.com\/site\/?p=387032"},"modified":"2026-03-14T19:05:37","modified_gmt":"2026-03-14T22:05:37","slug":"morre-o-ex-deputado-federal-professor-paulo-fernando-aos-58-anos","status":"publish","type":"post","link":"https:\/\/www.notibras.com\/site\/morre-o-ex-deputado-federal-professor-paulo-fernando-aos-58-anos\/","title":{"rendered":"Morre o ex-deputado federal Professor Paulo Fernando aos 58 anos"},"content":{"rendered":"<p>O Distrito Federal perdeu, neste s\u00e1bado (14), o ex-deputado federal Professor Paulo Fernando (Republicanos-DF), que faleceu aos 58 anos. O pol\u00edtico passou mal durante a madrugada e, apesar de ter sido prontamente encaminhado a um hospital em Bras\u00edlia para receber atendimento m\u00e9dico, infelizmente n\u00e3o resistiu e veio a \u00f3bito.<\/p>\n<p>Paulo Fernando teve uma trajet\u00f3ria marcante na pol\u00edtica local, tendo exercido o mandato de deputado federal entre mar\u00e7o de 2023 e janeiro de 2024. Ele assumiu a cadeira na C\u00e2mara dos Deputados como suplente do deputado J\u00falio C\u00e9sar, representando os interesses da popula\u00e7\u00e3o brasiliense durante o per\u00edodo em que esteve no cargo.<\/p>\n<p>A not\u00edcia do falecimento gerou imediata como\u00e7\u00e3o entre seus correligion\u00e1rios e figuras p\u00fablicas da capital. Em nota oficial, o presidente do Republicanos no Distrito Federal, Joaquim Mauro, manifestou seu &#8220;profundo pesar&#8221; pela perda do colega, destacando a import\u00e2ncia de sua atua\u00e7\u00e3o e prestando solidariedade aos familiares e amigos neste momento de luto.<\/p>\n<p>Al\u00e9m de sua carreira pol\u00edtica, Paulo Fernando era conhecido por sua atua\u00e7\u00e3o na \u00e1rea da educa\u00e7\u00e3o, carregando o t\u00edtulo de professor como parte de sua identidade p\u00fablica. Sua morte interrompe uma trajet\u00f3ria de dedica\u00e7\u00e3o ao servi\u00e7o p\u00fablico e ao debate pol\u00edtico no Distrito Federal, deixando um v\u00e1cuo na representa\u00e7\u00e3o do seu partido e na comunidade acad\u00eamica.<\/p>\n<p><strong>Nota de pesar<\/strong><\/p>\n<p>&#8220;O presidente do Republicanos Distrito Federal, @joaquim.mauro10, manifesta profundo pesar pelo falecimento do deputado federal Paulo Fernando, ocorrido na madrugada deste s\u00e1bado (14), aos 59 anos<\/p>\n<p>Reconhecido por sua firme atua\u00e7\u00e3o em pautas conservadoras e pelo compromisso com aquilo em que acreditava, tornou-se uma das vozes mais respeitadas entre os representantes da comunidade crist\u00e3 e do movimento pr\u00f3-vida no pa\u00eds.<\/p>\n<p>Cat\u00f3lico convicto, pai de fam\u00edlia e homem de princ\u00edpios, Paulo Fernando construiu uma trajet\u00f3ria marcada pela defesa da vida, da fam\u00edlia, da liberdade religiosa e dos valores crist\u00e3os. Advogado, jornalista, professor e parlamentar, dedicou d\u00e9cadas de sua vida ao servi\u00e7o p\u00fablico, ao estudo do processo legislativo e \u00e0 defesa de suas convic\u00e7\u00f5es no Congresso Nacional.<\/p>\n<p>Neste momento de dor, o Republicanos Distrito Federal se solidariza com familiares, amigos, eleitores e todos aqueles que conviveram com o parlamentar, rogando a Deus que conforte os cora\u00e7\u00f5es e conceda paz diante desta grande perda.<\/p>\n<p>Republicanos DF&#8221;<\/p>\n","protected":false},"excerpt":{"rendered":"<p>O Distrito Federal perdeu, neste s\u00e1bado (14), o ex-deputado federal Professor Paulo Fernando (Republicanos-DF), que faleceu aos 58 anos. O pol\u00edtico passou mal durante a madrugada e, apesar de ter sido prontamente encaminhado a um hospital em Bras\u00edlia para receber atendimento m\u00e9dico, infelizmente n\u00e3o resistiu e veio a \u00f3bito. Paulo Fernando teve uma trajet\u00f3ria marcante [&hellip;]<\/p>\n","protected":false},"author":21,"featured_media":387033,"comment_status":"closed","ping_status":"closed","sticky":false,"template":"","format":"standard","meta":{"_acf_changed":false,"footnotes":""},"categories":[161],"tags":[],"class_list":["post-387032","post","type-post","status-publish","format-standard","has-post-thumbnail","hentry","category-quadradinho-em-foco"],"acf":[],"yoast_head":"<!-- This site is optimized with the Yoast SEO plugin v27.2 - https:\/\/yoast.com\/product\/yoast-seo-wordpress\/ -->\n<title>Morre o ex-deputado federal Professor Paulo Fernando aos 58 anos - Notibras<\/title>\n<meta name=\"robots\" content=\"index, follow, max-snippet:-1, max-image-preview:large, max-video-preview:-1\" \/>\n<link rel=\"canonical\" href=\"https:\/\/www.notibras.com\/site\/morre-o-ex-deputado-federal-professor-paulo-fernando-aos-58-anos\/\" \/>\n<meta property=\"og:locale\" content=\"pt_BR\" \/>\n<meta property=\"og:type\" content=\"article\" \/>\n<meta property=\"og:title\" content=\"Morre o ex-deputado federal Professor Paulo Fernando aos 58 anos - Notibras\" \/>\n<meta property=\"og:description\" content=\"O Distrito Federal perdeu, neste s\u00e1bado (14), o ex-deputado federal Professor Paulo Fernando (Republicanos-DF), que faleceu aos 58 anos. O pol\u00edtico passou mal durante a madrugada e, apesar de ter sido prontamente encaminhado a um hospital em Bras\u00edlia para receber atendimento m\u00e9dico, infelizmente n\u00e3o resistiu e veio a \u00f3bito. Paulo Fernando teve uma trajet\u00f3ria marcante [&hellip;]\" \/>\n<meta property=\"og:url\" content=\"https:\/\/www.notibras.com\/site\/morre-o-ex-deputado-federal-professor-paulo-fernando-aos-58-anos\/\" \/>\n<meta property=\"og:site_name\" content=\"Notibras\" \/>\n<meta property=\"article:publisher\" content=\"https:\/\/www.facebook.com\/notibras\/\" \/>\n<meta property=\"article:published_time\" content=\"2026-03-15T03:45:53+00:00\" \/>\n<meta property=\"og:image\" content=\"https:\/\/www.notibras.com\/site\/wp-content\/uploads\/2026\/03\/paulo-fernando-republicanos-foto-vinicius-loures-19-09-23n.jpg\" \/>\n\t<meta property=\"og:image:width\" content=\"863\" \/>\n\t<meta property=\"og:image:height\" content=\"590\" \/>\n\t<meta property=\"og:image:type\" content=\"image\/jpeg\" \/>\n<meta name=\"author\" content=\"Eduardo Mart\u00ednez\" \/>\n<meta name=\"twitter:card\" content=\"summary_large_image\" \/>\n<meta name=\"twitter:creator\" content=\"@Notibras\" \/>\n<meta name=\"twitter:site\" content=\"@Notibras\" \/>\n<meta name=\"twitter:label1\" content=\"Escrito por\" \/>\n\t<meta name=\"twitter:data1\" content=\"Eduardo Mart\u00ednez\" \/>\n\t<meta name=\"twitter:label2\" content=\"Est. tempo de leitura\" \/>\n\t<meta name=\"twitter:data2\" content=\"3 minutos\" \/>\n<script type=\"application\/ld+json\" class=\"yoast-schema-graph\">{\"@context\":\"https:\/\/schema.org\",\"@graph\":[{\"@type\":\"Article\",\"@id\":\"https:\/\/www.notibras.com\/site\/morre-o-ex-deputado-federal-professor-paulo-fernando-aos-58-anos\/#article\",\"isPartOf\":{\"@id\":\"https:\/\/www.notibras.com\/site\/morre-o-ex-deputado-federal-professor-paulo-fernando-aos-58-anos\/\"},\"author\":{\"name\":\"Eduardo Mart\u00ednez\",\"@id\":\"https:\/\/www.notibras.com\/site\/#\/schema\/person\/5b7fabf2aedc3ada2105f03b22b4d3dd\"},\"headline\":\"Morre o ex-deputado federal Professor Paulo Fernando aos 58 anos\",\"datePublished\":\"2026-03-15T03:45:53+00:00\",\"mainEntityOfPage\":{\"@id\":\"https:\/\/www.notibras.com\/site\/morre-o-ex-deputado-federal-professor-paulo-fernando-aos-58-anos\/\"},\"wordCount\":416,\"publisher\":{\"@id\":\"https:\/\/www.notibras.com\/site\/#organization\"},\"image\":{\"@id\":\"https:\/\/www.notibras.com\/site\/morre-o-ex-deputado-federal-professor-paulo-fernando-aos-58-anos\/#primaryimage\"},\"thumbnailUrl\":\"https:\/\/www.notibras.com\/site\/wp-content\/uploads\/2026\/03\/paulo-fernando-republicanos-foto-vinicius-loures-19-09-23n.jpg\",\"articleSection\":[\"Quadradinho em Foco\"],\"inLanguage\":\"pt-BR\"},{\"@type\":\"WebPage\",\"@id\":\"https:\/\/www.notibras.com\/site\/morre-o-ex-deputado-federal-professor-paulo-fernando-aos-58-anos\/\",\"url\":\"https:\/\/www.notibras.com\/site\/morre-o-ex-deputado-federal-professor-paulo-fernando-aos-58-anos\/\",\"name\":\"Morre o ex-deputado federal Professor Paulo Fernando aos 58 anos - Notibras\",\"isPartOf\":{\"@id\":\"https:\/\/www.notibras.com\/site\/#website\"},\"primaryImageOfPage\":{\"@id\":\"https:\/\/www.notibras.com\/site\/morre-o-ex-deputado-federal-professor-paulo-fernando-aos-58-anos\/#primaryimage\"},\"image\":{\"@id\":\"https:\/\/www.notibras.com\/site\/morre-o-ex-deputado-federal-professor-paulo-fernando-aos-58-anos\/#primaryimage\"},\"thumbnailUrl\":\"https:\/\/www.notibras.com\/site\/wp-content\/uploads\/2026\/03\/paulo-fernando-republicanos-foto-vinicius-loures-19-09-23n.jpg\",\"datePublished\":\"2026-03-15T03:45:53+00:00\",\"breadcrumb\":{\"@id\":\"https:\/\/www.notibras.com\/site\/morre-o-ex-deputado-federal-professor-paulo-fernando-aos-58-anos\/#breadcrumb\"},\"inLanguage\":\"pt-BR\",\"potentialAction\":[{\"@type\":\"ReadAction\",\"target\":[\"https:\/\/www.notibras.com\/site\/morre-o-ex-deputado-federal-professor-paulo-fernando-aos-58-anos\/\"]}]},{\"@type\":\"ImageObject\",\"inLanguage\":\"pt-BR\",\"@id\":\"https:\/\/www.notibras.com\/site\/morre-o-ex-deputado-federal-professor-paulo-fernando-aos-58-anos\/#primaryimage\",\"url\":\"https:\/\/www.notibras.com\/site\/wp-content\/uploads\/2026\/03\/paulo-fernando-republicanos-foto-vinicius-loures-19-09-23n.jpg\",\"contentUrl\":\"https:\/\/www.notibras.com\/site\/wp-content\/uploads\/2026\/03\/paulo-fernando-republicanos-foto-vinicius-loures-19-09-23n.jpg\",\"width\":863,\"height\":590},{\"@type\":\"BreadcrumbList\",\"@id\":\"https:\/\/www.notibras.com\/site\/morre-o-ex-deputado-federal-professor-paulo-fernando-aos-58-anos\/#breadcrumb\",\"itemListElement\":[{\"@type\":\"ListItem\",\"position\":1,\"name\":\"In\u00edcio\",\"item\":\"https:\/\/www.notibras.com\/site\/\"},{\"@type\":\"ListItem\",\"position\":2,\"name\":\"Morre o ex-deputado federal Professor Paulo Fernando aos 58 anos\"}]},{\"@type\":\"WebSite\",\"@id\":\"https:\/\/www.notibras.com\/site\/#website\",\"url\":\"https:\/\/www.notibras.com\/site\/\",\"name\":\"Notibras\",\"description\":\"Not\u00edcias de Bras\u00edlia, do Brasil e do Mundo\",\"publisher\":{\"@id\":\"https:\/\/www.notibras.com\/site\/#organization\"},\"potentialAction\":[{\"@type\":\"SearchAction\",\"target\":{\"@type\":\"EntryPoint\",\"urlTemplate\":\"https:\/\/www.notibras.com\/site\/?s={search_term_string}\"},\"query-input\":{\"@type\":\"PropertyValueSpecification\",\"valueRequired\":true,\"valueName\":\"search_term_string\"}}],\"inLanguage\":\"pt-BR\"},{\"@type\":\"Organization\",\"@id\":\"https:\/\/www.notibras.com\/site\/#organization\",\"name\":\"Grupo Notibras de Comunica\u00e7\u00e3o\",\"url\":\"https:\/\/www.notibras.com\/site\/\",\"logo\":{\"@type\":\"ImageObject\",\"inLanguage\":\"pt-BR\",\"@id\":\"https:\/\/www.notibras.com\/site\/#\/schema\/logo\/image\/\",\"url\":\"https:\/\/www.notibras.com\/site\/wp-content\/uploads\/2023\/01\/notibras23.png\",\"contentUrl\":\"https:\/\/www.notibras.com\/site\/wp-content\/uploads\/2023\/01\/notibras23.png\",\"width\":350,\"height\":87,\"caption\":\"Grupo Notibras de Comunica\u00e7\u00e3o\"},\"image\":{\"@id\":\"https:\/\/www.notibras.com\/site\/#\/schema\/logo\/image\/\"},\"sameAs\":[\"https:\/\/www.facebook.com\/notibras\/\",\"https:\/\/x.com\/Notibras\",\"https:\/\/www.instagram.com\/notibras\/\"]},{\"@type\":\"Person\",\"@id\":\"https:\/\/www.notibras.com\/site\/#\/schema\/person\/5b7fabf2aedc3ada2105f03b22b4d3dd\",\"name\":\"Eduardo Mart\u00ednez\",\"image\":{\"@type\":\"ImageObject\",\"inLanguage\":\"pt-BR\",\"@id\":\"https:\/\/secure.gravatar.com\/avatar\/7902f906289926289cbcda644b5197c796b893c6ffd7b9a536a42d290f7704a0?s=96&d=mm&r=g\",\"url\":\"https:\/\/secure.gravatar.com\/avatar\/7902f906289926289cbcda644b5197c796b893c6ffd7b9a536a42d290f7704a0?s=96&d=mm&r=g\",\"contentUrl\":\"https:\/\/secure.gravatar.com\/avatar\/7902f906289926289cbcda644b5197c796b893c6ffd7b9a536a42d290f7704a0?s=96&d=mm&r=g\",\"caption\":\"Eduardo Mart\u00ednez\"}}]}<\/script>\n<!-- \/ Yoast SEO plugin. -->","yoast_head_json":{"title":"Morre o ex-deputado federal Professor Paulo Fernando aos 58 anos - Notibras","robots":{"index":"index","follow":"follow","max-snippet":"max-snippet:-1","max-image-preview":"max-image-preview:large","max-video-preview":"max-video-preview:-1"},"canonical":"https:\/\/www.notibras.com\/site\/morre-o-ex-deputado-federal-professor-paulo-fernando-aos-58-anos\/","og_locale":"pt_BR","og_type":"article","og_title":"Morre o ex-deputado federal Professor Paulo Fernando aos 58 anos - Notibras","og_description":"O Distrito Federal perdeu, neste s\u00e1bado (14), o ex-deputado federal Professor Paulo Fernando (Republicanos-DF), que faleceu aos 58 anos. O pol\u00edtico passou mal durante a madrugada e, apesar de ter sido prontamente encaminhado a um hospital em Bras\u00edlia para receber atendimento m\u00e9dico, infelizmente n\u00e3o resistiu e veio a \u00f3bito. Paulo Fernando teve uma trajet\u00f3ria marcante [&hellip;]","og_url":"https:\/\/www.notibras.com\/site\/morre-o-ex-deputado-federal-professor-paulo-fernando-aos-58-anos\/","og_site_name":"Notibras","article_publisher":"https:\/\/www.facebook.com\/notibras\/","article_published_time":"2026-03-15T03:45:53+00:00","og_image":[{"width":863,"height":590,"url":"https:\/\/www.notibras.com\/site\/wp-content\/uploads\/2026\/03\/paulo-fernando-republicanos-foto-vinicius-loures-19-09-23n.jpg","type":"image\/jpeg"}],"author":"Eduardo Mart\u00ednez","twitter_card":"summary_large_image","twitter_creator":"@Notibras","twitter_site":"@Notibras","twitter_misc":{"Escrito por":"Eduardo Mart\u00ednez","Est. tempo de leitura":"3 minutos"},"schema":{"@context":"https:\/\/schema.org","@graph":[{"@type":"Article","@id":"https:\/\/www.notibras.com\/site\/morre-o-ex-deputado-federal-professor-paulo-fernando-aos-58-anos\/#article","isPartOf":{"@id":"https:\/\/www.notibras.com\/site\/morre-o-ex-deputado-federal-professor-paulo-fernando-aos-58-anos\/"},"author":{"name":"Eduardo Mart\u00ednez","@id":"https:\/\/www.notibras.com\/site\/#\/schema\/person\/5b7fabf2aedc3ada2105f03b22b4d3dd"},"headline":"Morre o ex-deputado federal Professor Paulo Fernando aos 58 anos","datePublished":"2026-03-15T03:45:53+00:00","mainEntityOfPage":{"@id":"https:\/\/www.notibras.com\/site\/morre-o-ex-deputado-federal-professor-paulo-fernando-aos-58-anos\/"},"wordCount":416,"publisher":{"@id":"https:\/\/www.notibras.com\/site\/#organization"},"image":{"@id":"https:\/\/www.notibras.com\/site\/morre-o-ex-deputado-federal-professor-paulo-fernando-aos-58-anos\/#primaryimage"},"thumbnailUrl":"https:\/\/www.notibras.com\/site\/wp-content\/uploads\/2026\/03\/paulo-fernando-republicanos-foto-vinicius-loures-19-09-23n.jpg","articleSection":["Quadradinho em Foco"],"inLanguage":"pt-BR"},{"@type":"WebPage","@id":"https:\/\/www.notibras.com\/site\/morre-o-ex-deputado-federal-professor-paulo-fernando-aos-58-anos\/","url":"https:\/\/www.notibras.com\/site\/morre-o-ex-deputado-federal-professor-paulo-fernando-aos-58-anos\/","name":"Morre o ex-deputado federal Professor Paulo Fernando aos 58 anos - Notibras","isPartOf":{"@id":"https:\/\/www.notibras.com\/site\/#website"},"primaryImageOfPage":{"@id":"https:\/\/www.notibras.com\/site\/morre-o-ex-deputado-federal-professor-paulo-fernando-aos-58-anos\/#primaryimage"},"image":{"@id":"https:\/\/www.notibras.com\/site\/morre-o-ex-deputado-federal-professor-paulo-fernando-aos-58-anos\/#primaryimage"},"thumbnailUrl":"https:\/\/www.notibras.com\/site\/wp-content\/uploads\/2026\/03\/paulo-fernando-republicanos-foto-vinicius-loures-19-09-23n.jpg","datePublished":"2026-03-15T03:45:53+00:00","breadcrumb":{"@id":"https:\/\/www.notibras.com\/site\/morre-o-ex-deputado-federal-professor-paulo-fernando-aos-58-anos\/#breadcrumb"},"inLanguage":"pt-BR","potentialAction":[{"@type":"ReadAction","target":["https:\/\/www.notibras.com\/site\/morre-o-ex-deputado-federal-professor-paulo-fernando-aos-58-anos\/"]}]},{"@type":"ImageObject","inLanguage":"pt-BR","@id":"https:\/\/www.notibras.com\/site\/morre-o-ex-deputado-federal-professor-paulo-fernando-aos-58-anos\/#primaryimage","url":"https:\/\/www.notibras.com\/site\/wp-content\/uploads\/2026\/03\/paulo-fernando-republicanos-foto-vinicius-loures-19-09-23n.jpg","contentUrl":"https:\/\/www.notibras.com\/site\/wp-content\/uploads\/2026\/03\/paulo-fernando-republicanos-foto-vinicius-loures-19-09-23n.jpg","width":863,"height":590},{"@type":"BreadcrumbList","@id":"https:\/\/www.notibras.com\/site\/morre-o-ex-deputado-federal-professor-paulo-fernando-aos-58-anos\/#breadcrumb","itemListElement":[{"@type":"ListItem","position":1,"name":"In\u00edcio","item":"https:\/\/www.notibras.com\/site\/"},{"@type":"ListItem","position":2,"name":"Morre o ex-deputado federal Professor Paulo Fernando aos 58 anos"}]},{"@type":"WebSite","@id":"https:\/\/www.notibras.com\/site\/#website","url":"https:\/\/www.notibras.com\/site\/","name":"Notibras","description":"Not\u00edcias de Bras\u00edlia, do Brasil e do Mundo","publisher":{"@id":"https:\/\/www.notibras.com\/site\/#organization"},"potentialAction":[{"@type":"SearchAction","target":{"@type":"EntryPoint","urlTemplate":"https:\/\/www.notibras.com\/site\/?s={search_term_string}"},"query-input":{"@type":"PropertyValueSpecification","valueRequired":true,"valueName":"search_term_string"}}],"inLanguage":"pt-BR"},{"@type":"Organization","@id":"https:\/\/www.notibras.com\/site\/#organization","name":"Grupo Notibras de Comunica\u00e7\u00e3o","url":"https:\/\/www.notibras.com\/site\/","logo":{"@type":"ImageObject","inLanguage":"pt-BR","@id":"https:\/\/www.notibras.com\/site\/#\/schema\/logo\/image\/","url":"https:\/\/www.notibras.com\/site\/wp-content\/uploads\/2023\/01\/notibras23.png","contentUrl":"https:\/\/www.notibras.com\/site\/wp-content\/uploads\/2023\/01\/notibras23.png","width":350,"height":87,"caption":"Grupo Notibras de Comunica\u00e7\u00e3o"},"image":{"@id":"https:\/\/www.notibras.com\/site\/#\/schema\/logo\/image\/"},"sameAs":["https:\/\/www.facebook.com\/notibras\/","https:\/\/x.com\/Notibras","https:\/\/www.instagram.com\/notibras\/"]},{"@type":"Person","@id":"https:\/\/www.notibras.com\/site\/#\/schema\/person\/5b7fabf2aedc3ada2105f03b22b4d3dd","name":"Eduardo Mart\u00ednez","image":{"@type":"ImageObject","inLanguage":"pt-BR","@id":"https:\/\/secure.gravatar.com\/avatar\/7902f906289926289cbcda644b5197c796b893c6ffd7b9a536a42d290f7704a0?s=96&d=mm&r=g","url":"https:\/\/secure.gravatar.com\/avatar\/7902f906289926289cbcda644b5197c796b893c6ffd7b9a536a42d290f7704a0?s=96&d=mm&r=g","contentUrl":"https:\/\/secure.gravatar.com\/avatar\/7902f906289926289cbcda644b5197c796b893c6ffd7b9a536a42d290f7704a0?s=96&d=mm&r=g","caption":"Eduardo Mart\u00ednez"}}]}},"amp_enabled":true,"_links":{"self":[{"href":"https:\/\/www.notibras.com\/site\/wp-json\/wp\/v2\/posts\/387032","targetHints":{"allow":["GET"]}}],"collection":[{"href":"https:\/\/www.notibras.com\/site\/wp-json\/wp\/v2\/posts"}],"about":[{"href":"https:\/\/www.notibras.com\/site\/wp-json\/wp\/v2\/types\/post"}],"author":[{"embeddable":true,"href":"https:\/\/www.notibras.com\/site\/wp-json\/wp\/v2\/users\/21"}],"replies":[{"embeddable":true,"href":"https:\/\/www.notibras.com\/site\/wp-json\/wp\/v2\/comments?post=387032"}],"version-history":[{"count":3,"href":"https:\/\/www.notibras.com\/site\/wp-json\/wp\/v2\/posts\/387032\/revisions"}],"predecessor-version":[{"id":387036,"href":"https:\/\/www.notibras.com\/site\/wp-json\/wp\/v2\/posts\/387032\/revisions\/387036"}],"wp:featuredmedia":[{"embeddable":true,"href":"https:\/\/www.notibras.com\/site\/wp-json\/wp\/v2\/media\/387033"}],"wp:attachment":[{"href":"https:\/\/www.notibras.com\/site\/wp-json\/wp\/v2\/media?parent=387032"}],"wp:term":[{"taxonomy":"category","embeddable":true,"href":"https:\/\/www.notibras.com\/site\/wp-json\/wp\/v2\/categories?post=387032"},{"taxonomy":"post_tag","embeddable":true,"href":"https:\/\/www.notibras.com\/site\/wp-json\/wp\/v2\/tags?post=387032"}],"curies":[{"name":"wp","href":"https:\/\/api.w.org\/{rel}","templated":true}]}}