{"id":387037,"date":"2026-03-15T00:30:43","date_gmt":"2026-03-15T03:30:43","guid":{"rendered":"https:\/\/www.notibras.com\/site\/?p=387037"},"modified":"2026-03-14T19:19:25","modified_gmt":"2026-03-14T22:19:25","slug":"onca-resgatada-com-coleira-devera-retornar-a-natureza","status":"publish","type":"post","link":"https:\/\/www.notibras.com\/site\/onca-resgatada-com-coleira-devera-retornar-a-natureza\/","title":{"rendered":"On\u00e7a resgatada com coleira dever\u00e1 retornar \u00e0 natureza"},"content":{"rendered":"<p>Uma on\u00e7a-pintada que comoveu o pa\u00eds ao ser encontrada usando uma coleira de cachorro em Roraima est\u00e1 cada vez mais perto da liberdade. Ap\u00f3s um longo per\u00edodo de recupera\u00e7\u00e3o em Bras\u00edlia, o animal seguiu para o Instituto Nex, em Corumb\u00e1 de Goi\u00e1s, onde passar\u00e1 pela fase final de reabilita\u00e7\u00e3o. O objetivo principal desta etapa \u00e9 reduzir drasticamente a interfer\u00eancia humana para que o felino consolide seus instintos selvagens.<\/p>\n<p>A hist\u00f3ria deste s\u00edmbolo da fauna brasileira come\u00e7ou de forma tr\u00e1gica h\u00e1 14 meses, no munic\u00edpio de Caroebe, sul de Roraima. Policiais ambientais resgataram o filhote em uma ch\u00e1cara, onde vivia em condi\u00e7\u00f5es inadequadas. Na \u00e9poca, com pouco mais de um m\u00eas de vida, a on\u00e7a apresentava um quadro grave de desidrata\u00e7\u00e3o, al\u00e9m de estar ferida e com diversas les\u00f5es e fungos espalhados pelo corpo.<\/p>\n<p>Ap\u00f3s o resgate, o animal passou por exames iniciais no Centro de Triagem de Animais Silvestres (Cetas) de Boa Vista. Devido \u00e0 complexidade do caso, a on\u00e7a foi transferida para a unidade do Cetas em Bras\u00edlia, onde recebeu cuidados intensivos. Na capital federal, o processo de recupera\u00e7\u00e3o foi conclu\u00eddo com sucesso, resultando em um animal com peso, for\u00e7a e sa\u00fade f\u00edsica plenamente adequados para sua idade.<\/p>\n<p>Um dos pontos altos desse processo \u00e9 a aplica\u00e7\u00e3o de um protocolo de reabilita\u00e7\u00e3o considerado in\u00e9dito para a esp\u00e9cie. Segundo J\u00falio C\u00e9sar Montanha, chefe do Cetas de Bras\u00edlia, o m\u00e9todo foca no desenvolvimento de comportamentos naturais que haviam sido suprimidos pelo contato dom\u00e9stico. Em pouco mais de um ano, a on\u00e7a ganhou cerca de 40 kg e j\u00e1 demonstra a agressividade e cautela esperadas de um predador selvagem.<\/p>\n<p>Atualmente, o animal est\u00e1 sendo monitorado no Instituto Nex, uma organiza\u00e7\u00e3o em Corumb\u00e1 de Goi\u00e1s reconhecida como um santu\u00e1rio para on\u00e7as resgatadas. Localizado a cerca de 80 km de Bras\u00edlia, o instituto oferece a infraestrutura necess\u00e1ria para que o felino complete sua transi\u00e7\u00e3o. A institui\u00e7\u00e3o \u00e9 pe\u00e7a-chave para garantir que a on\u00e7a n\u00e3o dependa mais de cuidadores para sobreviver em seu habitat original.<\/p>\n<p>Nesta nova fase, a on\u00e7a-pintada ter\u00e1 \u00e0 disposi\u00e7\u00e3o um recinto muito maior e isolado dentro da mata nativa. A estrat\u00e9gia consiste em mimetizar ao m\u00e1ximo o ambiente natural, permitindo que os especialistas avaliem a autonomia do animal \u00e0 dist\u00e2ncia. Estima-se que ela permane\u00e7a nesse ambiente de transi\u00e7\u00e3o por um per\u00edodo de seis a oito meses antes da soltura definitiva.<\/p>\n<p>A evolu\u00e7\u00e3o comportamental tem surpreendido os t\u00e9cnicos envolvidos. J\u00falio C\u00e9sar explica que, al\u00e9m do ganho de peso robusto, a on\u00e7a j\u00e1 apresenta h\u00e1bitos de ca\u00e7a ativos, sendo capaz de abater suas pr\u00f3prias presas. Outro sinal positivo \u00e9 que ela passou a evitar o contato com seres humanos, um comportamento vital para evitar conflitos e garantir sua seguran\u00e7a quando estiver livre.<\/p>\n<p>O caminho at\u00e9 a soltura segue um passo a passo rigoroso, iniciado por um per\u00edodo de quarentena para observa\u00e7\u00e3o cl\u00ednica detalhada. Durante todo o processo, a equipe realizou atividades de enriquecimento ambiental. Essas pr\u00e1ticas servem para estimular o animal a se movimentar, utilizar seus sentidos agu\u00e7ados e desenvolver um condicionamento f\u00edsico que suporte as demandas da vida na selva.<\/p>\n<p>A jornada desta on\u00e7a representa uma vit\u00f3ria para a conserva\u00e7\u00e3o ambiental e para o combate ao tr\u00e1fico e domestica\u00e7\u00e3o de animais silvestres. O caso serve como alerta sobre os perigos da interfer\u00eancia humana na vida de grandes predadores, que perdem sua identidade biol\u00f3gica ao serem tratados como animais de estima\u00e7\u00e3o. A reabilita\u00e7\u00e3o bem-sucedida renova as esperan\u00e7as de que o animal retome seu papel ecol\u00f3gico.<\/p>\n<p>Com a conclus\u00e3o prevista para o segundo semestre, a expectativa \u00e9 de que a on\u00e7a-pintada retorne ao seu habitat em breve, totalmente independente. O sucesso deste protocolo in\u00e9dito poder\u00e1 abrir portas para que outros animais resgatados em situa\u00e7\u00f5es semelhantes tenham a mesma oportunidade de voltar \u00e0 natureza, preservando a biodiversidade brasileira de forma sustent\u00e1vel e t\u00e9cnica.<\/p>\n","protected":false},"excerpt":{"rendered":"<p>Uma on\u00e7a-pintada que comoveu o pa\u00eds ao ser encontrada usando uma coleira de cachorro em Roraima est\u00e1 cada vez mais perto da liberdade. Ap\u00f3s um longo per\u00edodo de recupera\u00e7\u00e3o em Bras\u00edlia, o animal seguiu para o Instituto Nex, em Corumb\u00e1 de Goi\u00e1s, onde passar\u00e1 pela fase final de reabilita\u00e7\u00e3o. O objetivo principal desta etapa \u00e9 [&hellip;]<\/p>\n","protected":false},"author":21,"featured_media":387039,"comment_status":"closed","ping_status":"closed","sticky":false,"template":"","format":"standard","meta":{"_acf_changed":false,"footnotes":""},"categories":[161],"tags":[],"class_list":["post-387037","post","type-post","status-publish","format-standard","has-post-thumbnail","hentry","category-quadradinho-em-foco"],"acf":[],"yoast_head":"<!-- This site is optimized with the Yoast SEO plugin v27.2 - https:\/\/yoast.com\/product\/yoast-seo-wordpress\/ -->\n<title>On\u00e7a resgatada com coleira dever\u00e1 retornar \u00e0 natureza - Notibras<\/title>\n<meta name=\"robots\" content=\"index, follow, max-snippet:-1, max-image-preview:large, max-video-preview:-1\" \/>\n<link rel=\"canonical\" href=\"https:\/\/www.notibras.com\/site\/onca-resgatada-com-coleira-devera-retornar-a-natureza\/\" \/>\n<meta property=\"og:locale\" content=\"pt_BR\" \/>\n<meta property=\"og:type\" content=\"article\" \/>\n<meta property=\"og:title\" content=\"On\u00e7a resgatada com coleira dever\u00e1 retornar \u00e0 natureza - Notibras\" \/>\n<meta property=\"og:description\" content=\"Uma on\u00e7a-pintada que comoveu o pa\u00eds ao ser encontrada usando uma coleira de cachorro em Roraima est\u00e1 cada vez mais perto da liberdade. Ap\u00f3s um longo per\u00edodo de recupera\u00e7\u00e3o em Bras\u00edlia, o animal seguiu para o Instituto Nex, em Corumb\u00e1 de Goi\u00e1s, onde passar\u00e1 pela fase final de reabilita\u00e7\u00e3o. O objetivo principal desta etapa \u00e9 [&hellip;]\" \/>\n<meta property=\"og:url\" content=\"https:\/\/www.notibras.com\/site\/onca-resgatada-com-coleira-devera-retornar-a-natureza\/\" \/>\n<meta property=\"og:site_name\" content=\"Notibras\" \/>\n<meta property=\"article:publisher\" content=\"https:\/\/www.facebook.com\/notibras\/\" \/>\n<meta property=\"article:published_time\" content=\"2026-03-15T03:30:43+00:00\" \/>\n<meta property=\"og:image\" content=\"https:\/\/www.notibras.com\/site\/wp-content\/uploads\/2026\/03\/WhatsApp-Image-2026-03-14-at-19.18.13.jpeg\" \/>\n\t<meta property=\"og:image:width\" content=\"984\" \/>\n\t<meta property=\"og:image:height\" content=\"616\" \/>\n\t<meta property=\"og:image:type\" content=\"image\/jpeg\" \/>\n<meta name=\"author\" content=\"Eduardo Mart\u00ednez\" \/>\n<meta name=\"twitter:card\" content=\"summary_large_image\" \/>\n<meta name=\"twitter:creator\" content=\"@Notibras\" \/>\n<meta name=\"twitter:site\" content=\"@Notibras\" \/>\n<meta name=\"twitter:label1\" content=\"Escrito por\" \/>\n\t<meta name=\"twitter:data1\" content=\"Eduardo Mart\u00ednez\" \/>\n\t<meta name=\"twitter:label2\" content=\"Est. tempo de leitura\" \/>\n\t<meta name=\"twitter:data2\" content=\"4 minutos\" \/>\n<script type=\"application\/ld+json\" class=\"yoast-schema-graph\">{\"@context\":\"https:\/\/schema.org\",\"@graph\":[{\"@type\":\"Article\",\"@id\":\"https:\/\/www.notibras.com\/site\/onca-resgatada-com-coleira-devera-retornar-a-natureza\/#article\",\"isPartOf\":{\"@id\":\"https:\/\/www.notibras.com\/site\/onca-resgatada-com-coleira-devera-retornar-a-natureza\/\"},\"author\":{\"name\":\"Eduardo Mart\u00ednez\",\"@id\":\"https:\/\/www.notibras.com\/site\/#\/schema\/person\/5b7fabf2aedc3ada2105f03b22b4d3dd\"},\"headline\":\"On\u00e7a resgatada com coleira dever\u00e1 retornar \u00e0 natureza\",\"datePublished\":\"2026-03-15T03:30:43+00:00\",\"mainEntityOfPage\":{\"@id\":\"https:\/\/www.notibras.com\/site\/onca-resgatada-com-coleira-devera-retornar-a-natureza\/\"},\"wordCount\":715,\"publisher\":{\"@id\":\"https:\/\/www.notibras.com\/site\/#organization\"},\"image\":{\"@id\":\"https:\/\/www.notibras.com\/site\/onca-resgatada-com-coleira-devera-retornar-a-natureza\/#primaryimage\"},\"thumbnailUrl\":\"https:\/\/www.notibras.com\/site\/wp-content\/uploads\/2026\/03\/WhatsApp-Image-2026-03-14-at-19.18.13.jpeg\",\"articleSection\":[\"Quadradinho em Foco\"],\"inLanguage\":\"pt-BR\"},{\"@type\":\"WebPage\",\"@id\":\"https:\/\/www.notibras.com\/site\/onca-resgatada-com-coleira-devera-retornar-a-natureza\/\",\"url\":\"https:\/\/www.notibras.com\/site\/onca-resgatada-com-coleira-devera-retornar-a-natureza\/\",\"name\":\"On\u00e7a resgatada com coleira dever\u00e1 retornar \u00e0 natureza - Notibras\",\"isPartOf\":{\"@id\":\"https:\/\/www.notibras.com\/site\/#website\"},\"primaryImageOfPage\":{\"@id\":\"https:\/\/www.notibras.com\/site\/onca-resgatada-com-coleira-devera-retornar-a-natureza\/#primaryimage\"},\"image\":{\"@id\":\"https:\/\/www.notibras.com\/site\/onca-resgatada-com-coleira-devera-retornar-a-natureza\/#primaryimage\"},\"thumbnailUrl\":\"https:\/\/www.notibras.com\/site\/wp-content\/uploads\/2026\/03\/WhatsApp-Image-2026-03-14-at-19.18.13.jpeg\",\"datePublished\":\"2026-03-15T03:30:43+00:00\",\"breadcrumb\":{\"@id\":\"https:\/\/www.notibras.com\/site\/onca-resgatada-com-coleira-devera-retornar-a-natureza\/#breadcrumb\"},\"inLanguage\":\"pt-BR\",\"potentialAction\":[{\"@type\":\"ReadAction\",\"target\":[\"https:\/\/www.notibras.com\/site\/onca-resgatada-com-coleira-devera-retornar-a-natureza\/\"]}]},{\"@type\":\"ImageObject\",\"inLanguage\":\"pt-BR\",\"@id\":\"https:\/\/www.notibras.com\/site\/onca-resgatada-com-coleira-devera-retornar-a-natureza\/#primaryimage\",\"url\":\"https:\/\/www.notibras.com\/site\/wp-content\/uploads\/2026\/03\/WhatsApp-Image-2026-03-14-at-19.18.13.jpeg\",\"contentUrl\":\"https:\/\/www.notibras.com\/site\/wp-content\/uploads\/2026\/03\/WhatsApp-Image-2026-03-14-at-19.18.13.jpeg\",\"width\":984,\"height\":616},{\"@type\":\"BreadcrumbList\",\"@id\":\"https:\/\/www.notibras.com\/site\/onca-resgatada-com-coleira-devera-retornar-a-natureza\/#breadcrumb\",\"itemListElement\":[{\"@type\":\"ListItem\",\"position\":1,\"name\":\"In\u00edcio\",\"item\":\"https:\/\/www.notibras.com\/site\/\"},{\"@type\":\"ListItem\",\"position\":2,\"name\":\"On\u00e7a resgatada com coleira dever\u00e1 retornar \u00e0 natureza\"}]},{\"@type\":\"WebSite\",\"@id\":\"https:\/\/www.notibras.com\/site\/#website\",\"url\":\"https:\/\/www.notibras.com\/site\/\",\"name\":\"Notibras\",\"description\":\"Not\u00edcias de Bras\u00edlia, do Brasil e do Mundo\",\"publisher\":{\"@id\":\"https:\/\/www.notibras.com\/site\/#organization\"},\"potentialAction\":[{\"@type\":\"SearchAction\",\"target\":{\"@type\":\"EntryPoint\",\"urlTemplate\":\"https:\/\/www.notibras.com\/site\/?s={search_term_string}\"},\"query-input\":{\"@type\":\"PropertyValueSpecification\",\"valueRequired\":true,\"valueName\":\"search_term_string\"}}],\"inLanguage\":\"pt-BR\"},{\"@type\":\"Organization\",\"@id\":\"https:\/\/www.notibras.com\/site\/#organization\",\"name\":\"Grupo Notibras de Comunica\u00e7\u00e3o\",\"url\":\"https:\/\/www.notibras.com\/site\/\",\"logo\":{\"@type\":\"ImageObject\",\"inLanguage\":\"pt-BR\",\"@id\":\"https:\/\/www.notibras.com\/site\/#\/schema\/logo\/image\/\",\"url\":\"https:\/\/www.notibras.com\/site\/wp-content\/uploads\/2023\/01\/notibras23.png\",\"contentUrl\":\"https:\/\/www.notibras.com\/site\/wp-content\/uploads\/2023\/01\/notibras23.png\",\"width\":350,\"height\":87,\"caption\":\"Grupo Notibras de Comunica\u00e7\u00e3o\"},\"image\":{\"@id\":\"https:\/\/www.notibras.com\/site\/#\/schema\/logo\/image\/\"},\"sameAs\":[\"https:\/\/www.facebook.com\/notibras\/\",\"https:\/\/x.com\/Notibras\",\"https:\/\/www.instagram.com\/notibras\/\"]},{\"@type\":\"Person\",\"@id\":\"https:\/\/www.notibras.com\/site\/#\/schema\/person\/5b7fabf2aedc3ada2105f03b22b4d3dd\",\"name\":\"Eduardo Mart\u00ednez\",\"image\":{\"@type\":\"ImageObject\",\"inLanguage\":\"pt-BR\",\"@id\":\"https:\/\/secure.gravatar.com\/avatar\/7902f906289926289cbcda644b5197c796b893c6ffd7b9a536a42d290f7704a0?s=96&d=mm&r=g\",\"url\":\"https:\/\/secure.gravatar.com\/avatar\/7902f906289926289cbcda644b5197c796b893c6ffd7b9a536a42d290f7704a0?s=96&d=mm&r=g\",\"contentUrl\":\"https:\/\/secure.gravatar.com\/avatar\/7902f906289926289cbcda644b5197c796b893c6ffd7b9a536a42d290f7704a0?s=96&d=mm&r=g\",\"caption\":\"Eduardo Mart\u00ednez\"}}]}<\/script>\n<!-- \/ Yoast SEO plugin. -->","yoast_head_json":{"title":"On\u00e7a resgatada com coleira dever\u00e1 retornar \u00e0 natureza - Notibras","robots":{"index":"index","follow":"follow","max-snippet":"max-snippet:-1","max-image-preview":"max-image-preview:large","max-video-preview":"max-video-preview:-1"},"canonical":"https:\/\/www.notibras.com\/site\/onca-resgatada-com-coleira-devera-retornar-a-natureza\/","og_locale":"pt_BR","og_type":"article","og_title":"On\u00e7a resgatada com coleira dever\u00e1 retornar \u00e0 natureza - Notibras","og_description":"Uma on\u00e7a-pintada que comoveu o pa\u00eds ao ser encontrada usando uma coleira de cachorro em Roraima est\u00e1 cada vez mais perto da liberdade. Ap\u00f3s um longo per\u00edodo de recupera\u00e7\u00e3o em Bras\u00edlia, o animal seguiu para o Instituto Nex, em Corumb\u00e1 de Goi\u00e1s, onde passar\u00e1 pela fase final de reabilita\u00e7\u00e3o. O objetivo principal desta etapa \u00e9 [&hellip;]","og_url":"https:\/\/www.notibras.com\/site\/onca-resgatada-com-coleira-devera-retornar-a-natureza\/","og_site_name":"Notibras","article_publisher":"https:\/\/www.facebook.com\/notibras\/","article_published_time":"2026-03-15T03:30:43+00:00","og_image":[{"width":984,"height":616,"url":"https:\/\/www.notibras.com\/site\/wp-content\/uploads\/2026\/03\/WhatsApp-Image-2026-03-14-at-19.18.13.jpeg","type":"image\/jpeg"}],"author":"Eduardo Mart\u00ednez","twitter_card":"summary_large_image","twitter_creator":"@Notibras","twitter_site":"@Notibras","twitter_misc":{"Escrito por":"Eduardo Mart\u00ednez","Est. tempo de leitura":"4 minutos"},"schema":{"@context":"https:\/\/schema.org","@graph":[{"@type":"Article","@id":"https:\/\/www.notibras.com\/site\/onca-resgatada-com-coleira-devera-retornar-a-natureza\/#article","isPartOf":{"@id":"https:\/\/www.notibras.com\/site\/onca-resgatada-com-coleira-devera-retornar-a-natureza\/"},"author":{"name":"Eduardo Mart\u00ednez","@id":"https:\/\/www.notibras.com\/site\/#\/schema\/person\/5b7fabf2aedc3ada2105f03b22b4d3dd"},"headline":"On\u00e7a resgatada com coleira dever\u00e1 retornar \u00e0 natureza","datePublished":"2026-03-15T03:30:43+00:00","mainEntityOfPage":{"@id":"https:\/\/www.notibras.com\/site\/onca-resgatada-com-coleira-devera-retornar-a-natureza\/"},"wordCount":715,"publisher":{"@id":"https:\/\/www.notibras.com\/site\/#organization"},"image":{"@id":"https:\/\/www.notibras.com\/site\/onca-resgatada-com-coleira-devera-retornar-a-natureza\/#primaryimage"},"thumbnailUrl":"https:\/\/www.notibras.com\/site\/wp-content\/uploads\/2026\/03\/WhatsApp-Image-2026-03-14-at-19.18.13.jpeg","articleSection":["Quadradinho em Foco"],"inLanguage":"pt-BR"},{"@type":"WebPage","@id":"https:\/\/www.notibras.com\/site\/onca-resgatada-com-coleira-devera-retornar-a-natureza\/","url":"https:\/\/www.notibras.com\/site\/onca-resgatada-com-coleira-devera-retornar-a-natureza\/","name":"On\u00e7a resgatada com coleira dever\u00e1 retornar \u00e0 natureza - Notibras","isPartOf":{"@id":"https:\/\/www.notibras.com\/site\/#website"},"primaryImageOfPage":{"@id":"https:\/\/www.notibras.com\/site\/onca-resgatada-com-coleira-devera-retornar-a-natureza\/#primaryimage"},"image":{"@id":"https:\/\/www.notibras.com\/site\/onca-resgatada-com-coleira-devera-retornar-a-natureza\/#primaryimage"},"thumbnailUrl":"https:\/\/www.notibras.com\/site\/wp-content\/uploads\/2026\/03\/WhatsApp-Image-2026-03-14-at-19.18.13.jpeg","datePublished":"2026-03-15T03:30:43+00:00","breadcrumb":{"@id":"https:\/\/www.notibras.com\/site\/onca-resgatada-com-coleira-devera-retornar-a-natureza\/#breadcrumb"},"inLanguage":"pt-BR","potentialAction":[{"@type":"ReadAction","target":["https:\/\/www.notibras.com\/site\/onca-resgatada-com-coleira-devera-retornar-a-natureza\/"]}]},{"@type":"ImageObject","inLanguage":"pt-BR","@id":"https:\/\/www.notibras.com\/site\/onca-resgatada-com-coleira-devera-retornar-a-natureza\/#primaryimage","url":"https:\/\/www.notibras.com\/site\/wp-content\/uploads\/2026\/03\/WhatsApp-Image-2026-03-14-at-19.18.13.jpeg","contentUrl":"https:\/\/www.notibras.com\/site\/wp-content\/uploads\/2026\/03\/WhatsApp-Image-2026-03-14-at-19.18.13.jpeg","width":984,"height":616},{"@type":"BreadcrumbList","@id":"https:\/\/www.notibras.com\/site\/onca-resgatada-com-coleira-devera-retornar-a-natureza\/#breadcrumb","itemListElement":[{"@type":"ListItem","position":1,"name":"In\u00edcio","item":"https:\/\/www.notibras.com\/site\/"},{"@type":"ListItem","position":2,"name":"On\u00e7a resgatada com coleira dever\u00e1 retornar \u00e0 natureza"}]},{"@type":"WebSite","@id":"https:\/\/www.notibras.com\/site\/#website","url":"https:\/\/www.notibras.com\/site\/","name":"Notibras","description":"Not\u00edcias de Bras\u00edlia, do Brasil e do Mundo","publisher":{"@id":"https:\/\/www.notibras.com\/site\/#organization"},"potentialAction":[{"@type":"SearchAction","target":{"@type":"EntryPoint","urlTemplate":"https:\/\/www.notibras.com\/site\/?s={search_term_string}"},"query-input":{"@type":"PropertyValueSpecification","valueRequired":true,"valueName":"search_term_string"}}],"inLanguage":"pt-BR"},{"@type":"Organization","@id":"https:\/\/www.notibras.com\/site\/#organization","name":"Grupo Notibras de Comunica\u00e7\u00e3o","url":"https:\/\/www.notibras.com\/site\/","logo":{"@type":"ImageObject","inLanguage":"pt-BR","@id":"https:\/\/www.notibras.com\/site\/#\/schema\/logo\/image\/","url":"https:\/\/www.notibras.com\/site\/wp-content\/uploads\/2023\/01\/notibras23.png","contentUrl":"https:\/\/www.notibras.com\/site\/wp-content\/uploads\/2023\/01\/notibras23.png","width":350,"height":87,"caption":"Grupo Notibras de Comunica\u00e7\u00e3o"},"image":{"@id":"https:\/\/www.notibras.com\/site\/#\/schema\/logo\/image\/"},"sameAs":["https:\/\/www.facebook.com\/notibras\/","https:\/\/x.com\/Notibras","https:\/\/www.instagram.com\/notibras\/"]},{"@type":"Person","@id":"https:\/\/www.notibras.com\/site\/#\/schema\/person\/5b7fabf2aedc3ada2105f03b22b4d3dd","name":"Eduardo Mart\u00ednez","image":{"@type":"ImageObject","inLanguage":"pt-BR","@id":"https:\/\/secure.gravatar.com\/avatar\/7902f906289926289cbcda644b5197c796b893c6ffd7b9a536a42d290f7704a0?s=96&d=mm&r=g","url":"https:\/\/secure.gravatar.com\/avatar\/7902f906289926289cbcda644b5197c796b893c6ffd7b9a536a42d290f7704a0?s=96&d=mm&r=g","contentUrl":"https:\/\/secure.gravatar.com\/avatar\/7902f906289926289cbcda644b5197c796b893c6ffd7b9a536a42d290f7704a0?s=96&d=mm&r=g","caption":"Eduardo Mart\u00ednez"}}]}},"amp_enabled":true,"_links":{"self":[{"href":"https:\/\/www.notibras.com\/site\/wp-json\/wp\/v2\/posts\/387037","targetHints":{"allow":["GET"]}}],"collection":[{"href":"https:\/\/www.notibras.com\/site\/wp-json\/wp\/v2\/posts"}],"about":[{"href":"https:\/\/www.notibras.com\/site\/wp-json\/wp\/v2\/types\/post"}],"author":[{"embeddable":true,"href":"https:\/\/www.notibras.com\/site\/wp-json\/wp\/v2\/users\/21"}],"replies":[{"embeddable":true,"href":"https:\/\/www.notibras.com\/site\/wp-json\/wp\/v2\/comments?post=387037"}],"version-history":[{"count":3,"href":"https:\/\/www.notibras.com\/site\/wp-json\/wp\/v2\/posts\/387037\/revisions"}],"predecessor-version":[{"id":387041,"href":"https:\/\/www.notibras.com\/site\/wp-json\/wp\/v2\/posts\/387037\/revisions\/387041"}],"wp:featuredmedia":[{"embeddable":true,"href":"https:\/\/www.notibras.com\/site\/wp-json\/wp\/v2\/media\/387039"}],"wp:attachment":[{"href":"https:\/\/www.notibras.com\/site\/wp-json\/wp\/v2\/media?parent=387037"}],"wp:term":[{"taxonomy":"category","embeddable":true,"href":"https:\/\/www.notibras.com\/site\/wp-json\/wp\/v2\/categories?post=387037"},{"taxonomy":"post_tag","embeddable":true,"href":"https:\/\/www.notibras.com\/site\/wp-json\/wp\/v2\/tags?post=387037"}],"curies":[{"name":"wp","href":"https:\/\/api.w.org\/{rel}","templated":true}]}}