{"id":387042,"date":"2026-03-15T00:15:12","date_gmt":"2026-03-15T03:15:12","guid":{"rendered":"https:\/\/www.notibras.com\/site\/?p=387042"},"modified":"2026-03-14T19:42:07","modified_gmt":"2026-03-14T22:42:07","slug":"samambaia-e-sobradinho-decidem-vaga-na-final-neste-domingo-15-no-serejao","status":"publish","type":"post","link":"https:\/\/www.notibras.com\/site\/samambaia-e-sobradinho-decidem-vaga-na-final-neste-domingo-15-no-serejao\/","title":{"rendered":"Samambaia e Sobradinho decidem vaga na final neste domingo (15) no Serej\u00e3o"},"content":{"rendered":"<p>O cen\u00e1rio para a grande decis\u00e3o de uma das vagas na final do Candang\u00e3o 2026 est\u00e1 montado. Neste domingo (15), as equipes do Samambaia e do Sobradinho medem for\u00e7as no est\u00e1dio Serej\u00e3o, em Taguatinga, a partir das 16h. O confronto \u00e9 v\u00e1lido pela partida de volta da semifinal e promete atrair um grande p\u00fablico \u00e0 &#8220;Boca do Jacar\u00e9&#8221;.<\/p>\n<p>Ap\u00f3s um primeiro duelo equilibrado que terminou em um empate sem gols no Est\u00e1dio Defel\u00ea, a disputa chega aberta para os 90 minutos decisivos. O resultado da ida deixou a defini\u00e7\u00e3o para este segundo encontro, onde a tens\u00e3o e a estrat\u00e9gia devem ditar o ritmo do jogo desde o apito inicial.<\/p>\n<p>Pelo regulamento da competi\u00e7\u00e3o, o Samambaia entra em campo com uma importante vantagem estrat\u00e9gica. Por ter realizado uma campanha superior na primeira fase do campeonato, a equipe joga por um novo empate para carimbar o passaporte para a final\u00edssima. Ao Sobradinho, resta apenas a vit\u00f3ria para seguir vivo na busca pelo t\u00edtulo.<\/p>\n<p>A expectativa \u00e9 de um duelo t\u00e1tico intenso. O Samambaia deve apostar na solidez defensiva e no controle de jogo para sustentar sua vantagem, enquanto o Sobradinho precisar\u00e1 se lan\u00e7ar ao ataque, buscando furar o bloqueio advers\u00e1rio sem se expor aos contra-ataques que podem selar sua elimina\u00e7\u00e3o.<\/p>\n<p>Quem avan\u00e7ar deste confronto j\u00e1 tem data e poss\u00edveis advers\u00e1rios no horizonte. A grande final do Candang\u00e3o 2026 est\u00e1 marcada para o dia 21 de mar\u00e7o. O vencedor deste domingo enfrentar\u00e1 o Gama, que venceu o Ceil\u00e2ndia neste s\u00e1bado (14) de virada por 2 a 1.<\/p>\n<p>Os ingressos para a partida no Serej\u00e3o seguem \u00e0 venda, e a expectativa \u00e9 de que as torcidas compare\u00e7am em peso para apoiar seus clubes. Al\u00e9m da vaga na final, o jogo vale muito para o planejamento da pr\u00f3xima temporada, consolidando as equipes entre as principais for\u00e7as do futebol do Distrito Federal.<\/p>\n","protected":false},"excerpt":{"rendered":"<p>O cen\u00e1rio para a grande decis\u00e3o de uma das vagas na final do Candang\u00e3o 2026 est\u00e1 montado. Neste domingo (15), as equipes do Samambaia e do Sobradinho medem for\u00e7as no est\u00e1dio Serej\u00e3o, em Taguatinga, a partir das 16h. O confronto \u00e9 v\u00e1lido pela partida de volta da semifinal e promete atrair um grande p\u00fablico \u00e0 [&hellip;]<\/p>\n","protected":false},"author":21,"featured_media":387043,"comment_status":"closed","ping_status":"closed","sticky":false,"template":"","format":"standard","meta":{"_acf_changed":false,"footnotes":""},"categories":[161],"tags":[],"class_list":["post-387042","post","type-post","status-publish","format-standard","has-post-thumbnail","hentry","category-quadradinho-em-foco"],"acf":[],"yoast_head":"<!-- This site is optimized with the Yoast SEO plugin v27.2 - https:\/\/yoast.com\/product\/yoast-seo-wordpress\/ -->\n<title>Samambaia e Sobradinho decidem vaga na final neste domingo (15) no Serej\u00e3o - Notibras<\/title>\n<meta name=\"robots\" content=\"index, follow, max-snippet:-1, max-image-preview:large, max-video-preview:-1\" \/>\n<link rel=\"canonical\" href=\"https:\/\/www.notibras.com\/site\/samambaia-e-sobradinho-decidem-vaga-na-final-neste-domingo-15-no-serejao\/\" \/>\n<meta property=\"og:locale\" content=\"pt_BR\" \/>\n<meta property=\"og:type\" content=\"article\" \/>\n<meta property=\"og:title\" content=\"Samambaia e Sobradinho decidem vaga na final neste domingo (15) no Serej\u00e3o - Notibras\" \/>\n<meta property=\"og:description\" content=\"O cen\u00e1rio para a grande decis\u00e3o de uma das vagas na final do Candang\u00e3o 2026 est\u00e1 montado. Neste domingo (15), as equipes do Samambaia e do Sobradinho medem for\u00e7as no est\u00e1dio Serej\u00e3o, em Taguatinga, a partir das 16h. O confronto \u00e9 v\u00e1lido pela partida de volta da semifinal e promete atrair um grande p\u00fablico \u00e0 [&hellip;]\" \/>\n<meta property=\"og:url\" content=\"https:\/\/www.notibras.com\/site\/samambaia-e-sobradinho-decidem-vaga-na-final-neste-domingo-15-no-serejao\/\" \/>\n<meta property=\"og:site_name\" content=\"Notibras\" \/>\n<meta property=\"article:publisher\" content=\"https:\/\/www.facebook.com\/notibras\/\" \/>\n<meta property=\"article:published_time\" content=\"2026-03-15T03:15:12+00:00\" \/>\n<meta property=\"og:image\" content=\"https:\/\/www.notibras.com\/site\/wp-content\/uploads\/2026\/03\/WhatsApp-Image-2026-03-14-at-19.35.21.jpeg\" \/>\n\t<meta property=\"og:image:width\" content=\"959\" \/>\n\t<meta property=\"og:image:height\" content=\"618\" \/>\n\t<meta property=\"og:image:type\" content=\"image\/jpeg\" \/>\n<meta name=\"author\" content=\"Eduardo Mart\u00ednez\" \/>\n<meta name=\"twitter:card\" content=\"summary_large_image\" \/>\n<meta name=\"twitter:creator\" content=\"@Notibras\" \/>\n<meta name=\"twitter:site\" content=\"@Notibras\" \/>\n<meta name=\"twitter:label1\" content=\"Escrito por\" \/>\n\t<meta name=\"twitter:data1\" content=\"Eduardo Mart\u00ednez\" \/>\n\t<meta name=\"twitter:label2\" content=\"Est. tempo de leitura\" \/>\n\t<meta name=\"twitter:data2\" content=\"2 minutos\" \/>\n<script type=\"application\/ld+json\" class=\"yoast-schema-graph\">{\"@context\":\"https:\/\/schema.org\",\"@graph\":[{\"@type\":\"Article\",\"@id\":\"https:\/\/www.notibras.com\/site\/samambaia-e-sobradinho-decidem-vaga-na-final-neste-domingo-15-no-serejao\/#article\",\"isPartOf\":{\"@id\":\"https:\/\/www.notibras.com\/site\/samambaia-e-sobradinho-decidem-vaga-na-final-neste-domingo-15-no-serejao\/\"},\"author\":{\"name\":\"Eduardo Mart\u00ednez\",\"@id\":\"https:\/\/www.notibras.com\/site\/#\/schema\/person\/5b7fabf2aedc3ada2105f03b22b4d3dd\"},\"headline\":\"Samambaia e Sobradinho decidem vaga na final neste domingo (15) no Serej\u00e3o\",\"datePublished\":\"2026-03-15T03:15:12+00:00\",\"mainEntityOfPage\":{\"@id\":\"https:\/\/www.notibras.com\/site\/samambaia-e-sobradinho-decidem-vaga-na-final-neste-domingo-15-no-serejao\/\"},\"wordCount\":339,\"publisher\":{\"@id\":\"https:\/\/www.notibras.com\/site\/#organization\"},\"image\":{\"@id\":\"https:\/\/www.notibras.com\/site\/samambaia-e-sobradinho-decidem-vaga-na-final-neste-domingo-15-no-serejao\/#primaryimage\"},\"thumbnailUrl\":\"https:\/\/www.notibras.com\/site\/wp-content\/uploads\/2026\/03\/WhatsApp-Image-2026-03-14-at-19.35.21.jpeg\",\"articleSection\":[\"Quadradinho em Foco\"],\"inLanguage\":\"pt-BR\"},{\"@type\":\"WebPage\",\"@id\":\"https:\/\/www.notibras.com\/site\/samambaia-e-sobradinho-decidem-vaga-na-final-neste-domingo-15-no-serejao\/\",\"url\":\"https:\/\/www.notibras.com\/site\/samambaia-e-sobradinho-decidem-vaga-na-final-neste-domingo-15-no-serejao\/\",\"name\":\"Samambaia e Sobradinho decidem vaga na final neste domingo (15) no Serej\u00e3o - Notibras\",\"isPartOf\":{\"@id\":\"https:\/\/www.notibras.com\/site\/#website\"},\"primaryImageOfPage\":{\"@id\":\"https:\/\/www.notibras.com\/site\/samambaia-e-sobradinho-decidem-vaga-na-final-neste-domingo-15-no-serejao\/#primaryimage\"},\"image\":{\"@id\":\"https:\/\/www.notibras.com\/site\/samambaia-e-sobradinho-decidem-vaga-na-final-neste-domingo-15-no-serejao\/#primaryimage\"},\"thumbnailUrl\":\"https:\/\/www.notibras.com\/site\/wp-content\/uploads\/2026\/03\/WhatsApp-Image-2026-03-14-at-19.35.21.jpeg\",\"datePublished\":\"2026-03-15T03:15:12+00:00\",\"breadcrumb\":{\"@id\":\"https:\/\/www.notibras.com\/site\/samambaia-e-sobradinho-decidem-vaga-na-final-neste-domingo-15-no-serejao\/#breadcrumb\"},\"inLanguage\":\"pt-BR\",\"potentialAction\":[{\"@type\":\"ReadAction\",\"target\":[\"https:\/\/www.notibras.com\/site\/samambaia-e-sobradinho-decidem-vaga-na-final-neste-domingo-15-no-serejao\/\"]}]},{\"@type\":\"ImageObject\",\"inLanguage\":\"pt-BR\",\"@id\":\"https:\/\/www.notibras.com\/site\/samambaia-e-sobradinho-decidem-vaga-na-final-neste-domingo-15-no-serejao\/#primaryimage\",\"url\":\"https:\/\/www.notibras.com\/site\/wp-content\/uploads\/2026\/03\/WhatsApp-Image-2026-03-14-at-19.35.21.jpeg\",\"contentUrl\":\"https:\/\/www.notibras.com\/site\/wp-content\/uploads\/2026\/03\/WhatsApp-Image-2026-03-14-at-19.35.21.jpeg\",\"width\":959,\"height\":618},{\"@type\":\"BreadcrumbList\",\"@id\":\"https:\/\/www.notibras.com\/site\/samambaia-e-sobradinho-decidem-vaga-na-final-neste-domingo-15-no-serejao\/#breadcrumb\",\"itemListElement\":[{\"@type\":\"ListItem\",\"position\":1,\"name\":\"In\u00edcio\",\"item\":\"https:\/\/www.notibras.com\/site\/\"},{\"@type\":\"ListItem\",\"position\":2,\"name\":\"Samambaia e Sobradinho decidem vaga na final neste domingo (15) no Serej\u00e3o\"}]},{\"@type\":\"WebSite\",\"@id\":\"https:\/\/www.notibras.com\/site\/#website\",\"url\":\"https:\/\/www.notibras.com\/site\/\",\"name\":\"Notibras\",\"description\":\"Not\u00edcias de Bras\u00edlia, do Brasil e do Mundo\",\"publisher\":{\"@id\":\"https:\/\/www.notibras.com\/site\/#organization\"},\"potentialAction\":[{\"@type\":\"SearchAction\",\"target\":{\"@type\":\"EntryPoint\",\"urlTemplate\":\"https:\/\/www.notibras.com\/site\/?s={search_term_string}\"},\"query-input\":{\"@type\":\"PropertyValueSpecification\",\"valueRequired\":true,\"valueName\":\"search_term_string\"}}],\"inLanguage\":\"pt-BR\"},{\"@type\":\"Organization\",\"@id\":\"https:\/\/www.notibras.com\/site\/#organization\",\"name\":\"Grupo Notibras de Comunica\u00e7\u00e3o\",\"url\":\"https:\/\/www.notibras.com\/site\/\",\"logo\":{\"@type\":\"ImageObject\",\"inLanguage\":\"pt-BR\",\"@id\":\"https:\/\/www.notibras.com\/site\/#\/schema\/logo\/image\/\",\"url\":\"https:\/\/www.notibras.com\/site\/wp-content\/uploads\/2023\/01\/notibras23.png\",\"contentUrl\":\"https:\/\/www.notibras.com\/site\/wp-content\/uploads\/2023\/01\/notibras23.png\",\"width\":350,\"height\":87,\"caption\":\"Grupo Notibras de Comunica\u00e7\u00e3o\"},\"image\":{\"@id\":\"https:\/\/www.notibras.com\/site\/#\/schema\/logo\/image\/\"},\"sameAs\":[\"https:\/\/www.facebook.com\/notibras\/\",\"https:\/\/x.com\/Notibras\",\"https:\/\/www.instagram.com\/notibras\/\"]},{\"@type\":\"Person\",\"@id\":\"https:\/\/www.notibras.com\/site\/#\/schema\/person\/5b7fabf2aedc3ada2105f03b22b4d3dd\",\"name\":\"Eduardo Mart\u00ednez\",\"image\":{\"@type\":\"ImageObject\",\"inLanguage\":\"pt-BR\",\"@id\":\"https:\/\/secure.gravatar.com\/avatar\/7902f906289926289cbcda644b5197c796b893c6ffd7b9a536a42d290f7704a0?s=96&d=mm&r=g\",\"url\":\"https:\/\/secure.gravatar.com\/avatar\/7902f906289926289cbcda644b5197c796b893c6ffd7b9a536a42d290f7704a0?s=96&d=mm&r=g\",\"contentUrl\":\"https:\/\/secure.gravatar.com\/avatar\/7902f906289926289cbcda644b5197c796b893c6ffd7b9a536a42d290f7704a0?s=96&d=mm&r=g\",\"caption\":\"Eduardo Mart\u00ednez\"}}]}<\/script>\n<!-- \/ Yoast SEO plugin. -->","yoast_head_json":{"title":"Samambaia e Sobradinho decidem vaga na final neste domingo (15) no Serej\u00e3o - Notibras","robots":{"index":"index","follow":"follow","max-snippet":"max-snippet:-1","max-image-preview":"max-image-preview:large","max-video-preview":"max-video-preview:-1"},"canonical":"https:\/\/www.notibras.com\/site\/samambaia-e-sobradinho-decidem-vaga-na-final-neste-domingo-15-no-serejao\/","og_locale":"pt_BR","og_type":"article","og_title":"Samambaia e Sobradinho decidem vaga na final neste domingo (15) no Serej\u00e3o - Notibras","og_description":"O cen\u00e1rio para a grande decis\u00e3o de uma das vagas na final do Candang\u00e3o 2026 est\u00e1 montado. Neste domingo (15), as equipes do Samambaia e do Sobradinho medem for\u00e7as no est\u00e1dio Serej\u00e3o, em Taguatinga, a partir das 16h. O confronto \u00e9 v\u00e1lido pela partida de volta da semifinal e promete atrair um grande p\u00fablico \u00e0 [&hellip;]","og_url":"https:\/\/www.notibras.com\/site\/samambaia-e-sobradinho-decidem-vaga-na-final-neste-domingo-15-no-serejao\/","og_site_name":"Notibras","article_publisher":"https:\/\/www.facebook.com\/notibras\/","article_published_time":"2026-03-15T03:15:12+00:00","og_image":[{"width":959,"height":618,"url":"https:\/\/www.notibras.com\/site\/wp-content\/uploads\/2026\/03\/WhatsApp-Image-2026-03-14-at-19.35.21.jpeg","type":"image\/jpeg"}],"author":"Eduardo Mart\u00ednez","twitter_card":"summary_large_image","twitter_creator":"@Notibras","twitter_site":"@Notibras","twitter_misc":{"Escrito por":"Eduardo Mart\u00ednez","Est. tempo de leitura":"2 minutos"},"schema":{"@context":"https:\/\/schema.org","@graph":[{"@type":"Article","@id":"https:\/\/www.notibras.com\/site\/samambaia-e-sobradinho-decidem-vaga-na-final-neste-domingo-15-no-serejao\/#article","isPartOf":{"@id":"https:\/\/www.notibras.com\/site\/samambaia-e-sobradinho-decidem-vaga-na-final-neste-domingo-15-no-serejao\/"},"author":{"name":"Eduardo Mart\u00ednez","@id":"https:\/\/www.notibras.com\/site\/#\/schema\/person\/5b7fabf2aedc3ada2105f03b22b4d3dd"},"headline":"Samambaia e Sobradinho decidem vaga na final neste domingo (15) no Serej\u00e3o","datePublished":"2026-03-15T03:15:12+00:00","mainEntityOfPage":{"@id":"https:\/\/www.notibras.com\/site\/samambaia-e-sobradinho-decidem-vaga-na-final-neste-domingo-15-no-serejao\/"},"wordCount":339,"publisher":{"@id":"https:\/\/www.notibras.com\/site\/#organization"},"image":{"@id":"https:\/\/www.notibras.com\/site\/samambaia-e-sobradinho-decidem-vaga-na-final-neste-domingo-15-no-serejao\/#primaryimage"},"thumbnailUrl":"https:\/\/www.notibras.com\/site\/wp-content\/uploads\/2026\/03\/WhatsApp-Image-2026-03-14-at-19.35.21.jpeg","articleSection":["Quadradinho em Foco"],"inLanguage":"pt-BR"},{"@type":"WebPage","@id":"https:\/\/www.notibras.com\/site\/samambaia-e-sobradinho-decidem-vaga-na-final-neste-domingo-15-no-serejao\/","url":"https:\/\/www.notibras.com\/site\/samambaia-e-sobradinho-decidem-vaga-na-final-neste-domingo-15-no-serejao\/","name":"Samambaia e Sobradinho decidem vaga na final neste domingo (15) no Serej\u00e3o - Notibras","isPartOf":{"@id":"https:\/\/www.notibras.com\/site\/#website"},"primaryImageOfPage":{"@id":"https:\/\/www.notibras.com\/site\/samambaia-e-sobradinho-decidem-vaga-na-final-neste-domingo-15-no-serejao\/#primaryimage"},"image":{"@id":"https:\/\/www.notibras.com\/site\/samambaia-e-sobradinho-decidem-vaga-na-final-neste-domingo-15-no-serejao\/#primaryimage"},"thumbnailUrl":"https:\/\/www.notibras.com\/site\/wp-content\/uploads\/2026\/03\/WhatsApp-Image-2026-03-14-at-19.35.21.jpeg","datePublished":"2026-03-15T03:15:12+00:00","breadcrumb":{"@id":"https:\/\/www.notibras.com\/site\/samambaia-e-sobradinho-decidem-vaga-na-final-neste-domingo-15-no-serejao\/#breadcrumb"},"inLanguage":"pt-BR","potentialAction":[{"@type":"ReadAction","target":["https:\/\/www.notibras.com\/site\/samambaia-e-sobradinho-decidem-vaga-na-final-neste-domingo-15-no-serejao\/"]}]},{"@type":"ImageObject","inLanguage":"pt-BR","@id":"https:\/\/www.notibras.com\/site\/samambaia-e-sobradinho-decidem-vaga-na-final-neste-domingo-15-no-serejao\/#primaryimage","url":"https:\/\/www.notibras.com\/site\/wp-content\/uploads\/2026\/03\/WhatsApp-Image-2026-03-14-at-19.35.21.jpeg","contentUrl":"https:\/\/www.notibras.com\/site\/wp-content\/uploads\/2026\/03\/WhatsApp-Image-2026-03-14-at-19.35.21.jpeg","width":959,"height":618},{"@type":"BreadcrumbList","@id":"https:\/\/www.notibras.com\/site\/samambaia-e-sobradinho-decidem-vaga-na-final-neste-domingo-15-no-serejao\/#breadcrumb","itemListElement":[{"@type":"ListItem","position":1,"name":"In\u00edcio","item":"https:\/\/www.notibras.com\/site\/"},{"@type":"ListItem","position":2,"name":"Samambaia e Sobradinho decidem vaga na final neste domingo (15) no Serej\u00e3o"}]},{"@type":"WebSite","@id":"https:\/\/www.notibras.com\/site\/#website","url":"https:\/\/www.notibras.com\/site\/","name":"Notibras","description":"Not\u00edcias de Bras\u00edlia, do Brasil e do Mundo","publisher":{"@id":"https:\/\/www.notibras.com\/site\/#organization"},"potentialAction":[{"@type":"SearchAction","target":{"@type":"EntryPoint","urlTemplate":"https:\/\/www.notibras.com\/site\/?s={search_term_string}"},"query-input":{"@type":"PropertyValueSpecification","valueRequired":true,"valueName":"search_term_string"}}],"inLanguage":"pt-BR"},{"@type":"Organization","@id":"https:\/\/www.notibras.com\/site\/#organization","name":"Grupo Notibras de Comunica\u00e7\u00e3o","url":"https:\/\/www.notibras.com\/site\/","logo":{"@type":"ImageObject","inLanguage":"pt-BR","@id":"https:\/\/www.notibras.com\/site\/#\/schema\/logo\/image\/","url":"https:\/\/www.notibras.com\/site\/wp-content\/uploads\/2023\/01\/notibras23.png","contentUrl":"https:\/\/www.notibras.com\/site\/wp-content\/uploads\/2023\/01\/notibras23.png","width":350,"height":87,"caption":"Grupo Notibras de Comunica\u00e7\u00e3o"},"image":{"@id":"https:\/\/www.notibras.com\/site\/#\/schema\/logo\/image\/"},"sameAs":["https:\/\/www.facebook.com\/notibras\/","https:\/\/x.com\/Notibras","https:\/\/www.instagram.com\/notibras\/"]},{"@type":"Person","@id":"https:\/\/www.notibras.com\/site\/#\/schema\/person\/5b7fabf2aedc3ada2105f03b22b4d3dd","name":"Eduardo Mart\u00ednez","image":{"@type":"ImageObject","inLanguage":"pt-BR","@id":"https:\/\/secure.gravatar.com\/avatar\/7902f906289926289cbcda644b5197c796b893c6ffd7b9a536a42d290f7704a0?s=96&d=mm&r=g","url":"https:\/\/secure.gravatar.com\/avatar\/7902f906289926289cbcda644b5197c796b893c6ffd7b9a536a42d290f7704a0?s=96&d=mm&r=g","contentUrl":"https:\/\/secure.gravatar.com\/avatar\/7902f906289926289cbcda644b5197c796b893c6ffd7b9a536a42d290f7704a0?s=96&d=mm&r=g","caption":"Eduardo Mart\u00ednez"}}]}},"amp_enabled":true,"_links":{"self":[{"href":"https:\/\/www.notibras.com\/site\/wp-json\/wp\/v2\/posts\/387042","targetHints":{"allow":["GET"]}}],"collection":[{"href":"https:\/\/www.notibras.com\/site\/wp-json\/wp\/v2\/posts"}],"about":[{"href":"https:\/\/www.notibras.com\/site\/wp-json\/wp\/v2\/types\/post"}],"author":[{"embeddable":true,"href":"https:\/\/www.notibras.com\/site\/wp-json\/wp\/v2\/users\/21"}],"replies":[{"embeddable":true,"href":"https:\/\/www.notibras.com\/site\/wp-json\/wp\/v2\/comments?post=387042"}],"version-history":[{"count":3,"href":"https:\/\/www.notibras.com\/site\/wp-json\/wp\/v2\/posts\/387042\/revisions"}],"predecessor-version":[{"id":387046,"href":"https:\/\/www.notibras.com\/site\/wp-json\/wp\/v2\/posts\/387042\/revisions\/387046"}],"wp:featuredmedia":[{"embeddable":true,"href":"https:\/\/www.notibras.com\/site\/wp-json\/wp\/v2\/media\/387043"}],"wp:attachment":[{"href":"https:\/\/www.notibras.com\/site\/wp-json\/wp\/v2\/media?parent=387042"}],"wp:term":[{"taxonomy":"category","embeddable":true,"href":"https:\/\/www.notibras.com\/site\/wp-json\/wp\/v2\/categories?post=387042"},{"taxonomy":"post_tag","embeddable":true,"href":"https:\/\/www.notibras.com\/site\/wp-json\/wp\/v2\/tags?post=387042"}],"curies":[{"name":"wp","href":"https:\/\/api.w.org\/{rel}","templated":true}]}}