{"id":387047,"date":"2026-03-15T00:46:22","date_gmt":"2026-03-15T03:46:22","guid":{"rendered":"https:\/\/www.notibras.com\/site\/?p=387047"},"modified":"2026-03-14T19:49:42","modified_gmt":"2026-03-14T22:49:42","slug":"profecias-apocalipticas-e-cenarios-do-3o-milenio","status":"publish","type":"post","link":"https:\/\/www.notibras.com\/site\/profecias-apocalipticas-e-cenarios-do-3o-milenio\/","title":{"rendered":"Profecias apocal\u00edpticas e cen\u00e1rios do 3\u00ba Mil\u00eanio"},"content":{"rendered":"<p>Michel de Nostredame, o Mago Nostradamus (1503\u20131566), m\u00e9dico, astr\u00f3logo e escritor franc\u00eas, tornou-se c\u00e9lebre pela obra <em>Les Proph\u00e9ties<\/em>, publicada originalmente em 1555, composta por centenas de quadras po\u00e9ticas contendo predi\u00e7\u00f5es sobre acontecimentos futuros. As par\u00e1bolas prof\u00e9ticas s\u00e3o narrativas simb\u00f3licas que sugerem acontecimentos hist\u00f3ricos sem descrev\u00ea-los de forma direta, para evitar persegui\u00e7\u00f5es religiosas ou pol\u00edticas, comuns na Europa do s\u00e9culo XVI. Auge da inquisi\u00e7\u00e3o cat\u00f3lica.<\/p>\n<p>A Cent\u00faria VI, quadra 97, menciona grandes guerras e deslocamentos de povos. Essas par\u00e1bolas sugerem tens\u00f5es internacionais capazes de evoluir para um conflito global no decorrer do Terceiro Mil\u00eanio. Nesse contexto, s\u00e3o intensificadas as rivalidades geopol\u00edticas, disputas tecnol\u00f3gicas e energ\u00e9ticas, conflito armado duradouro em diversas regi\u00f5es do planeta, migra\u00e7\u00f5es em massa e aquecimento global crescente.<\/p>\n<p>Tal cen\u00e1rio pode ser observado na guerra envolvendo Ir\u00e3, Estados Unidos e Israel. As quadras indicam a possibilidade de uma Terceira Guerra Mundial, entendida n\u00e3o necessariamente como um evento s\u00fabito, mas como um processo prolongado de tens\u00f5es e conflitos regionais interligados. Nessa perspectiva, Nostradamus n\u00e3o teria descrito um \u00fanico evento b\u00e9lico, mas um per\u00edodo de transforma\u00e7\u00e3o global marcado por uma pl\u00eaiade de conflitos armados, acompanhados de crises pol\u00edticas e rearranjos de poder, culminando com a Nova Ordem Mundial.<\/p>\n<p>A escalada militar no Oriente M\u00e9dio, iniciada em 28 de fevereiro, representa um dos epis\u00f3dios mais tensos da pol\u00edtica internacional na atualidade. Em duas semanas, o conflito ultrapassou o plano regional e amea\u00e7a o equil\u00edbrio geopol\u00edtico global. Segundo o presidente dos Estados Unidos, Donald Trump, o ataque em 28 de fevereiro seria fulminante. Seria&#8230;<\/p>\n<p>Ao longo da hist\u00f3ria, os povos persas \u2014 ancestrais do atual Ir\u00e3 \u2014 constru\u00edram uma tradi\u00e7\u00e3o militar not\u00e1vel, marcada por grandes campanhas e conquistas territoriais. Ciro, o Grande (s\u00e9culo VI a.C.), unificou tribos iranianas e conquistou vastos territ\u00f3rios da \u00c1sia Central \u00e0 Mesopot\u00e2mia. Seu sucessor, Cambises II, expandiu o imp\u00e9rio at\u00e9 o Egito, enquanto Dario I consolidou um dos maiores imp\u00e9rios da Antiguidade, organizando um poderoso sistema administrativo e militar. Essa longa tradi\u00e7\u00e3o b\u00e9lica contribuiu para consolidar, na cultura persa, uma identidade hist\u00f3rica marcada por resist\u00eancia, disciplina e capacidade estrat\u00e9gica.<\/p>\n<p>Mais recentemente, a Guerra Ir\u00e3-Iraque (1980-1988) foi um conflito sangrento iniciado pela invas\u00e3o iraquiana ao Ir\u00e3, motivada por disputas territoriais. Como saldo da guerra pereceram cerca de 1 milh\u00e3o 500 mil pessoas de ambos os lados. Portanto, estimar a dura\u00e7\u00e3o da guerra atual em quatro a cinco semanas \u00e9, no m\u00ednimo, um del\u00edrio.<\/p>\n<p>No cen\u00e1rio do Terceiro Mil\u00eanio, a quest\u00e3o central permanece aberta: se a guerra Ir\u00e3xEUA\/Israel ser\u00e1 lembrada como um epis\u00f3dio regional de grande escala ou como o in\u00edcio de uma nova era de confrontos globais.<\/p>\n<p>Do ponto de vista estrat\u00e9gico, a guerra envolve, principalmente, o controle sobre a produ\u00e7\u00e3o de petr\u00f3leo e das rotas energ\u00e9ticas do Golfo P\u00e9rsico; a disputa pela supremacia militar no Oriente M\u00e9dio e a poss\u00edvel prolifera\u00e7\u00e3o nuclear. O entorno do Estreito de Ormuz, respons\u00e1vel por uma parcela significativa do transporte mundial de petr\u00f3leo, tornou-se novamente epicentro de tens\u00e3o internacional, causando abalos tect\u00f4nicos na economia mundial.<\/p>\n<p>As quadras de Nostradamus profetizam tamb\u00e9m a chegada de uma figura tir\u00e2nica ou anticr\u00edstica (quem adivinhar o nome ganha um doce), previsto tanto na escatologia crist\u00e3, quanto nos escritos esot\u00e9ricos. Vale lembrar que as amea\u00e7as do satan\u00e1s s\u00e3o combatidas com cruz, ora\u00e7\u00e3o e tran\u00e7as de alho, entre outras coisas mais.<\/p>\n<p>Em numerologia, o ano de 2026 corresponde \u00e0 vibra\u00e7\u00e3o 1, associada ao Sol, s\u00edmbolo de lideran\u00e7a, renova\u00e7\u00e3o e in\u00edcio de ciclos. Pode ser o come\u00e7o do fim. Ou ainda, per\u00edodo hist\u00f3rico marcado por redefini\u00e7\u00f5es de poder e surgimento de novas lideran\u00e7as globais.<\/p>\n<p>Na tradi\u00e7\u00e3o alqu\u00edmica, o per\u00edodo de crise corresponderia \u00e0 fase nigredo, momento de dissolu\u00e7\u00e3o e caos necess\u00e1rio para que um novo ciclo de ordem e consci\u00eancia emerja. Assim, as tens\u00f5es do in\u00edcio do terceiro mil\u00eanio geram destrui\u00e7\u00e3o em massa, mas tamb\u00e9m a renova\u00e7\u00e3o civilizacional. Nesse cen\u00e1rio desperta a Nova Ordem Mundial.<\/p>\n<p>Se \u00e9 ou se n\u00e3o \u00e9, quem viver ver\u00e1 &#8230;<\/p>\n<p>&#8230;&#8230;..<\/p>\n<p><strong>Giovanni Seabra<\/strong><br \/>\n<strong>@giovanniseabra.esoterico<\/strong><br \/>\n<strong>Gr\u00e3o-Mestre do Col\u00e9gio dos Magos e Sacerdotisas<\/strong><br \/>\n<strong>@colegiodosmagosesacerdotisas<\/strong><\/p>\n<p>&#8230;&#8230;.<\/p>\n<p><em>O Col\u00e9gio dos Magos e Sacerdotisas est\u00e1 aberto aos novos membros, ne\u00f3fitos e iniciados, para o aprendizado e aprimoramento das Ci\u00eancias Ocultas. Os interessados podem entrar em contato direto atrav\u00e9s da Bio, Direct e o Whatsapp: 81 997302139.<\/em><\/p>\n","protected":false},"excerpt":{"rendered":"<p>Michel de Nostredame, o Mago Nostradamus (1503\u20131566), m\u00e9dico, astr\u00f3logo e escritor franc\u00eas, tornou-se c\u00e9lebre pela obra Les Proph\u00e9ties, publicada originalmente em 1555, composta por centenas de quadras po\u00e9ticas contendo predi\u00e7\u00f5es sobre acontecimentos futuros. As par\u00e1bolas prof\u00e9ticas s\u00e3o narrativas simb\u00f3licas que sugerem acontecimentos hist\u00f3ricos sem descrev\u00ea-los de forma direta, para evitar persegui\u00e7\u00f5es religiosas ou pol\u00edticas, comuns [&hellip;]<\/p>\n","protected":false},"author":2,"featured_media":387048,"comment_status":"closed","ping_status":"closed","sticky":false,"template":"","format":"standard","meta":{"_acf_changed":false,"footnotes":""},"categories":[237],"tags":[95],"class_list":["post-387047","post","type-post","status-publish","format-standard","has-post-thumbnail","hentry","category-oraculos","tag-capa"],"acf":[],"yoast_head":"<!-- This site is optimized with the Yoast SEO plugin v27.2 - https:\/\/yoast.com\/product\/yoast-seo-wordpress\/ -->\n<title>Profecias apocal\u00edpticas e cen\u00e1rios do 3\u00ba Mil\u00eanio - Notibras<\/title>\n<meta name=\"robots\" content=\"index, follow, max-snippet:-1, max-image-preview:large, max-video-preview:-1\" \/>\n<link rel=\"canonical\" href=\"https:\/\/www.notibras.com\/site\/profecias-apocalipticas-e-cenarios-do-3o-milenio\/\" \/>\n<meta property=\"og:locale\" content=\"pt_BR\" \/>\n<meta property=\"og:type\" content=\"article\" \/>\n<meta property=\"og:title\" content=\"Profecias apocal\u00edpticas e cen\u00e1rios do 3\u00ba Mil\u00eanio - Notibras\" \/>\n<meta property=\"og:description\" content=\"Michel de Nostredame, o Mago Nostradamus (1503\u20131566), m\u00e9dico, astr\u00f3logo e escritor franc\u00eas, tornou-se c\u00e9lebre pela obra Les Proph\u00e9ties, publicada originalmente em 1555, composta por centenas de quadras po\u00e9ticas contendo predi\u00e7\u00f5es sobre acontecimentos futuros. As par\u00e1bolas prof\u00e9ticas s\u00e3o narrativas simb\u00f3licas que sugerem acontecimentos hist\u00f3ricos sem descrev\u00ea-los de forma direta, para evitar persegui\u00e7\u00f5es religiosas ou pol\u00edticas, comuns [&hellip;]\" \/>\n<meta property=\"og:url\" content=\"https:\/\/www.notibras.com\/site\/profecias-apocalipticas-e-cenarios-do-3o-milenio\/\" \/>\n<meta property=\"og:site_name\" content=\"Notibras\" \/>\n<meta property=\"article:publisher\" content=\"https:\/\/www.facebook.com\/notibras\/\" \/>\n<meta property=\"article:published_time\" content=\"2026-03-15T03:46:22+00:00\" \/>\n<meta property=\"og:image\" content=\"https:\/\/www.notibras.com\/site\/wp-content\/uploads\/2026\/03\/15fe4926-12e1-4509-b27c-df7d2f0314dd.jpg\" \/>\n\t<meta property=\"og:image:width\" content=\"1024\" \/>\n\t<meta property=\"og:image:height\" content=\"1536\" \/>\n\t<meta property=\"og:image:type\" content=\"image\/jpeg\" \/>\n<meta name=\"author\" content=\"Reda\u00e7\u00e3o\" \/>\n<meta name=\"twitter:card\" content=\"summary_large_image\" \/>\n<meta name=\"twitter:creator\" content=\"@Notibras\" \/>\n<meta name=\"twitter:site\" content=\"@Notibras\" \/>\n<meta name=\"twitter:label1\" content=\"Escrito por\" \/>\n\t<meta name=\"twitter:data1\" content=\"Reda\u00e7\u00e3o\" \/>\n\t<meta name=\"twitter:label2\" content=\"Est. tempo de leitura\" \/>\n\t<meta name=\"twitter:data2\" content=\"5 minutos\" \/>\n<script type=\"application\/ld+json\" class=\"yoast-schema-graph\">{\"@context\":\"https:\/\/schema.org\",\"@graph\":[{\"@type\":\"Article\",\"@id\":\"https:\/\/www.notibras.com\/site\/profecias-apocalipticas-e-cenarios-do-3o-milenio\/#article\",\"isPartOf\":{\"@id\":\"https:\/\/www.notibras.com\/site\/profecias-apocalipticas-e-cenarios-do-3o-milenio\/\"},\"author\":{\"name\":\"Reda\u00e7\u00e3o\",\"@id\":\"https:\/\/www.notibras.com\/site\/#\/schema\/person\/36ab0979449956132d3e5b517ea76ac8\"},\"headline\":\"Profecias apocal\u00edpticas e cen\u00e1rios do 3\u00ba Mil\u00eanio\",\"datePublished\":\"2026-03-15T03:46:22+00:00\",\"mainEntityOfPage\":{\"@id\":\"https:\/\/www.notibras.com\/site\/profecias-apocalipticas-e-cenarios-do-3o-milenio\/\"},\"wordCount\":807,\"publisher\":{\"@id\":\"https:\/\/www.notibras.com\/site\/#organization\"},\"image\":{\"@id\":\"https:\/\/www.notibras.com\/site\/profecias-apocalipticas-e-cenarios-do-3o-milenio\/#primaryimage\"},\"thumbnailUrl\":\"https:\/\/www.notibras.com\/site\/wp-content\/uploads\/2026\/03\/15fe4926-12e1-4509-b27c-df7d2f0314dd.jpg\",\"keywords\":[\"capa\"],\"articleSection\":[\"Or\u00e1culos\"],\"inLanguage\":\"pt-BR\"},{\"@type\":\"WebPage\",\"@id\":\"https:\/\/www.notibras.com\/site\/profecias-apocalipticas-e-cenarios-do-3o-milenio\/\",\"url\":\"https:\/\/www.notibras.com\/site\/profecias-apocalipticas-e-cenarios-do-3o-milenio\/\",\"name\":\"Profecias apocal\u00edpticas e cen\u00e1rios do 3\u00ba Mil\u00eanio - Notibras\",\"isPartOf\":{\"@id\":\"https:\/\/www.notibras.com\/site\/#website\"},\"primaryImageOfPage\":{\"@id\":\"https:\/\/www.notibras.com\/site\/profecias-apocalipticas-e-cenarios-do-3o-milenio\/#primaryimage\"},\"image\":{\"@id\":\"https:\/\/www.notibras.com\/site\/profecias-apocalipticas-e-cenarios-do-3o-milenio\/#primaryimage\"},\"thumbnailUrl\":\"https:\/\/www.notibras.com\/site\/wp-content\/uploads\/2026\/03\/15fe4926-12e1-4509-b27c-df7d2f0314dd.jpg\",\"datePublished\":\"2026-03-15T03:46:22+00:00\",\"breadcrumb\":{\"@id\":\"https:\/\/www.notibras.com\/site\/profecias-apocalipticas-e-cenarios-do-3o-milenio\/#breadcrumb\"},\"inLanguage\":\"pt-BR\",\"potentialAction\":[{\"@type\":\"ReadAction\",\"target\":[\"https:\/\/www.notibras.com\/site\/profecias-apocalipticas-e-cenarios-do-3o-milenio\/\"]}]},{\"@type\":\"ImageObject\",\"inLanguage\":\"pt-BR\",\"@id\":\"https:\/\/www.notibras.com\/site\/profecias-apocalipticas-e-cenarios-do-3o-milenio\/#primaryimage\",\"url\":\"https:\/\/www.notibras.com\/site\/wp-content\/uploads\/2026\/03\/15fe4926-12e1-4509-b27c-df7d2f0314dd.jpg\",\"contentUrl\":\"https:\/\/www.notibras.com\/site\/wp-content\/uploads\/2026\/03\/15fe4926-12e1-4509-b27c-df7d2f0314dd.jpg\",\"width\":1024,\"height\":1536},{\"@type\":\"BreadcrumbList\",\"@id\":\"https:\/\/www.notibras.com\/site\/profecias-apocalipticas-e-cenarios-do-3o-milenio\/#breadcrumb\",\"itemListElement\":[{\"@type\":\"ListItem\",\"position\":1,\"name\":\"In\u00edcio\",\"item\":\"https:\/\/www.notibras.com\/site\/\"},{\"@type\":\"ListItem\",\"position\":2,\"name\":\"Profecias apocal\u00edpticas e cen\u00e1rios do 3\u00ba Mil\u00eanio\"}]},{\"@type\":\"WebSite\",\"@id\":\"https:\/\/www.notibras.com\/site\/#website\",\"url\":\"https:\/\/www.notibras.com\/site\/\",\"name\":\"Notibras\",\"description\":\"Not\u00edcias de Bras\u00edlia, do Brasil e do Mundo\",\"publisher\":{\"@id\":\"https:\/\/www.notibras.com\/site\/#organization\"},\"potentialAction\":[{\"@type\":\"SearchAction\",\"target\":{\"@type\":\"EntryPoint\",\"urlTemplate\":\"https:\/\/www.notibras.com\/site\/?s={search_term_string}\"},\"query-input\":{\"@type\":\"PropertyValueSpecification\",\"valueRequired\":true,\"valueName\":\"search_term_string\"}}],\"inLanguage\":\"pt-BR\"},{\"@type\":\"Organization\",\"@id\":\"https:\/\/www.notibras.com\/site\/#organization\",\"name\":\"Grupo Notibras de Comunica\u00e7\u00e3o\",\"url\":\"https:\/\/www.notibras.com\/site\/\",\"logo\":{\"@type\":\"ImageObject\",\"inLanguage\":\"pt-BR\",\"@id\":\"https:\/\/www.notibras.com\/site\/#\/schema\/logo\/image\/\",\"url\":\"https:\/\/www.notibras.com\/site\/wp-content\/uploads\/2023\/01\/notibras23.png\",\"contentUrl\":\"https:\/\/www.notibras.com\/site\/wp-content\/uploads\/2023\/01\/notibras23.png\",\"width\":350,\"height\":87,\"caption\":\"Grupo Notibras de Comunica\u00e7\u00e3o\"},\"image\":{\"@id\":\"https:\/\/www.notibras.com\/site\/#\/schema\/logo\/image\/\"},\"sameAs\":[\"https:\/\/www.facebook.com\/notibras\/\",\"https:\/\/x.com\/Notibras\",\"https:\/\/www.instagram.com\/notibras\/\"]},{\"@type\":\"Person\",\"@id\":\"https:\/\/www.notibras.com\/site\/#\/schema\/person\/36ab0979449956132d3e5b517ea76ac8\",\"name\":\"Reda\u00e7\u00e3o\",\"image\":{\"@type\":\"ImageObject\",\"inLanguage\":\"pt-BR\",\"@id\":\"https:\/\/secure.gravatar.com\/avatar\/e0a867bdedb85fd243eadf09663511f96fc81e0720a4a42581f334ad4303aa6b?s=96&d=mm&r=g\",\"url\":\"https:\/\/secure.gravatar.com\/avatar\/e0a867bdedb85fd243eadf09663511f96fc81e0720a4a42581f334ad4303aa6b?s=96&d=mm&r=g\",\"contentUrl\":\"https:\/\/secure.gravatar.com\/avatar\/e0a867bdedb85fd243eadf09663511f96fc81e0720a4a42581f334ad4303aa6b?s=96&d=mm&r=g\",\"caption\":\"Reda\u00e7\u00e3o\"}}]}<\/script>\n<!-- \/ Yoast SEO plugin. -->","yoast_head_json":{"title":"Profecias apocal\u00edpticas e cen\u00e1rios do 3\u00ba Mil\u00eanio - Notibras","robots":{"index":"index","follow":"follow","max-snippet":"max-snippet:-1","max-image-preview":"max-image-preview:large","max-video-preview":"max-video-preview:-1"},"canonical":"https:\/\/www.notibras.com\/site\/profecias-apocalipticas-e-cenarios-do-3o-milenio\/","og_locale":"pt_BR","og_type":"article","og_title":"Profecias apocal\u00edpticas e cen\u00e1rios do 3\u00ba Mil\u00eanio - Notibras","og_description":"Michel de Nostredame, o Mago Nostradamus (1503\u20131566), m\u00e9dico, astr\u00f3logo e escritor franc\u00eas, tornou-se c\u00e9lebre pela obra Les Proph\u00e9ties, publicada originalmente em 1555, composta por centenas de quadras po\u00e9ticas contendo predi\u00e7\u00f5es sobre acontecimentos futuros. As par\u00e1bolas prof\u00e9ticas s\u00e3o narrativas simb\u00f3licas que sugerem acontecimentos hist\u00f3ricos sem descrev\u00ea-los de forma direta, para evitar persegui\u00e7\u00f5es religiosas ou pol\u00edticas, comuns [&hellip;]","og_url":"https:\/\/www.notibras.com\/site\/profecias-apocalipticas-e-cenarios-do-3o-milenio\/","og_site_name":"Notibras","article_publisher":"https:\/\/www.facebook.com\/notibras\/","article_published_time":"2026-03-15T03:46:22+00:00","og_image":[{"width":1024,"height":1536,"url":"https:\/\/www.notibras.com\/site\/wp-content\/uploads\/2026\/03\/15fe4926-12e1-4509-b27c-df7d2f0314dd.jpg","type":"image\/jpeg"}],"author":"Reda\u00e7\u00e3o","twitter_card":"summary_large_image","twitter_creator":"@Notibras","twitter_site":"@Notibras","twitter_misc":{"Escrito por":"Reda\u00e7\u00e3o","Est. tempo de leitura":"5 minutos"},"schema":{"@context":"https:\/\/schema.org","@graph":[{"@type":"Article","@id":"https:\/\/www.notibras.com\/site\/profecias-apocalipticas-e-cenarios-do-3o-milenio\/#article","isPartOf":{"@id":"https:\/\/www.notibras.com\/site\/profecias-apocalipticas-e-cenarios-do-3o-milenio\/"},"author":{"name":"Reda\u00e7\u00e3o","@id":"https:\/\/www.notibras.com\/site\/#\/schema\/person\/36ab0979449956132d3e5b517ea76ac8"},"headline":"Profecias apocal\u00edpticas e cen\u00e1rios do 3\u00ba Mil\u00eanio","datePublished":"2026-03-15T03:46:22+00:00","mainEntityOfPage":{"@id":"https:\/\/www.notibras.com\/site\/profecias-apocalipticas-e-cenarios-do-3o-milenio\/"},"wordCount":807,"publisher":{"@id":"https:\/\/www.notibras.com\/site\/#organization"},"image":{"@id":"https:\/\/www.notibras.com\/site\/profecias-apocalipticas-e-cenarios-do-3o-milenio\/#primaryimage"},"thumbnailUrl":"https:\/\/www.notibras.com\/site\/wp-content\/uploads\/2026\/03\/15fe4926-12e1-4509-b27c-df7d2f0314dd.jpg","keywords":["capa"],"articleSection":["Or\u00e1culos"],"inLanguage":"pt-BR"},{"@type":"WebPage","@id":"https:\/\/www.notibras.com\/site\/profecias-apocalipticas-e-cenarios-do-3o-milenio\/","url":"https:\/\/www.notibras.com\/site\/profecias-apocalipticas-e-cenarios-do-3o-milenio\/","name":"Profecias apocal\u00edpticas e cen\u00e1rios do 3\u00ba Mil\u00eanio - Notibras","isPartOf":{"@id":"https:\/\/www.notibras.com\/site\/#website"},"primaryImageOfPage":{"@id":"https:\/\/www.notibras.com\/site\/profecias-apocalipticas-e-cenarios-do-3o-milenio\/#primaryimage"},"image":{"@id":"https:\/\/www.notibras.com\/site\/profecias-apocalipticas-e-cenarios-do-3o-milenio\/#primaryimage"},"thumbnailUrl":"https:\/\/www.notibras.com\/site\/wp-content\/uploads\/2026\/03\/15fe4926-12e1-4509-b27c-df7d2f0314dd.jpg","datePublished":"2026-03-15T03:46:22+00:00","breadcrumb":{"@id":"https:\/\/www.notibras.com\/site\/profecias-apocalipticas-e-cenarios-do-3o-milenio\/#breadcrumb"},"inLanguage":"pt-BR","potentialAction":[{"@type":"ReadAction","target":["https:\/\/www.notibras.com\/site\/profecias-apocalipticas-e-cenarios-do-3o-milenio\/"]}]},{"@type":"ImageObject","inLanguage":"pt-BR","@id":"https:\/\/www.notibras.com\/site\/profecias-apocalipticas-e-cenarios-do-3o-milenio\/#primaryimage","url":"https:\/\/www.notibras.com\/site\/wp-content\/uploads\/2026\/03\/15fe4926-12e1-4509-b27c-df7d2f0314dd.jpg","contentUrl":"https:\/\/www.notibras.com\/site\/wp-content\/uploads\/2026\/03\/15fe4926-12e1-4509-b27c-df7d2f0314dd.jpg","width":1024,"height":1536},{"@type":"BreadcrumbList","@id":"https:\/\/www.notibras.com\/site\/profecias-apocalipticas-e-cenarios-do-3o-milenio\/#breadcrumb","itemListElement":[{"@type":"ListItem","position":1,"name":"In\u00edcio","item":"https:\/\/www.notibras.com\/site\/"},{"@type":"ListItem","position":2,"name":"Profecias apocal\u00edpticas e cen\u00e1rios do 3\u00ba Mil\u00eanio"}]},{"@type":"WebSite","@id":"https:\/\/www.notibras.com\/site\/#website","url":"https:\/\/www.notibras.com\/site\/","name":"Notibras","description":"Not\u00edcias de Bras\u00edlia, do Brasil e do Mundo","publisher":{"@id":"https:\/\/www.notibras.com\/site\/#organization"},"potentialAction":[{"@type":"SearchAction","target":{"@type":"EntryPoint","urlTemplate":"https:\/\/www.notibras.com\/site\/?s={search_term_string}"},"query-input":{"@type":"PropertyValueSpecification","valueRequired":true,"valueName":"search_term_string"}}],"inLanguage":"pt-BR"},{"@type":"Organization","@id":"https:\/\/www.notibras.com\/site\/#organization","name":"Grupo Notibras de Comunica\u00e7\u00e3o","url":"https:\/\/www.notibras.com\/site\/","logo":{"@type":"ImageObject","inLanguage":"pt-BR","@id":"https:\/\/www.notibras.com\/site\/#\/schema\/logo\/image\/","url":"https:\/\/www.notibras.com\/site\/wp-content\/uploads\/2023\/01\/notibras23.png","contentUrl":"https:\/\/www.notibras.com\/site\/wp-content\/uploads\/2023\/01\/notibras23.png","width":350,"height":87,"caption":"Grupo Notibras de Comunica\u00e7\u00e3o"},"image":{"@id":"https:\/\/www.notibras.com\/site\/#\/schema\/logo\/image\/"},"sameAs":["https:\/\/www.facebook.com\/notibras\/","https:\/\/x.com\/Notibras","https:\/\/www.instagram.com\/notibras\/"]},{"@type":"Person","@id":"https:\/\/www.notibras.com\/site\/#\/schema\/person\/36ab0979449956132d3e5b517ea76ac8","name":"Reda\u00e7\u00e3o","image":{"@type":"ImageObject","inLanguage":"pt-BR","@id":"https:\/\/secure.gravatar.com\/avatar\/e0a867bdedb85fd243eadf09663511f96fc81e0720a4a42581f334ad4303aa6b?s=96&d=mm&r=g","url":"https:\/\/secure.gravatar.com\/avatar\/e0a867bdedb85fd243eadf09663511f96fc81e0720a4a42581f334ad4303aa6b?s=96&d=mm&r=g","contentUrl":"https:\/\/secure.gravatar.com\/avatar\/e0a867bdedb85fd243eadf09663511f96fc81e0720a4a42581f334ad4303aa6b?s=96&d=mm&r=g","caption":"Reda\u00e7\u00e3o"}}]}},"amp_enabled":true,"_links":{"self":[{"href":"https:\/\/www.notibras.com\/site\/wp-json\/wp\/v2\/posts\/387047","targetHints":{"allow":["GET"]}}],"collection":[{"href":"https:\/\/www.notibras.com\/site\/wp-json\/wp\/v2\/posts"}],"about":[{"href":"https:\/\/www.notibras.com\/site\/wp-json\/wp\/v2\/types\/post"}],"author":[{"embeddable":true,"href":"https:\/\/www.notibras.com\/site\/wp-json\/wp\/v2\/users\/2"}],"replies":[{"embeddable":true,"href":"https:\/\/www.notibras.com\/site\/wp-json\/wp\/v2\/comments?post=387047"}],"version-history":[{"count":3,"href":"https:\/\/www.notibras.com\/site\/wp-json\/wp\/v2\/posts\/387047\/revisions"}],"predecessor-version":[{"id":387051,"href":"https:\/\/www.notibras.com\/site\/wp-json\/wp\/v2\/posts\/387047\/revisions\/387051"}],"wp:featuredmedia":[{"embeddable":true,"href":"https:\/\/www.notibras.com\/site\/wp-json\/wp\/v2\/media\/387048"}],"wp:attachment":[{"href":"https:\/\/www.notibras.com\/site\/wp-json\/wp\/v2\/media?parent=387047"}],"wp:term":[{"taxonomy":"category","embeddable":true,"href":"https:\/\/www.notibras.com\/site\/wp-json\/wp\/v2\/categories?post=387047"},{"taxonomy":"post_tag","embeddable":true,"href":"https:\/\/www.notibras.com\/site\/wp-json\/wp\/v2\/tags?post=387047"}],"curies":[{"name":"wp","href":"https:\/\/api.w.org\/{rel}","templated":true}]}}