{"id":387053,"date":"2026-03-15T02:00:47","date_gmt":"2026-03-15T05:00:47","guid":{"rendered":"https:\/\/www.notibras.com\/site\/?p=387053"},"modified":"2026-03-14T22:19:58","modified_gmt":"2026-03-15T01:19:58","slug":"caiado-tenta-ressuscitar-defunto-politico-pra-ver-se-alguem-olha-para-ele","status":"publish","type":"post","link":"https:\/\/www.notibras.com\/site\/caiado-tenta-ressuscitar-defunto-politico-pra-ver-se-alguem-olha-para-ele\/","title":{"rendered":"Caiado tenta ressuscitar defunto pol\u00edtico pra ver se algu\u00e9m olha para ele"},"content":{"rendered":"<p>O debate sobre anistia aos envolvidos nos atos de 8 de janeiro simplesmente desapareceu do centro das aten\u00e7\u00f5es. O tema, que durante algum tempo ocupou espa\u00e7o relevante na m\u00eddia e em setores do Congresso Nacional, perdeu for\u00e7a e praticamente saiu da pauta pol\u00edtica. Sem mobiliza\u00e7\u00e3o social consistente e sem prioridade legislativa, a discuss\u00e3o parece ter sido deixada de lado, acompanhando o arrefecimento do clima pol\u00edtico que marcou os meses posteriores aos acontecimentos.<\/p>\n<p>Mesmo assim, o governador de Goi\u00e1s, Ronaldo Caiado, decidiu ressuscitar o assunto. Em uma declara\u00e7\u00e3o que soa mais como tentativa de recuperar protagonismo do que como proposta concreta, Caiado afirmou que, caso seja eleito presidente da Rep\u00fablica, conceder\u00e1 uma anistia \u201campla, geral e irrestrita\u201d aos condenados pelos atos de 8 de janeiro. A promessa chama aten\u00e7\u00e3o justamente por surgir em um momento em que o tema j\u00e1 n\u00e3o mobiliza nem o Congresso nem a opini\u00e3o p\u00fablica.<\/p>\n<p>A fala, por\u00e9m, parece ignorar um detalhe fundamental da realidade pol\u00edtica. Antes de discutir o que faria no exerc\u00edcio da Presid\u00eancia, Caiado precisaria primeiro consolidar algo muito mais b\u00e1sico: sua pr\u00f3pria candidatura. No cen\u00e1rio atual, marcado por disputas internas em seu campo pol\u00edtico e pela presen\u00e7a de nomes mais competitivos, n\u00e3o \u00e9 improv\u00e1vel que ele sequer chegue \u00e0 condi\u00e7\u00e3o de candidato vi\u00e1vel. Falar em anistia presidencial, portanto, soa mais como gesto de desespero por visibilidade do que como um plano pol\u00edtico com alguma chance real de se concretizar.<\/p>\n","protected":false},"excerpt":{"rendered":"<p>O debate sobre anistia aos envolvidos nos atos de 8 de janeiro simplesmente desapareceu do centro das aten\u00e7\u00f5es. O tema, que durante algum tempo ocupou espa\u00e7o relevante na m\u00eddia e em setores do Congresso Nacional, perdeu for\u00e7a e praticamente saiu da pauta pol\u00edtica. Sem mobiliza\u00e7\u00e3o social consistente e sem prioridade legislativa, a discuss\u00e3o parece ter [&hellip;]<\/p>\n","protected":false},"author":21,"featured_media":387056,"comment_status":"closed","ping_status":"closed","sticky":false,"template":"","format":"standard","meta":{"_acf_changed":false,"footnotes":""},"categories":[235],"tags":[],"class_list":["post-387053","post","type-post","status-publish","format-standard","has-post-thumbnail","hentry","category-dona-irene"],"acf":[],"yoast_head":"<!-- This site is optimized with the Yoast SEO plugin v27.2 - https:\/\/yoast.com\/product\/yoast-seo-wordpress\/ -->\n<title>Caiado tenta ressuscitar defunto pol\u00edtico pra ver se algu\u00e9m olha para ele - Notibras<\/title>\n<meta name=\"robots\" content=\"index, follow, max-snippet:-1, max-image-preview:large, max-video-preview:-1\" \/>\n<link rel=\"canonical\" href=\"https:\/\/www.notibras.com\/site\/caiado-tenta-ressuscitar-defunto-politico-pra-ver-se-alguem-olha-para-ele\/\" \/>\n<meta property=\"og:locale\" content=\"pt_BR\" \/>\n<meta property=\"og:type\" content=\"article\" \/>\n<meta property=\"og:title\" content=\"Caiado tenta ressuscitar defunto pol\u00edtico pra ver se algu\u00e9m olha para ele - Notibras\" \/>\n<meta property=\"og:description\" content=\"O debate sobre anistia aos envolvidos nos atos de 8 de janeiro simplesmente desapareceu do centro das aten\u00e7\u00f5es. O tema, que durante algum tempo ocupou espa\u00e7o relevante na m\u00eddia e em setores do Congresso Nacional, perdeu for\u00e7a e praticamente saiu da pauta pol\u00edtica. Sem mobiliza\u00e7\u00e3o social consistente e sem prioridade legislativa, a discuss\u00e3o parece ter [&hellip;]\" \/>\n<meta property=\"og:url\" content=\"https:\/\/www.notibras.com\/site\/caiado-tenta-ressuscitar-defunto-politico-pra-ver-se-alguem-olha-para-ele\/\" \/>\n<meta property=\"og:site_name\" content=\"Notibras\" \/>\n<meta property=\"article:publisher\" content=\"https:\/\/www.facebook.com\/notibras\/\" \/>\n<meta property=\"article:published_time\" content=\"2026-03-15T05:00:47+00:00\" \/>\n<meta property=\"og:image\" content=\"https:\/\/www.notibras.com\/site\/wp-content\/uploads\/2026\/03\/20230601070620_363cf22cce3b9e338a3ada48753b395b77aba6f3a1b399e8512979f483f24389.webp\" \/>\n\t<meta property=\"og:image:width\" content=\"1250\" \/>\n\t<meta property=\"og:image:height\" content=\"600\" \/>\n\t<meta property=\"og:image:type\" content=\"image\/webp\" \/>\n<meta name=\"author\" content=\"Eduardo Mart\u00ednez\" \/>\n<meta name=\"twitter:card\" content=\"summary_large_image\" \/>\n<meta name=\"twitter:creator\" content=\"@Notibras\" \/>\n<meta name=\"twitter:site\" content=\"@Notibras\" \/>\n<meta name=\"twitter:label1\" content=\"Escrito por\" \/>\n\t<meta name=\"twitter:data1\" content=\"Eduardo Mart\u00ednez\" \/>\n\t<meta name=\"twitter:label2\" content=\"Est. tempo de leitura\" \/>\n\t<meta name=\"twitter:data2\" content=\"2 minutos\" \/>\n<script type=\"application\/ld+json\" class=\"yoast-schema-graph\">{\"@context\":\"https:\/\/schema.org\",\"@graph\":[{\"@type\":\"Article\",\"@id\":\"https:\/\/www.notibras.com\/site\/caiado-tenta-ressuscitar-defunto-politico-pra-ver-se-alguem-olha-para-ele\/#article\",\"isPartOf\":{\"@id\":\"https:\/\/www.notibras.com\/site\/caiado-tenta-ressuscitar-defunto-politico-pra-ver-se-alguem-olha-para-ele\/\"},\"author\":{\"name\":\"Eduardo Mart\u00ednez\",\"@id\":\"https:\/\/www.notibras.com\/site\/#\/schema\/person\/5b7fabf2aedc3ada2105f03b22b4d3dd\"},\"headline\":\"Caiado tenta ressuscitar defunto pol\u00edtico pra ver se algu\u00e9m olha para ele\",\"datePublished\":\"2026-03-15T05:00:47+00:00\",\"mainEntityOfPage\":{\"@id\":\"https:\/\/www.notibras.com\/site\/caiado-tenta-ressuscitar-defunto-politico-pra-ver-se-alguem-olha-para-ele\/\"},\"wordCount\":275,\"publisher\":{\"@id\":\"https:\/\/www.notibras.com\/site\/#organization\"},\"image\":{\"@id\":\"https:\/\/www.notibras.com\/site\/caiado-tenta-ressuscitar-defunto-politico-pra-ver-se-alguem-olha-para-ele\/#primaryimage\"},\"thumbnailUrl\":\"https:\/\/www.notibras.com\/site\/wp-content\/uploads\/2026\/03\/20230601070620_363cf22cce3b9e338a3ada48753b395b77aba6f3a1b399e8512979f483f24389.webp\",\"articleSection\":[\"Dona Irene\"],\"inLanguage\":\"pt-BR\"},{\"@type\":\"WebPage\",\"@id\":\"https:\/\/www.notibras.com\/site\/caiado-tenta-ressuscitar-defunto-politico-pra-ver-se-alguem-olha-para-ele\/\",\"url\":\"https:\/\/www.notibras.com\/site\/caiado-tenta-ressuscitar-defunto-politico-pra-ver-se-alguem-olha-para-ele\/\",\"name\":\"Caiado tenta ressuscitar defunto pol\u00edtico pra ver se algu\u00e9m olha para ele - Notibras\",\"isPartOf\":{\"@id\":\"https:\/\/www.notibras.com\/site\/#website\"},\"primaryImageOfPage\":{\"@id\":\"https:\/\/www.notibras.com\/site\/caiado-tenta-ressuscitar-defunto-politico-pra-ver-se-alguem-olha-para-ele\/#primaryimage\"},\"image\":{\"@id\":\"https:\/\/www.notibras.com\/site\/caiado-tenta-ressuscitar-defunto-politico-pra-ver-se-alguem-olha-para-ele\/#primaryimage\"},\"thumbnailUrl\":\"https:\/\/www.notibras.com\/site\/wp-content\/uploads\/2026\/03\/20230601070620_363cf22cce3b9e338a3ada48753b395b77aba6f3a1b399e8512979f483f24389.webp\",\"datePublished\":\"2026-03-15T05:00:47+00:00\",\"breadcrumb\":{\"@id\":\"https:\/\/www.notibras.com\/site\/caiado-tenta-ressuscitar-defunto-politico-pra-ver-se-alguem-olha-para-ele\/#breadcrumb\"},\"inLanguage\":\"pt-BR\",\"potentialAction\":[{\"@type\":\"ReadAction\",\"target\":[\"https:\/\/www.notibras.com\/site\/caiado-tenta-ressuscitar-defunto-politico-pra-ver-se-alguem-olha-para-ele\/\"]}]},{\"@type\":\"ImageObject\",\"inLanguage\":\"pt-BR\",\"@id\":\"https:\/\/www.notibras.com\/site\/caiado-tenta-ressuscitar-defunto-politico-pra-ver-se-alguem-olha-para-ele\/#primaryimage\",\"url\":\"https:\/\/www.notibras.com\/site\/wp-content\/uploads\/2026\/03\/20230601070620_363cf22cce3b9e338a3ada48753b395b77aba6f3a1b399e8512979f483f24389.webp\",\"contentUrl\":\"https:\/\/www.notibras.com\/site\/wp-content\/uploads\/2026\/03\/20230601070620_363cf22cce3b9e338a3ada48753b395b77aba6f3a1b399e8512979f483f24389.webp\",\"width\":1250,\"height\":600},{\"@type\":\"BreadcrumbList\",\"@id\":\"https:\/\/www.notibras.com\/site\/caiado-tenta-ressuscitar-defunto-politico-pra-ver-se-alguem-olha-para-ele\/#breadcrumb\",\"itemListElement\":[{\"@type\":\"ListItem\",\"position\":1,\"name\":\"In\u00edcio\",\"item\":\"https:\/\/www.notibras.com\/site\/\"},{\"@type\":\"ListItem\",\"position\":2,\"name\":\"Caiado tenta ressuscitar defunto pol\u00edtico pra ver se algu\u00e9m olha para ele\"}]},{\"@type\":\"WebSite\",\"@id\":\"https:\/\/www.notibras.com\/site\/#website\",\"url\":\"https:\/\/www.notibras.com\/site\/\",\"name\":\"Notibras\",\"description\":\"Not\u00edcias de Bras\u00edlia, do Brasil e do Mundo\",\"publisher\":{\"@id\":\"https:\/\/www.notibras.com\/site\/#organization\"},\"potentialAction\":[{\"@type\":\"SearchAction\",\"target\":{\"@type\":\"EntryPoint\",\"urlTemplate\":\"https:\/\/www.notibras.com\/site\/?s={search_term_string}\"},\"query-input\":{\"@type\":\"PropertyValueSpecification\",\"valueRequired\":true,\"valueName\":\"search_term_string\"}}],\"inLanguage\":\"pt-BR\"},{\"@type\":\"Organization\",\"@id\":\"https:\/\/www.notibras.com\/site\/#organization\",\"name\":\"Grupo Notibras de Comunica\u00e7\u00e3o\",\"url\":\"https:\/\/www.notibras.com\/site\/\",\"logo\":{\"@type\":\"ImageObject\",\"inLanguage\":\"pt-BR\",\"@id\":\"https:\/\/www.notibras.com\/site\/#\/schema\/logo\/image\/\",\"url\":\"https:\/\/www.notibras.com\/site\/wp-content\/uploads\/2023\/01\/notibras23.png\",\"contentUrl\":\"https:\/\/www.notibras.com\/site\/wp-content\/uploads\/2023\/01\/notibras23.png\",\"width\":350,\"height\":87,\"caption\":\"Grupo Notibras de Comunica\u00e7\u00e3o\"},\"image\":{\"@id\":\"https:\/\/www.notibras.com\/site\/#\/schema\/logo\/image\/\"},\"sameAs\":[\"https:\/\/www.facebook.com\/notibras\/\",\"https:\/\/x.com\/Notibras\",\"https:\/\/www.instagram.com\/notibras\/\"]},{\"@type\":\"Person\",\"@id\":\"https:\/\/www.notibras.com\/site\/#\/schema\/person\/5b7fabf2aedc3ada2105f03b22b4d3dd\",\"name\":\"Eduardo Mart\u00ednez\",\"image\":{\"@type\":\"ImageObject\",\"inLanguage\":\"pt-BR\",\"@id\":\"https:\/\/secure.gravatar.com\/avatar\/7902f906289926289cbcda644b5197c796b893c6ffd7b9a536a42d290f7704a0?s=96&d=mm&r=g\",\"url\":\"https:\/\/secure.gravatar.com\/avatar\/7902f906289926289cbcda644b5197c796b893c6ffd7b9a536a42d290f7704a0?s=96&d=mm&r=g\",\"contentUrl\":\"https:\/\/secure.gravatar.com\/avatar\/7902f906289926289cbcda644b5197c796b893c6ffd7b9a536a42d290f7704a0?s=96&d=mm&r=g\",\"caption\":\"Eduardo Mart\u00ednez\"}}]}<\/script>\n<!-- \/ Yoast SEO plugin. -->","yoast_head_json":{"title":"Caiado tenta ressuscitar defunto pol\u00edtico pra ver se algu\u00e9m olha para ele - Notibras","robots":{"index":"index","follow":"follow","max-snippet":"max-snippet:-1","max-image-preview":"max-image-preview:large","max-video-preview":"max-video-preview:-1"},"canonical":"https:\/\/www.notibras.com\/site\/caiado-tenta-ressuscitar-defunto-politico-pra-ver-se-alguem-olha-para-ele\/","og_locale":"pt_BR","og_type":"article","og_title":"Caiado tenta ressuscitar defunto pol\u00edtico pra ver se algu\u00e9m olha para ele - Notibras","og_description":"O debate sobre anistia aos envolvidos nos atos de 8 de janeiro simplesmente desapareceu do centro das aten\u00e7\u00f5es. O tema, que durante algum tempo ocupou espa\u00e7o relevante na m\u00eddia e em setores do Congresso Nacional, perdeu for\u00e7a e praticamente saiu da pauta pol\u00edtica. Sem mobiliza\u00e7\u00e3o social consistente e sem prioridade legislativa, a discuss\u00e3o parece ter [&hellip;]","og_url":"https:\/\/www.notibras.com\/site\/caiado-tenta-ressuscitar-defunto-politico-pra-ver-se-alguem-olha-para-ele\/","og_site_name":"Notibras","article_publisher":"https:\/\/www.facebook.com\/notibras\/","article_published_time":"2026-03-15T05:00:47+00:00","og_image":[{"width":1250,"height":600,"url":"https:\/\/www.notibras.com\/site\/wp-content\/uploads\/2026\/03\/20230601070620_363cf22cce3b9e338a3ada48753b395b77aba6f3a1b399e8512979f483f24389.webp","type":"image\/webp"}],"author":"Eduardo Mart\u00ednez","twitter_card":"summary_large_image","twitter_creator":"@Notibras","twitter_site":"@Notibras","twitter_misc":{"Escrito por":"Eduardo Mart\u00ednez","Est. tempo de leitura":"2 minutos"},"schema":{"@context":"https:\/\/schema.org","@graph":[{"@type":"Article","@id":"https:\/\/www.notibras.com\/site\/caiado-tenta-ressuscitar-defunto-politico-pra-ver-se-alguem-olha-para-ele\/#article","isPartOf":{"@id":"https:\/\/www.notibras.com\/site\/caiado-tenta-ressuscitar-defunto-politico-pra-ver-se-alguem-olha-para-ele\/"},"author":{"name":"Eduardo Mart\u00ednez","@id":"https:\/\/www.notibras.com\/site\/#\/schema\/person\/5b7fabf2aedc3ada2105f03b22b4d3dd"},"headline":"Caiado tenta ressuscitar defunto pol\u00edtico pra ver se algu\u00e9m olha para ele","datePublished":"2026-03-15T05:00:47+00:00","mainEntityOfPage":{"@id":"https:\/\/www.notibras.com\/site\/caiado-tenta-ressuscitar-defunto-politico-pra-ver-se-alguem-olha-para-ele\/"},"wordCount":275,"publisher":{"@id":"https:\/\/www.notibras.com\/site\/#organization"},"image":{"@id":"https:\/\/www.notibras.com\/site\/caiado-tenta-ressuscitar-defunto-politico-pra-ver-se-alguem-olha-para-ele\/#primaryimage"},"thumbnailUrl":"https:\/\/www.notibras.com\/site\/wp-content\/uploads\/2026\/03\/20230601070620_363cf22cce3b9e338a3ada48753b395b77aba6f3a1b399e8512979f483f24389.webp","articleSection":["Dona Irene"],"inLanguage":"pt-BR"},{"@type":"WebPage","@id":"https:\/\/www.notibras.com\/site\/caiado-tenta-ressuscitar-defunto-politico-pra-ver-se-alguem-olha-para-ele\/","url":"https:\/\/www.notibras.com\/site\/caiado-tenta-ressuscitar-defunto-politico-pra-ver-se-alguem-olha-para-ele\/","name":"Caiado tenta ressuscitar defunto pol\u00edtico pra ver se algu\u00e9m olha para ele - Notibras","isPartOf":{"@id":"https:\/\/www.notibras.com\/site\/#website"},"primaryImageOfPage":{"@id":"https:\/\/www.notibras.com\/site\/caiado-tenta-ressuscitar-defunto-politico-pra-ver-se-alguem-olha-para-ele\/#primaryimage"},"image":{"@id":"https:\/\/www.notibras.com\/site\/caiado-tenta-ressuscitar-defunto-politico-pra-ver-se-alguem-olha-para-ele\/#primaryimage"},"thumbnailUrl":"https:\/\/www.notibras.com\/site\/wp-content\/uploads\/2026\/03\/20230601070620_363cf22cce3b9e338a3ada48753b395b77aba6f3a1b399e8512979f483f24389.webp","datePublished":"2026-03-15T05:00:47+00:00","breadcrumb":{"@id":"https:\/\/www.notibras.com\/site\/caiado-tenta-ressuscitar-defunto-politico-pra-ver-se-alguem-olha-para-ele\/#breadcrumb"},"inLanguage":"pt-BR","potentialAction":[{"@type":"ReadAction","target":["https:\/\/www.notibras.com\/site\/caiado-tenta-ressuscitar-defunto-politico-pra-ver-se-alguem-olha-para-ele\/"]}]},{"@type":"ImageObject","inLanguage":"pt-BR","@id":"https:\/\/www.notibras.com\/site\/caiado-tenta-ressuscitar-defunto-politico-pra-ver-se-alguem-olha-para-ele\/#primaryimage","url":"https:\/\/www.notibras.com\/site\/wp-content\/uploads\/2026\/03\/20230601070620_363cf22cce3b9e338a3ada48753b395b77aba6f3a1b399e8512979f483f24389.webp","contentUrl":"https:\/\/www.notibras.com\/site\/wp-content\/uploads\/2026\/03\/20230601070620_363cf22cce3b9e338a3ada48753b395b77aba6f3a1b399e8512979f483f24389.webp","width":1250,"height":600},{"@type":"BreadcrumbList","@id":"https:\/\/www.notibras.com\/site\/caiado-tenta-ressuscitar-defunto-politico-pra-ver-se-alguem-olha-para-ele\/#breadcrumb","itemListElement":[{"@type":"ListItem","position":1,"name":"In\u00edcio","item":"https:\/\/www.notibras.com\/site\/"},{"@type":"ListItem","position":2,"name":"Caiado tenta ressuscitar defunto pol\u00edtico pra ver se algu\u00e9m olha para ele"}]},{"@type":"WebSite","@id":"https:\/\/www.notibras.com\/site\/#website","url":"https:\/\/www.notibras.com\/site\/","name":"Notibras","description":"Not\u00edcias de Bras\u00edlia, do Brasil e do Mundo","publisher":{"@id":"https:\/\/www.notibras.com\/site\/#organization"},"potentialAction":[{"@type":"SearchAction","target":{"@type":"EntryPoint","urlTemplate":"https:\/\/www.notibras.com\/site\/?s={search_term_string}"},"query-input":{"@type":"PropertyValueSpecification","valueRequired":true,"valueName":"search_term_string"}}],"inLanguage":"pt-BR"},{"@type":"Organization","@id":"https:\/\/www.notibras.com\/site\/#organization","name":"Grupo Notibras de Comunica\u00e7\u00e3o","url":"https:\/\/www.notibras.com\/site\/","logo":{"@type":"ImageObject","inLanguage":"pt-BR","@id":"https:\/\/www.notibras.com\/site\/#\/schema\/logo\/image\/","url":"https:\/\/www.notibras.com\/site\/wp-content\/uploads\/2023\/01\/notibras23.png","contentUrl":"https:\/\/www.notibras.com\/site\/wp-content\/uploads\/2023\/01\/notibras23.png","width":350,"height":87,"caption":"Grupo Notibras de Comunica\u00e7\u00e3o"},"image":{"@id":"https:\/\/www.notibras.com\/site\/#\/schema\/logo\/image\/"},"sameAs":["https:\/\/www.facebook.com\/notibras\/","https:\/\/x.com\/Notibras","https:\/\/www.instagram.com\/notibras\/"]},{"@type":"Person","@id":"https:\/\/www.notibras.com\/site\/#\/schema\/person\/5b7fabf2aedc3ada2105f03b22b4d3dd","name":"Eduardo Mart\u00ednez","image":{"@type":"ImageObject","inLanguage":"pt-BR","@id":"https:\/\/secure.gravatar.com\/avatar\/7902f906289926289cbcda644b5197c796b893c6ffd7b9a536a42d290f7704a0?s=96&d=mm&r=g","url":"https:\/\/secure.gravatar.com\/avatar\/7902f906289926289cbcda644b5197c796b893c6ffd7b9a536a42d290f7704a0?s=96&d=mm&r=g","contentUrl":"https:\/\/secure.gravatar.com\/avatar\/7902f906289926289cbcda644b5197c796b893c6ffd7b9a536a42d290f7704a0?s=96&d=mm&r=g","caption":"Eduardo Mart\u00ednez"}}]}},"amp_enabled":true,"_links":{"self":[{"href":"https:\/\/www.notibras.com\/site\/wp-json\/wp\/v2\/posts\/387053","targetHints":{"allow":["GET"]}}],"collection":[{"href":"https:\/\/www.notibras.com\/site\/wp-json\/wp\/v2\/posts"}],"about":[{"href":"https:\/\/www.notibras.com\/site\/wp-json\/wp\/v2\/types\/post"}],"author":[{"embeddable":true,"href":"https:\/\/www.notibras.com\/site\/wp-json\/wp\/v2\/users\/21"}],"replies":[{"embeddable":true,"href":"https:\/\/www.notibras.com\/site\/wp-json\/wp\/v2\/comments?post=387053"}],"version-history":[{"count":3,"href":"https:\/\/www.notibras.com\/site\/wp-json\/wp\/v2\/posts\/387053\/revisions"}],"predecessor-version":[{"id":387057,"href":"https:\/\/www.notibras.com\/site\/wp-json\/wp\/v2\/posts\/387053\/revisions\/387057"}],"wp:featuredmedia":[{"embeddable":true,"href":"https:\/\/www.notibras.com\/site\/wp-json\/wp\/v2\/media\/387056"}],"wp:attachment":[{"href":"https:\/\/www.notibras.com\/site\/wp-json\/wp\/v2\/media?parent=387053"}],"wp:term":[{"taxonomy":"category","embeddable":true,"href":"https:\/\/www.notibras.com\/site\/wp-json\/wp\/v2\/categories?post=387053"},{"taxonomy":"post_tag","embeddable":true,"href":"https:\/\/www.notibras.com\/site\/wp-json\/wp\/v2\/tags?post=387053"}],"curies":[{"name":"wp","href":"https:\/\/api.w.org\/{rel}","templated":true}]}}