{"id":387058,"date":"2026-03-15T02:15:26","date_gmt":"2026-03-15T05:15:26","guid":{"rendered":"https:\/\/www.notibras.com\/site\/?p=387058"},"modified":"2026-03-15T03:14:16","modified_gmt":"2026-03-15T06:14:16","slug":"carlos-brandao-lanca-sobrinho-ao-governo-e-isola-felipe-camarao","status":"publish","type":"post","link":"https:\/\/www.notibras.com\/site\/carlos-brandao-lanca-sobrinho-ao-governo-e-isola-felipe-camarao\/","title":{"rendered":"Carlos Brand\u00e3o lan\u00e7a sobrinho ao governo e isola Felipe Camar\u00e3o"},"content":{"rendered":"<p>No Maranh\u00e3o, o ano eleitoral promete grandes emo\u00e7\u00f5es. Ainda estamos em mar\u00e7o e o cen\u00e1rio pol\u00edtico do estado j\u00e1 come\u00e7a a se movimentar de forma intensa. O atual governador, Carlos Brand\u00e3o, resolveu descumprir acordos pol\u00edticos que haviam sido estabelecidos anteriormente, gerando ru\u00eddos importantes no campo aliado. Na pol\u00edtica, a trai\u00e7\u00e3o nunca \u00e9 bem-vista, sobretudo quando envolve compromissos firmados publicamente entre lideran\u00e7as que compartilharam o mesmo projeto de poder.<\/p>\n<p>Brand\u00e3o, que atualmente est\u00e1 sem partido ap\u00f3s deixar o PSB no ano passado, tem como vice-governador Felipe Camar\u00e3o (PT). A expectativa era de que Brand\u00e3o apoiasse Camar\u00e3o como seu sucessor natural no governo estadual. No entanto, o movimento do governador seguiu em outra dire\u00e7\u00e3o. Em vez de cumprir o pacto estabelecido, Brand\u00e3o decidiu lan\u00e7ar a candidatura de Orleans Brand\u00e3o, seu sobrinho, ao cargo de governador, o que alterou o equil\u00edbrio das for\u00e7as pol\u00edticas no estado.<\/p>\n<p>Diante dessa reconfigura\u00e7\u00e3o, novas alian\u00e7as passam a ser discutidas no Maranh\u00e3o. Felipe Camar\u00e3o, por sua vez, pode disputar uma vaga ao Senado em 2026, abrindo caminho para uma composi\u00e7\u00e3o pol\u00edtica diferente da inicialmente planejada. Nesse cen\u00e1rio, ganha for\u00e7a uma poss\u00edvel alian\u00e7a com o prefeito de S\u00e3o Lu\u00eds, Eduardo Braide (PSD). A movimenta\u00e7\u00e3o indica que o tabuleiro eleitoral maranhense ainda deve sofrer novos rearranjos, sinalizando que a disputa no estado promete ser uma das mais movimentadas do pr\u00f3ximo ciclo eleitoral.<\/p>\n","protected":false},"excerpt":{"rendered":"<p>No Maranh\u00e3o, o ano eleitoral promete grandes emo\u00e7\u00f5es. Ainda estamos em mar\u00e7o e o cen\u00e1rio pol\u00edtico do estado j\u00e1 come\u00e7a a se movimentar de forma intensa. O atual governador, Carlos Brand\u00e3o, resolveu descumprir acordos pol\u00edticos que haviam sido estabelecidos anteriormente, gerando ru\u00eddos importantes no campo aliado. Na pol\u00edtica, a trai\u00e7\u00e3o nunca \u00e9 bem-vista, sobretudo quando [&hellip;]<\/p>\n","protected":false},"author":21,"featured_media":387059,"comment_status":"closed","ping_status":"closed","sticky":false,"template":"","format":"standard","meta":{"_acf_changed":false,"footnotes":""},"categories":[235],"tags":[],"class_list":["post-387058","post","type-post","status-publish","format-standard","has-post-thumbnail","hentry","category-dona-irene"],"acf":[],"yoast_head":"<!-- This site is optimized with the Yoast SEO plugin v27.2 - https:\/\/yoast.com\/product\/yoast-seo-wordpress\/ -->\n<title>Carlos Brand\u00e3o lan\u00e7a sobrinho ao governo e isola Felipe Camar\u00e3o - Notibras<\/title>\n<meta name=\"robots\" content=\"index, follow, max-snippet:-1, max-image-preview:large, max-video-preview:-1\" \/>\n<link rel=\"canonical\" href=\"https:\/\/www.notibras.com\/site\/carlos-brandao-lanca-sobrinho-ao-governo-e-isola-felipe-camarao\/\" \/>\n<meta property=\"og:locale\" content=\"pt_BR\" \/>\n<meta property=\"og:type\" content=\"article\" \/>\n<meta property=\"og:title\" content=\"Carlos Brand\u00e3o lan\u00e7a sobrinho ao governo e isola Felipe Camar\u00e3o - Notibras\" \/>\n<meta property=\"og:description\" content=\"No Maranh\u00e3o, o ano eleitoral promete grandes emo\u00e7\u00f5es. Ainda estamos em mar\u00e7o e o cen\u00e1rio pol\u00edtico do estado j\u00e1 come\u00e7a a se movimentar de forma intensa. O atual governador, Carlos Brand\u00e3o, resolveu descumprir acordos pol\u00edticos que haviam sido estabelecidos anteriormente, gerando ru\u00eddos importantes no campo aliado. Na pol\u00edtica, a trai\u00e7\u00e3o nunca \u00e9 bem-vista, sobretudo quando [&hellip;]\" \/>\n<meta property=\"og:url\" content=\"https:\/\/www.notibras.com\/site\/carlos-brandao-lanca-sobrinho-ao-governo-e-isola-felipe-camarao\/\" \/>\n<meta property=\"og:site_name\" content=\"Notibras\" \/>\n<meta property=\"article:publisher\" content=\"https:\/\/www.facebook.com\/notibras\/\" \/>\n<meta property=\"article:published_time\" content=\"2026-03-15T05:15:26+00:00\" \/>\n<meta property=\"article:modified_time\" content=\"2026-03-15T06:14:16+00:00\" \/>\n<meta property=\"og:image\" content=\"https:\/\/www.notibras.com\/site\/wp-content\/uploads\/2026\/03\/Carlos-Brandao-848x477-1.webp\" \/>\n\t<meta property=\"og:image:width\" content=\"848\" \/>\n\t<meta property=\"og:image:height\" content=\"477\" \/>\n\t<meta property=\"og:image:type\" content=\"image\/webp\" \/>\n<meta name=\"author\" content=\"Eduardo Mart\u00ednez\" \/>\n<meta name=\"twitter:card\" content=\"summary_large_image\" \/>\n<meta name=\"twitter:creator\" content=\"@Notibras\" \/>\n<meta name=\"twitter:site\" content=\"@Notibras\" \/>\n<meta name=\"twitter:label1\" content=\"Escrito por\" \/>\n\t<meta name=\"twitter:data1\" content=\"Eduardo Mart\u00ednez\" \/>\n\t<meta name=\"twitter:label2\" content=\"Est. tempo de leitura\" \/>\n\t<meta name=\"twitter:data2\" content=\"2 minutos\" \/>\n<script type=\"application\/ld+json\" class=\"yoast-schema-graph\">{\"@context\":\"https:\/\/schema.org\",\"@graph\":[{\"@type\":\"Article\",\"@id\":\"https:\/\/www.notibras.com\/site\/carlos-brandao-lanca-sobrinho-ao-governo-e-isola-felipe-camarao\/#article\",\"isPartOf\":{\"@id\":\"https:\/\/www.notibras.com\/site\/carlos-brandao-lanca-sobrinho-ao-governo-e-isola-felipe-camarao\/\"},\"author\":{\"name\":\"Eduardo Mart\u00ednez\",\"@id\":\"https:\/\/www.notibras.com\/site\/#\/schema\/person\/5b7fabf2aedc3ada2105f03b22b4d3dd\"},\"headline\":\"Carlos Brand\u00e3o lan\u00e7a sobrinho ao governo e isola Felipe Camar\u00e3o\",\"datePublished\":\"2026-03-15T05:15:26+00:00\",\"dateModified\":\"2026-03-15T06:14:16+00:00\",\"mainEntityOfPage\":{\"@id\":\"https:\/\/www.notibras.com\/site\/carlos-brandao-lanca-sobrinho-ao-governo-e-isola-felipe-camarao\/\"},\"wordCount\":271,\"publisher\":{\"@id\":\"https:\/\/www.notibras.com\/site\/#organization\"},\"image\":{\"@id\":\"https:\/\/www.notibras.com\/site\/carlos-brandao-lanca-sobrinho-ao-governo-e-isola-felipe-camarao\/#primaryimage\"},\"thumbnailUrl\":\"https:\/\/www.notibras.com\/site\/wp-content\/uploads\/2026\/03\/Carlos-Brandao-848x477-1.webp\",\"articleSection\":[\"Dona Irene\"],\"inLanguage\":\"pt-BR\"},{\"@type\":\"WebPage\",\"@id\":\"https:\/\/www.notibras.com\/site\/carlos-brandao-lanca-sobrinho-ao-governo-e-isola-felipe-camarao\/\",\"url\":\"https:\/\/www.notibras.com\/site\/carlos-brandao-lanca-sobrinho-ao-governo-e-isola-felipe-camarao\/\",\"name\":\"Carlos Brand\u00e3o lan\u00e7a sobrinho ao governo e isola Felipe Camar\u00e3o - Notibras\",\"isPartOf\":{\"@id\":\"https:\/\/www.notibras.com\/site\/#website\"},\"primaryImageOfPage\":{\"@id\":\"https:\/\/www.notibras.com\/site\/carlos-brandao-lanca-sobrinho-ao-governo-e-isola-felipe-camarao\/#primaryimage\"},\"image\":{\"@id\":\"https:\/\/www.notibras.com\/site\/carlos-brandao-lanca-sobrinho-ao-governo-e-isola-felipe-camarao\/#primaryimage\"},\"thumbnailUrl\":\"https:\/\/www.notibras.com\/site\/wp-content\/uploads\/2026\/03\/Carlos-Brandao-848x477-1.webp\",\"datePublished\":\"2026-03-15T05:15:26+00:00\",\"dateModified\":\"2026-03-15T06:14:16+00:00\",\"breadcrumb\":{\"@id\":\"https:\/\/www.notibras.com\/site\/carlos-brandao-lanca-sobrinho-ao-governo-e-isola-felipe-camarao\/#breadcrumb\"},\"inLanguage\":\"pt-BR\",\"potentialAction\":[{\"@type\":\"ReadAction\",\"target\":[\"https:\/\/www.notibras.com\/site\/carlos-brandao-lanca-sobrinho-ao-governo-e-isola-felipe-camarao\/\"]}]},{\"@type\":\"ImageObject\",\"inLanguage\":\"pt-BR\",\"@id\":\"https:\/\/www.notibras.com\/site\/carlos-brandao-lanca-sobrinho-ao-governo-e-isola-felipe-camarao\/#primaryimage\",\"url\":\"https:\/\/www.notibras.com\/site\/wp-content\/uploads\/2026\/03\/Carlos-Brandao-848x477-1.webp\",\"contentUrl\":\"https:\/\/www.notibras.com\/site\/wp-content\/uploads\/2026\/03\/Carlos-Brandao-848x477-1.webp\",\"width\":848,\"height\":477},{\"@type\":\"BreadcrumbList\",\"@id\":\"https:\/\/www.notibras.com\/site\/carlos-brandao-lanca-sobrinho-ao-governo-e-isola-felipe-camarao\/#breadcrumb\",\"itemListElement\":[{\"@type\":\"ListItem\",\"position\":1,\"name\":\"In\u00edcio\",\"item\":\"https:\/\/www.notibras.com\/site\/\"},{\"@type\":\"ListItem\",\"position\":2,\"name\":\"Carlos Brand\u00e3o lan\u00e7a sobrinho ao governo e isola Felipe Camar\u00e3o\"}]},{\"@type\":\"WebSite\",\"@id\":\"https:\/\/www.notibras.com\/site\/#website\",\"url\":\"https:\/\/www.notibras.com\/site\/\",\"name\":\"Notibras\",\"description\":\"Not\u00edcias de Bras\u00edlia, do Brasil e do Mundo\",\"publisher\":{\"@id\":\"https:\/\/www.notibras.com\/site\/#organization\"},\"potentialAction\":[{\"@type\":\"SearchAction\",\"target\":{\"@type\":\"EntryPoint\",\"urlTemplate\":\"https:\/\/www.notibras.com\/site\/?s={search_term_string}\"},\"query-input\":{\"@type\":\"PropertyValueSpecification\",\"valueRequired\":true,\"valueName\":\"search_term_string\"}}],\"inLanguage\":\"pt-BR\"},{\"@type\":\"Organization\",\"@id\":\"https:\/\/www.notibras.com\/site\/#organization\",\"name\":\"Grupo Notibras de Comunica\u00e7\u00e3o\",\"url\":\"https:\/\/www.notibras.com\/site\/\",\"logo\":{\"@type\":\"ImageObject\",\"inLanguage\":\"pt-BR\",\"@id\":\"https:\/\/www.notibras.com\/site\/#\/schema\/logo\/image\/\",\"url\":\"https:\/\/www.notibras.com\/site\/wp-content\/uploads\/2023\/01\/notibras23.png\",\"contentUrl\":\"https:\/\/www.notibras.com\/site\/wp-content\/uploads\/2023\/01\/notibras23.png\",\"width\":350,\"height\":87,\"caption\":\"Grupo Notibras de Comunica\u00e7\u00e3o\"},\"image\":{\"@id\":\"https:\/\/www.notibras.com\/site\/#\/schema\/logo\/image\/\"},\"sameAs\":[\"https:\/\/www.facebook.com\/notibras\/\",\"https:\/\/x.com\/Notibras\",\"https:\/\/www.instagram.com\/notibras\/\"]},{\"@type\":\"Person\",\"@id\":\"https:\/\/www.notibras.com\/site\/#\/schema\/person\/5b7fabf2aedc3ada2105f03b22b4d3dd\",\"name\":\"Eduardo Mart\u00ednez\",\"image\":{\"@type\":\"ImageObject\",\"inLanguage\":\"pt-BR\",\"@id\":\"https:\/\/secure.gravatar.com\/avatar\/7902f906289926289cbcda644b5197c796b893c6ffd7b9a536a42d290f7704a0?s=96&d=mm&r=g\",\"url\":\"https:\/\/secure.gravatar.com\/avatar\/7902f906289926289cbcda644b5197c796b893c6ffd7b9a536a42d290f7704a0?s=96&d=mm&r=g\",\"contentUrl\":\"https:\/\/secure.gravatar.com\/avatar\/7902f906289926289cbcda644b5197c796b893c6ffd7b9a536a42d290f7704a0?s=96&d=mm&r=g\",\"caption\":\"Eduardo Mart\u00ednez\"}}]}<\/script>\n<!-- \/ Yoast SEO plugin. -->","yoast_head_json":{"title":"Carlos Brand\u00e3o lan\u00e7a sobrinho ao governo e isola Felipe Camar\u00e3o - Notibras","robots":{"index":"index","follow":"follow","max-snippet":"max-snippet:-1","max-image-preview":"max-image-preview:large","max-video-preview":"max-video-preview:-1"},"canonical":"https:\/\/www.notibras.com\/site\/carlos-brandao-lanca-sobrinho-ao-governo-e-isola-felipe-camarao\/","og_locale":"pt_BR","og_type":"article","og_title":"Carlos Brand\u00e3o lan\u00e7a sobrinho ao governo e isola Felipe Camar\u00e3o - Notibras","og_description":"No Maranh\u00e3o, o ano eleitoral promete grandes emo\u00e7\u00f5es. Ainda estamos em mar\u00e7o e o cen\u00e1rio pol\u00edtico do estado j\u00e1 come\u00e7a a se movimentar de forma intensa. O atual governador, Carlos Brand\u00e3o, resolveu descumprir acordos pol\u00edticos que haviam sido estabelecidos anteriormente, gerando ru\u00eddos importantes no campo aliado. Na pol\u00edtica, a trai\u00e7\u00e3o nunca \u00e9 bem-vista, sobretudo quando [&hellip;]","og_url":"https:\/\/www.notibras.com\/site\/carlos-brandao-lanca-sobrinho-ao-governo-e-isola-felipe-camarao\/","og_site_name":"Notibras","article_publisher":"https:\/\/www.facebook.com\/notibras\/","article_published_time":"2026-03-15T05:15:26+00:00","article_modified_time":"2026-03-15T06:14:16+00:00","og_image":[{"width":848,"height":477,"url":"https:\/\/www.notibras.com\/site\/wp-content\/uploads\/2026\/03\/Carlos-Brandao-848x477-1.webp","type":"image\/webp"}],"author":"Eduardo Mart\u00ednez","twitter_card":"summary_large_image","twitter_creator":"@Notibras","twitter_site":"@Notibras","twitter_misc":{"Escrito por":"Eduardo Mart\u00ednez","Est. tempo de leitura":"2 minutos"},"schema":{"@context":"https:\/\/schema.org","@graph":[{"@type":"Article","@id":"https:\/\/www.notibras.com\/site\/carlos-brandao-lanca-sobrinho-ao-governo-e-isola-felipe-camarao\/#article","isPartOf":{"@id":"https:\/\/www.notibras.com\/site\/carlos-brandao-lanca-sobrinho-ao-governo-e-isola-felipe-camarao\/"},"author":{"name":"Eduardo Mart\u00ednez","@id":"https:\/\/www.notibras.com\/site\/#\/schema\/person\/5b7fabf2aedc3ada2105f03b22b4d3dd"},"headline":"Carlos Brand\u00e3o lan\u00e7a sobrinho ao governo e isola Felipe Camar\u00e3o","datePublished":"2026-03-15T05:15:26+00:00","dateModified":"2026-03-15T06:14:16+00:00","mainEntityOfPage":{"@id":"https:\/\/www.notibras.com\/site\/carlos-brandao-lanca-sobrinho-ao-governo-e-isola-felipe-camarao\/"},"wordCount":271,"publisher":{"@id":"https:\/\/www.notibras.com\/site\/#organization"},"image":{"@id":"https:\/\/www.notibras.com\/site\/carlos-brandao-lanca-sobrinho-ao-governo-e-isola-felipe-camarao\/#primaryimage"},"thumbnailUrl":"https:\/\/www.notibras.com\/site\/wp-content\/uploads\/2026\/03\/Carlos-Brandao-848x477-1.webp","articleSection":["Dona Irene"],"inLanguage":"pt-BR"},{"@type":"WebPage","@id":"https:\/\/www.notibras.com\/site\/carlos-brandao-lanca-sobrinho-ao-governo-e-isola-felipe-camarao\/","url":"https:\/\/www.notibras.com\/site\/carlos-brandao-lanca-sobrinho-ao-governo-e-isola-felipe-camarao\/","name":"Carlos Brand\u00e3o lan\u00e7a sobrinho ao governo e isola Felipe Camar\u00e3o - Notibras","isPartOf":{"@id":"https:\/\/www.notibras.com\/site\/#website"},"primaryImageOfPage":{"@id":"https:\/\/www.notibras.com\/site\/carlos-brandao-lanca-sobrinho-ao-governo-e-isola-felipe-camarao\/#primaryimage"},"image":{"@id":"https:\/\/www.notibras.com\/site\/carlos-brandao-lanca-sobrinho-ao-governo-e-isola-felipe-camarao\/#primaryimage"},"thumbnailUrl":"https:\/\/www.notibras.com\/site\/wp-content\/uploads\/2026\/03\/Carlos-Brandao-848x477-1.webp","datePublished":"2026-03-15T05:15:26+00:00","dateModified":"2026-03-15T06:14:16+00:00","breadcrumb":{"@id":"https:\/\/www.notibras.com\/site\/carlos-brandao-lanca-sobrinho-ao-governo-e-isola-felipe-camarao\/#breadcrumb"},"inLanguage":"pt-BR","potentialAction":[{"@type":"ReadAction","target":["https:\/\/www.notibras.com\/site\/carlos-brandao-lanca-sobrinho-ao-governo-e-isola-felipe-camarao\/"]}]},{"@type":"ImageObject","inLanguage":"pt-BR","@id":"https:\/\/www.notibras.com\/site\/carlos-brandao-lanca-sobrinho-ao-governo-e-isola-felipe-camarao\/#primaryimage","url":"https:\/\/www.notibras.com\/site\/wp-content\/uploads\/2026\/03\/Carlos-Brandao-848x477-1.webp","contentUrl":"https:\/\/www.notibras.com\/site\/wp-content\/uploads\/2026\/03\/Carlos-Brandao-848x477-1.webp","width":848,"height":477},{"@type":"BreadcrumbList","@id":"https:\/\/www.notibras.com\/site\/carlos-brandao-lanca-sobrinho-ao-governo-e-isola-felipe-camarao\/#breadcrumb","itemListElement":[{"@type":"ListItem","position":1,"name":"In\u00edcio","item":"https:\/\/www.notibras.com\/site\/"},{"@type":"ListItem","position":2,"name":"Carlos Brand\u00e3o lan\u00e7a sobrinho ao governo e isola Felipe Camar\u00e3o"}]},{"@type":"WebSite","@id":"https:\/\/www.notibras.com\/site\/#website","url":"https:\/\/www.notibras.com\/site\/","name":"Notibras","description":"Not\u00edcias de Bras\u00edlia, do Brasil e do Mundo","publisher":{"@id":"https:\/\/www.notibras.com\/site\/#organization"},"potentialAction":[{"@type":"SearchAction","target":{"@type":"EntryPoint","urlTemplate":"https:\/\/www.notibras.com\/site\/?s={search_term_string}"},"query-input":{"@type":"PropertyValueSpecification","valueRequired":true,"valueName":"search_term_string"}}],"inLanguage":"pt-BR"},{"@type":"Organization","@id":"https:\/\/www.notibras.com\/site\/#organization","name":"Grupo Notibras de Comunica\u00e7\u00e3o","url":"https:\/\/www.notibras.com\/site\/","logo":{"@type":"ImageObject","inLanguage":"pt-BR","@id":"https:\/\/www.notibras.com\/site\/#\/schema\/logo\/image\/","url":"https:\/\/www.notibras.com\/site\/wp-content\/uploads\/2023\/01\/notibras23.png","contentUrl":"https:\/\/www.notibras.com\/site\/wp-content\/uploads\/2023\/01\/notibras23.png","width":350,"height":87,"caption":"Grupo Notibras de Comunica\u00e7\u00e3o"},"image":{"@id":"https:\/\/www.notibras.com\/site\/#\/schema\/logo\/image\/"},"sameAs":["https:\/\/www.facebook.com\/notibras\/","https:\/\/x.com\/Notibras","https:\/\/www.instagram.com\/notibras\/"]},{"@type":"Person","@id":"https:\/\/www.notibras.com\/site\/#\/schema\/person\/5b7fabf2aedc3ada2105f03b22b4d3dd","name":"Eduardo Mart\u00ednez","image":{"@type":"ImageObject","inLanguage":"pt-BR","@id":"https:\/\/secure.gravatar.com\/avatar\/7902f906289926289cbcda644b5197c796b893c6ffd7b9a536a42d290f7704a0?s=96&d=mm&r=g","url":"https:\/\/secure.gravatar.com\/avatar\/7902f906289926289cbcda644b5197c796b893c6ffd7b9a536a42d290f7704a0?s=96&d=mm&r=g","contentUrl":"https:\/\/secure.gravatar.com\/avatar\/7902f906289926289cbcda644b5197c796b893c6ffd7b9a536a42d290f7704a0?s=96&d=mm&r=g","caption":"Eduardo Mart\u00ednez"}}]}},"amp_enabled":true,"_links":{"self":[{"href":"https:\/\/www.notibras.com\/site\/wp-json\/wp\/v2\/posts\/387058","targetHints":{"allow":["GET"]}}],"collection":[{"href":"https:\/\/www.notibras.com\/site\/wp-json\/wp\/v2\/posts"}],"about":[{"href":"https:\/\/www.notibras.com\/site\/wp-json\/wp\/v2\/types\/post"}],"author":[{"embeddable":true,"href":"https:\/\/www.notibras.com\/site\/wp-json\/wp\/v2\/users\/21"}],"replies":[{"embeddable":true,"href":"https:\/\/www.notibras.com\/site\/wp-json\/wp\/v2\/comments?post=387058"}],"version-history":[{"count":3,"href":"https:\/\/www.notibras.com\/site\/wp-json\/wp\/v2\/posts\/387058\/revisions"}],"predecessor-version":[{"id":387066,"href":"https:\/\/www.notibras.com\/site\/wp-json\/wp\/v2\/posts\/387058\/revisions\/387066"}],"wp:featuredmedia":[{"embeddable":true,"href":"https:\/\/www.notibras.com\/site\/wp-json\/wp\/v2\/media\/387059"}],"wp:attachment":[{"href":"https:\/\/www.notibras.com\/site\/wp-json\/wp\/v2\/media?parent=387058"}],"wp:term":[{"taxonomy":"category","embeddable":true,"href":"https:\/\/www.notibras.com\/site\/wp-json\/wp\/v2\/categories?post=387058"},{"taxonomy":"post_tag","embeddable":true,"href":"https:\/\/www.notibras.com\/site\/wp-json\/wp\/v2\/tags?post=387058"}],"curies":[{"name":"wp","href":"https:\/\/api.w.org\/{rel}","templated":true}]}}