{"id":387063,"date":"2026-03-15T03:12:25","date_gmt":"2026-03-15T06:12:25","guid":{"rendered":"https:\/\/www.notibras.com\/site\/?p=387063"},"modified":"2026-03-15T03:12:25","modified_gmt":"2026-03-15T06:12:25","slug":"no-brasil-plural-o-melhor-de-tudo-sao-os-brasileiros","status":"publish","type":"post","link":"https:\/\/www.notibras.com\/site\/no-brasil-plural-o-melhor-de-tudo-sao-os-brasileiros\/","title":{"rendered":"No Brasil plural, o melhor de tudo s\u00e3o os brasileiros"},"content":{"rendered":"<p>\u00c1gua de morro abaixo, fogo de morro acima e o Brasil plural continua cada vez mais singular quando a refer\u00eancia \u00e9 o povo, a maior riqueza do pa\u00eds. Ali\u00e1s, \u00e9 bom lembrar que povo algum existe por causa do rei. No entanto, a exist\u00eancia de um rei depende exclusivamente do povo. Imposs\u00edvel uma verdade mais verdadeira. \u00c9 por isso que o tempo passa, o tempo voa, os l\u00edderes v\u00e3o e v\u00eam, mas o povo permanece. Lembrando o revolucion\u00e1rio Joseph Stalin, ex-primeiro-ministro da Uni\u00e3o Sovi\u00e9tica, apenas o povo \u00e9 imortal.<\/p>\n<p>Com base nessa cl\u00e1ssica senten\u00e7a, fa\u00e7o minhas as s\u00e1bias palavras de Nelson Rodrigues, para quem se Euclides das Cunha fosse vivo teria preferido o Flamengo e Canudos para contar a hist\u00f3ria do povo brasileiro. Eu incluiria o Corinthians e, talvez, uma associa\u00e7\u00e3o entre o Vasco da Gama, Palmeiras, Cruzeiro, Gr\u00eamio, Bahia, Beija-Flor, Portela e Mangueira. Quem sabe juntando essa multid\u00e3o pud\u00e9ssemos evitar que os sucessivos governos sistematicamente transferissem para o povo toda sua f\u00faria, incompet\u00eancia e sofrimento.<\/p>\n<p>Infelizmente, ainda est\u00e1 longe o dia em que, mesmo com tra\u00e7os, personalidades, caracter\u00edsticas e comportamentos diferentes, o povo brasileiro internalizar\u00e1 a ideia de que, unido, \u00e9 mais forte do que qualquer governo. Mesmo me autodeclarando um bom observador, nem sempre consigo visualizar nuances a respeito dos viventes desse ou daquele estado. Entretanto, o que anotei ao longo da vida j\u00e1 \u00e9 suficiente para, caso queira, escrever um livro com pelo menos meia d\u00fazia de p\u00e1ginas engra\u00e7adas sobre os nacionais.<\/p>\n<p>Em meu Estado de origem, o Rio de Janeiro, convivi \u2013 e convivo \u2013 com artistas, anarquistas e punguistas. Estado politicamente rec\u00e9m-descoberto pelo restante do pa\u00eds, Santa Catarina virou o esconderijo preferido de bolsonaristas e golpistas. Governado por um militante satanista, Minas Gerais \u00e9 a terra de Tiradentes, de Juscelino Kubitschek, Tancredo Neves e de Itamar Franco, o presidente brasileiro que refugou, mas nunca esqueceu a perna cabeluda do carnaval carioca.<\/p>\n<p>Cora\u00e7\u00e3o e locomotiva do pa\u00eds, S\u00e3o Paulo s\u00f3 descarrila em \u00e9pocas de chuvas e desengrena por falta de t\u00edtulos continentais de futebol. Mudando de assunto e continuando no mesmo, agentes secretos, masoquistas, sexualistas, proctologistas, urologistas, economistas e vigaristas est\u00e3o por toda a parte. A turma de maioria malvista se encontra no m\u00e1ximo dois dias e meio em Bras\u00edlia, onde est\u00e1 instalada a maior colmeia da na\u00e7\u00e3o. Nela, boa parte dos 513 deputados e 81 senadores ou est\u00e1 fazendo cera ou est\u00e1 voando por a\u00ed. Saindo do chimarr\u00e3o ga\u00facho e das moquecas baiana e capixaba, chego ao Paran\u00e1, onde se plantando tudo d\u00e1.<\/p>\n<p>Falando deste Brasil sem fim, n\u00e3o h\u00e1 como esquecer os gastron\u00f4micos nortistas, os simp\u00e1ticos goianos e mato-grossenses do Sul e do Norte, tampouco os hospitaleiros nordestinos. Fico imaginando Alagoas como celeiro de marechais, curtindo o reggae do Maranh\u00e3o, comendo o bode do Piau\u00ed, sentindo a brisa pernambucana e espantando as Piranhas de Sergipe. Tudo \u00e9 muito interessante, mas nada se assemelha ao Cear\u00e1, cujo gent\u00edlico se identifica com o judeu, pois \u00e9 encontrado em qualquer lugar do mundo. O empres\u00e1rio Fran\u00e7ois du Crabe (Chico do Caranguejo) \u00e9 o diferencial para o Estado, no qual ou se \u00e9 turista, motorista ou humorista. Realmente o melhor das viagens s\u00e3o as hist\u00f3rias engra\u00e7adas que sobram para contar. E o melhor do Brasil. Obviamente que s\u00e3o os brasileiros.<\/p>\n<p>&#8230;&#8230;.<\/p>\n<p><strong>Wenceslau Ara\u00fajo \u00e9 Editor-Chefe de Notibras<\/strong><\/p>\n","protected":false},"excerpt":{"rendered":"<p>\u00c1gua de morro abaixo, fogo de morro acima e o Brasil plural continua cada vez mais singular quando a refer\u00eancia \u00e9 o povo, a maior riqueza do pa\u00eds. Ali\u00e1s, \u00e9 bom lembrar que povo algum existe por causa do rei. No entanto, a exist\u00eancia de um rei depende exclusivamente do povo. Imposs\u00edvel uma verdade mais [&hellip;]<\/p>\n","protected":false},"author":2,"featured_media":387064,"comment_status":"closed","ping_status":"closed","sticky":false,"template":"","format":"standard","meta":{"_acf_changed":false,"footnotes":""},"categories":[236],"tags":[],"class_list":["post-387063","post","type-post","status-publish","format-standard","has-post-thumbnail","hentry","category-ponto-de-vista"],"acf":[],"yoast_head":"<!-- This site is optimized with the Yoast SEO plugin v27.2 - https:\/\/yoast.com\/product\/yoast-seo-wordpress\/ -->\n<title>No Brasil plural, o melhor de tudo s\u00e3o os brasileiros - Notibras<\/title>\n<meta name=\"robots\" content=\"index, follow, max-snippet:-1, max-image-preview:large, max-video-preview:-1\" \/>\n<link rel=\"canonical\" href=\"https:\/\/www.notibras.com\/site\/no-brasil-plural-o-melhor-de-tudo-sao-os-brasileiros\/\" \/>\n<meta property=\"og:locale\" content=\"pt_BR\" \/>\n<meta property=\"og:type\" content=\"article\" \/>\n<meta property=\"og:title\" content=\"No Brasil plural, o melhor de tudo s\u00e3o os brasileiros - Notibras\" \/>\n<meta property=\"og:description\" content=\"\u00c1gua de morro abaixo, fogo de morro acima e o Brasil plural continua cada vez mais singular quando a refer\u00eancia \u00e9 o povo, a maior riqueza do pa\u00eds. Ali\u00e1s, \u00e9 bom lembrar que povo algum existe por causa do rei. No entanto, a exist\u00eancia de um rei depende exclusivamente do povo. Imposs\u00edvel uma verdade mais [&hellip;]\" \/>\n<meta property=\"og:url\" content=\"https:\/\/www.notibras.com\/site\/no-brasil-plural-o-melhor-de-tudo-sao-os-brasileiros\/\" \/>\n<meta property=\"og:site_name\" content=\"Notibras\" \/>\n<meta property=\"article:publisher\" content=\"https:\/\/www.facebook.com\/notibras\/\" \/>\n<meta property=\"article:published_time\" content=\"2026-03-15T06:12:25+00:00\" \/>\n<meta property=\"og:image\" content=\"https:\/\/www.notibras.com\/site\/wp-content\/uploads\/2026\/03\/toms3921-1.webp\" \/>\n\t<meta property=\"og:image:width\" content=\"770\" \/>\n\t<meta property=\"og:image:height\" content=\"513\" \/>\n\t<meta property=\"og:image:type\" content=\"image\/webp\" \/>\n<meta name=\"author\" content=\"Reda\u00e7\u00e3o\" \/>\n<meta name=\"twitter:card\" content=\"summary_large_image\" \/>\n<meta name=\"twitter:creator\" content=\"@Notibras\" \/>\n<meta name=\"twitter:site\" content=\"@Notibras\" \/>\n<meta name=\"twitter:label1\" content=\"Escrito por\" \/>\n\t<meta name=\"twitter:data1\" content=\"Reda\u00e7\u00e3o\" \/>\n\t<meta name=\"twitter:label2\" content=\"Est. tempo de leitura\" \/>\n\t<meta name=\"twitter:data2\" content=\"4 minutos\" \/>\n<script type=\"application\/ld+json\" class=\"yoast-schema-graph\">{\"@context\":\"https:\/\/schema.org\",\"@graph\":[{\"@type\":\"Article\",\"@id\":\"https:\/\/www.notibras.com\/site\/no-brasil-plural-o-melhor-de-tudo-sao-os-brasileiros\/#article\",\"isPartOf\":{\"@id\":\"https:\/\/www.notibras.com\/site\/no-brasil-plural-o-melhor-de-tudo-sao-os-brasileiros\/\"},\"author\":{\"name\":\"Reda\u00e7\u00e3o\",\"@id\":\"https:\/\/www.notibras.com\/site\/#\/schema\/person\/36ab0979449956132d3e5b517ea76ac8\"},\"headline\":\"No Brasil plural, o melhor de tudo s\u00e3o os brasileiros\",\"datePublished\":\"2026-03-15T06:12:25+00:00\",\"mainEntityOfPage\":{\"@id\":\"https:\/\/www.notibras.com\/site\/no-brasil-plural-o-melhor-de-tudo-sao-os-brasileiros\/\"},\"wordCount\":594,\"publisher\":{\"@id\":\"https:\/\/www.notibras.com\/site\/#organization\"},\"image\":{\"@id\":\"https:\/\/www.notibras.com\/site\/no-brasil-plural-o-melhor-de-tudo-sao-os-brasileiros\/#primaryimage\"},\"thumbnailUrl\":\"https:\/\/www.notibras.com\/site\/wp-content\/uploads\/2026\/03\/toms3921-1.webp\",\"articleSection\":[\"Ponto de Vista\"],\"inLanguage\":\"pt-BR\"},{\"@type\":\"WebPage\",\"@id\":\"https:\/\/www.notibras.com\/site\/no-brasil-plural-o-melhor-de-tudo-sao-os-brasileiros\/\",\"url\":\"https:\/\/www.notibras.com\/site\/no-brasil-plural-o-melhor-de-tudo-sao-os-brasileiros\/\",\"name\":\"No Brasil plural, o melhor de tudo s\u00e3o os brasileiros - Notibras\",\"isPartOf\":{\"@id\":\"https:\/\/www.notibras.com\/site\/#website\"},\"primaryImageOfPage\":{\"@id\":\"https:\/\/www.notibras.com\/site\/no-brasil-plural-o-melhor-de-tudo-sao-os-brasileiros\/#primaryimage\"},\"image\":{\"@id\":\"https:\/\/www.notibras.com\/site\/no-brasil-plural-o-melhor-de-tudo-sao-os-brasileiros\/#primaryimage\"},\"thumbnailUrl\":\"https:\/\/www.notibras.com\/site\/wp-content\/uploads\/2026\/03\/toms3921-1.webp\",\"datePublished\":\"2026-03-15T06:12:25+00:00\",\"breadcrumb\":{\"@id\":\"https:\/\/www.notibras.com\/site\/no-brasil-plural-o-melhor-de-tudo-sao-os-brasileiros\/#breadcrumb\"},\"inLanguage\":\"pt-BR\",\"potentialAction\":[{\"@type\":\"ReadAction\",\"target\":[\"https:\/\/www.notibras.com\/site\/no-brasil-plural-o-melhor-de-tudo-sao-os-brasileiros\/\"]}]},{\"@type\":\"ImageObject\",\"inLanguage\":\"pt-BR\",\"@id\":\"https:\/\/www.notibras.com\/site\/no-brasil-plural-o-melhor-de-tudo-sao-os-brasileiros\/#primaryimage\",\"url\":\"https:\/\/www.notibras.com\/site\/wp-content\/uploads\/2026\/03\/toms3921-1.webp\",\"contentUrl\":\"https:\/\/www.notibras.com\/site\/wp-content\/uploads\/2026\/03\/toms3921-1.webp\",\"width\":770,\"height\":513},{\"@type\":\"BreadcrumbList\",\"@id\":\"https:\/\/www.notibras.com\/site\/no-brasil-plural-o-melhor-de-tudo-sao-os-brasileiros\/#breadcrumb\",\"itemListElement\":[{\"@type\":\"ListItem\",\"position\":1,\"name\":\"In\u00edcio\",\"item\":\"https:\/\/www.notibras.com\/site\/\"},{\"@type\":\"ListItem\",\"position\":2,\"name\":\"No Brasil plural, o melhor de tudo s\u00e3o os brasileiros\"}]},{\"@type\":\"WebSite\",\"@id\":\"https:\/\/www.notibras.com\/site\/#website\",\"url\":\"https:\/\/www.notibras.com\/site\/\",\"name\":\"Notibras\",\"description\":\"Not\u00edcias de Bras\u00edlia, do Brasil e do Mundo\",\"publisher\":{\"@id\":\"https:\/\/www.notibras.com\/site\/#organization\"},\"potentialAction\":[{\"@type\":\"SearchAction\",\"target\":{\"@type\":\"EntryPoint\",\"urlTemplate\":\"https:\/\/www.notibras.com\/site\/?s={search_term_string}\"},\"query-input\":{\"@type\":\"PropertyValueSpecification\",\"valueRequired\":true,\"valueName\":\"search_term_string\"}}],\"inLanguage\":\"pt-BR\"},{\"@type\":\"Organization\",\"@id\":\"https:\/\/www.notibras.com\/site\/#organization\",\"name\":\"Grupo Notibras de Comunica\u00e7\u00e3o\",\"url\":\"https:\/\/www.notibras.com\/site\/\",\"logo\":{\"@type\":\"ImageObject\",\"inLanguage\":\"pt-BR\",\"@id\":\"https:\/\/www.notibras.com\/site\/#\/schema\/logo\/image\/\",\"url\":\"https:\/\/www.notibras.com\/site\/wp-content\/uploads\/2023\/01\/notibras23.png\",\"contentUrl\":\"https:\/\/www.notibras.com\/site\/wp-content\/uploads\/2023\/01\/notibras23.png\",\"width\":350,\"height\":87,\"caption\":\"Grupo Notibras de Comunica\u00e7\u00e3o\"},\"image\":{\"@id\":\"https:\/\/www.notibras.com\/site\/#\/schema\/logo\/image\/\"},\"sameAs\":[\"https:\/\/www.facebook.com\/notibras\/\",\"https:\/\/x.com\/Notibras\",\"https:\/\/www.instagram.com\/notibras\/\"]},{\"@type\":\"Person\",\"@id\":\"https:\/\/www.notibras.com\/site\/#\/schema\/person\/36ab0979449956132d3e5b517ea76ac8\",\"name\":\"Reda\u00e7\u00e3o\",\"image\":{\"@type\":\"ImageObject\",\"inLanguage\":\"pt-BR\",\"@id\":\"https:\/\/secure.gravatar.com\/avatar\/e0a867bdedb85fd243eadf09663511f96fc81e0720a4a42581f334ad4303aa6b?s=96&d=mm&r=g\",\"url\":\"https:\/\/secure.gravatar.com\/avatar\/e0a867bdedb85fd243eadf09663511f96fc81e0720a4a42581f334ad4303aa6b?s=96&d=mm&r=g\",\"contentUrl\":\"https:\/\/secure.gravatar.com\/avatar\/e0a867bdedb85fd243eadf09663511f96fc81e0720a4a42581f334ad4303aa6b?s=96&d=mm&r=g\",\"caption\":\"Reda\u00e7\u00e3o\"}}]}<\/script>\n<!-- \/ Yoast SEO plugin. -->","yoast_head_json":{"title":"No Brasil plural, o melhor de tudo s\u00e3o os brasileiros - Notibras","robots":{"index":"index","follow":"follow","max-snippet":"max-snippet:-1","max-image-preview":"max-image-preview:large","max-video-preview":"max-video-preview:-1"},"canonical":"https:\/\/www.notibras.com\/site\/no-brasil-plural-o-melhor-de-tudo-sao-os-brasileiros\/","og_locale":"pt_BR","og_type":"article","og_title":"No Brasil plural, o melhor de tudo s\u00e3o os brasileiros - Notibras","og_description":"\u00c1gua de morro abaixo, fogo de morro acima e o Brasil plural continua cada vez mais singular quando a refer\u00eancia \u00e9 o povo, a maior riqueza do pa\u00eds. Ali\u00e1s, \u00e9 bom lembrar que povo algum existe por causa do rei. No entanto, a exist\u00eancia de um rei depende exclusivamente do povo. Imposs\u00edvel uma verdade mais [&hellip;]","og_url":"https:\/\/www.notibras.com\/site\/no-brasil-plural-o-melhor-de-tudo-sao-os-brasileiros\/","og_site_name":"Notibras","article_publisher":"https:\/\/www.facebook.com\/notibras\/","article_published_time":"2026-03-15T06:12:25+00:00","og_image":[{"width":770,"height":513,"url":"https:\/\/www.notibras.com\/site\/wp-content\/uploads\/2026\/03\/toms3921-1.webp","type":"image\/webp"}],"author":"Reda\u00e7\u00e3o","twitter_card":"summary_large_image","twitter_creator":"@Notibras","twitter_site":"@Notibras","twitter_misc":{"Escrito por":"Reda\u00e7\u00e3o","Est. tempo de leitura":"4 minutos"},"schema":{"@context":"https:\/\/schema.org","@graph":[{"@type":"Article","@id":"https:\/\/www.notibras.com\/site\/no-brasil-plural-o-melhor-de-tudo-sao-os-brasileiros\/#article","isPartOf":{"@id":"https:\/\/www.notibras.com\/site\/no-brasil-plural-o-melhor-de-tudo-sao-os-brasileiros\/"},"author":{"name":"Reda\u00e7\u00e3o","@id":"https:\/\/www.notibras.com\/site\/#\/schema\/person\/36ab0979449956132d3e5b517ea76ac8"},"headline":"No Brasil plural, o melhor de tudo s\u00e3o os brasileiros","datePublished":"2026-03-15T06:12:25+00:00","mainEntityOfPage":{"@id":"https:\/\/www.notibras.com\/site\/no-brasil-plural-o-melhor-de-tudo-sao-os-brasileiros\/"},"wordCount":594,"publisher":{"@id":"https:\/\/www.notibras.com\/site\/#organization"},"image":{"@id":"https:\/\/www.notibras.com\/site\/no-brasil-plural-o-melhor-de-tudo-sao-os-brasileiros\/#primaryimage"},"thumbnailUrl":"https:\/\/www.notibras.com\/site\/wp-content\/uploads\/2026\/03\/toms3921-1.webp","articleSection":["Ponto de Vista"],"inLanguage":"pt-BR"},{"@type":"WebPage","@id":"https:\/\/www.notibras.com\/site\/no-brasil-plural-o-melhor-de-tudo-sao-os-brasileiros\/","url":"https:\/\/www.notibras.com\/site\/no-brasil-plural-o-melhor-de-tudo-sao-os-brasileiros\/","name":"No Brasil plural, o melhor de tudo s\u00e3o os brasileiros - Notibras","isPartOf":{"@id":"https:\/\/www.notibras.com\/site\/#website"},"primaryImageOfPage":{"@id":"https:\/\/www.notibras.com\/site\/no-brasil-plural-o-melhor-de-tudo-sao-os-brasileiros\/#primaryimage"},"image":{"@id":"https:\/\/www.notibras.com\/site\/no-brasil-plural-o-melhor-de-tudo-sao-os-brasileiros\/#primaryimage"},"thumbnailUrl":"https:\/\/www.notibras.com\/site\/wp-content\/uploads\/2026\/03\/toms3921-1.webp","datePublished":"2026-03-15T06:12:25+00:00","breadcrumb":{"@id":"https:\/\/www.notibras.com\/site\/no-brasil-plural-o-melhor-de-tudo-sao-os-brasileiros\/#breadcrumb"},"inLanguage":"pt-BR","potentialAction":[{"@type":"ReadAction","target":["https:\/\/www.notibras.com\/site\/no-brasil-plural-o-melhor-de-tudo-sao-os-brasileiros\/"]}]},{"@type":"ImageObject","inLanguage":"pt-BR","@id":"https:\/\/www.notibras.com\/site\/no-brasil-plural-o-melhor-de-tudo-sao-os-brasileiros\/#primaryimage","url":"https:\/\/www.notibras.com\/site\/wp-content\/uploads\/2026\/03\/toms3921-1.webp","contentUrl":"https:\/\/www.notibras.com\/site\/wp-content\/uploads\/2026\/03\/toms3921-1.webp","width":770,"height":513},{"@type":"BreadcrumbList","@id":"https:\/\/www.notibras.com\/site\/no-brasil-plural-o-melhor-de-tudo-sao-os-brasileiros\/#breadcrumb","itemListElement":[{"@type":"ListItem","position":1,"name":"In\u00edcio","item":"https:\/\/www.notibras.com\/site\/"},{"@type":"ListItem","position":2,"name":"No Brasil plural, o melhor de tudo s\u00e3o os brasileiros"}]},{"@type":"WebSite","@id":"https:\/\/www.notibras.com\/site\/#website","url":"https:\/\/www.notibras.com\/site\/","name":"Notibras","description":"Not\u00edcias de Bras\u00edlia, do Brasil e do Mundo","publisher":{"@id":"https:\/\/www.notibras.com\/site\/#organization"},"potentialAction":[{"@type":"SearchAction","target":{"@type":"EntryPoint","urlTemplate":"https:\/\/www.notibras.com\/site\/?s={search_term_string}"},"query-input":{"@type":"PropertyValueSpecification","valueRequired":true,"valueName":"search_term_string"}}],"inLanguage":"pt-BR"},{"@type":"Organization","@id":"https:\/\/www.notibras.com\/site\/#organization","name":"Grupo Notibras de Comunica\u00e7\u00e3o","url":"https:\/\/www.notibras.com\/site\/","logo":{"@type":"ImageObject","inLanguage":"pt-BR","@id":"https:\/\/www.notibras.com\/site\/#\/schema\/logo\/image\/","url":"https:\/\/www.notibras.com\/site\/wp-content\/uploads\/2023\/01\/notibras23.png","contentUrl":"https:\/\/www.notibras.com\/site\/wp-content\/uploads\/2023\/01\/notibras23.png","width":350,"height":87,"caption":"Grupo Notibras de Comunica\u00e7\u00e3o"},"image":{"@id":"https:\/\/www.notibras.com\/site\/#\/schema\/logo\/image\/"},"sameAs":["https:\/\/www.facebook.com\/notibras\/","https:\/\/x.com\/Notibras","https:\/\/www.instagram.com\/notibras\/"]},{"@type":"Person","@id":"https:\/\/www.notibras.com\/site\/#\/schema\/person\/36ab0979449956132d3e5b517ea76ac8","name":"Reda\u00e7\u00e3o","image":{"@type":"ImageObject","inLanguage":"pt-BR","@id":"https:\/\/secure.gravatar.com\/avatar\/e0a867bdedb85fd243eadf09663511f96fc81e0720a4a42581f334ad4303aa6b?s=96&d=mm&r=g","url":"https:\/\/secure.gravatar.com\/avatar\/e0a867bdedb85fd243eadf09663511f96fc81e0720a4a42581f334ad4303aa6b?s=96&d=mm&r=g","contentUrl":"https:\/\/secure.gravatar.com\/avatar\/e0a867bdedb85fd243eadf09663511f96fc81e0720a4a42581f334ad4303aa6b?s=96&d=mm&r=g","caption":"Reda\u00e7\u00e3o"}}]}},"amp_enabled":true,"_links":{"self":[{"href":"https:\/\/www.notibras.com\/site\/wp-json\/wp\/v2\/posts\/387063","targetHints":{"allow":["GET"]}}],"collection":[{"href":"https:\/\/www.notibras.com\/site\/wp-json\/wp\/v2\/posts"}],"about":[{"href":"https:\/\/www.notibras.com\/site\/wp-json\/wp\/v2\/types\/post"}],"author":[{"embeddable":true,"href":"https:\/\/www.notibras.com\/site\/wp-json\/wp\/v2\/users\/2"}],"replies":[{"embeddable":true,"href":"https:\/\/www.notibras.com\/site\/wp-json\/wp\/v2\/comments?post=387063"}],"version-history":[{"count":1,"href":"https:\/\/www.notibras.com\/site\/wp-json\/wp\/v2\/posts\/387063\/revisions"}],"predecessor-version":[{"id":387065,"href":"https:\/\/www.notibras.com\/site\/wp-json\/wp\/v2\/posts\/387063\/revisions\/387065"}],"wp:featuredmedia":[{"embeddable":true,"href":"https:\/\/www.notibras.com\/site\/wp-json\/wp\/v2\/media\/387064"}],"wp:attachment":[{"href":"https:\/\/www.notibras.com\/site\/wp-json\/wp\/v2\/media?parent=387063"}],"wp:term":[{"taxonomy":"category","embeddable":true,"href":"https:\/\/www.notibras.com\/site\/wp-json\/wp\/v2\/categories?post=387063"},{"taxonomy":"post_tag","embeddable":true,"href":"https:\/\/www.notibras.com\/site\/wp-json\/wp\/v2\/tags?post=387063"}],"curies":[{"name":"wp","href":"https:\/\/api.w.org\/{rel}","templated":true}]}}