{"id":387067,"date":"2026-03-15T03:40:59","date_gmt":"2026-03-15T06:40:59","guid":{"rendered":"https:\/\/www.notibras.com\/site\/?p=387067"},"modified":"2026-03-15T03:40:59","modified_gmt":"2026-03-15T06:40:59","slug":"fanatismo-ronda-quem-deseja-poder-absoluto","status":"publish","type":"post","link":"https:\/\/www.notibras.com\/site\/fanatismo-ronda-quem-deseja-poder-absoluto\/","title":{"rendered":"Fanatismo ronda quem deseja poder absoluto"},"content":{"rendered":"<p>Conforme a m\u00e1xima dos pensadores, quando o fanatismo e a intoler\u00e2ncia entram pela porta, a raz\u00e3o e o bom senso saem pela janela. O primeiro conceito diz respeito \u00e0queles que sentem necessidade de acreditar em algo, sem se basear em evid\u00eancias ou racioc\u00ednio l\u00f3gico. O segundo \u00e9 a falta de habilidade ou vontade de aceitar opini\u00f5es, cren\u00e7as, comportamentos ou caracter\u00edsticas diferentes das suas. Para explicit\u00e1-lo, normalmente os agentes se manifestam por meio do desrespeito, da viol\u00eancia e do preconceito.<\/p>\n<p>Suas ra\u00edzes s\u00e3o o individualismo, o medo e, principalmente, o radicalismo. Pessoas com esses perfis s\u00e3o incapazes de conviver com a diversidade e, de forma natural, geram racismo, homofobia, xenofobia, sexismo e intoler\u00e2ncia religiosa e pol\u00edtica. Na pr\u00e1tica, o que elas querem \u00e9 a unifica\u00e7\u00e3o de pensamentos, o que \u00e9 imposs\u00edvel em uma sociedade plural como \u00e9 a brasileira. Falta para os fan\u00e1ticos e para os intolerantes o que eles mais exigem dos outros: respeito, conceito que deveria ser o princ\u00edpio de tudo.<\/p>\n<p>Deveria, mas n\u00e3o \u00e9. Respeitar o pr\u00f3ximo \u00e9 um aprendizado que come\u00e7a no ber\u00e7o. O objetivo de ambos \u00e9 que as pessoas mudem para pensar exatamente igual aos que, sem conte\u00fado, preferem destilar essas duas concep\u00e7\u00f5es conceituais. Sinal evidente de fraqueza, a intoler\u00e2ncia \u00e9 constru\u00edda quando paramos de pensar. Semanticamente, ela pode ser definida como a indigna\u00e7\u00e3o pr\u00f3pria de quem n\u00e3o tem opini\u00e3o.<\/p>\n<p>De acordo com a teoria do fil\u00f3sofo alem\u00e3o Arthur Schopenhauer, a intoler\u00e2ncia \u00e9 intr\u00ednseca apenas ao monote\u00edsmo: um deus \u00fanico \u00e9, por natureza, um deus ciumento, que n\u00e3o tolera nenhum outro al\u00e9m dele mesmo. \u00c9 o caso da rela\u00e7\u00e3o dos bolsonaristas e dos defensores do caos com o mito que eles produziram. Acima do suposto ser mitol\u00f3gico, nem mesmo a triste hist\u00f3ria de sua vida p\u00fablica. Se depender deles, \u00e9 mais f\u00e1cil desintegrar um \u00e1tomo do que um preconceito.<\/p>\n<p>Ferrenho cr\u00edtico da intoler\u00e2ncia baseada no fanatismo e na supersti\u00e7\u00e3o, o historiador e escritor franc\u00eas Voltaire n\u00e3o teve tempo de cunhar a frase que certamente seria repetida hoje por muita gente ao redor do planeta: o mundo est\u00e1 cheio de pessoas com um sorriso na boca e muito veneno na l\u00edngua. No Brasil, h\u00e1 milh\u00f5es deles. S\u00e3o os que, esquecendo que intolerantes s\u00e3o hip\u00f3critas ou rebeldes, chamam de inteligente apenas aqueles que pensam como eles.<\/p>\n<p>Pode parecer contradit\u00f3rio, mas n\u00e3o h\u00e1 como tolerar pessoas intolerantes. Ax\u00e9 para quem \u00e9 de ax\u00e9, am\u00e9m para quem \u00e9 de am\u00e9m, aleluia para quem \u00e9 de aleluia, sarav\u00e1 para quem \u00e9 de sarav\u00e1 e x\u00f4 para todos que n\u00e3o aceitam a diversidade pol\u00edtica, religiosa e partid\u00e1ria. De minha parte, evito sempre seguir a bula de quem vive comprimido.<\/p>\n<p>&#8230;&#8230;&#8230;<\/p>\n<p><strong>Armando Cardoso \u00e9 presidente do Conselho Editorial de Notibras<\/strong><\/p>\n","protected":false},"excerpt":{"rendered":"<p>Conforme a m\u00e1xima dos pensadores, quando o fanatismo e a intoler\u00e2ncia entram pela porta, a raz\u00e3o e o bom senso saem pela janela. O primeiro conceito diz respeito \u00e0queles que sentem necessidade de acreditar em algo, sem se basear em evid\u00eancias ou racioc\u00ednio l\u00f3gico. O segundo \u00e9 a falta de habilidade ou vontade de aceitar [&hellip;]<\/p>\n","protected":false},"author":2,"featured_media":387068,"comment_status":"closed","ping_status":"closed","sticky":false,"template":"","format":"standard","meta":{"_acf_changed":false,"footnotes":""},"categories":[16],"tags":[],"class_list":["post-387067","post","type-post","status-publish","format-standard","has-post-thumbnail","hentry","category-brasil"],"acf":[],"yoast_head":"<!-- This site is optimized with the Yoast SEO plugin v27.2 - https:\/\/yoast.com\/product\/yoast-seo-wordpress\/ -->\n<title>Fanatismo ronda quem deseja poder absoluto - Notibras<\/title>\n<meta name=\"robots\" content=\"index, follow, max-snippet:-1, max-image-preview:large, max-video-preview:-1\" \/>\n<link rel=\"canonical\" href=\"https:\/\/www.notibras.com\/site\/fanatismo-ronda-quem-deseja-poder-absoluto\/\" \/>\n<meta property=\"og:locale\" content=\"pt_BR\" \/>\n<meta property=\"og:type\" content=\"article\" \/>\n<meta property=\"og:title\" content=\"Fanatismo ronda quem deseja poder absoluto - Notibras\" \/>\n<meta property=\"og:description\" content=\"Conforme a m\u00e1xima dos pensadores, quando o fanatismo e a intoler\u00e2ncia entram pela porta, a raz\u00e3o e o bom senso saem pela janela. O primeiro conceito diz respeito \u00e0queles que sentem necessidade de acreditar em algo, sem se basear em evid\u00eancias ou racioc\u00ednio l\u00f3gico. O segundo \u00e9 a falta de habilidade ou vontade de aceitar [&hellip;]\" \/>\n<meta property=\"og:url\" content=\"https:\/\/www.notibras.com\/site\/fanatismo-ronda-quem-deseja-poder-absoluto\/\" \/>\n<meta property=\"og:site_name\" content=\"Notibras\" \/>\n<meta property=\"article:publisher\" content=\"https:\/\/www.facebook.com\/notibras\/\" \/>\n<meta property=\"article:published_time\" content=\"2026-03-15T06:40:59+00:00\" \/>\n<meta property=\"og:image\" content=\"https:\/\/www.notibras.com\/site\/wp-content\/uploads\/2026\/03\/adcba44b-5c17-4964-8643-f13b50862640-1024x683.png\" \/>\n\t<meta property=\"og:image:width\" content=\"1024\" \/>\n\t<meta property=\"og:image:height\" content=\"683\" \/>\n\t<meta property=\"og:image:type\" content=\"image\/png\" \/>\n<meta name=\"author\" content=\"Reda\u00e7\u00e3o\" \/>\n<meta name=\"twitter:card\" content=\"summary_large_image\" \/>\n<meta name=\"twitter:creator\" content=\"@Notibras\" \/>\n<meta name=\"twitter:site\" content=\"@Notibras\" \/>\n<meta name=\"twitter:label1\" content=\"Escrito por\" \/>\n\t<meta name=\"twitter:data1\" content=\"Reda\u00e7\u00e3o\" \/>\n\t<meta name=\"twitter:label2\" content=\"Est. tempo de leitura\" \/>\n\t<meta name=\"twitter:data2\" content=\"3 minutos\" \/>\n<script type=\"application\/ld+json\" class=\"yoast-schema-graph\">{\"@context\":\"https:\/\/schema.org\",\"@graph\":[{\"@type\":\"Article\",\"@id\":\"https:\/\/www.notibras.com\/site\/fanatismo-ronda-quem-deseja-poder-absoluto\/#article\",\"isPartOf\":{\"@id\":\"https:\/\/www.notibras.com\/site\/fanatismo-ronda-quem-deseja-poder-absoluto\/\"},\"author\":{\"name\":\"Reda\u00e7\u00e3o\",\"@id\":\"https:\/\/www.notibras.com\/site\/#\/schema\/person\/36ab0979449956132d3e5b517ea76ac8\"},\"headline\":\"Fanatismo ronda quem deseja poder absoluto\",\"datePublished\":\"2026-03-15T06:40:59+00:00\",\"mainEntityOfPage\":{\"@id\":\"https:\/\/www.notibras.com\/site\/fanatismo-ronda-quem-deseja-poder-absoluto\/\"},\"wordCount\":498,\"publisher\":{\"@id\":\"https:\/\/www.notibras.com\/site\/#organization\"},\"image\":{\"@id\":\"https:\/\/www.notibras.com\/site\/fanatismo-ronda-quem-deseja-poder-absoluto\/#primaryimage\"},\"thumbnailUrl\":\"https:\/\/www.notibras.com\/site\/wp-content\/uploads\/2026\/03\/adcba44b-5c17-4964-8643-f13b50862640.png\",\"articleSection\":[\"Brasil\"],\"inLanguage\":\"pt-BR\"},{\"@type\":\"WebPage\",\"@id\":\"https:\/\/www.notibras.com\/site\/fanatismo-ronda-quem-deseja-poder-absoluto\/\",\"url\":\"https:\/\/www.notibras.com\/site\/fanatismo-ronda-quem-deseja-poder-absoluto\/\",\"name\":\"Fanatismo ronda quem deseja poder absoluto - Notibras\",\"isPartOf\":{\"@id\":\"https:\/\/www.notibras.com\/site\/#website\"},\"primaryImageOfPage\":{\"@id\":\"https:\/\/www.notibras.com\/site\/fanatismo-ronda-quem-deseja-poder-absoluto\/#primaryimage\"},\"image\":{\"@id\":\"https:\/\/www.notibras.com\/site\/fanatismo-ronda-quem-deseja-poder-absoluto\/#primaryimage\"},\"thumbnailUrl\":\"https:\/\/www.notibras.com\/site\/wp-content\/uploads\/2026\/03\/adcba44b-5c17-4964-8643-f13b50862640.png\",\"datePublished\":\"2026-03-15T06:40:59+00:00\",\"breadcrumb\":{\"@id\":\"https:\/\/www.notibras.com\/site\/fanatismo-ronda-quem-deseja-poder-absoluto\/#breadcrumb\"},\"inLanguage\":\"pt-BR\",\"potentialAction\":[{\"@type\":\"ReadAction\",\"target\":[\"https:\/\/www.notibras.com\/site\/fanatismo-ronda-quem-deseja-poder-absoluto\/\"]}]},{\"@type\":\"ImageObject\",\"inLanguage\":\"pt-BR\",\"@id\":\"https:\/\/www.notibras.com\/site\/fanatismo-ronda-quem-deseja-poder-absoluto\/#primaryimage\",\"url\":\"https:\/\/www.notibras.com\/site\/wp-content\/uploads\/2026\/03\/adcba44b-5c17-4964-8643-f13b50862640.png\",\"contentUrl\":\"https:\/\/www.notibras.com\/site\/wp-content\/uploads\/2026\/03\/adcba44b-5c17-4964-8643-f13b50862640.png\",\"width\":1536,\"height\":1024},{\"@type\":\"BreadcrumbList\",\"@id\":\"https:\/\/www.notibras.com\/site\/fanatismo-ronda-quem-deseja-poder-absoluto\/#breadcrumb\",\"itemListElement\":[{\"@type\":\"ListItem\",\"position\":1,\"name\":\"In\u00edcio\",\"item\":\"https:\/\/www.notibras.com\/site\/\"},{\"@type\":\"ListItem\",\"position\":2,\"name\":\"Fanatismo ronda quem deseja poder absoluto\"}]},{\"@type\":\"WebSite\",\"@id\":\"https:\/\/www.notibras.com\/site\/#website\",\"url\":\"https:\/\/www.notibras.com\/site\/\",\"name\":\"Notibras\",\"description\":\"Not\u00edcias de Bras\u00edlia, do Brasil e do Mundo\",\"publisher\":{\"@id\":\"https:\/\/www.notibras.com\/site\/#organization\"},\"potentialAction\":[{\"@type\":\"SearchAction\",\"target\":{\"@type\":\"EntryPoint\",\"urlTemplate\":\"https:\/\/www.notibras.com\/site\/?s={search_term_string}\"},\"query-input\":{\"@type\":\"PropertyValueSpecification\",\"valueRequired\":true,\"valueName\":\"search_term_string\"}}],\"inLanguage\":\"pt-BR\"},{\"@type\":\"Organization\",\"@id\":\"https:\/\/www.notibras.com\/site\/#organization\",\"name\":\"Grupo Notibras de Comunica\u00e7\u00e3o\",\"url\":\"https:\/\/www.notibras.com\/site\/\",\"logo\":{\"@type\":\"ImageObject\",\"inLanguage\":\"pt-BR\",\"@id\":\"https:\/\/www.notibras.com\/site\/#\/schema\/logo\/image\/\",\"url\":\"https:\/\/www.notibras.com\/site\/wp-content\/uploads\/2023\/01\/notibras23.png\",\"contentUrl\":\"https:\/\/www.notibras.com\/site\/wp-content\/uploads\/2023\/01\/notibras23.png\",\"width\":350,\"height\":87,\"caption\":\"Grupo Notibras de Comunica\u00e7\u00e3o\"},\"image\":{\"@id\":\"https:\/\/www.notibras.com\/site\/#\/schema\/logo\/image\/\"},\"sameAs\":[\"https:\/\/www.facebook.com\/notibras\/\",\"https:\/\/x.com\/Notibras\",\"https:\/\/www.instagram.com\/notibras\/\"]},{\"@type\":\"Person\",\"@id\":\"https:\/\/www.notibras.com\/site\/#\/schema\/person\/36ab0979449956132d3e5b517ea76ac8\",\"name\":\"Reda\u00e7\u00e3o\",\"image\":{\"@type\":\"ImageObject\",\"inLanguage\":\"pt-BR\",\"@id\":\"https:\/\/secure.gravatar.com\/avatar\/e0a867bdedb85fd243eadf09663511f96fc81e0720a4a42581f334ad4303aa6b?s=96&d=mm&r=g\",\"url\":\"https:\/\/secure.gravatar.com\/avatar\/e0a867bdedb85fd243eadf09663511f96fc81e0720a4a42581f334ad4303aa6b?s=96&d=mm&r=g\",\"contentUrl\":\"https:\/\/secure.gravatar.com\/avatar\/e0a867bdedb85fd243eadf09663511f96fc81e0720a4a42581f334ad4303aa6b?s=96&d=mm&r=g\",\"caption\":\"Reda\u00e7\u00e3o\"}}]}<\/script>\n<!-- \/ Yoast SEO plugin. -->","yoast_head_json":{"title":"Fanatismo ronda quem deseja poder absoluto - Notibras","robots":{"index":"index","follow":"follow","max-snippet":"max-snippet:-1","max-image-preview":"max-image-preview:large","max-video-preview":"max-video-preview:-1"},"canonical":"https:\/\/www.notibras.com\/site\/fanatismo-ronda-quem-deseja-poder-absoluto\/","og_locale":"pt_BR","og_type":"article","og_title":"Fanatismo ronda quem deseja poder absoluto - Notibras","og_description":"Conforme a m\u00e1xima dos pensadores, quando o fanatismo e a intoler\u00e2ncia entram pela porta, a raz\u00e3o e o bom senso saem pela janela. O primeiro conceito diz respeito \u00e0queles que sentem necessidade de acreditar em algo, sem se basear em evid\u00eancias ou racioc\u00ednio l\u00f3gico. O segundo \u00e9 a falta de habilidade ou vontade de aceitar [&hellip;]","og_url":"https:\/\/www.notibras.com\/site\/fanatismo-ronda-quem-deseja-poder-absoluto\/","og_site_name":"Notibras","article_publisher":"https:\/\/www.facebook.com\/notibras\/","article_published_time":"2026-03-15T06:40:59+00:00","og_image":[{"width":1024,"height":683,"url":"https:\/\/www.notibras.com\/site\/wp-content\/uploads\/2026\/03\/adcba44b-5c17-4964-8643-f13b50862640-1024x683.png","type":"image\/png"}],"author":"Reda\u00e7\u00e3o","twitter_card":"summary_large_image","twitter_creator":"@Notibras","twitter_site":"@Notibras","twitter_misc":{"Escrito por":"Reda\u00e7\u00e3o","Est. tempo de leitura":"3 minutos"},"schema":{"@context":"https:\/\/schema.org","@graph":[{"@type":"Article","@id":"https:\/\/www.notibras.com\/site\/fanatismo-ronda-quem-deseja-poder-absoluto\/#article","isPartOf":{"@id":"https:\/\/www.notibras.com\/site\/fanatismo-ronda-quem-deseja-poder-absoluto\/"},"author":{"name":"Reda\u00e7\u00e3o","@id":"https:\/\/www.notibras.com\/site\/#\/schema\/person\/36ab0979449956132d3e5b517ea76ac8"},"headline":"Fanatismo ronda quem deseja poder absoluto","datePublished":"2026-03-15T06:40:59+00:00","mainEntityOfPage":{"@id":"https:\/\/www.notibras.com\/site\/fanatismo-ronda-quem-deseja-poder-absoluto\/"},"wordCount":498,"publisher":{"@id":"https:\/\/www.notibras.com\/site\/#organization"},"image":{"@id":"https:\/\/www.notibras.com\/site\/fanatismo-ronda-quem-deseja-poder-absoluto\/#primaryimage"},"thumbnailUrl":"https:\/\/www.notibras.com\/site\/wp-content\/uploads\/2026\/03\/adcba44b-5c17-4964-8643-f13b50862640.png","articleSection":["Brasil"],"inLanguage":"pt-BR"},{"@type":"WebPage","@id":"https:\/\/www.notibras.com\/site\/fanatismo-ronda-quem-deseja-poder-absoluto\/","url":"https:\/\/www.notibras.com\/site\/fanatismo-ronda-quem-deseja-poder-absoluto\/","name":"Fanatismo ronda quem deseja poder absoluto - Notibras","isPartOf":{"@id":"https:\/\/www.notibras.com\/site\/#website"},"primaryImageOfPage":{"@id":"https:\/\/www.notibras.com\/site\/fanatismo-ronda-quem-deseja-poder-absoluto\/#primaryimage"},"image":{"@id":"https:\/\/www.notibras.com\/site\/fanatismo-ronda-quem-deseja-poder-absoluto\/#primaryimage"},"thumbnailUrl":"https:\/\/www.notibras.com\/site\/wp-content\/uploads\/2026\/03\/adcba44b-5c17-4964-8643-f13b50862640.png","datePublished":"2026-03-15T06:40:59+00:00","breadcrumb":{"@id":"https:\/\/www.notibras.com\/site\/fanatismo-ronda-quem-deseja-poder-absoluto\/#breadcrumb"},"inLanguage":"pt-BR","potentialAction":[{"@type":"ReadAction","target":["https:\/\/www.notibras.com\/site\/fanatismo-ronda-quem-deseja-poder-absoluto\/"]}]},{"@type":"ImageObject","inLanguage":"pt-BR","@id":"https:\/\/www.notibras.com\/site\/fanatismo-ronda-quem-deseja-poder-absoluto\/#primaryimage","url":"https:\/\/www.notibras.com\/site\/wp-content\/uploads\/2026\/03\/adcba44b-5c17-4964-8643-f13b50862640.png","contentUrl":"https:\/\/www.notibras.com\/site\/wp-content\/uploads\/2026\/03\/adcba44b-5c17-4964-8643-f13b50862640.png","width":1536,"height":1024},{"@type":"BreadcrumbList","@id":"https:\/\/www.notibras.com\/site\/fanatismo-ronda-quem-deseja-poder-absoluto\/#breadcrumb","itemListElement":[{"@type":"ListItem","position":1,"name":"In\u00edcio","item":"https:\/\/www.notibras.com\/site\/"},{"@type":"ListItem","position":2,"name":"Fanatismo ronda quem deseja poder absoluto"}]},{"@type":"WebSite","@id":"https:\/\/www.notibras.com\/site\/#website","url":"https:\/\/www.notibras.com\/site\/","name":"Notibras","description":"Not\u00edcias de Bras\u00edlia, do Brasil e do Mundo","publisher":{"@id":"https:\/\/www.notibras.com\/site\/#organization"},"potentialAction":[{"@type":"SearchAction","target":{"@type":"EntryPoint","urlTemplate":"https:\/\/www.notibras.com\/site\/?s={search_term_string}"},"query-input":{"@type":"PropertyValueSpecification","valueRequired":true,"valueName":"search_term_string"}}],"inLanguage":"pt-BR"},{"@type":"Organization","@id":"https:\/\/www.notibras.com\/site\/#organization","name":"Grupo Notibras de Comunica\u00e7\u00e3o","url":"https:\/\/www.notibras.com\/site\/","logo":{"@type":"ImageObject","inLanguage":"pt-BR","@id":"https:\/\/www.notibras.com\/site\/#\/schema\/logo\/image\/","url":"https:\/\/www.notibras.com\/site\/wp-content\/uploads\/2023\/01\/notibras23.png","contentUrl":"https:\/\/www.notibras.com\/site\/wp-content\/uploads\/2023\/01\/notibras23.png","width":350,"height":87,"caption":"Grupo Notibras de Comunica\u00e7\u00e3o"},"image":{"@id":"https:\/\/www.notibras.com\/site\/#\/schema\/logo\/image\/"},"sameAs":["https:\/\/www.facebook.com\/notibras\/","https:\/\/x.com\/Notibras","https:\/\/www.instagram.com\/notibras\/"]},{"@type":"Person","@id":"https:\/\/www.notibras.com\/site\/#\/schema\/person\/36ab0979449956132d3e5b517ea76ac8","name":"Reda\u00e7\u00e3o","image":{"@type":"ImageObject","inLanguage":"pt-BR","@id":"https:\/\/secure.gravatar.com\/avatar\/e0a867bdedb85fd243eadf09663511f96fc81e0720a4a42581f334ad4303aa6b?s=96&d=mm&r=g","url":"https:\/\/secure.gravatar.com\/avatar\/e0a867bdedb85fd243eadf09663511f96fc81e0720a4a42581f334ad4303aa6b?s=96&d=mm&r=g","contentUrl":"https:\/\/secure.gravatar.com\/avatar\/e0a867bdedb85fd243eadf09663511f96fc81e0720a4a42581f334ad4303aa6b?s=96&d=mm&r=g","caption":"Reda\u00e7\u00e3o"}}]}},"amp_enabled":true,"_links":{"self":[{"href":"https:\/\/www.notibras.com\/site\/wp-json\/wp\/v2\/posts\/387067","targetHints":{"allow":["GET"]}}],"collection":[{"href":"https:\/\/www.notibras.com\/site\/wp-json\/wp\/v2\/posts"}],"about":[{"href":"https:\/\/www.notibras.com\/site\/wp-json\/wp\/v2\/types\/post"}],"author":[{"embeddable":true,"href":"https:\/\/www.notibras.com\/site\/wp-json\/wp\/v2\/users\/2"}],"replies":[{"embeddable":true,"href":"https:\/\/www.notibras.com\/site\/wp-json\/wp\/v2\/comments?post=387067"}],"version-history":[{"count":1,"href":"https:\/\/www.notibras.com\/site\/wp-json\/wp\/v2\/posts\/387067\/revisions"}],"predecessor-version":[{"id":387069,"href":"https:\/\/www.notibras.com\/site\/wp-json\/wp\/v2\/posts\/387067\/revisions\/387069"}],"wp:featuredmedia":[{"embeddable":true,"href":"https:\/\/www.notibras.com\/site\/wp-json\/wp\/v2\/media\/387068"}],"wp:attachment":[{"href":"https:\/\/www.notibras.com\/site\/wp-json\/wp\/v2\/media?parent=387067"}],"wp:term":[{"taxonomy":"category","embeddable":true,"href":"https:\/\/www.notibras.com\/site\/wp-json\/wp\/v2\/categories?post=387067"},{"taxonomy":"post_tag","embeddable":true,"href":"https:\/\/www.notibras.com\/site\/wp-json\/wp\/v2\/tags?post=387067"}],"curies":[{"name":"wp","href":"https:\/\/api.w.org\/{rel}","templated":true}]}}