{"id":387070,"date":"2026-03-15T03:29:21","date_gmt":"2026-03-15T06:29:21","guid":{"rendered":"https:\/\/www.notibras.com\/site\/?p=387070"},"modified":"2026-03-15T03:49:56","modified_gmt":"2026-03-15T06:49:56","slug":"supremo-pena-com-desgaste-da-propria-autoridade","status":"publish","type":"post","link":"https:\/\/www.notibras.com\/site\/supremo-pena-com-desgaste-da-propria-autoridade\/","title":{"rendered":"Supremo pena com desgaste da pr\u00f3pria autoridade"},"content":{"rendered":"<p>Durante muito tempo a toga foi mais do que um traje no imagin\u00e1rio institucional brasileiro. Era um s\u00edmbolo. Uma lembran\u00e7a de que, naquele espa\u00e7o elevado da Rep\u00fablica, deveriam prevalecer prud\u00eancia, sobriedade e dist\u00e2ncia em rela\u00e7\u00e3o \u00e0s disputas do poder. Essa imagem, por\u00e9m, vem se desgastando h\u00e1 anos. O que se observa agora talvez seja apenas o momento em que esse desgaste se tornou imposs\u00edvel de ignorar.<\/p>\n<p>O Supremo Tribunal Federal passou a ocupar um lugar no centro da pol\u00edtica nacional que vai muito al\u00e9m do papel cl\u00e1ssico de int\u00e9rprete da Constitui\u00e7\u00e3o. Decis\u00f5es judiciais passaram a interferir diretamente no jogo pol\u00edtico, e o tribunal se tornou personagem permanente das disputas de poder. \u00c0 medida que esse protagonismo cresceu, tamb\u00e9m ficaram vis\u00edveis as tens\u00f5es internas entre ministros. Diverg\u00eancias aparecem em votos, entrevistas e declara\u00e7\u00f5es p\u00fablicas. Ainda assim, quando a Corte se v\u00ea confrontada externamente, o corporativismo costuma falar mais alto.<\/p>\n<p>Um exemplo recente foi a nota assinada por todos os ministros em defesa de Dias Toffoli diante das discuss\u00f5es sobre sua atua\u00e7\u00e3o em processos relacionados ao caso do Banco Master. A manifesta\u00e7\u00e3o buscou encerrar o debate, mas acabou refor\u00e7ando uma percep\u00e7\u00e3o que j\u00e1 circula fora do tribunal: apesar das diverg\u00eancias internas, o Supremo reage de forma quase autom\u00e1tica sempre que um de seus integrantes passa a ser questionado publicamente.<\/p>\n<p>Nesse ambiente, a liturgia da toga parece ter perdido parte do peso que sempre carregou.<br \/>\nA atua\u00e7\u00e3o de alguns ministros passou a assumir contornos de justi\u00e7amento que ultrapassam os limites estritos da lei. Em certos momentos, o tribunal parece agir como um grupo de paladinos encarregados de corrigir o pa\u00eds numa terra sem regras.<\/p>\n<p>Quando julgamentos ganham tom de espet\u00e1culo e ministros passam a ocupar o centro permanente do debate pol\u00edtico, a linha que separa Justi\u00e7a e poder fica cada vez mais estreita.<\/p>\n<p>Alguns sinais desse ambiente aparecem de forma quase simb\u00f3lica. Quando a discri\u00e7\u00e3o esperada da toga passa a conviver com encontros sofisticados e degusta\u00e7\u00f5es de r\u00f3tulos escoceses de prest\u00edgio internacional, o problema n\u00e3o est\u00e1 no whisky. O problema \u00e9 o contraste.<\/p>\n<p>H\u00e1 tamb\u00e9m uma dimens\u00e3o mais sens\u00edvel. O mundo dos grandes neg\u00f3cios passou a orbitar epis\u00f3dios que chegam ao Supremo. Estruturas financeiras bilion\u00e1rias, como as reveladas no caso envolvendo Daniel Vorcaro, mostram um ambiente onde interesses econ\u00f4micos gigantescos se misturam com disputas judiciais de grande impacto.<\/p>\n<p>\u00c9 nesse contexto que surgem informa\u00e7\u00f5es que naturalmente despertam questionamentos. Entre elas, a atua\u00e7\u00e3o jur\u00eddica da esposa do ministro Alexandre de Moraes em opera\u00e7\u00f5es ligadas a esse universo empresarial. N\u00e3o cabe aqui qualquer julgamento sobre sua compet\u00eancia profissional. Mas quando honor\u00e1rios alcan\u00e7am cifras pr\u00f3ximas de 129 milh\u00f5es de reais, o valor por si s\u00f3 ultrapassa o que normalmente se imagina como uma contrata\u00e7\u00e3o apenas consultiva.<\/p>\n<p>Nessas situa\u00e7\u00f5es, o problema deixa de ser apenas jur\u00eddico. Passa a ser institucional. Ainda assim, nem tudo dentro da Corte segue o mesmo caminho. Entre os ministros que hoje comp\u00f5em o Supremo, C\u00e1rmen L\u00facia talvez seja a presen\u00e7a que mais preserva o recato que sempre se esperou da mais alta Corte do pa\u00eds.<\/p>\n<p>S\u00e3o sinais isolados, mas importantes. Eles lembram que ainda existem dentro do tribunal vozes dispostas a manter o foco nos limites institucionais da pr\u00f3pria Corte.<\/p>\n<p>Quando foi indicado ao Supremo, Andr\u00e9 Mendon\u00e7a ficou marcado pela express\u00e3o \u201cterrivelmente evang\u00e9lico\u201d. O r\u00f3tulo virou caricatura pol\u00edtica e alimentou debates que pouco tinham a ver com a fun\u00e7\u00e3o constitucional de um magistrado. Agora, ao assumir a relatoria do caso envolvendo o Banco Master, Mendon\u00e7a recebeu uma heran\u00e7a delicada dentro da Corte. At\u00e9 aqui, sua condu\u00e7\u00e3o tem sido exatamente aquela que se espera de um ministro do Supremo: terrivelmente firme e obstinada na defesa dos limites da Constitui\u00e7\u00e3o.<\/p>\n<p>O ex-ministro Marco Aur\u00e9lio Mello costumava dizer que o pa\u00eds vivia tempos dif\u00edceis para a Justi\u00e7a.<br \/>\nTalvez agora estejamos apenas diante do momento em que o desgaste da imagem do Supremo deixou de ser uma conversa de bastidores para se tornar uma percep\u00e7\u00e3o cada vez mais p\u00fablica.<\/p>\n","protected":false},"excerpt":{"rendered":"<p>Durante muito tempo a toga foi mais do que um traje no imagin\u00e1rio institucional brasileiro. Era um s\u00edmbolo. Uma lembran\u00e7a de que, naquele espa\u00e7o elevado da Rep\u00fablica, deveriam prevalecer prud\u00eancia, sobriedade e dist\u00e2ncia em rela\u00e7\u00e3o \u00e0s disputas do poder. Essa imagem, por\u00e9m, vem se desgastando h\u00e1 anos. O que se observa agora talvez seja apenas [&hellip;]<\/p>\n","protected":false},"author":2,"featured_media":387071,"comment_status":"closed","ping_status":"closed","sticky":false,"template":"","format":"standard","meta":{"_acf_changed":false,"footnotes":""},"categories":[16],"tags":[],"class_list":["post-387070","post","type-post","status-publish","format-standard","has-post-thumbnail","hentry","category-brasil"],"acf":[],"yoast_head":"<!-- This site is optimized with the Yoast SEO plugin v27.2 - https:\/\/yoast.com\/product\/yoast-seo-wordpress\/ -->\n<title>Supremo pena com desgaste da pr\u00f3pria autoridade - Notibras<\/title>\n<meta name=\"robots\" content=\"index, follow, max-snippet:-1, max-image-preview:large, max-video-preview:-1\" \/>\n<link rel=\"canonical\" href=\"https:\/\/www.notibras.com\/site\/supremo-pena-com-desgaste-da-propria-autoridade\/\" \/>\n<meta property=\"og:locale\" content=\"pt_BR\" \/>\n<meta property=\"og:type\" content=\"article\" \/>\n<meta property=\"og:title\" content=\"Supremo pena com desgaste da pr\u00f3pria autoridade - Notibras\" \/>\n<meta property=\"og:description\" content=\"Durante muito tempo a toga foi mais do que um traje no imagin\u00e1rio institucional brasileiro. Era um s\u00edmbolo. Uma lembran\u00e7a de que, naquele espa\u00e7o elevado da Rep\u00fablica, deveriam prevalecer prud\u00eancia, sobriedade e dist\u00e2ncia em rela\u00e7\u00e3o \u00e0s disputas do poder. Essa imagem, por\u00e9m, vem se desgastando h\u00e1 anos. O que se observa agora talvez seja apenas [&hellip;]\" \/>\n<meta property=\"og:url\" content=\"https:\/\/www.notibras.com\/site\/supremo-pena-com-desgaste-da-propria-autoridade\/\" \/>\n<meta property=\"og:site_name\" content=\"Notibras\" \/>\n<meta property=\"article:publisher\" content=\"https:\/\/www.facebook.com\/notibras\/\" \/>\n<meta property=\"article:published_time\" content=\"2026-03-15T06:29:21+00:00\" \/>\n<meta property=\"article:modified_time\" content=\"2026-03-15T06:49:56+00:00\" \/>\n<meta property=\"og:image\" content=\"https:\/\/www.notibras.com\/site\/wp-content\/uploads\/2026\/03\/27452860-32e3-4c52-8c8c-9b466cae66a7.jpg\" \/>\n\t<meta property=\"og:image:width\" content=\"1536\" \/>\n\t<meta property=\"og:image:height\" content=\"1024\" \/>\n\t<meta property=\"og:image:type\" content=\"image\/jpeg\" \/>\n<meta name=\"author\" content=\"Reda\u00e7\u00e3o\" \/>\n<meta name=\"twitter:card\" content=\"summary_large_image\" \/>\n<meta name=\"twitter:creator\" content=\"@Notibras\" \/>\n<meta name=\"twitter:site\" content=\"@Notibras\" \/>\n<meta name=\"twitter:label1\" content=\"Escrito por\" \/>\n\t<meta name=\"twitter:data1\" content=\"Reda\u00e7\u00e3o\" \/>\n\t<meta name=\"twitter:label2\" content=\"Est. tempo de leitura\" \/>\n\t<meta name=\"twitter:data2\" content=\"4 minutos\" \/>\n<script type=\"application\/ld+json\" class=\"yoast-schema-graph\">{\"@context\":\"https:\/\/schema.org\",\"@graph\":[{\"@type\":\"Article\",\"@id\":\"https:\/\/www.notibras.com\/site\/supremo-pena-com-desgaste-da-propria-autoridade\/#article\",\"isPartOf\":{\"@id\":\"https:\/\/www.notibras.com\/site\/supremo-pena-com-desgaste-da-propria-autoridade\/\"},\"author\":{\"name\":\"Reda\u00e7\u00e3o\",\"@id\":\"https:\/\/www.notibras.com\/site\/#\/schema\/person\/36ab0979449956132d3e5b517ea76ac8\"},\"headline\":\"Supremo pena com desgaste da pr\u00f3pria autoridade\",\"datePublished\":\"2026-03-15T06:29:21+00:00\",\"dateModified\":\"2026-03-15T06:49:56+00:00\",\"mainEntityOfPage\":{\"@id\":\"https:\/\/www.notibras.com\/site\/supremo-pena-com-desgaste-da-propria-autoridade\/\"},\"wordCount\":742,\"publisher\":{\"@id\":\"https:\/\/www.notibras.com\/site\/#organization\"},\"image\":{\"@id\":\"https:\/\/www.notibras.com\/site\/supremo-pena-com-desgaste-da-propria-autoridade\/#primaryimage\"},\"thumbnailUrl\":\"https:\/\/www.notibras.com\/site\/wp-content\/uploads\/2026\/03\/27452860-32e3-4c52-8c8c-9b466cae66a7.jpg\",\"articleSection\":[\"Brasil\"],\"inLanguage\":\"pt-BR\"},{\"@type\":\"WebPage\",\"@id\":\"https:\/\/www.notibras.com\/site\/supremo-pena-com-desgaste-da-propria-autoridade\/\",\"url\":\"https:\/\/www.notibras.com\/site\/supremo-pena-com-desgaste-da-propria-autoridade\/\",\"name\":\"Supremo pena com desgaste da pr\u00f3pria autoridade - Notibras\",\"isPartOf\":{\"@id\":\"https:\/\/www.notibras.com\/site\/#website\"},\"primaryImageOfPage\":{\"@id\":\"https:\/\/www.notibras.com\/site\/supremo-pena-com-desgaste-da-propria-autoridade\/#primaryimage\"},\"image\":{\"@id\":\"https:\/\/www.notibras.com\/site\/supremo-pena-com-desgaste-da-propria-autoridade\/#primaryimage\"},\"thumbnailUrl\":\"https:\/\/www.notibras.com\/site\/wp-content\/uploads\/2026\/03\/27452860-32e3-4c52-8c8c-9b466cae66a7.jpg\",\"datePublished\":\"2026-03-15T06:29:21+00:00\",\"dateModified\":\"2026-03-15T06:49:56+00:00\",\"breadcrumb\":{\"@id\":\"https:\/\/www.notibras.com\/site\/supremo-pena-com-desgaste-da-propria-autoridade\/#breadcrumb\"},\"inLanguage\":\"pt-BR\",\"potentialAction\":[{\"@type\":\"ReadAction\",\"target\":[\"https:\/\/www.notibras.com\/site\/supremo-pena-com-desgaste-da-propria-autoridade\/\"]}]},{\"@type\":\"ImageObject\",\"inLanguage\":\"pt-BR\",\"@id\":\"https:\/\/www.notibras.com\/site\/supremo-pena-com-desgaste-da-propria-autoridade\/#primaryimage\",\"url\":\"https:\/\/www.notibras.com\/site\/wp-content\/uploads\/2026\/03\/27452860-32e3-4c52-8c8c-9b466cae66a7.jpg\",\"contentUrl\":\"https:\/\/www.notibras.com\/site\/wp-content\/uploads\/2026\/03\/27452860-32e3-4c52-8c8c-9b466cae66a7.jpg\",\"width\":1536,\"height\":1024},{\"@type\":\"BreadcrumbList\",\"@id\":\"https:\/\/www.notibras.com\/site\/supremo-pena-com-desgaste-da-propria-autoridade\/#breadcrumb\",\"itemListElement\":[{\"@type\":\"ListItem\",\"position\":1,\"name\":\"In\u00edcio\",\"item\":\"https:\/\/www.notibras.com\/site\/\"},{\"@type\":\"ListItem\",\"position\":2,\"name\":\"Supremo pena com desgaste da pr\u00f3pria autoridade\"}]},{\"@type\":\"WebSite\",\"@id\":\"https:\/\/www.notibras.com\/site\/#website\",\"url\":\"https:\/\/www.notibras.com\/site\/\",\"name\":\"Notibras\",\"description\":\"Not\u00edcias de Bras\u00edlia, do Brasil e do Mundo\",\"publisher\":{\"@id\":\"https:\/\/www.notibras.com\/site\/#organization\"},\"potentialAction\":[{\"@type\":\"SearchAction\",\"target\":{\"@type\":\"EntryPoint\",\"urlTemplate\":\"https:\/\/www.notibras.com\/site\/?s={search_term_string}\"},\"query-input\":{\"@type\":\"PropertyValueSpecification\",\"valueRequired\":true,\"valueName\":\"search_term_string\"}}],\"inLanguage\":\"pt-BR\"},{\"@type\":\"Organization\",\"@id\":\"https:\/\/www.notibras.com\/site\/#organization\",\"name\":\"Grupo Notibras de Comunica\u00e7\u00e3o\",\"url\":\"https:\/\/www.notibras.com\/site\/\",\"logo\":{\"@type\":\"ImageObject\",\"inLanguage\":\"pt-BR\",\"@id\":\"https:\/\/www.notibras.com\/site\/#\/schema\/logo\/image\/\",\"url\":\"https:\/\/www.notibras.com\/site\/wp-content\/uploads\/2023\/01\/notibras23.png\",\"contentUrl\":\"https:\/\/www.notibras.com\/site\/wp-content\/uploads\/2023\/01\/notibras23.png\",\"width\":350,\"height\":87,\"caption\":\"Grupo Notibras de Comunica\u00e7\u00e3o\"},\"image\":{\"@id\":\"https:\/\/www.notibras.com\/site\/#\/schema\/logo\/image\/\"},\"sameAs\":[\"https:\/\/www.facebook.com\/notibras\/\",\"https:\/\/x.com\/Notibras\",\"https:\/\/www.instagram.com\/notibras\/\"]},{\"@type\":\"Person\",\"@id\":\"https:\/\/www.notibras.com\/site\/#\/schema\/person\/36ab0979449956132d3e5b517ea76ac8\",\"name\":\"Reda\u00e7\u00e3o\",\"image\":{\"@type\":\"ImageObject\",\"inLanguage\":\"pt-BR\",\"@id\":\"https:\/\/secure.gravatar.com\/avatar\/e0a867bdedb85fd243eadf09663511f96fc81e0720a4a42581f334ad4303aa6b?s=96&d=mm&r=g\",\"url\":\"https:\/\/secure.gravatar.com\/avatar\/e0a867bdedb85fd243eadf09663511f96fc81e0720a4a42581f334ad4303aa6b?s=96&d=mm&r=g\",\"contentUrl\":\"https:\/\/secure.gravatar.com\/avatar\/e0a867bdedb85fd243eadf09663511f96fc81e0720a4a42581f334ad4303aa6b?s=96&d=mm&r=g\",\"caption\":\"Reda\u00e7\u00e3o\"}}]}<\/script>\n<!-- \/ Yoast SEO plugin. -->","yoast_head_json":{"title":"Supremo pena com desgaste da pr\u00f3pria autoridade - Notibras","robots":{"index":"index","follow":"follow","max-snippet":"max-snippet:-1","max-image-preview":"max-image-preview:large","max-video-preview":"max-video-preview:-1"},"canonical":"https:\/\/www.notibras.com\/site\/supremo-pena-com-desgaste-da-propria-autoridade\/","og_locale":"pt_BR","og_type":"article","og_title":"Supremo pena com desgaste da pr\u00f3pria autoridade - Notibras","og_description":"Durante muito tempo a toga foi mais do que um traje no imagin\u00e1rio institucional brasileiro. Era um s\u00edmbolo. Uma lembran\u00e7a de que, naquele espa\u00e7o elevado da Rep\u00fablica, deveriam prevalecer prud\u00eancia, sobriedade e dist\u00e2ncia em rela\u00e7\u00e3o \u00e0s disputas do poder. Essa imagem, por\u00e9m, vem se desgastando h\u00e1 anos. O que se observa agora talvez seja apenas [&hellip;]","og_url":"https:\/\/www.notibras.com\/site\/supremo-pena-com-desgaste-da-propria-autoridade\/","og_site_name":"Notibras","article_publisher":"https:\/\/www.facebook.com\/notibras\/","article_published_time":"2026-03-15T06:29:21+00:00","article_modified_time":"2026-03-15T06:49:56+00:00","og_image":[{"width":1536,"height":1024,"url":"https:\/\/www.notibras.com\/site\/wp-content\/uploads\/2026\/03\/27452860-32e3-4c52-8c8c-9b466cae66a7.jpg","type":"image\/jpeg"}],"author":"Reda\u00e7\u00e3o","twitter_card":"summary_large_image","twitter_creator":"@Notibras","twitter_site":"@Notibras","twitter_misc":{"Escrito por":"Reda\u00e7\u00e3o","Est. tempo de leitura":"4 minutos"},"schema":{"@context":"https:\/\/schema.org","@graph":[{"@type":"Article","@id":"https:\/\/www.notibras.com\/site\/supremo-pena-com-desgaste-da-propria-autoridade\/#article","isPartOf":{"@id":"https:\/\/www.notibras.com\/site\/supremo-pena-com-desgaste-da-propria-autoridade\/"},"author":{"name":"Reda\u00e7\u00e3o","@id":"https:\/\/www.notibras.com\/site\/#\/schema\/person\/36ab0979449956132d3e5b517ea76ac8"},"headline":"Supremo pena com desgaste da pr\u00f3pria autoridade","datePublished":"2026-03-15T06:29:21+00:00","dateModified":"2026-03-15T06:49:56+00:00","mainEntityOfPage":{"@id":"https:\/\/www.notibras.com\/site\/supremo-pena-com-desgaste-da-propria-autoridade\/"},"wordCount":742,"publisher":{"@id":"https:\/\/www.notibras.com\/site\/#organization"},"image":{"@id":"https:\/\/www.notibras.com\/site\/supremo-pena-com-desgaste-da-propria-autoridade\/#primaryimage"},"thumbnailUrl":"https:\/\/www.notibras.com\/site\/wp-content\/uploads\/2026\/03\/27452860-32e3-4c52-8c8c-9b466cae66a7.jpg","articleSection":["Brasil"],"inLanguage":"pt-BR"},{"@type":"WebPage","@id":"https:\/\/www.notibras.com\/site\/supremo-pena-com-desgaste-da-propria-autoridade\/","url":"https:\/\/www.notibras.com\/site\/supremo-pena-com-desgaste-da-propria-autoridade\/","name":"Supremo pena com desgaste da pr\u00f3pria autoridade - Notibras","isPartOf":{"@id":"https:\/\/www.notibras.com\/site\/#website"},"primaryImageOfPage":{"@id":"https:\/\/www.notibras.com\/site\/supremo-pena-com-desgaste-da-propria-autoridade\/#primaryimage"},"image":{"@id":"https:\/\/www.notibras.com\/site\/supremo-pena-com-desgaste-da-propria-autoridade\/#primaryimage"},"thumbnailUrl":"https:\/\/www.notibras.com\/site\/wp-content\/uploads\/2026\/03\/27452860-32e3-4c52-8c8c-9b466cae66a7.jpg","datePublished":"2026-03-15T06:29:21+00:00","dateModified":"2026-03-15T06:49:56+00:00","breadcrumb":{"@id":"https:\/\/www.notibras.com\/site\/supremo-pena-com-desgaste-da-propria-autoridade\/#breadcrumb"},"inLanguage":"pt-BR","potentialAction":[{"@type":"ReadAction","target":["https:\/\/www.notibras.com\/site\/supremo-pena-com-desgaste-da-propria-autoridade\/"]}]},{"@type":"ImageObject","inLanguage":"pt-BR","@id":"https:\/\/www.notibras.com\/site\/supremo-pena-com-desgaste-da-propria-autoridade\/#primaryimage","url":"https:\/\/www.notibras.com\/site\/wp-content\/uploads\/2026\/03\/27452860-32e3-4c52-8c8c-9b466cae66a7.jpg","contentUrl":"https:\/\/www.notibras.com\/site\/wp-content\/uploads\/2026\/03\/27452860-32e3-4c52-8c8c-9b466cae66a7.jpg","width":1536,"height":1024},{"@type":"BreadcrumbList","@id":"https:\/\/www.notibras.com\/site\/supremo-pena-com-desgaste-da-propria-autoridade\/#breadcrumb","itemListElement":[{"@type":"ListItem","position":1,"name":"In\u00edcio","item":"https:\/\/www.notibras.com\/site\/"},{"@type":"ListItem","position":2,"name":"Supremo pena com desgaste da pr\u00f3pria autoridade"}]},{"@type":"WebSite","@id":"https:\/\/www.notibras.com\/site\/#website","url":"https:\/\/www.notibras.com\/site\/","name":"Notibras","description":"Not\u00edcias de Bras\u00edlia, do Brasil e do Mundo","publisher":{"@id":"https:\/\/www.notibras.com\/site\/#organization"},"potentialAction":[{"@type":"SearchAction","target":{"@type":"EntryPoint","urlTemplate":"https:\/\/www.notibras.com\/site\/?s={search_term_string}"},"query-input":{"@type":"PropertyValueSpecification","valueRequired":true,"valueName":"search_term_string"}}],"inLanguage":"pt-BR"},{"@type":"Organization","@id":"https:\/\/www.notibras.com\/site\/#organization","name":"Grupo Notibras de Comunica\u00e7\u00e3o","url":"https:\/\/www.notibras.com\/site\/","logo":{"@type":"ImageObject","inLanguage":"pt-BR","@id":"https:\/\/www.notibras.com\/site\/#\/schema\/logo\/image\/","url":"https:\/\/www.notibras.com\/site\/wp-content\/uploads\/2023\/01\/notibras23.png","contentUrl":"https:\/\/www.notibras.com\/site\/wp-content\/uploads\/2023\/01\/notibras23.png","width":350,"height":87,"caption":"Grupo Notibras de Comunica\u00e7\u00e3o"},"image":{"@id":"https:\/\/www.notibras.com\/site\/#\/schema\/logo\/image\/"},"sameAs":["https:\/\/www.facebook.com\/notibras\/","https:\/\/x.com\/Notibras","https:\/\/www.instagram.com\/notibras\/"]},{"@type":"Person","@id":"https:\/\/www.notibras.com\/site\/#\/schema\/person\/36ab0979449956132d3e5b517ea76ac8","name":"Reda\u00e7\u00e3o","image":{"@type":"ImageObject","inLanguage":"pt-BR","@id":"https:\/\/secure.gravatar.com\/avatar\/e0a867bdedb85fd243eadf09663511f96fc81e0720a4a42581f334ad4303aa6b?s=96&d=mm&r=g","url":"https:\/\/secure.gravatar.com\/avatar\/e0a867bdedb85fd243eadf09663511f96fc81e0720a4a42581f334ad4303aa6b?s=96&d=mm&r=g","contentUrl":"https:\/\/secure.gravatar.com\/avatar\/e0a867bdedb85fd243eadf09663511f96fc81e0720a4a42581f334ad4303aa6b?s=96&d=mm&r=g","caption":"Reda\u00e7\u00e3o"}}]}},"amp_enabled":true,"_links":{"self":[{"href":"https:\/\/www.notibras.com\/site\/wp-json\/wp\/v2\/posts\/387070","targetHints":{"allow":["GET"]}}],"collection":[{"href":"https:\/\/www.notibras.com\/site\/wp-json\/wp\/v2\/posts"}],"about":[{"href":"https:\/\/www.notibras.com\/site\/wp-json\/wp\/v2\/types\/post"}],"author":[{"embeddable":true,"href":"https:\/\/www.notibras.com\/site\/wp-json\/wp\/v2\/users\/2"}],"replies":[{"embeddable":true,"href":"https:\/\/www.notibras.com\/site\/wp-json\/wp\/v2\/comments?post=387070"}],"version-history":[{"count":3,"href":"https:\/\/www.notibras.com\/site\/wp-json\/wp\/v2\/posts\/387070\/revisions"}],"predecessor-version":[{"id":387074,"href":"https:\/\/www.notibras.com\/site\/wp-json\/wp\/v2\/posts\/387070\/revisions\/387074"}],"wp:featuredmedia":[{"embeddable":true,"href":"https:\/\/www.notibras.com\/site\/wp-json\/wp\/v2\/media\/387071"}],"wp:attachment":[{"href":"https:\/\/www.notibras.com\/site\/wp-json\/wp\/v2\/media?parent=387070"}],"wp:term":[{"taxonomy":"category","embeddable":true,"href":"https:\/\/www.notibras.com\/site\/wp-json\/wp\/v2\/categories?post=387070"},{"taxonomy":"post_tag","embeddable":true,"href":"https:\/\/www.notibras.com\/site\/wp-json\/wp\/v2\/tags?post=387070"}],"curies":[{"name":"wp","href":"https:\/\/api.w.org\/{rel}","templated":true}]}}