{"id":387075,"date":"2026-03-15T04:05:33","date_gmt":"2026-03-15T07:05:33","guid":{"rendered":"https:\/\/www.notibras.com\/site\/?p=387075"},"modified":"2026-03-15T04:05:33","modified_gmt":"2026-03-15T07:05:33","slug":"astros-abrirao-portas-para-caminhos-silenciosos","status":"publish","type":"post","link":"https:\/\/www.notibras.com\/site\/astros-abrirao-portas-para-caminhos-silenciosos\/","title":{"rendered":"Astros abrir\u00e3o portas para caminhos silenciosos"},"content":{"rendered":"<p>A semana entre 15 e 21 de mar\u00e7o chega marcada por um c\u00e9u de transi\u00e7\u00e3o: \u00e9 tempo de encerramento de ciclos, reorganiza\u00e7\u00e3o interior e percep\u00e7\u00e3o mais agu\u00e7ada sobre aquilo que j\u00e1 n\u00e3o cabe mais na rotina, nos afetos e nos projetos pessoais. H\u00e1 uma atmosfera de revis\u00e3o emocional no ar, como se o Universo pedisse menos pressa e mais consci\u00eancia antes dos pr\u00f3ximos passos. Pequenas mudan\u00e7as podem ter efeitos maiores do que aparentam.<\/p>\n<p>Nos pr\u00f3ximos dias, muitos sentir\u00e3o necessidade de silenciar ru\u00eddos externos para ouvir melhor a pr\u00f3pria intui\u00e7\u00e3o. Assuntos ligados ao trabalho, \u00e0 vida afetiva e \u00e0s decis\u00f5es financeiras pedem prud\u00eancia, enquanto encontros inesperados podem trazer respostas guardadas h\u00e1 algum tempo. \u00c9 uma semana em que maturidade vale mais do que impulso \u2014 e onde at\u00e9 o acaso pode parecer recado do destino.<\/p>\n<p><strong>Veja a previs\u00e3o para cada signo:<\/strong><\/p>\n<p>&#x2648; \u00c1ries<\/p>\n<p>A semana favorece decis\u00f5es r\u00e1pidas, mas ser\u00e1 importante medir consequ\u00eancias antes de agir. No trabalho, uma oportunidade pode surgir de forma inesperada. No campo afetivo, o di\u00e1logo ser\u00e1 decisivo para evitar mal-entendidos. Energia f\u00edsica em alta, mas conv\u00e9m evitar excessos.<\/p>\n<p>&#x2649; Touro<\/p>\n<p>Dias favor\u00e1veis para reorganizar finan\u00e7as e rever compromissos antigos. Uma not\u00edcia ligada \u00e0 fam\u00edlia pode mexer com emo\u00e7\u00f5es profundas. No amor, estabilidade ser\u00e1 mais importante do que intensidade. Sua paci\u00eancia ser\u00e1 seu maior trunfo.<\/p>\n<p>&#x264a; G\u00eameos<\/p>\n<p>A comunica\u00e7\u00e3o estar\u00e1 poderosa, abrindo portas importantes. Conversas adiadas tendem a acontecer com mais clareza. No amor, algu\u00e9m pode surpreender com palavras ou atitudes. Semana boa para estudos, escrita e acordos.<\/p>\n<p>&#x264b; C\u00e2ncer<\/p>\n<p>O emocional estar\u00e1 mais sens\u00edvel, mas tamb\u00e9m mais intuitivo. Quest\u00f5es dom\u00e9sticas ganham destaque. Um gesto simples pode ter grande valor afetivo. No trabalho, evite carregar preocupa\u00e7\u00f5es sozinho.<\/p>\n<p>&#x264c; Le\u00e3o<\/p>\n<p>Semana de visibilidade e afirma\u00e7\u00e3o pessoal. Seu brilho natural chama aten\u00e7\u00e3o, mas ser\u00e1 preciso cautela com disputas de ego. Na vida amorosa, momento favor\u00e1vel para reconcilia\u00e7\u00f5es ou novos encontros.<\/p>\n<p>&#x264d; Virgem<\/p>\n<p>A semana pede m\u00e9todo e serenidade. Assuntos pendentes come\u00e7am a se resolver gradualmente. No amor, menos cobran\u00e7a e mais escuta podem transformar rela\u00e7\u00f5es. Aten\u00e7\u00e3o \u00e0 sa\u00fade e ao descanso.<\/p>\n<p>&#x264e; Libra<\/p>\n<p>Dias favor\u00e1veis para harmonizar rela\u00e7\u00f5es pessoais e profissionais. Um convite ou reencontro poder\u00e1 trazer alegria inesperada. No campo financeiro, prud\u00eancia antes de assumir novos compromissos.<\/p>\n<p>&#x264f; Escorpi\u00e3o<\/p>\n<p>Semana intensa, marcada por percep\u00e7\u00f5es profundas. Algo oculto pode se revelar, trazendo nova compreens\u00e3o sobre pessoas ou situa\u00e7\u00f5es. No amor, a intensidade emocional pede equil\u00edbrio.<\/p>\n<p>&#x2650; Sagit\u00e1rio<\/p>\n<p>Movimento, desejo de mudan\u00e7a e necessidade de ampliar horizontes marcam os pr\u00f3ximos dias. Boa fase para viagens curtas, novos contatos e decis\u00f5es ligadas a projetos futuros.<\/p>\n<p>&#x2651; Capric\u00f3rnio<\/p>\n<p>Responsabilidades ganham peso, mas tamb\u00e9m trazem reconhecimento. Uma conversa importante pode definir rumos no trabalho. No amor, o momento favorece sinceridade e maturidade.<\/p>\n<p>&#x2652; Aqu\u00e1rio<\/p>\n<p>A criatividade estar\u00e1 em alta. Semana excelente para ideias novas, projetos autorais e contatos sociais. Algu\u00e9m poder\u00e1 surgir com proposta interessante. Evite dispers\u00e3o.<\/p>\n<p>&#x2653; Peixes<\/p>\n<p>Com o ciclo solar se aproximando de mudan\u00e7a, h\u00e1 forte energia de encerramento e prepara\u00e7\u00e3o. Intui\u00e7\u00e3o elevada, sonhos reveladores e necessidade de recolhimento emocional. Boa fase para ouvir o cora\u00e7\u00e3o.<\/p>\n<p>&#8230;..<\/p>\n<p><strong>Anabelle Santa&#8217;cruz \u00e9 Editora de Or\u00e1culos<\/strong><\/p>\n","protected":false},"excerpt":{"rendered":"<p>A semana entre 15 e 21 de mar\u00e7o chega marcada por um c\u00e9u de transi\u00e7\u00e3o: \u00e9 tempo de encerramento de ciclos, reorganiza\u00e7\u00e3o interior e percep\u00e7\u00e3o mais agu\u00e7ada sobre aquilo que j\u00e1 n\u00e3o cabe mais na rotina, nos afetos e nos projetos pessoais. H\u00e1 uma atmosfera de revis\u00e3o emocional no ar, como se o Universo pedisse [&hellip;]<\/p>\n","protected":false},"author":2,"featured_media":387076,"comment_status":"closed","ping_status":"closed","sticky":false,"template":"","format":"standard","meta":{"_acf_changed":false,"footnotes":""},"categories":[237],"tags":[],"class_list":["post-387075","post","type-post","status-publish","format-standard","has-post-thumbnail","hentry","category-oraculos"],"acf":[],"yoast_head":"<!-- This site is optimized with the Yoast SEO plugin v27.2 - https:\/\/yoast.com\/product\/yoast-seo-wordpress\/ -->\n<title>Astros abrir\u00e3o portas para caminhos silenciosos - Notibras<\/title>\n<meta name=\"robots\" content=\"index, follow, max-snippet:-1, max-image-preview:large, max-video-preview:-1\" \/>\n<link rel=\"canonical\" href=\"https:\/\/www.notibras.com\/site\/astros-abrirao-portas-para-caminhos-silenciosos\/\" \/>\n<meta property=\"og:locale\" content=\"pt_BR\" \/>\n<meta property=\"og:type\" content=\"article\" \/>\n<meta property=\"og:title\" content=\"Astros abrir\u00e3o portas para caminhos silenciosos - Notibras\" \/>\n<meta property=\"og:description\" content=\"A semana entre 15 e 21 de mar\u00e7o chega marcada por um c\u00e9u de transi\u00e7\u00e3o: \u00e9 tempo de encerramento de ciclos, reorganiza\u00e7\u00e3o interior e percep\u00e7\u00e3o mais agu\u00e7ada sobre aquilo que j\u00e1 n\u00e3o cabe mais na rotina, nos afetos e nos projetos pessoais. H\u00e1 uma atmosfera de revis\u00e3o emocional no ar, como se o Universo pedisse [&hellip;]\" \/>\n<meta property=\"og:url\" content=\"https:\/\/www.notibras.com\/site\/astros-abrirao-portas-para-caminhos-silenciosos\/\" \/>\n<meta property=\"og:site_name\" content=\"Notibras\" \/>\n<meta property=\"article:publisher\" content=\"https:\/\/www.facebook.com\/notibras\/\" \/>\n<meta property=\"article:published_time\" content=\"2026-03-15T07:05:33+00:00\" \/>\n<meta property=\"og:image\" content=\"https:\/\/www.notibras.com\/site\/wp-content\/uploads\/2026\/03\/0a0bc923-e883-40b9-883b-ce55cc7736d1.png\" \/>\n\t<meta property=\"og:image:width\" content=\"740\" \/>\n\t<meta property=\"og:image:height\" content=\"740\" \/>\n\t<meta property=\"og:image:type\" content=\"image\/png\" \/>\n<meta name=\"author\" content=\"Reda\u00e7\u00e3o\" \/>\n<meta name=\"twitter:card\" content=\"summary_large_image\" \/>\n<meta name=\"twitter:creator\" content=\"@Notibras\" \/>\n<meta name=\"twitter:site\" content=\"@Notibras\" \/>\n<meta name=\"twitter:label1\" content=\"Escrito por\" \/>\n\t<meta name=\"twitter:data1\" content=\"Reda\u00e7\u00e3o\" \/>\n\t<meta name=\"twitter:label2\" content=\"Est. tempo de leitura\" \/>\n\t<meta name=\"twitter:data2\" content=\"4 minutos\" \/>\n<script type=\"application\/ld+json\" class=\"yoast-schema-graph\">{\"@context\":\"https:\/\/schema.org\",\"@graph\":[{\"@type\":\"Article\",\"@id\":\"https:\/\/www.notibras.com\/site\/astros-abrirao-portas-para-caminhos-silenciosos\/#article\",\"isPartOf\":{\"@id\":\"https:\/\/www.notibras.com\/site\/astros-abrirao-portas-para-caminhos-silenciosos\/\"},\"author\":{\"name\":\"Reda\u00e7\u00e3o\",\"@id\":\"https:\/\/www.notibras.com\/site\/#\/schema\/person\/36ab0979449956132d3e5b517ea76ac8\"},\"headline\":\"Astros abrir\u00e3o portas para caminhos silenciosos\",\"datePublished\":\"2026-03-15T07:05:33+00:00\",\"mainEntityOfPage\":{\"@id\":\"https:\/\/www.notibras.com\/site\/astros-abrirao-portas-para-caminhos-silenciosos\/\"},\"wordCount\":589,\"publisher\":{\"@id\":\"https:\/\/www.notibras.com\/site\/#organization\"},\"image\":{\"@id\":\"https:\/\/www.notibras.com\/site\/astros-abrirao-portas-para-caminhos-silenciosos\/#primaryimage\"},\"thumbnailUrl\":\"https:\/\/www.notibras.com\/site\/wp-content\/uploads\/2026\/03\/0a0bc923-e883-40b9-883b-ce55cc7736d1.png\",\"articleSection\":[\"Or\u00e1culos\"],\"inLanguage\":\"pt-BR\"},{\"@type\":\"WebPage\",\"@id\":\"https:\/\/www.notibras.com\/site\/astros-abrirao-portas-para-caminhos-silenciosos\/\",\"url\":\"https:\/\/www.notibras.com\/site\/astros-abrirao-portas-para-caminhos-silenciosos\/\",\"name\":\"Astros abrir\u00e3o portas para caminhos silenciosos - Notibras\",\"isPartOf\":{\"@id\":\"https:\/\/www.notibras.com\/site\/#website\"},\"primaryImageOfPage\":{\"@id\":\"https:\/\/www.notibras.com\/site\/astros-abrirao-portas-para-caminhos-silenciosos\/#primaryimage\"},\"image\":{\"@id\":\"https:\/\/www.notibras.com\/site\/astros-abrirao-portas-para-caminhos-silenciosos\/#primaryimage\"},\"thumbnailUrl\":\"https:\/\/www.notibras.com\/site\/wp-content\/uploads\/2026\/03\/0a0bc923-e883-40b9-883b-ce55cc7736d1.png\",\"datePublished\":\"2026-03-15T07:05:33+00:00\",\"breadcrumb\":{\"@id\":\"https:\/\/www.notibras.com\/site\/astros-abrirao-portas-para-caminhos-silenciosos\/#breadcrumb\"},\"inLanguage\":\"pt-BR\",\"potentialAction\":[{\"@type\":\"ReadAction\",\"target\":[\"https:\/\/www.notibras.com\/site\/astros-abrirao-portas-para-caminhos-silenciosos\/\"]}]},{\"@type\":\"ImageObject\",\"inLanguage\":\"pt-BR\",\"@id\":\"https:\/\/www.notibras.com\/site\/astros-abrirao-portas-para-caminhos-silenciosos\/#primaryimage\",\"url\":\"https:\/\/www.notibras.com\/site\/wp-content\/uploads\/2026\/03\/0a0bc923-e883-40b9-883b-ce55cc7736d1.png\",\"contentUrl\":\"https:\/\/www.notibras.com\/site\/wp-content\/uploads\/2026\/03\/0a0bc923-e883-40b9-883b-ce55cc7736d1.png\",\"width\":1024,\"height\":1024},{\"@type\":\"BreadcrumbList\",\"@id\":\"https:\/\/www.notibras.com\/site\/astros-abrirao-portas-para-caminhos-silenciosos\/#breadcrumb\",\"itemListElement\":[{\"@type\":\"ListItem\",\"position\":1,\"name\":\"In\u00edcio\",\"item\":\"https:\/\/www.notibras.com\/site\/\"},{\"@type\":\"ListItem\",\"position\":2,\"name\":\"Astros abrir\u00e3o portas para caminhos silenciosos\"}]},{\"@type\":\"WebSite\",\"@id\":\"https:\/\/www.notibras.com\/site\/#website\",\"url\":\"https:\/\/www.notibras.com\/site\/\",\"name\":\"Notibras\",\"description\":\"Not\u00edcias de Bras\u00edlia, do Brasil e do Mundo\",\"publisher\":{\"@id\":\"https:\/\/www.notibras.com\/site\/#organization\"},\"potentialAction\":[{\"@type\":\"SearchAction\",\"target\":{\"@type\":\"EntryPoint\",\"urlTemplate\":\"https:\/\/www.notibras.com\/site\/?s={search_term_string}\"},\"query-input\":{\"@type\":\"PropertyValueSpecification\",\"valueRequired\":true,\"valueName\":\"search_term_string\"}}],\"inLanguage\":\"pt-BR\"},{\"@type\":\"Organization\",\"@id\":\"https:\/\/www.notibras.com\/site\/#organization\",\"name\":\"Grupo Notibras de Comunica\u00e7\u00e3o\",\"url\":\"https:\/\/www.notibras.com\/site\/\",\"logo\":{\"@type\":\"ImageObject\",\"inLanguage\":\"pt-BR\",\"@id\":\"https:\/\/www.notibras.com\/site\/#\/schema\/logo\/image\/\",\"url\":\"https:\/\/www.notibras.com\/site\/wp-content\/uploads\/2023\/01\/notibras23.png\",\"contentUrl\":\"https:\/\/www.notibras.com\/site\/wp-content\/uploads\/2023\/01\/notibras23.png\",\"width\":350,\"height\":87,\"caption\":\"Grupo Notibras de Comunica\u00e7\u00e3o\"},\"image\":{\"@id\":\"https:\/\/www.notibras.com\/site\/#\/schema\/logo\/image\/\"},\"sameAs\":[\"https:\/\/www.facebook.com\/notibras\/\",\"https:\/\/x.com\/Notibras\",\"https:\/\/www.instagram.com\/notibras\/\"]},{\"@type\":\"Person\",\"@id\":\"https:\/\/www.notibras.com\/site\/#\/schema\/person\/36ab0979449956132d3e5b517ea76ac8\",\"name\":\"Reda\u00e7\u00e3o\",\"image\":{\"@type\":\"ImageObject\",\"inLanguage\":\"pt-BR\",\"@id\":\"https:\/\/secure.gravatar.com\/avatar\/e0a867bdedb85fd243eadf09663511f96fc81e0720a4a42581f334ad4303aa6b?s=96&d=mm&r=g\",\"url\":\"https:\/\/secure.gravatar.com\/avatar\/e0a867bdedb85fd243eadf09663511f96fc81e0720a4a42581f334ad4303aa6b?s=96&d=mm&r=g\",\"contentUrl\":\"https:\/\/secure.gravatar.com\/avatar\/e0a867bdedb85fd243eadf09663511f96fc81e0720a4a42581f334ad4303aa6b?s=96&d=mm&r=g\",\"caption\":\"Reda\u00e7\u00e3o\"}}]}<\/script>\n<!-- \/ Yoast SEO plugin. -->","yoast_head_json":{"title":"Astros abrir\u00e3o portas para caminhos silenciosos - Notibras","robots":{"index":"index","follow":"follow","max-snippet":"max-snippet:-1","max-image-preview":"max-image-preview:large","max-video-preview":"max-video-preview:-1"},"canonical":"https:\/\/www.notibras.com\/site\/astros-abrirao-portas-para-caminhos-silenciosos\/","og_locale":"pt_BR","og_type":"article","og_title":"Astros abrir\u00e3o portas para caminhos silenciosos - Notibras","og_description":"A semana entre 15 e 21 de mar\u00e7o chega marcada por um c\u00e9u de transi\u00e7\u00e3o: \u00e9 tempo de encerramento de ciclos, reorganiza\u00e7\u00e3o interior e percep\u00e7\u00e3o mais agu\u00e7ada sobre aquilo que j\u00e1 n\u00e3o cabe mais na rotina, nos afetos e nos projetos pessoais. H\u00e1 uma atmosfera de revis\u00e3o emocional no ar, como se o Universo pedisse [&hellip;]","og_url":"https:\/\/www.notibras.com\/site\/astros-abrirao-portas-para-caminhos-silenciosos\/","og_site_name":"Notibras","article_publisher":"https:\/\/www.facebook.com\/notibras\/","article_published_time":"2026-03-15T07:05:33+00:00","og_image":[{"url":"https:\/\/www.notibras.com\/site\/wp-content\/uploads\/2026\/03\/0a0bc923-e883-40b9-883b-ce55cc7736d1.png","width":740,"height":740,"type":"image\/png"}],"author":"Reda\u00e7\u00e3o","twitter_card":"summary_large_image","twitter_creator":"@Notibras","twitter_site":"@Notibras","twitter_misc":{"Escrito por":"Reda\u00e7\u00e3o","Est. tempo de leitura":"4 minutos"},"schema":{"@context":"https:\/\/schema.org","@graph":[{"@type":"Article","@id":"https:\/\/www.notibras.com\/site\/astros-abrirao-portas-para-caminhos-silenciosos\/#article","isPartOf":{"@id":"https:\/\/www.notibras.com\/site\/astros-abrirao-portas-para-caminhos-silenciosos\/"},"author":{"name":"Reda\u00e7\u00e3o","@id":"https:\/\/www.notibras.com\/site\/#\/schema\/person\/36ab0979449956132d3e5b517ea76ac8"},"headline":"Astros abrir\u00e3o portas para caminhos silenciosos","datePublished":"2026-03-15T07:05:33+00:00","mainEntityOfPage":{"@id":"https:\/\/www.notibras.com\/site\/astros-abrirao-portas-para-caminhos-silenciosos\/"},"wordCount":589,"publisher":{"@id":"https:\/\/www.notibras.com\/site\/#organization"},"image":{"@id":"https:\/\/www.notibras.com\/site\/astros-abrirao-portas-para-caminhos-silenciosos\/#primaryimage"},"thumbnailUrl":"https:\/\/www.notibras.com\/site\/wp-content\/uploads\/2026\/03\/0a0bc923-e883-40b9-883b-ce55cc7736d1.png","articleSection":["Or\u00e1culos"],"inLanguage":"pt-BR"},{"@type":"WebPage","@id":"https:\/\/www.notibras.com\/site\/astros-abrirao-portas-para-caminhos-silenciosos\/","url":"https:\/\/www.notibras.com\/site\/astros-abrirao-portas-para-caminhos-silenciosos\/","name":"Astros abrir\u00e3o portas para caminhos silenciosos - Notibras","isPartOf":{"@id":"https:\/\/www.notibras.com\/site\/#website"},"primaryImageOfPage":{"@id":"https:\/\/www.notibras.com\/site\/astros-abrirao-portas-para-caminhos-silenciosos\/#primaryimage"},"image":{"@id":"https:\/\/www.notibras.com\/site\/astros-abrirao-portas-para-caminhos-silenciosos\/#primaryimage"},"thumbnailUrl":"https:\/\/www.notibras.com\/site\/wp-content\/uploads\/2026\/03\/0a0bc923-e883-40b9-883b-ce55cc7736d1.png","datePublished":"2026-03-15T07:05:33+00:00","breadcrumb":{"@id":"https:\/\/www.notibras.com\/site\/astros-abrirao-portas-para-caminhos-silenciosos\/#breadcrumb"},"inLanguage":"pt-BR","potentialAction":[{"@type":"ReadAction","target":["https:\/\/www.notibras.com\/site\/astros-abrirao-portas-para-caminhos-silenciosos\/"]}]},{"@type":"ImageObject","inLanguage":"pt-BR","@id":"https:\/\/www.notibras.com\/site\/astros-abrirao-portas-para-caminhos-silenciosos\/#primaryimage","url":"https:\/\/www.notibras.com\/site\/wp-content\/uploads\/2026\/03\/0a0bc923-e883-40b9-883b-ce55cc7736d1.png","contentUrl":"https:\/\/www.notibras.com\/site\/wp-content\/uploads\/2026\/03\/0a0bc923-e883-40b9-883b-ce55cc7736d1.png","width":1024,"height":1024},{"@type":"BreadcrumbList","@id":"https:\/\/www.notibras.com\/site\/astros-abrirao-portas-para-caminhos-silenciosos\/#breadcrumb","itemListElement":[{"@type":"ListItem","position":1,"name":"In\u00edcio","item":"https:\/\/www.notibras.com\/site\/"},{"@type":"ListItem","position":2,"name":"Astros abrir\u00e3o portas para caminhos silenciosos"}]},{"@type":"WebSite","@id":"https:\/\/www.notibras.com\/site\/#website","url":"https:\/\/www.notibras.com\/site\/","name":"Notibras","description":"Not\u00edcias de Bras\u00edlia, do Brasil e do Mundo","publisher":{"@id":"https:\/\/www.notibras.com\/site\/#organization"},"potentialAction":[{"@type":"SearchAction","target":{"@type":"EntryPoint","urlTemplate":"https:\/\/www.notibras.com\/site\/?s={search_term_string}"},"query-input":{"@type":"PropertyValueSpecification","valueRequired":true,"valueName":"search_term_string"}}],"inLanguage":"pt-BR"},{"@type":"Organization","@id":"https:\/\/www.notibras.com\/site\/#organization","name":"Grupo Notibras de Comunica\u00e7\u00e3o","url":"https:\/\/www.notibras.com\/site\/","logo":{"@type":"ImageObject","inLanguage":"pt-BR","@id":"https:\/\/www.notibras.com\/site\/#\/schema\/logo\/image\/","url":"https:\/\/www.notibras.com\/site\/wp-content\/uploads\/2023\/01\/notibras23.png","contentUrl":"https:\/\/www.notibras.com\/site\/wp-content\/uploads\/2023\/01\/notibras23.png","width":350,"height":87,"caption":"Grupo Notibras de Comunica\u00e7\u00e3o"},"image":{"@id":"https:\/\/www.notibras.com\/site\/#\/schema\/logo\/image\/"},"sameAs":["https:\/\/www.facebook.com\/notibras\/","https:\/\/x.com\/Notibras","https:\/\/www.instagram.com\/notibras\/"]},{"@type":"Person","@id":"https:\/\/www.notibras.com\/site\/#\/schema\/person\/36ab0979449956132d3e5b517ea76ac8","name":"Reda\u00e7\u00e3o","image":{"@type":"ImageObject","inLanguage":"pt-BR","@id":"https:\/\/secure.gravatar.com\/avatar\/e0a867bdedb85fd243eadf09663511f96fc81e0720a4a42581f334ad4303aa6b?s=96&d=mm&r=g","url":"https:\/\/secure.gravatar.com\/avatar\/e0a867bdedb85fd243eadf09663511f96fc81e0720a4a42581f334ad4303aa6b?s=96&d=mm&r=g","contentUrl":"https:\/\/secure.gravatar.com\/avatar\/e0a867bdedb85fd243eadf09663511f96fc81e0720a4a42581f334ad4303aa6b?s=96&d=mm&r=g","caption":"Reda\u00e7\u00e3o"}}]}},"amp_enabled":true,"_links":{"self":[{"href":"https:\/\/www.notibras.com\/site\/wp-json\/wp\/v2\/posts\/387075","targetHints":{"allow":["GET"]}}],"collection":[{"href":"https:\/\/www.notibras.com\/site\/wp-json\/wp\/v2\/posts"}],"about":[{"href":"https:\/\/www.notibras.com\/site\/wp-json\/wp\/v2\/types\/post"}],"author":[{"embeddable":true,"href":"https:\/\/www.notibras.com\/site\/wp-json\/wp\/v2\/users\/2"}],"replies":[{"embeddable":true,"href":"https:\/\/www.notibras.com\/site\/wp-json\/wp\/v2\/comments?post=387075"}],"version-history":[{"count":1,"href":"https:\/\/www.notibras.com\/site\/wp-json\/wp\/v2\/posts\/387075\/revisions"}],"predecessor-version":[{"id":387077,"href":"https:\/\/www.notibras.com\/site\/wp-json\/wp\/v2\/posts\/387075\/revisions\/387077"}],"wp:featuredmedia":[{"embeddable":true,"href":"https:\/\/www.notibras.com\/site\/wp-json\/wp\/v2\/media\/387076"}],"wp:attachment":[{"href":"https:\/\/www.notibras.com\/site\/wp-json\/wp\/v2\/media?parent=387075"}],"wp:term":[{"taxonomy":"category","embeddable":true,"href":"https:\/\/www.notibras.com\/site\/wp-json\/wp\/v2\/categories?post=387075"},{"taxonomy":"post_tag","embeddable":true,"href":"https:\/\/www.notibras.com\/site\/wp-json\/wp\/v2\/tags?post=387075"}],"curies":[{"name":"wp","href":"https:\/\/api.w.org\/{rel}","templated":true}]}}