{"id":387087,"date":"2026-03-15T00:00:23","date_gmt":"2026-03-15T03:00:23","guid":{"rendered":"https:\/\/www.notibras.com\/site\/?p=387087"},"modified":"2026-03-15T04:47:16","modified_gmt":"2026-03-15T07:47:16","slug":"governo-tenta-evitar-disparada-do-diesel-diz-alckmin","status":"publish","type":"post","link":"https:\/\/www.notibras.com\/site\/governo-tenta-evitar-disparada-do-diesel-diz-alckmin\/","title":{"rendered":"Governo tenta evitar disparada do diesel, diz Alckmin"},"content":{"rendered":"<p>O vice-presidente Geraldo Alckmin disse neste s\u00e1bado (14), que o governo federal prioriza, neste momento, garantir abastecimento e \u201csegurar o pre\u00e7o\u201d do diesel. Ele defendeu as a\u00e7\u00f5es anunciadas, nesta semana, de zerar as al\u00edquotas de PIS\/Cofins sobre o diesel e da cria\u00e7\u00e3o de uma subven\u00e7\u00e3o de mais R$ 0,32 por litro. Ao todo, a expectativa \u00e9 reduzir, ao todo, pelo menos R$ 0,64 por litro na bomba.<\/p>\n<p>As medidas levam em conta que o Brasil importa 25% do diesel. Devido \u00e0 guerra no Oriente M\u00e9dio, houve aumento na cota\u00e7\u00e3o internacional do barril de petr\u00f3leo, o que impacta os pre\u00e7os na bomba de combust\u00edveis.<\/p>\n<p>O vice-presidente contextualizou que a alta do diesel pode encarecer alimentos e transportes, al\u00e9m de elevar a infla\u00e7\u00e3o. Alckmin, que tamb\u00e9m \u00e9 ministro do Desenvolvimento, Ind\u00fastria, Com\u00e9rcio e Servi\u00e7os (MDIC), visitou concession\u00e1ria da Scania em Santa Maria (DF) em fun\u00e7\u00e3o do andamento do programa Move Brasil (a pol\u00edtica p\u00fablica de est\u00edmulo \u00e0 renova\u00e7\u00e3o da frota de caminh\u00f5es).<\/p>\n<p>Alckmin considerou a a\u00e7\u00e3o do governo federal como \u201cinteligente\u201d e criticou medida do governo de Jair Bolsonaro (em 2022), que limitou a cobran\u00e7a do Imposto sobre Circula\u00e7\u00e3o de Mercadorias e Servi\u00e7os (ICMS) de combust\u00edveis e ainda vetou compensa\u00e7\u00e3o aos Estados.<\/p>\n<p>\u201cOs estados foram para a justi\u00e7a porque perderam receita. Acabou tudo judicializado, virando a\u00ed um precat\u00f3rio gigantesco, afirmou. O vice-presidente explicou que, embora o Brasil seja exportador de petr\u00f3leo, \u00e9 importador de diesel porque ainda n\u00e3o tem refino o suficiente para o mercado local.<\/p>\n<p><strong>Incentivo \u00e0 ind\u00fastria<\/strong><br \/>\nEm rela\u00e7\u00e3o ao programa Move Brasil, o vice-presidente defendeu a estrat\u00e9gia de impulsionamento da ind\u00fastria com \u201cdeprecia\u00e7\u00e3o acelerada\u201d dos equipamentos.<\/p>\n<p>\u201cLan\u00e7amos o Move Brasil colocando R$ 10 bilh\u00f5es, e sa\u00edmos de juros de m\u00e9dia de 23% para 13%. A resposta foi espetacular\u201d, avaliou. Ele disse que, com dois meses do programa, j\u00e1 foram aplicados R$ 6,2 bilh\u00f5es dos recursos previstos.<\/p>\n<p>Ele acrescentou que o programa estimulou o caminhoneiro aut\u00f4nomo a comprar um ve\u00edculo zero quil\u00f4metro ou semi-novo. O vice-presidente tamb\u00e9m defendeu a iniciativa de estimular a ind\u00fastria do carro sustent\u00e1vel com a elimina\u00e7\u00e3o do Imposto sobre Produtos Industrializados (IPI).<\/p>\n<p>O carro sustent\u00e1vel \u00e9 aquele que \u00e9 fabricado no Brasil, flex, com 80% de reciclabilidade e que n\u00e3o pode emitir mais que 83 gramas por quil\u00f4metro rodado. Alckmin explica que essa medida vai ter impacto na polui\u00e7\u00e3o ambiental.<\/p>\n<p>O vice-presidente alertou tamb\u00e9m que melhores equipamentos nas estradas tende a reduzir os acidentes. \u201cQuando se tem tecnologia, \u00e9 como uma vacina. Isso vai evitar acidentes e mortes\u201d.<\/p>\n","protected":false},"excerpt":{"rendered":"<p>O vice-presidente Geraldo Alckmin disse neste s\u00e1bado (14), que o governo federal prioriza, neste momento, garantir abastecimento e \u201csegurar o pre\u00e7o\u201d do diesel. Ele defendeu as a\u00e7\u00f5es anunciadas, nesta semana, de zerar as al\u00edquotas de PIS\/Cofins sobre o diesel e da cria\u00e7\u00e3o de uma subven\u00e7\u00e3o de mais R$ 0,32 por litro. Ao todo, a expectativa [&hellip;]<\/p>\n","protected":false},"author":2,"featured_media":306963,"comment_status":"closed","ping_status":"closed","sticky":false,"template":"","format":"standard","meta":{"_acf_changed":false,"footnotes":""},"categories":[16],"tags":[],"class_list":["post-387087","post","type-post","status-publish","format-standard","has-post-thumbnail","hentry","category-brasil"],"acf":[],"yoast_head":"<!-- This site is optimized with the Yoast SEO plugin v27.2 - https:\/\/yoast.com\/product\/yoast-seo-wordpress\/ -->\n<title>Governo tenta evitar disparada do diesel, diz Alckmin - Notibras<\/title>\n<meta name=\"robots\" content=\"index, follow, max-snippet:-1, max-image-preview:large, max-video-preview:-1\" \/>\n<link rel=\"canonical\" href=\"https:\/\/www.notibras.com\/site\/governo-tenta-evitar-disparada-do-diesel-diz-alckmin\/\" \/>\n<meta property=\"og:locale\" content=\"pt_BR\" \/>\n<meta property=\"og:type\" content=\"article\" \/>\n<meta property=\"og:title\" content=\"Governo tenta evitar disparada do diesel, diz Alckmin - Notibras\" \/>\n<meta property=\"og:description\" content=\"O vice-presidente Geraldo Alckmin disse neste s\u00e1bado (14), que o governo federal prioriza, neste momento, garantir abastecimento e \u201csegurar o pre\u00e7o\u201d do diesel. Ele defendeu as a\u00e7\u00f5es anunciadas, nesta semana, de zerar as al\u00edquotas de PIS\/Cofins sobre o diesel e da cria\u00e7\u00e3o de uma subven\u00e7\u00e3o de mais R$ 0,32 por litro. Ao todo, a expectativa [&hellip;]\" \/>\n<meta property=\"og:url\" content=\"https:\/\/www.notibras.com\/site\/governo-tenta-evitar-disparada-do-diesel-diz-alckmin\/\" \/>\n<meta property=\"og:site_name\" content=\"Notibras\" \/>\n<meta property=\"article:publisher\" content=\"https:\/\/www.facebook.com\/notibras\/\" \/>\n<meta property=\"article:published_time\" content=\"2026-03-15T03:00:23+00:00\" \/>\n<meta property=\"article:modified_time\" content=\"2026-03-15T07:47:16+00:00\" \/>\n<meta property=\"og:image\" content=\"https:\/\/www.notibras.com\/site\/wp-content\/uploads\/2023\/06\/aumento_gazolina_rj_0506202742-4.jpg\" \/>\n\t<meta property=\"og:image:width\" content=\"770\" \/>\n\t<meta property=\"og:image:height\" content=\"513\" \/>\n\t<meta property=\"og:image:type\" content=\"image\/jpeg\" \/>\n<meta name=\"author\" content=\"Reda\u00e7\u00e3o\" \/>\n<meta name=\"twitter:card\" content=\"summary_large_image\" \/>\n<meta name=\"twitter:creator\" content=\"@Notibras\" \/>\n<meta name=\"twitter:site\" content=\"@Notibras\" \/>\n<meta name=\"twitter:label1\" content=\"Escrito por\" \/>\n\t<meta name=\"twitter:data1\" content=\"Reda\u00e7\u00e3o\" \/>\n\t<meta name=\"twitter:label2\" content=\"Est. tempo de leitura\" \/>\n\t<meta name=\"twitter:data2\" content=\"3 minutos\" \/>\n<script type=\"application\/ld+json\" class=\"yoast-schema-graph\">{\"@context\":\"https:\/\/schema.org\",\"@graph\":[{\"@type\":\"Article\",\"@id\":\"https:\/\/www.notibras.com\/site\/governo-tenta-evitar-disparada-do-diesel-diz-alckmin\/#article\",\"isPartOf\":{\"@id\":\"https:\/\/www.notibras.com\/site\/governo-tenta-evitar-disparada-do-diesel-diz-alckmin\/\"},\"author\":{\"name\":\"Reda\u00e7\u00e3o\",\"@id\":\"https:\/\/www.notibras.com\/site\/#\/schema\/person\/36ab0979449956132d3e5b517ea76ac8\"},\"headline\":\"Governo tenta evitar disparada do diesel, diz Alckmin\",\"datePublished\":\"2026-03-15T03:00:23+00:00\",\"dateModified\":\"2026-03-15T07:47:16+00:00\",\"mainEntityOfPage\":{\"@id\":\"https:\/\/www.notibras.com\/site\/governo-tenta-evitar-disparada-do-diesel-diz-alckmin\/\"},\"wordCount\":457,\"publisher\":{\"@id\":\"https:\/\/www.notibras.com\/site\/#organization\"},\"image\":{\"@id\":\"https:\/\/www.notibras.com\/site\/governo-tenta-evitar-disparada-do-diesel-diz-alckmin\/#primaryimage\"},\"thumbnailUrl\":\"https:\/\/www.notibras.com\/site\/wp-content\/uploads\/2023\/06\/aumento_gazolina_rj_0506202742-4.jpg\",\"articleSection\":[\"Brasil\"],\"inLanguage\":\"pt-BR\"},{\"@type\":\"WebPage\",\"@id\":\"https:\/\/www.notibras.com\/site\/governo-tenta-evitar-disparada-do-diesel-diz-alckmin\/\",\"url\":\"https:\/\/www.notibras.com\/site\/governo-tenta-evitar-disparada-do-diesel-diz-alckmin\/\",\"name\":\"Governo tenta evitar disparada do diesel, diz Alckmin - Notibras\",\"isPartOf\":{\"@id\":\"https:\/\/www.notibras.com\/site\/#website\"},\"primaryImageOfPage\":{\"@id\":\"https:\/\/www.notibras.com\/site\/governo-tenta-evitar-disparada-do-diesel-diz-alckmin\/#primaryimage\"},\"image\":{\"@id\":\"https:\/\/www.notibras.com\/site\/governo-tenta-evitar-disparada-do-diesel-diz-alckmin\/#primaryimage\"},\"thumbnailUrl\":\"https:\/\/www.notibras.com\/site\/wp-content\/uploads\/2023\/06\/aumento_gazolina_rj_0506202742-4.jpg\",\"datePublished\":\"2026-03-15T03:00:23+00:00\",\"dateModified\":\"2026-03-15T07:47:16+00:00\",\"breadcrumb\":{\"@id\":\"https:\/\/www.notibras.com\/site\/governo-tenta-evitar-disparada-do-diesel-diz-alckmin\/#breadcrumb\"},\"inLanguage\":\"pt-BR\",\"potentialAction\":[{\"@type\":\"ReadAction\",\"target\":[\"https:\/\/www.notibras.com\/site\/governo-tenta-evitar-disparada-do-diesel-diz-alckmin\/\"]}]},{\"@type\":\"ImageObject\",\"inLanguage\":\"pt-BR\",\"@id\":\"https:\/\/www.notibras.com\/site\/governo-tenta-evitar-disparada-do-diesel-diz-alckmin\/#primaryimage\",\"url\":\"https:\/\/www.notibras.com\/site\/wp-content\/uploads\/2023\/06\/aumento_gazolina_rj_0506202742-4.jpg\",\"contentUrl\":\"https:\/\/www.notibras.com\/site\/wp-content\/uploads\/2023\/06\/aumento_gazolina_rj_0506202742-4.jpg\",\"width\":770,\"height\":513,\"caption\":\"Petrobras reajusta em 12% o pre\u00e7o da gasolina nas refinarias a partir desta quinta-feira\"},{\"@type\":\"BreadcrumbList\",\"@id\":\"https:\/\/www.notibras.com\/site\/governo-tenta-evitar-disparada-do-diesel-diz-alckmin\/#breadcrumb\",\"itemListElement\":[{\"@type\":\"ListItem\",\"position\":1,\"name\":\"In\u00edcio\",\"item\":\"https:\/\/www.notibras.com\/site\/\"},{\"@type\":\"ListItem\",\"position\":2,\"name\":\"Governo tenta evitar disparada do diesel, diz Alckmin\"}]},{\"@type\":\"WebSite\",\"@id\":\"https:\/\/www.notibras.com\/site\/#website\",\"url\":\"https:\/\/www.notibras.com\/site\/\",\"name\":\"Notibras\",\"description\":\"Not\u00edcias de Bras\u00edlia, do Brasil e do Mundo\",\"publisher\":{\"@id\":\"https:\/\/www.notibras.com\/site\/#organization\"},\"potentialAction\":[{\"@type\":\"SearchAction\",\"target\":{\"@type\":\"EntryPoint\",\"urlTemplate\":\"https:\/\/www.notibras.com\/site\/?s={search_term_string}\"},\"query-input\":{\"@type\":\"PropertyValueSpecification\",\"valueRequired\":true,\"valueName\":\"search_term_string\"}}],\"inLanguage\":\"pt-BR\"},{\"@type\":\"Organization\",\"@id\":\"https:\/\/www.notibras.com\/site\/#organization\",\"name\":\"Grupo Notibras de Comunica\u00e7\u00e3o\",\"url\":\"https:\/\/www.notibras.com\/site\/\",\"logo\":{\"@type\":\"ImageObject\",\"inLanguage\":\"pt-BR\",\"@id\":\"https:\/\/www.notibras.com\/site\/#\/schema\/logo\/image\/\",\"url\":\"https:\/\/www.notibras.com\/site\/wp-content\/uploads\/2023\/01\/notibras23.png\",\"contentUrl\":\"https:\/\/www.notibras.com\/site\/wp-content\/uploads\/2023\/01\/notibras23.png\",\"width\":350,\"height\":87,\"caption\":\"Grupo Notibras de Comunica\u00e7\u00e3o\"},\"image\":{\"@id\":\"https:\/\/www.notibras.com\/site\/#\/schema\/logo\/image\/\"},\"sameAs\":[\"https:\/\/www.facebook.com\/notibras\/\",\"https:\/\/x.com\/Notibras\",\"https:\/\/www.instagram.com\/notibras\/\"]},{\"@type\":\"Person\",\"@id\":\"https:\/\/www.notibras.com\/site\/#\/schema\/person\/36ab0979449956132d3e5b517ea76ac8\",\"name\":\"Reda\u00e7\u00e3o\",\"image\":{\"@type\":\"ImageObject\",\"inLanguage\":\"pt-BR\",\"@id\":\"https:\/\/secure.gravatar.com\/avatar\/e0a867bdedb85fd243eadf09663511f96fc81e0720a4a42581f334ad4303aa6b?s=96&d=mm&r=g\",\"url\":\"https:\/\/secure.gravatar.com\/avatar\/e0a867bdedb85fd243eadf09663511f96fc81e0720a4a42581f334ad4303aa6b?s=96&d=mm&r=g\",\"contentUrl\":\"https:\/\/secure.gravatar.com\/avatar\/e0a867bdedb85fd243eadf09663511f96fc81e0720a4a42581f334ad4303aa6b?s=96&d=mm&r=g\",\"caption\":\"Reda\u00e7\u00e3o\"}}]}<\/script>\n<!-- \/ Yoast SEO plugin. -->","yoast_head_json":{"title":"Governo tenta evitar disparada do diesel, diz Alckmin - Notibras","robots":{"index":"index","follow":"follow","max-snippet":"max-snippet:-1","max-image-preview":"max-image-preview:large","max-video-preview":"max-video-preview:-1"},"canonical":"https:\/\/www.notibras.com\/site\/governo-tenta-evitar-disparada-do-diesel-diz-alckmin\/","og_locale":"pt_BR","og_type":"article","og_title":"Governo tenta evitar disparada do diesel, diz Alckmin - Notibras","og_description":"O vice-presidente Geraldo Alckmin disse neste s\u00e1bado (14), que o governo federal prioriza, neste momento, garantir abastecimento e \u201csegurar o pre\u00e7o\u201d do diesel. Ele defendeu as a\u00e7\u00f5es anunciadas, nesta semana, de zerar as al\u00edquotas de PIS\/Cofins sobre o diesel e da cria\u00e7\u00e3o de uma subven\u00e7\u00e3o de mais R$ 0,32 por litro. Ao todo, a expectativa [&hellip;]","og_url":"https:\/\/www.notibras.com\/site\/governo-tenta-evitar-disparada-do-diesel-diz-alckmin\/","og_site_name":"Notibras","article_publisher":"https:\/\/www.facebook.com\/notibras\/","article_published_time":"2026-03-15T03:00:23+00:00","article_modified_time":"2026-03-15T07:47:16+00:00","og_image":[{"width":770,"height":513,"url":"https:\/\/www.notibras.com\/site\/wp-content\/uploads\/2023\/06\/aumento_gazolina_rj_0506202742-4.jpg","type":"image\/jpeg"}],"author":"Reda\u00e7\u00e3o","twitter_card":"summary_large_image","twitter_creator":"@Notibras","twitter_site":"@Notibras","twitter_misc":{"Escrito por":"Reda\u00e7\u00e3o","Est. tempo de leitura":"3 minutos"},"schema":{"@context":"https:\/\/schema.org","@graph":[{"@type":"Article","@id":"https:\/\/www.notibras.com\/site\/governo-tenta-evitar-disparada-do-diesel-diz-alckmin\/#article","isPartOf":{"@id":"https:\/\/www.notibras.com\/site\/governo-tenta-evitar-disparada-do-diesel-diz-alckmin\/"},"author":{"name":"Reda\u00e7\u00e3o","@id":"https:\/\/www.notibras.com\/site\/#\/schema\/person\/36ab0979449956132d3e5b517ea76ac8"},"headline":"Governo tenta evitar disparada do diesel, diz Alckmin","datePublished":"2026-03-15T03:00:23+00:00","dateModified":"2026-03-15T07:47:16+00:00","mainEntityOfPage":{"@id":"https:\/\/www.notibras.com\/site\/governo-tenta-evitar-disparada-do-diesel-diz-alckmin\/"},"wordCount":457,"publisher":{"@id":"https:\/\/www.notibras.com\/site\/#organization"},"image":{"@id":"https:\/\/www.notibras.com\/site\/governo-tenta-evitar-disparada-do-diesel-diz-alckmin\/#primaryimage"},"thumbnailUrl":"https:\/\/www.notibras.com\/site\/wp-content\/uploads\/2023\/06\/aumento_gazolina_rj_0506202742-4.jpg","articleSection":["Brasil"],"inLanguage":"pt-BR"},{"@type":"WebPage","@id":"https:\/\/www.notibras.com\/site\/governo-tenta-evitar-disparada-do-diesel-diz-alckmin\/","url":"https:\/\/www.notibras.com\/site\/governo-tenta-evitar-disparada-do-diesel-diz-alckmin\/","name":"Governo tenta evitar disparada do diesel, diz Alckmin - Notibras","isPartOf":{"@id":"https:\/\/www.notibras.com\/site\/#website"},"primaryImageOfPage":{"@id":"https:\/\/www.notibras.com\/site\/governo-tenta-evitar-disparada-do-diesel-diz-alckmin\/#primaryimage"},"image":{"@id":"https:\/\/www.notibras.com\/site\/governo-tenta-evitar-disparada-do-diesel-diz-alckmin\/#primaryimage"},"thumbnailUrl":"https:\/\/www.notibras.com\/site\/wp-content\/uploads\/2023\/06\/aumento_gazolina_rj_0506202742-4.jpg","datePublished":"2026-03-15T03:00:23+00:00","dateModified":"2026-03-15T07:47:16+00:00","breadcrumb":{"@id":"https:\/\/www.notibras.com\/site\/governo-tenta-evitar-disparada-do-diesel-diz-alckmin\/#breadcrumb"},"inLanguage":"pt-BR","potentialAction":[{"@type":"ReadAction","target":["https:\/\/www.notibras.com\/site\/governo-tenta-evitar-disparada-do-diesel-diz-alckmin\/"]}]},{"@type":"ImageObject","inLanguage":"pt-BR","@id":"https:\/\/www.notibras.com\/site\/governo-tenta-evitar-disparada-do-diesel-diz-alckmin\/#primaryimage","url":"https:\/\/www.notibras.com\/site\/wp-content\/uploads\/2023\/06\/aumento_gazolina_rj_0506202742-4.jpg","contentUrl":"https:\/\/www.notibras.com\/site\/wp-content\/uploads\/2023\/06\/aumento_gazolina_rj_0506202742-4.jpg","width":770,"height":513,"caption":"Petrobras reajusta em 12% o pre\u00e7o da gasolina nas refinarias a partir desta quinta-feira"},{"@type":"BreadcrumbList","@id":"https:\/\/www.notibras.com\/site\/governo-tenta-evitar-disparada-do-diesel-diz-alckmin\/#breadcrumb","itemListElement":[{"@type":"ListItem","position":1,"name":"In\u00edcio","item":"https:\/\/www.notibras.com\/site\/"},{"@type":"ListItem","position":2,"name":"Governo tenta evitar disparada do diesel, diz Alckmin"}]},{"@type":"WebSite","@id":"https:\/\/www.notibras.com\/site\/#website","url":"https:\/\/www.notibras.com\/site\/","name":"Notibras","description":"Not\u00edcias de Bras\u00edlia, do Brasil e do Mundo","publisher":{"@id":"https:\/\/www.notibras.com\/site\/#organization"},"potentialAction":[{"@type":"SearchAction","target":{"@type":"EntryPoint","urlTemplate":"https:\/\/www.notibras.com\/site\/?s={search_term_string}"},"query-input":{"@type":"PropertyValueSpecification","valueRequired":true,"valueName":"search_term_string"}}],"inLanguage":"pt-BR"},{"@type":"Organization","@id":"https:\/\/www.notibras.com\/site\/#organization","name":"Grupo Notibras de Comunica\u00e7\u00e3o","url":"https:\/\/www.notibras.com\/site\/","logo":{"@type":"ImageObject","inLanguage":"pt-BR","@id":"https:\/\/www.notibras.com\/site\/#\/schema\/logo\/image\/","url":"https:\/\/www.notibras.com\/site\/wp-content\/uploads\/2023\/01\/notibras23.png","contentUrl":"https:\/\/www.notibras.com\/site\/wp-content\/uploads\/2023\/01\/notibras23.png","width":350,"height":87,"caption":"Grupo Notibras de Comunica\u00e7\u00e3o"},"image":{"@id":"https:\/\/www.notibras.com\/site\/#\/schema\/logo\/image\/"},"sameAs":["https:\/\/www.facebook.com\/notibras\/","https:\/\/x.com\/Notibras","https:\/\/www.instagram.com\/notibras\/"]},{"@type":"Person","@id":"https:\/\/www.notibras.com\/site\/#\/schema\/person\/36ab0979449956132d3e5b517ea76ac8","name":"Reda\u00e7\u00e3o","image":{"@type":"ImageObject","inLanguage":"pt-BR","@id":"https:\/\/secure.gravatar.com\/avatar\/e0a867bdedb85fd243eadf09663511f96fc81e0720a4a42581f334ad4303aa6b?s=96&d=mm&r=g","url":"https:\/\/secure.gravatar.com\/avatar\/e0a867bdedb85fd243eadf09663511f96fc81e0720a4a42581f334ad4303aa6b?s=96&d=mm&r=g","contentUrl":"https:\/\/secure.gravatar.com\/avatar\/e0a867bdedb85fd243eadf09663511f96fc81e0720a4a42581f334ad4303aa6b?s=96&d=mm&r=g","caption":"Reda\u00e7\u00e3o"}}]}},"amp_enabled":true,"_links":{"self":[{"href":"https:\/\/www.notibras.com\/site\/wp-json\/wp\/v2\/posts\/387087","targetHints":{"allow":["GET"]}}],"collection":[{"href":"https:\/\/www.notibras.com\/site\/wp-json\/wp\/v2\/posts"}],"about":[{"href":"https:\/\/www.notibras.com\/site\/wp-json\/wp\/v2\/types\/post"}],"author":[{"embeddable":true,"href":"https:\/\/www.notibras.com\/site\/wp-json\/wp\/v2\/users\/2"}],"replies":[{"embeddable":true,"href":"https:\/\/www.notibras.com\/site\/wp-json\/wp\/v2\/comments?post=387087"}],"version-history":[{"count":1,"href":"https:\/\/www.notibras.com\/site\/wp-json\/wp\/v2\/posts\/387087\/revisions"}],"predecessor-version":[{"id":387088,"href":"https:\/\/www.notibras.com\/site\/wp-json\/wp\/v2\/posts\/387087\/revisions\/387088"}],"wp:featuredmedia":[{"embeddable":true,"href":"https:\/\/www.notibras.com\/site\/wp-json\/wp\/v2\/media\/306963"}],"wp:attachment":[{"href":"https:\/\/www.notibras.com\/site\/wp-json\/wp\/v2\/media?parent=387087"}],"wp:term":[{"taxonomy":"category","embeddable":true,"href":"https:\/\/www.notibras.com\/site\/wp-json\/wp\/v2\/categories?post=387087"},{"taxonomy":"post_tag","embeddable":true,"href":"https:\/\/www.notibras.com\/site\/wp-json\/wp\/v2\/tags?post=387087"}],"curies":[{"name":"wp","href":"https:\/\/api.w.org\/{rel}","templated":true}]}}