{"id":387117,"date":"2026-03-15T00:00:19","date_gmt":"2026-03-15T03:00:19","guid":{"rendered":"https:\/\/www.notibras.com\/site\/?p=387117"},"modified":"2026-03-15T12:37:05","modified_gmt":"2026-03-15T15:37:05","slug":"flamengo-vence-e-mantem-botafogo-na-zona-de-rebaixamento","status":"publish","type":"post","link":"https:\/\/www.notibras.com\/site\/flamengo-vence-e-mantem-botafogo-na-zona-de-rebaixamento\/","title":{"rendered":"Flamengo vence e mant\u00e9m Botafogo na zona de rebaixamento"},"content":{"rendered":"<p>A noite de s\u00e1bado (14) foi de festa para o torcedor do Flamengo. Al\u00e9m de aproximar o Rubro-Negro do l\u00edder S\u00e3o Paulo, a vit\u00f3ria por 3 a 0 sobre o Botafogo, no Est\u00e1dio Nilton Santos, no Rio de Janeiro, mant\u00e9m o rival nas quatro \u00faltimas coloca\u00e7\u00f5es do Campeonato Brasileiro, a zona de rebaixamento (ou &#8220;Z-4&#8221;).<\/p>\n<p>O Flamengo soma os mesmos 10 pontos de Palmeiras e Fluminense, que ainda jogam pela sexta rodada do Brasileir\u00e3o &#8211; o Tricolor carioca, ali\u00e1s, encara o Athletico-PR neste domingo (15), \u00e0s 16h (hor\u00e1rio de Bras\u00edlia), no Maracan\u00e3, com transmiss\u00e3o ao vivo da R\u00e1dio Nacional.<\/p>\n<p>O time da G\u00e1vea fica provisoriamente em terceiro lugar, pelo saldo de gols, e a tr\u00eas pontos do S\u00e3o Paulo, que pega o Red Bull Bragantino no Est\u00e1dio C\u00edcero de Souza Marques, em Bragan\u00e7a Paulista (SP), \u00e0s 20h30.<\/p>\n<p>O Glorioso, por sua vez, sofreu a terceira derrota seguida na competi\u00e7\u00e3o nacional e ocupa o 17\u00ba lugar.<\/p>\n<p>Com apenas tr\u00eas pontos, o Alvinegro de General Severiano, que acabou de ser eliminado na fase preliminar da Libertadores, ainda pode terminar o domingo na \u00faltima coloca\u00e7\u00e3o, se Internacional e Cruzeiro (ambos com dois pontos) vencerem Bahia e Vasco, respectivamente, e o Remo (tr\u00eas) pontuar contra o Coritiba.<\/p>\n<p>Com somente 12 minutos de jogo, o Flamengo j\u00e1 estava na frente. Ap\u00f3s dividida entre o lateral Guillermo Varela e o zagueiro Alexander Barboza na \u00e1rea pela direita, o atacante Samuel Lino chutou de primeira e ainda contou com um desvio para a bola sair do alcance do goleiro Raul e ir para as redes.<\/p>\n<p>Nos acr\u00e9scimos da etapa inicial, aos 46, o zagueiro L\u00e9o Pereira, de falta, aumentou a vantagem. Para complicar a miss\u00e3o do Botafogo, instantes antes do intervalo, Barboza foi expulso pelo \u00e1rbitro Anderson Daronco ap\u00f3s falta em Pedro, que ficaria de cara para o gol.<\/p>\n<p>O lance, anulado por impedimento do atacante do Flamengo, foi corrigido e Daronco chamado ao v\u00eddeo para constatar a necessidade do vermelho direto.<\/p>\n<p>Logo aos tr\u00eas minutos do segundo tempo, Varela cruzou pela direita e Pedro fez o terceiro. Com a vantagem el\u00e1stica e um homem a mais em campo, o Rubro-Negro somente administrou o resultado no restante da partida.<\/p>\n<p><strong>Vit\u00f3ria e homenagens<\/strong><br \/>\nTamb\u00e9m no s\u00e1bado, na partida que abriu a rodada, o Vit\u00f3ria superou o Atl\u00e9tico-MG por 2 a 0 no Barrad\u00e3o, em Salvador. Os atacantes Renato Kayzer e Erick fizeram para o Le\u00e3o, que chegou a sete pontos e dormiu na 11\u00aa coloca\u00e7\u00e3o do Brasileiro.<\/p>\n<p>O Galo, com cinco pontos, est\u00e1 em 15\u00ba, mas pode terminar o fim de semana na zona de rebaixamento se os resultados de domingo n\u00e3o ajudarem.<\/p>\n<p>O Rubro-Negro baiano aproveitou o duelo para homenagear Wagner Moura, torcedor do clube e que, neste domingo, concorre ao pr\u00eamio de Melhor Ator na cerim\u00f4nia do Oscar 2026 pela atua\u00e7\u00e3o em O Agente Secreto. A pr\u00f3pria obra disputa as estatuetas de Melhor Filme e Melhor Filme Internacional.<\/p>\n<p>Os jogadores do Vit\u00f3ria levaram, na camisa, men\u00e7\u00f5es a personagens marcantes da carreira do ator. Artilheiros contra o Atl\u00e9tico-MG, Renato Kayzer e Erick ostentaram, \u00e0s costas, os nomes de Pablo Escobar (da s\u00e9rie Narcos) e Lazlo Sosa (do filme Agente Oculto).<\/p>\n","protected":false},"excerpt":{"rendered":"<p>A noite de s\u00e1bado (14) foi de festa para o torcedor do Flamengo. Al\u00e9m de aproximar o Rubro-Negro do l\u00edder S\u00e3o Paulo, a vit\u00f3ria por 3 a 0 sobre o Botafogo, no Est\u00e1dio Nilton Santos, no Rio de Janeiro, mant\u00e9m o rival nas quatro \u00faltimas coloca\u00e7\u00f5es do Campeonato Brasileiro, a zona de rebaixamento (ou &#8220;Z-4&#8221;). [&hellip;]<\/p>\n","protected":false},"author":2,"featured_media":387118,"comment_status":"closed","ping_status":"closed","sticky":false,"template":"","format":"standard","meta":{"_acf_changed":false,"footnotes":""},"categories":[155],"tags":[],"class_list":["post-387117","post","type-post","status-publish","format-standard","has-post-thumbnail","hentry","category-leitura-vip"],"acf":[],"yoast_head":"<!-- This site is optimized with the Yoast SEO plugin v27.2 - https:\/\/yoast.com\/product\/yoast-seo-wordpress\/ -->\n<title>Flamengo vence e mant\u00e9m Botafogo na zona de rebaixamento - Notibras<\/title>\n<meta name=\"robots\" content=\"index, follow, max-snippet:-1, max-image-preview:large, max-video-preview:-1\" \/>\n<link rel=\"canonical\" href=\"https:\/\/www.notibras.com\/site\/flamengo-vence-e-mantem-botafogo-na-zona-de-rebaixamento\/\" \/>\n<meta property=\"og:locale\" content=\"pt_BR\" \/>\n<meta property=\"og:type\" content=\"article\" \/>\n<meta property=\"og:title\" content=\"Flamengo vence e mant\u00e9m Botafogo na zona de rebaixamento - Notibras\" \/>\n<meta property=\"og:description\" content=\"A noite de s\u00e1bado (14) foi de festa para o torcedor do Flamengo. Al\u00e9m de aproximar o Rubro-Negro do l\u00edder S\u00e3o Paulo, a vit\u00f3ria por 3 a 0 sobre o Botafogo, no Est\u00e1dio Nilton Santos, no Rio de Janeiro, mant\u00e9m o rival nas quatro \u00faltimas coloca\u00e7\u00f5es do Campeonato Brasileiro, a zona de rebaixamento (ou &#8220;Z-4&#8221;). [&hellip;]\" \/>\n<meta property=\"og:url\" content=\"https:\/\/www.notibras.com\/site\/flamengo-vence-e-mantem-botafogo-na-zona-de-rebaixamento\/\" \/>\n<meta property=\"og:site_name\" content=\"Notibras\" \/>\n<meta property=\"article:publisher\" content=\"https:\/\/www.facebook.com\/notibras\/\" \/>\n<meta property=\"article:published_time\" content=\"2026-03-15T03:00:19+00:00\" \/>\n<meta property=\"article:modified_time\" content=\"2026-03-15T15:37:05+00:00\" \/>\n<meta property=\"og:image\" content=\"https:\/\/www.notibras.com\/site\/wp-content\/uploads\/2026\/03\/55147929491_c8d2cb05b5_o.webp\" \/>\n\t<meta property=\"og:image:width\" content=\"1170\" \/>\n\t<meta property=\"og:image:height\" content=\"700\" \/>\n\t<meta property=\"og:image:type\" content=\"image\/webp\" \/>\n<meta name=\"author\" content=\"Reda\u00e7\u00e3o\" \/>\n<meta name=\"twitter:card\" content=\"summary_large_image\" \/>\n<meta name=\"twitter:creator\" content=\"@Notibras\" \/>\n<meta name=\"twitter:site\" content=\"@Notibras\" \/>\n<meta name=\"twitter:label1\" content=\"Escrito por\" \/>\n\t<meta name=\"twitter:data1\" content=\"Reda\u00e7\u00e3o\" \/>\n\t<meta name=\"twitter:label2\" content=\"Est. tempo de leitura\" \/>\n\t<meta name=\"twitter:data2\" content=\"4 minutos\" \/>\n<script type=\"application\/ld+json\" class=\"yoast-schema-graph\">{\"@context\":\"https:\/\/schema.org\",\"@graph\":[{\"@type\":\"Article\",\"@id\":\"https:\/\/www.notibras.com\/site\/flamengo-vence-e-mantem-botafogo-na-zona-de-rebaixamento\/#article\",\"isPartOf\":{\"@id\":\"https:\/\/www.notibras.com\/site\/flamengo-vence-e-mantem-botafogo-na-zona-de-rebaixamento\/\"},\"author\":{\"name\":\"Reda\u00e7\u00e3o\",\"@id\":\"https:\/\/www.notibras.com\/site\/#\/schema\/person\/36ab0979449956132d3e5b517ea76ac8\"},\"headline\":\"Flamengo vence e mant\u00e9m Botafogo na zona de rebaixamento\",\"datePublished\":\"2026-03-15T03:00:19+00:00\",\"dateModified\":\"2026-03-15T15:37:05+00:00\",\"mainEntityOfPage\":{\"@id\":\"https:\/\/www.notibras.com\/site\/flamengo-vence-e-mantem-botafogo-na-zona-de-rebaixamento\/\"},\"wordCount\":569,\"publisher\":{\"@id\":\"https:\/\/www.notibras.com\/site\/#organization\"},\"image\":{\"@id\":\"https:\/\/www.notibras.com\/site\/flamengo-vence-e-mantem-botafogo-na-zona-de-rebaixamento\/#primaryimage\"},\"thumbnailUrl\":\"https:\/\/www.notibras.com\/site\/wp-content\/uploads\/2026\/03\/55147929491_c8d2cb05b5_o.webp\",\"articleSection\":[\"Leitura Vip\"],\"inLanguage\":\"pt-BR\"},{\"@type\":\"WebPage\",\"@id\":\"https:\/\/www.notibras.com\/site\/flamengo-vence-e-mantem-botafogo-na-zona-de-rebaixamento\/\",\"url\":\"https:\/\/www.notibras.com\/site\/flamengo-vence-e-mantem-botafogo-na-zona-de-rebaixamento\/\",\"name\":\"Flamengo vence e mant\u00e9m Botafogo na zona de rebaixamento - Notibras\",\"isPartOf\":{\"@id\":\"https:\/\/www.notibras.com\/site\/#website\"},\"primaryImageOfPage\":{\"@id\":\"https:\/\/www.notibras.com\/site\/flamengo-vence-e-mantem-botafogo-na-zona-de-rebaixamento\/#primaryimage\"},\"image\":{\"@id\":\"https:\/\/www.notibras.com\/site\/flamengo-vence-e-mantem-botafogo-na-zona-de-rebaixamento\/#primaryimage\"},\"thumbnailUrl\":\"https:\/\/www.notibras.com\/site\/wp-content\/uploads\/2026\/03\/55147929491_c8d2cb05b5_o.webp\",\"datePublished\":\"2026-03-15T03:00:19+00:00\",\"dateModified\":\"2026-03-15T15:37:05+00:00\",\"breadcrumb\":{\"@id\":\"https:\/\/www.notibras.com\/site\/flamengo-vence-e-mantem-botafogo-na-zona-de-rebaixamento\/#breadcrumb\"},\"inLanguage\":\"pt-BR\",\"potentialAction\":[{\"@type\":\"ReadAction\",\"target\":[\"https:\/\/www.notibras.com\/site\/flamengo-vence-e-mantem-botafogo-na-zona-de-rebaixamento\/\"]}]},{\"@type\":\"ImageObject\",\"inLanguage\":\"pt-BR\",\"@id\":\"https:\/\/www.notibras.com\/site\/flamengo-vence-e-mantem-botafogo-na-zona-de-rebaixamento\/#primaryimage\",\"url\":\"https:\/\/www.notibras.com\/site\/wp-content\/uploads\/2026\/03\/55147929491_c8d2cb05b5_o.webp\",\"contentUrl\":\"https:\/\/www.notibras.com\/site\/wp-content\/uploads\/2026\/03\/55147929491_c8d2cb05b5_o.webp\",\"width\":1170,\"height\":700},{\"@type\":\"BreadcrumbList\",\"@id\":\"https:\/\/www.notibras.com\/site\/flamengo-vence-e-mantem-botafogo-na-zona-de-rebaixamento\/#breadcrumb\",\"itemListElement\":[{\"@type\":\"ListItem\",\"position\":1,\"name\":\"In\u00edcio\",\"item\":\"https:\/\/www.notibras.com\/site\/\"},{\"@type\":\"ListItem\",\"position\":2,\"name\":\"Flamengo vence e mant\u00e9m Botafogo na zona de rebaixamento\"}]},{\"@type\":\"WebSite\",\"@id\":\"https:\/\/www.notibras.com\/site\/#website\",\"url\":\"https:\/\/www.notibras.com\/site\/\",\"name\":\"Notibras\",\"description\":\"Not\u00edcias de Bras\u00edlia, do Brasil e do Mundo\",\"publisher\":{\"@id\":\"https:\/\/www.notibras.com\/site\/#organization\"},\"potentialAction\":[{\"@type\":\"SearchAction\",\"target\":{\"@type\":\"EntryPoint\",\"urlTemplate\":\"https:\/\/www.notibras.com\/site\/?s={search_term_string}\"},\"query-input\":{\"@type\":\"PropertyValueSpecification\",\"valueRequired\":true,\"valueName\":\"search_term_string\"}}],\"inLanguage\":\"pt-BR\"},{\"@type\":\"Organization\",\"@id\":\"https:\/\/www.notibras.com\/site\/#organization\",\"name\":\"Grupo Notibras de Comunica\u00e7\u00e3o\",\"url\":\"https:\/\/www.notibras.com\/site\/\",\"logo\":{\"@type\":\"ImageObject\",\"inLanguage\":\"pt-BR\",\"@id\":\"https:\/\/www.notibras.com\/site\/#\/schema\/logo\/image\/\",\"url\":\"https:\/\/www.notibras.com\/site\/wp-content\/uploads\/2023\/01\/notibras23.png\",\"contentUrl\":\"https:\/\/www.notibras.com\/site\/wp-content\/uploads\/2023\/01\/notibras23.png\",\"width\":350,\"height\":87,\"caption\":\"Grupo Notibras de Comunica\u00e7\u00e3o\"},\"image\":{\"@id\":\"https:\/\/www.notibras.com\/site\/#\/schema\/logo\/image\/\"},\"sameAs\":[\"https:\/\/www.facebook.com\/notibras\/\",\"https:\/\/x.com\/Notibras\",\"https:\/\/www.instagram.com\/notibras\/\"]},{\"@type\":\"Person\",\"@id\":\"https:\/\/www.notibras.com\/site\/#\/schema\/person\/36ab0979449956132d3e5b517ea76ac8\",\"name\":\"Reda\u00e7\u00e3o\",\"image\":{\"@type\":\"ImageObject\",\"inLanguage\":\"pt-BR\",\"@id\":\"https:\/\/secure.gravatar.com\/avatar\/e0a867bdedb85fd243eadf09663511f96fc81e0720a4a42581f334ad4303aa6b?s=96&d=mm&r=g\",\"url\":\"https:\/\/secure.gravatar.com\/avatar\/e0a867bdedb85fd243eadf09663511f96fc81e0720a4a42581f334ad4303aa6b?s=96&d=mm&r=g\",\"contentUrl\":\"https:\/\/secure.gravatar.com\/avatar\/e0a867bdedb85fd243eadf09663511f96fc81e0720a4a42581f334ad4303aa6b?s=96&d=mm&r=g\",\"caption\":\"Reda\u00e7\u00e3o\"}}]}<\/script>\n<!-- \/ Yoast SEO plugin. -->","yoast_head_json":{"title":"Flamengo vence e mant\u00e9m Botafogo na zona de rebaixamento - Notibras","robots":{"index":"index","follow":"follow","max-snippet":"max-snippet:-1","max-image-preview":"max-image-preview:large","max-video-preview":"max-video-preview:-1"},"canonical":"https:\/\/www.notibras.com\/site\/flamengo-vence-e-mantem-botafogo-na-zona-de-rebaixamento\/","og_locale":"pt_BR","og_type":"article","og_title":"Flamengo vence e mant\u00e9m Botafogo na zona de rebaixamento - Notibras","og_description":"A noite de s\u00e1bado (14) foi de festa para o torcedor do Flamengo. Al\u00e9m de aproximar o Rubro-Negro do l\u00edder S\u00e3o Paulo, a vit\u00f3ria por 3 a 0 sobre o Botafogo, no Est\u00e1dio Nilton Santos, no Rio de Janeiro, mant\u00e9m o rival nas quatro \u00faltimas coloca\u00e7\u00f5es do Campeonato Brasileiro, a zona de rebaixamento (ou &#8220;Z-4&#8221;). [&hellip;]","og_url":"https:\/\/www.notibras.com\/site\/flamengo-vence-e-mantem-botafogo-na-zona-de-rebaixamento\/","og_site_name":"Notibras","article_publisher":"https:\/\/www.facebook.com\/notibras\/","article_published_time":"2026-03-15T03:00:19+00:00","article_modified_time":"2026-03-15T15:37:05+00:00","og_image":[{"width":1170,"height":700,"url":"https:\/\/www.notibras.com\/site\/wp-content\/uploads\/2026\/03\/55147929491_c8d2cb05b5_o.webp","type":"image\/webp"}],"author":"Reda\u00e7\u00e3o","twitter_card":"summary_large_image","twitter_creator":"@Notibras","twitter_site":"@Notibras","twitter_misc":{"Escrito por":"Reda\u00e7\u00e3o","Est. tempo de leitura":"4 minutos"},"schema":{"@context":"https:\/\/schema.org","@graph":[{"@type":"Article","@id":"https:\/\/www.notibras.com\/site\/flamengo-vence-e-mantem-botafogo-na-zona-de-rebaixamento\/#article","isPartOf":{"@id":"https:\/\/www.notibras.com\/site\/flamengo-vence-e-mantem-botafogo-na-zona-de-rebaixamento\/"},"author":{"name":"Reda\u00e7\u00e3o","@id":"https:\/\/www.notibras.com\/site\/#\/schema\/person\/36ab0979449956132d3e5b517ea76ac8"},"headline":"Flamengo vence e mant\u00e9m Botafogo na zona de rebaixamento","datePublished":"2026-03-15T03:00:19+00:00","dateModified":"2026-03-15T15:37:05+00:00","mainEntityOfPage":{"@id":"https:\/\/www.notibras.com\/site\/flamengo-vence-e-mantem-botafogo-na-zona-de-rebaixamento\/"},"wordCount":569,"publisher":{"@id":"https:\/\/www.notibras.com\/site\/#organization"},"image":{"@id":"https:\/\/www.notibras.com\/site\/flamengo-vence-e-mantem-botafogo-na-zona-de-rebaixamento\/#primaryimage"},"thumbnailUrl":"https:\/\/www.notibras.com\/site\/wp-content\/uploads\/2026\/03\/55147929491_c8d2cb05b5_o.webp","articleSection":["Leitura Vip"],"inLanguage":"pt-BR"},{"@type":"WebPage","@id":"https:\/\/www.notibras.com\/site\/flamengo-vence-e-mantem-botafogo-na-zona-de-rebaixamento\/","url":"https:\/\/www.notibras.com\/site\/flamengo-vence-e-mantem-botafogo-na-zona-de-rebaixamento\/","name":"Flamengo vence e mant\u00e9m Botafogo na zona de rebaixamento - Notibras","isPartOf":{"@id":"https:\/\/www.notibras.com\/site\/#website"},"primaryImageOfPage":{"@id":"https:\/\/www.notibras.com\/site\/flamengo-vence-e-mantem-botafogo-na-zona-de-rebaixamento\/#primaryimage"},"image":{"@id":"https:\/\/www.notibras.com\/site\/flamengo-vence-e-mantem-botafogo-na-zona-de-rebaixamento\/#primaryimage"},"thumbnailUrl":"https:\/\/www.notibras.com\/site\/wp-content\/uploads\/2026\/03\/55147929491_c8d2cb05b5_o.webp","datePublished":"2026-03-15T03:00:19+00:00","dateModified":"2026-03-15T15:37:05+00:00","breadcrumb":{"@id":"https:\/\/www.notibras.com\/site\/flamengo-vence-e-mantem-botafogo-na-zona-de-rebaixamento\/#breadcrumb"},"inLanguage":"pt-BR","potentialAction":[{"@type":"ReadAction","target":["https:\/\/www.notibras.com\/site\/flamengo-vence-e-mantem-botafogo-na-zona-de-rebaixamento\/"]}]},{"@type":"ImageObject","inLanguage":"pt-BR","@id":"https:\/\/www.notibras.com\/site\/flamengo-vence-e-mantem-botafogo-na-zona-de-rebaixamento\/#primaryimage","url":"https:\/\/www.notibras.com\/site\/wp-content\/uploads\/2026\/03\/55147929491_c8d2cb05b5_o.webp","contentUrl":"https:\/\/www.notibras.com\/site\/wp-content\/uploads\/2026\/03\/55147929491_c8d2cb05b5_o.webp","width":1170,"height":700},{"@type":"BreadcrumbList","@id":"https:\/\/www.notibras.com\/site\/flamengo-vence-e-mantem-botafogo-na-zona-de-rebaixamento\/#breadcrumb","itemListElement":[{"@type":"ListItem","position":1,"name":"In\u00edcio","item":"https:\/\/www.notibras.com\/site\/"},{"@type":"ListItem","position":2,"name":"Flamengo vence e mant\u00e9m Botafogo na zona de rebaixamento"}]},{"@type":"WebSite","@id":"https:\/\/www.notibras.com\/site\/#website","url":"https:\/\/www.notibras.com\/site\/","name":"Notibras","description":"Not\u00edcias de Bras\u00edlia, do Brasil e do Mundo","publisher":{"@id":"https:\/\/www.notibras.com\/site\/#organization"},"potentialAction":[{"@type":"SearchAction","target":{"@type":"EntryPoint","urlTemplate":"https:\/\/www.notibras.com\/site\/?s={search_term_string}"},"query-input":{"@type":"PropertyValueSpecification","valueRequired":true,"valueName":"search_term_string"}}],"inLanguage":"pt-BR"},{"@type":"Organization","@id":"https:\/\/www.notibras.com\/site\/#organization","name":"Grupo Notibras de Comunica\u00e7\u00e3o","url":"https:\/\/www.notibras.com\/site\/","logo":{"@type":"ImageObject","inLanguage":"pt-BR","@id":"https:\/\/www.notibras.com\/site\/#\/schema\/logo\/image\/","url":"https:\/\/www.notibras.com\/site\/wp-content\/uploads\/2023\/01\/notibras23.png","contentUrl":"https:\/\/www.notibras.com\/site\/wp-content\/uploads\/2023\/01\/notibras23.png","width":350,"height":87,"caption":"Grupo Notibras de Comunica\u00e7\u00e3o"},"image":{"@id":"https:\/\/www.notibras.com\/site\/#\/schema\/logo\/image\/"},"sameAs":["https:\/\/www.facebook.com\/notibras\/","https:\/\/x.com\/Notibras","https:\/\/www.instagram.com\/notibras\/"]},{"@type":"Person","@id":"https:\/\/www.notibras.com\/site\/#\/schema\/person\/36ab0979449956132d3e5b517ea76ac8","name":"Reda\u00e7\u00e3o","image":{"@type":"ImageObject","inLanguage":"pt-BR","@id":"https:\/\/secure.gravatar.com\/avatar\/e0a867bdedb85fd243eadf09663511f96fc81e0720a4a42581f334ad4303aa6b?s=96&d=mm&r=g","url":"https:\/\/secure.gravatar.com\/avatar\/e0a867bdedb85fd243eadf09663511f96fc81e0720a4a42581f334ad4303aa6b?s=96&d=mm&r=g","contentUrl":"https:\/\/secure.gravatar.com\/avatar\/e0a867bdedb85fd243eadf09663511f96fc81e0720a4a42581f334ad4303aa6b?s=96&d=mm&r=g","caption":"Reda\u00e7\u00e3o"}}]}},"amp_enabled":true,"_links":{"self":[{"href":"https:\/\/www.notibras.com\/site\/wp-json\/wp\/v2\/posts\/387117","targetHints":{"allow":["GET"]}}],"collection":[{"href":"https:\/\/www.notibras.com\/site\/wp-json\/wp\/v2\/posts"}],"about":[{"href":"https:\/\/www.notibras.com\/site\/wp-json\/wp\/v2\/types\/post"}],"author":[{"embeddable":true,"href":"https:\/\/www.notibras.com\/site\/wp-json\/wp\/v2\/users\/2"}],"replies":[{"embeddable":true,"href":"https:\/\/www.notibras.com\/site\/wp-json\/wp\/v2\/comments?post=387117"}],"version-history":[{"count":1,"href":"https:\/\/www.notibras.com\/site\/wp-json\/wp\/v2\/posts\/387117\/revisions"}],"predecessor-version":[{"id":387119,"href":"https:\/\/www.notibras.com\/site\/wp-json\/wp\/v2\/posts\/387117\/revisions\/387119"}],"wp:featuredmedia":[{"embeddable":true,"href":"https:\/\/www.notibras.com\/site\/wp-json\/wp\/v2\/media\/387118"}],"wp:attachment":[{"href":"https:\/\/www.notibras.com\/site\/wp-json\/wp\/v2\/media?parent=387117"}],"wp:term":[{"taxonomy":"category","embeddable":true,"href":"https:\/\/www.notibras.com\/site\/wp-json\/wp\/v2\/categories?post=387117"},{"taxonomy":"post_tag","embeddable":true,"href":"https:\/\/www.notibras.com\/site\/wp-json\/wp\/v2\/tags?post=387117"}],"curies":[{"name":"wp","href":"https:\/\/api.w.org\/{rel}","templated":true}]}}