{"id":387179,"date":"2026-03-16T03:47:16","date_gmt":"2026-03-16T06:47:16","guid":{"rendered":"https:\/\/www.notibras.com\/site\/?p=387179"},"modified":"2026-03-16T03:49:01","modified_gmt":"2026-03-16T06:49:01","slug":"brasilia-busca-folego-com-delacao-de-vorcaro","status":"publish","type":"post","link":"https:\/\/www.notibras.com\/site\/brasilia-busca-folego-com-delacao-de-vorcaro\/","title":{"rendered":"Bras\u00edlia busca f\u00f4lego com dela\u00e7\u00e3o de Vorcaro"},"content":{"rendered":"<p>H\u00e1 um clima de terra arrasada em Bras\u00edlia, a capital onde h\u00e1 sil\u00eancios que fazem mais barulho do que discursos em plen\u00e1rio cheio. E poucas bocas mudas, neste in\u00edcio de semana, pesam tanto quanto a de Daniel Vorcaro. Tudo porque no subterr\u00e2neo refrigerado onde a Rep\u00fablica costuma guardar seus segredos mais caros, cresce a sensa\u00e7\u00e3o de que, se o banqueiro resolver abrir a boca, o eco n\u00e3o ficar\u00e1 restrito \u00e0s paredes do mercado financeiro. Pode subir escadas, atravessar gabinetes, alcan\u00e7ar os diferentes Plen\u00e1rios da Pra\u00e7a dos Tr\u00eas Poderes e entrar sem pedir licen\u00e7a em gabinetes do Pal\u00e1cio do Planalto, onde muitos j\u00e1 aprenderam a tratar esc\u00e2ndalos como simples ru\u00eddos administrativos, mas depois sentem o impacto da explos\u00e3o.<\/p>\n<p>Desde que a engrenagem judicial come\u00e7ou a apertar em torno do chamado Caso do Banco Master, a cidade passou a cultivar aquele velho h\u00e1bito nacional de falar baixo em restaurantes, desligar celulares em reuni\u00f5es e trocar nomes por apelidos. N\u00e3o \u00e9 mera prud\u00eancia institucional, mas porque a hip\u00f3tese de uma dela\u00e7\u00e3o premiada transformou o ambiente em terreno minado. H\u00e1 senadores, deputados, operadores, ministros, ex-ministros, empres\u00e1rios, conselheiros de ocasi\u00e3o e financistas veteranos olhando para o teto, como quem tenta convencer o pr\u00f3prio destino a esquecer compromissos antigos.<\/p>\n<p>O temor n\u00e3o nasce apenas do que j\u00e1 est\u00e1 formalmente sob investiga\u00e7\u00e3o, mas do que ainda pode emergir de novos vazamentos seletivos, uma modalidade brasileira de gotejamento pol\u00edtico em que cada revela\u00e7\u00e3o parece calculada para atingir algu\u00e9m, proteger outro e manter a m\u00e1quina da tens\u00e3o permanentemente ligada. Entre cochichos de bastidor, voltam a circular nomes que ningu\u00e9m pronuncia em voz plena sem antes olhar para os lados. A t\u00edtulo de exemplo, Joesley e Wesley Batista, JBS, PicPay, Andr\u00e9 Esteves e BTG Pactual.<\/p>\n<p>Na ala pol\u00edtica, a inquieta\u00e7\u00e3o atravessa o eixo tradicional do poder e encontra abrigo tamb\u00e9m na Bahia, onde pr\u00f3ceres do Partido dos Trabalhadores aparecem no radar dos coment\u00e1rios de corredor. S\u00e3o Rui Costa, Jaques Wagner e Jer\u00f4nimo Rodrigues. N\u00e3o por acusa\u00e7\u00e3o formal consolidada, mas porque a pol\u00edtica brasileira transformou proximidade institucional em mat\u00e9ria-prima de suspeitas antes mesmo que os fatos completem a travessia. Mas nunca \u00e9 demais lembrar que onde h\u00e1 fuma\u00e7a, h\u00e1 fogo.<\/p>\n<p>No centro dessa n\u00e9voa reaparece tamb\u00e9m o nome de Augusto Lima, associado ao Credcesta, um mecanismo que, nos bastidores, ganhou contornos de personagem de romance policial tropical fantasiado de cr\u00e9dito popular, com engenharia financeira sofisticada e uma rede de padrinhos suficientemente robusta para que ningu\u00e9m trate o assunto com ingenuidade. Saliente-se que quando um produto financeiro cresce depressa demais, em Bras\u00edlia logo surgem perguntas sobre quem empurrou a engrenagem, quem assinou distraidamente e quem agora prefere jurar que jamais viu a m\u00e1quina funcionando.<\/p>\n<p>O problema \u00e9 que dela\u00e7\u00f5es t\u00eam l\u00f3gica pr\u00f3pria, uma vez que come\u00e7am prometendo pouco, depois descobrem utilidade p\u00fablica e terminam produzindo terremotos institucionais. \u00c9 por isso que tanta gente corre para colocar panos quentes antes mesmo de o fogo aparecer. Mesmo porque, \u00e9 sabido que muitos inc\u00eandios que come\u00e7am no cofre passam pelo Legislativo, Executivo e Judici\u00e1rio, atravessam bancos, ro\u00e7am partidos de centro, de direita e de esquerda, e s\u00f3 terminam quando algu\u00e9m suficientemente amea\u00e7ado decide salvar a pr\u00f3pria pele.<\/p>\n<p>Nas pr\u00f3ximas 72 horas, quem mais teme o barulho n\u00e3o \u00e9 necessariamente quem aparece primeiro nas manchetes, mas justamente aqueles que aprenderam a sobreviver longe dos refletores. S\u00e3o os operadores de confian\u00e7a, intermedi\u00e1rios discretos, financistas de gabinete e pol\u00edticos acostumados a atravessar crises pela porta lateral. Porque, se novos vazamentos seletivos vierem \u00e0 tona, o abalo pode atingir simultaneamente tr\u00eas andares da Rep\u00fablica: 1) o mercado, onde grupos financeiros disputam influ\u00eancia e prote\u00e7\u00e3o; 2) o Congresso, onde parlamentares de diferentes ideologias conhecem bem o peso de determinadas rela\u00e7\u00f5es; 3) e, o Executivo, onde qualquer sombra sobre nomes ligados ao n\u00facleo do poder produziria ru\u00eddo imediato em um momento em que o governo tenta vender estabilidade.<\/p>\n<p>Se Daniel Vorcaro realmente falar, n\u00e3o ser\u00e1 apenas um banqueiro tentando reduzir danos. Ser\u00e1 mais um cap\u00edtulo da velha liturgia nacional em que homens do dinheiro, quando emparedados, lembram subitamente que nunca estiveram sozinhos. N\u00e3o \u00e9 a primeira vez que em Bras\u00edlia, quando um banqueiro amea\u00e7a falar, n\u00e3o faz tremer apenas cofres. Ao contr\u00e1rio. Quando n\u00e3o queimam por completo, chamuscam biografias cuidadosamente maquiadas, alian\u00e7as montadas na penumbra e patriotismos de ocasi\u00e3o, desses que discursam em nome da Rep\u00fablica durante o dia, mas \u00e0 noite telefonam aflitos para saber se o pr\u00f3prio nome j\u00e1 apareceu na pr\u00f3xima p\u00e1gina do inqu\u00e9rito.<\/p>\n<p>&#8230;&#8230;&#8230;&#8230;&#8230;&#8230;.<\/p>\n<p><strong>Jos\u00e9 Seabra \u00e9 CEO fundador de Notibras<\/strong><\/p>\n","protected":false},"excerpt":{"rendered":"<p>H\u00e1 um clima de terra arrasada em Bras\u00edlia, a capital onde h\u00e1 sil\u00eancios que fazem mais barulho do que discursos em plen\u00e1rio cheio. E poucas bocas mudas, neste in\u00edcio de semana, pesam tanto quanto a de Daniel Vorcaro. Tudo porque no subterr\u00e2neo refrigerado onde a Rep\u00fablica costuma guardar seus segredos mais caros, cresce a sensa\u00e7\u00e3o [&hellip;]<\/p>\n","protected":false},"author":2,"featured_media":387180,"comment_status":"closed","ping_status":"closed","sticky":false,"template":"","format":"standard","meta":{"_acf_changed":false,"footnotes":""},"categories":[16],"tags":[95],"class_list":["post-387179","post","type-post","status-publish","format-standard","has-post-thumbnail","hentry","category-brasil","tag-capa"],"acf":[],"_links":{"self":[{"href":"https:\/\/www.notibras.com\/site\/wp-json\/wp\/v2\/posts\/387179","targetHints":{"allow":["GET"]}}],"collection":[{"href":"https:\/\/www.notibras.com\/site\/wp-json\/wp\/v2\/posts"}],"about":[{"href":"https:\/\/www.notibras.com\/site\/wp-json\/wp\/v2\/types\/post"}],"author":[{"embeddable":true,"href":"https:\/\/www.notibras.com\/site\/wp-json\/wp\/v2\/users\/2"}],"replies":[{"embeddable":true,"href":"https:\/\/www.notibras.com\/site\/wp-json\/wp\/v2\/comments?post=387179"}],"version-history":[{"count":2,"href":"https:\/\/www.notibras.com\/site\/wp-json\/wp\/v2\/posts\/387179\/revisions"}],"predecessor-version":[{"id":387182,"href":"https:\/\/www.notibras.com\/site\/wp-json\/wp\/v2\/posts\/387179\/revisions\/387182"}],"wp:featuredmedia":[{"embeddable":true,"href":"https:\/\/www.notibras.com\/site\/wp-json\/wp\/v2\/media\/387180"}],"wp:attachment":[{"href":"https:\/\/www.notibras.com\/site\/wp-json\/wp\/v2\/media?parent=387179"}],"wp:term":[{"taxonomy":"category","embeddable":true,"href":"https:\/\/www.notibras.com\/site\/wp-json\/wp\/v2\/categories?post=387179"},{"taxonomy":"post_tag","embeddable":true,"href":"https:\/\/www.notibras.com\/site\/wp-json\/wp\/v2\/tags?post=387179"}],"curies":[{"name":"wp","href":"https:\/\/api.w.org\/{rel}","templated":true}]}}