{"id":387228,"date":"2026-03-16T00:22:30","date_gmt":"2026-03-16T03:22:30","guid":{"rendered":"https:\/\/www.notibras.com\/site\/?p=387228"},"modified":"2026-03-16T06:27:37","modified_gmt":"2026-03-16T09:27:37","slug":"dois-motociclistas-morrem-em-acidentes-em-rodovias","status":"publish","type":"post","link":"https:\/\/www.notibras.com\/site\/dois-motociclistas-morrem-em-acidentes-em-rodovias\/","title":{"rendered":"Dois motociclistas morrem em acidentes em rodovias"},"content":{"rendered":"<p>Dois motociclistas morreram em menos de 24h em rodovias de Sergipe entre o s\u00e1bado (14) e domingo (15). As informa\u00e7\u00f5es foram divulgadas pelo Batalh\u00e3o de Pol\u00edcia Rodovi\u00e1ria.<\/p>\n<p>Em Aracaju, na Rodovia SE-050, conhecida como Rodovia dos N\u00e1ufragos, um motociclista morreu ap\u00f3s bater de frente com um carro de passeio, do modelo Fiat\/Uno, onde havia duas pessoas.<\/p>\n<p>O motorista foi hospitalizado e o passageiro estava no local, onde informou que a moto teria invadido a pista contr\u00e1ria, causando o acidente.<\/p>\n<p>J\u00e1 na Rodovia SE-399, no Povoado Igrejinha, munic\u00edpio de Capela, duas pessoas estavam em uma moto que bateu em um \u00f4nibus. O condutor foi hospitalizado e o passageiro morreu ainda no local.<\/p>\n<p>O motorista do \u00f4nibus realizou teste do baf\u00f4metro que n\u00e3o apresentou ind\u00edcios de ingest\u00e3o de \u00e1lcool. N\u00e3o h\u00e1 mais informa\u00e7\u00f5es sobre a din\u00e2mica do acidente.<\/p>\n","protected":false},"excerpt":{"rendered":"<p>Dois motociclistas morreram em menos de 24h em rodovias de Sergipe entre o s\u00e1bado (14) e domingo (15). As informa\u00e7\u00f5es foram divulgadas pelo Batalh\u00e3o de Pol\u00edcia Rodovi\u00e1ria. Em Aracaju, na Rodovia SE-050, conhecida como Rodovia dos N\u00e1ufragos, um motociclista morreu ap\u00f3s bater de frente com um carro de passeio, do modelo Fiat\/Uno, onde havia duas [&hellip;]<\/p>\n","protected":false},"author":2,"featured_media":387229,"comment_status":"closed","ping_status":"closed","sticky":false,"template":"","format":"standard","meta":{"_acf_changed":false,"footnotes":""},"categories":[165],"tags":[],"class_list":["post-387228","post","type-post","status-publish","format-standard","has-post-thumbnail","hentry","category-nordeste"],"acf":[],"_links":{"self":[{"href":"https:\/\/www.notibras.com\/site\/wp-json\/wp\/v2\/posts\/387228","targetHints":{"allow":["GET"]}}],"collection":[{"href":"https:\/\/www.notibras.com\/site\/wp-json\/wp\/v2\/posts"}],"about":[{"href":"https:\/\/www.notibras.com\/site\/wp-json\/wp\/v2\/types\/post"}],"author":[{"embeddable":true,"href":"https:\/\/www.notibras.com\/site\/wp-json\/wp\/v2\/users\/2"}],"replies":[{"embeddable":true,"href":"https:\/\/www.notibras.com\/site\/wp-json\/wp\/v2\/comments?post=387228"}],"version-history":[{"count":3,"href":"https:\/\/www.notibras.com\/site\/wp-json\/wp\/v2\/posts\/387228\/revisions"}],"predecessor-version":[{"id":387232,"href":"https:\/\/www.notibras.com\/site\/wp-json\/wp\/v2\/posts\/387228\/revisions\/387232"}],"wp:featuredmedia":[{"embeddable":true,"href":"https:\/\/www.notibras.com\/site\/wp-json\/wp\/v2\/media\/387229"}],"wp:attachment":[{"href":"https:\/\/www.notibras.com\/site\/wp-json\/wp\/v2\/media?parent=387228"}],"wp:term":[{"taxonomy":"category","embeddable":true,"href":"https:\/\/www.notibras.com\/site\/wp-json\/wp\/v2\/categories?post=387228"},{"taxonomy":"post_tag","embeddable":true,"href":"https:\/\/www.notibras.com\/site\/wp-json\/wp\/v2\/tags?post=387228"}],"curies":[{"name":"wp","href":"https:\/\/api.w.org\/{rel}","templated":true}]}}