{"id":387233,"date":"2026-03-16T00:00:58","date_gmt":"2026-03-16T03:00:58","guid":{"rendered":"https:\/\/www.notibras.com\/site\/?p=387233"},"modified":"2026-03-16T06:33:15","modified_gmt":"2026-03-16T09:33:15","slug":"vigilancia-apreende-13-tonelada-de-alimentos-improprios-para-consumo","status":"publish","type":"post","link":"https:\/\/www.notibras.com\/site\/vigilancia-apreende-13-tonelada-de-alimentos-improprios-para-consumo\/","title":{"rendered":"Vigil\u00e2ncia apreende 1,3 tonelada de alimentos impr\u00f3prios para consumo"},"content":{"rendered":"<p>A Vigil\u00e2ncia Sanit\u00e1ria de Macei\u00f3 apreendeu cerca de 1,3 tonelada de alimentos impr\u00f3prios para consumo durante uma fiscaliza\u00e7\u00e3o realizada em um supermercado no bairro do Clima Bom.<\/p>\n<p>Segundo Airton Santos, da Vigil\u00e2ncia Sanit\u00e1ria, os fiscais encontraram uma grande quantidade de produtos com prazo de validade vencido, armazenados de forma irregular ou j\u00e1 estragados.<\/p>\n<p>Entre os itens apreendidos estavam salsicha, atum, carne bovina, peito de frango e lasanha. De acordo com a Vigil\u00e2ncia Sanit\u00e1ria, todos os produtos recolhidos foram descartados no aterro sanit\u00e1rio de Macei\u00f3.<\/p>\n<p>O supermercado foi autuado e deve responder a um processo administrativo. A penalidade pode variar de R$ 180 a R$ 38 mil, especialmente em casos de reincid\u00eancia, como ocorreu com o estabelecimento fiscalizado.<\/p>\n","protected":false},"excerpt":{"rendered":"<p>A Vigil\u00e2ncia Sanit\u00e1ria de Macei\u00f3 apreendeu cerca de 1,3 tonelada de alimentos impr\u00f3prios para consumo durante uma fiscaliza\u00e7\u00e3o realizada em um supermercado no bairro do Clima Bom. Segundo Airton Santos, da Vigil\u00e2ncia Sanit\u00e1ria, os fiscais encontraram uma grande quantidade de produtos com prazo de validade vencido, armazenados de forma irregular ou j\u00e1 estragados. Entre os [&hellip;]<\/p>\n","protected":false},"author":2,"featured_media":387234,"comment_status":"closed","ping_status":"closed","sticky":false,"template":"","format":"standard","meta":{"_acf_changed":false,"footnotes":""},"categories":[165],"tags":[],"class_list":["post-387233","post","type-post","status-publish","format-standard","has-post-thumbnail","hentry","category-nordeste"],"acf":[],"_links":{"self":[{"href":"https:\/\/www.notibras.com\/site\/wp-json\/wp\/v2\/posts\/387233","targetHints":{"allow":["GET"]}}],"collection":[{"href":"https:\/\/www.notibras.com\/site\/wp-json\/wp\/v2\/posts"}],"about":[{"href":"https:\/\/www.notibras.com\/site\/wp-json\/wp\/v2\/types\/post"}],"author":[{"embeddable":true,"href":"https:\/\/www.notibras.com\/site\/wp-json\/wp\/v2\/users\/2"}],"replies":[{"embeddable":true,"href":"https:\/\/www.notibras.com\/site\/wp-json\/wp\/v2\/comments?post=387233"}],"version-history":[{"count":1,"href":"https:\/\/www.notibras.com\/site\/wp-json\/wp\/v2\/posts\/387233\/revisions"}],"predecessor-version":[{"id":387235,"href":"https:\/\/www.notibras.com\/site\/wp-json\/wp\/v2\/posts\/387233\/revisions\/387235"}],"wp:featuredmedia":[{"embeddable":true,"href":"https:\/\/www.notibras.com\/site\/wp-json\/wp\/v2\/media\/387234"}],"wp:attachment":[{"href":"https:\/\/www.notibras.com\/site\/wp-json\/wp\/v2\/media?parent=387233"}],"wp:term":[{"taxonomy":"category","embeddable":true,"href":"https:\/\/www.notibras.com\/site\/wp-json\/wp\/v2\/categories?post=387233"},{"taxonomy":"post_tag","embeddable":true,"href":"https:\/\/www.notibras.com\/site\/wp-json\/wp\/v2\/tags?post=387233"}],"curies":[{"name":"wp","href":"https:\/\/api.w.org\/{rel}","templated":true}]}}