{"id":387267,"date":"2026-03-16T12:43:22","date_gmt":"2026-03-16T15:43:22","guid":{"rendered":"https:\/\/www.notibras.com\/site\/?p=387267"},"modified":"2026-03-16T13:23:12","modified_gmt":"2026-03-16T16:23:12","slug":"relogio-eleitoral-comeca-a-acelerar","status":"publish","type":"post","link":"https:\/\/www.notibras.com\/site\/relogio-eleitoral-comeca-a-acelerar\/","title":{"rendered":"Rel\u00f3gio eleitoral come\u00e7a a acelerar"},"content":{"rendered":"<p>O calend\u00e1rio pol\u00edtico brasileiro tem alguns momentos silenciosos em que a engrenagem come\u00e7a a girar antes que todos percebam. Um deles est\u00e1 acontecendo agora. O prazo de desincompatibiliza\u00e7\u00e3o para quem pretende disputar a Presid\u00eancia da Rep\u00fablica termina em 4 de abril. Faltam pouco mais de duas semanas.<\/p>\n<p>Isso n\u00e3o significa que os partidos precisar\u00e3o anunciar seus candidatos at\u00e9 l\u00e1. Mas significa que qualquer dirigente com ambi\u00e7\u00e3o nacional ter\u00e1 de come\u00e7ar a tomar decis\u00f5es reais sobre perman\u00eancia ou sa\u00edda de cargos. E \u00e9 exatamente esse tipo de movimento que come\u00e7a a aparecer nas an\u00e1lises pol\u00edticas desta segunda-feira.<\/p>\n<p>O PSD est\u00e1 no centro dessa equa\u00e7\u00e3o. Gilberto Kassab vem afirmando publicamente que o partido ter\u00e1 candidato pr\u00f3prio \u00e0 Presid\u00eancia da Rep\u00fablica e que a defini\u00e7\u00e3o dever\u00e1 ocorrer at\u00e9 o final de mar\u00e7o. A declara\u00e7\u00e3o n\u00e3o \u00e9 trivial. O PSD \u00e9 hoje um dos partidos mais bem posicionados no sistema pol\u00edtico brasileiro, com governadores, bancadas relevantes no Congresso e forte presen\u00e7a regional.<\/p>\n<p>\u00c9 nesse cen\u00e1rio que o nome do governador do Paran\u00e1, Ratinho Junior, ganhou protagonismo nas leituras pol\u00edticas publicadas hoje. A proximidade do prazo eleitoral deslocou o debate do campo das hip\u00f3teses para o terreno das decis\u00f5es. O PSD precisa definir se entrar\u00e1 na disputa presidencial com candidatura pr\u00f3pria e, em caso afirmativo, quem representar\u00e1 esse projeto.<\/p>\n<p>Esse movimento come\u00e7a a reorganizar o tabuleiro. Quando um partido com o peso do PSD sinaliza candidatura presidencial, ele n\u00e3o apenas apresenta um nome. Ele abre espa\u00e7o para realinhamentos pol\u00edticos, negocia\u00e7\u00f5es regionais e reposicionamento de outras for\u00e7as partid\u00e1rias.<\/p>\n<p>Enquanto isso, o Supremo Tribunal Federal inicia a semana novamente sob forte observa\u00e7\u00e3o pol\u00edtica. A forma\u00e7\u00e3o de maioria na 2\u00aa Turma para manter preso o banqueiro Daniel Vorcaro, no processo que envolve o Banco Master, encerra um cap\u00edtulo judicial, mas n\u00e3o esgota o impacto institucional do caso. O epis\u00f3dio continua sendo debatido nos bastidores do Congresso e do mercado financeiro.<\/p>\n<p>A repercuss\u00e3o do caso tende a atravessar a semana. Parlamentares passaram a discutir novos requerimentos de informa\u00e7\u00e3o e iniciativas de fiscaliza\u00e7\u00e3o envolvendo epis\u00f3dios ligados ao sistema financeiro e \u00e0s rela\u00e7\u00f5es reveladas ao longo da investiga\u00e7\u00e3o.<\/p>\n<p>A temperatura pol\u00edtica tamb\u00e9m aumentou com a interna\u00e7\u00e3o de Jair Bolsonaro, que recolocou o ex-presidente no centro do notici\u00e1rio e reativou a mobiliza\u00e7\u00e3o de aliados em torno da pris\u00e3o domiciliar. O tema voltou a circular nas colunas pol\u00edticas e tende a permanecer presente nos pr\u00f3ximos dias.<\/p>\n<p>No plano internacional, outro fator come\u00e7a a pressionar a agenda econ\u00f4mica global. A escalada das tens\u00f5es envolvendo Ir\u00e3, Estados Unidos e aliados no Golfo mant\u00e9m o pre\u00e7o do petr\u00f3leo em patamar elevado e reacende o temor de instabilidade energ\u00e9tica. Se essa press\u00e3o persistir, seus efeitos podem chegar rapidamente \u00e0 infla\u00e7\u00e3o e aos combust\u00edveis no Brasil.<\/p>\n<p>O in\u00edcio desta semana revela, portanto, um cen\u00e1rio em que diferentes movimentos come\u00e7am a ganhar velocidade ao mesmo tempo: o PSD se aproxima de uma decis\u00e3o presidencial relevante, o Supremo permanece sob escrut\u00ednio pol\u00edtico, a oposi\u00e7\u00e3o volta a mobilizar o tema Bolsonaro e o ambiente internacional adiciona incerteza \u00e0 economia.<\/p>\n<p>Nenhum desses fatores isoladamente define o rumo dos pr\u00f3ximos dias. Mas juntos eles indicam algo que a pol\u00edtica brasileira conhece bem: quando o calend\u00e1rio eleitoral come\u00e7a a apertar, o sistema pol\u00edtico entra em movimento.<\/p>\n<p>&#8230;&#8230;.<\/p>\n<p>Texto publicado originalmente no site <a href=\"http:\/\/hojepr.com\">hojepr.com<\/a><\/p>\n","protected":false},"excerpt":{"rendered":"<p>O calend\u00e1rio pol\u00edtico brasileiro tem alguns momentos silenciosos em que a engrenagem come\u00e7a a girar antes que todos percebam. Um deles est\u00e1 acontecendo agora. O prazo de desincompatibiliza\u00e7\u00e3o para quem pretende disputar a Presid\u00eancia da Rep\u00fablica termina em 4 de abril. Faltam pouco mais de duas semanas. Isso n\u00e3o significa que os partidos precisar\u00e3o anunciar [&hellip;]<\/p>\n","protected":false},"author":2,"featured_media":387268,"comment_status":"closed","ping_status":"closed","sticky":false,"template":"","format":"standard","meta":{"_acf_changed":false,"footnotes":""},"categories":[16],"tags":[95],"class_list":["post-387267","post","type-post","status-publish","format-standard","has-post-thumbnail","hentry","category-brasil","tag-capa"],"acf":[],"_links":{"self":[{"href":"https:\/\/www.notibras.com\/site\/wp-json\/wp\/v2\/posts\/387267","targetHints":{"allow":["GET"]}}],"collection":[{"href":"https:\/\/www.notibras.com\/site\/wp-json\/wp\/v2\/posts"}],"about":[{"href":"https:\/\/www.notibras.com\/site\/wp-json\/wp\/v2\/types\/post"}],"author":[{"embeddable":true,"href":"https:\/\/www.notibras.com\/site\/wp-json\/wp\/v2\/users\/2"}],"replies":[{"embeddable":true,"href":"https:\/\/www.notibras.com\/site\/wp-json\/wp\/v2\/comments?post=387267"}],"version-history":[{"count":3,"href":"https:\/\/www.notibras.com\/site\/wp-json\/wp\/v2\/posts\/387267\/revisions"}],"predecessor-version":[{"id":387271,"href":"https:\/\/www.notibras.com\/site\/wp-json\/wp\/v2\/posts\/387267\/revisions\/387271"}],"wp:featuredmedia":[{"embeddable":true,"href":"https:\/\/www.notibras.com\/site\/wp-json\/wp\/v2\/media\/387268"}],"wp:attachment":[{"href":"https:\/\/www.notibras.com\/site\/wp-json\/wp\/v2\/media?parent=387267"}],"wp:term":[{"taxonomy":"category","embeddable":true,"href":"https:\/\/www.notibras.com\/site\/wp-json\/wp\/v2\/categories?post=387267"},{"taxonomy":"post_tag","embeddable":true,"href":"https:\/\/www.notibras.com\/site\/wp-json\/wp\/v2\/tags?post=387267"}],"curies":[{"name":"wp","href":"https:\/\/api.w.org\/{rel}","templated":true}]}}