{"id":387320,"date":"2026-03-17T03:06:04","date_gmt":"2026-03-17T06:06:04","guid":{"rendered":"https:\/\/www.notibras.com\/site\/?p=387320"},"modified":"2026-03-16T23:09:41","modified_gmt":"2026-03-17T02:09:41","slug":"trump-e-bibi-escondem-forca-do-ira-e-guerra-vira-versao-de-palavras","status":"publish","type":"post","link":"https:\/\/www.notibras.com\/site\/trump-e-bibi-escondem-forca-do-ira-e-guerra-vira-versao-de-palavras\/","title":{"rendered":"Trump e Bibi escondem for\u00e7a do Ir\u00e3 e guerra vira vers\u00e3o de palavras"},"content":{"rendered":"<p>H\u00e1 algo de profundamente revelador acontecendo no atual conflito entre Ir\u00e3, Estados Unidos e Israel. Enquanto os c\u00e9us do Oriente M\u00e9dio continuam riscados por m\u00edsseis, drones e explos\u00f5es, cresce em paralelo uma movimenta\u00e7\u00e3o silenciosa para controlar aquilo que o mundo pode ou n\u00e3o enxergar.<\/p>\n<p>N\u00e3o se trata apenas de uma guerra convencional. O que se v\u00ea e ouve \u00e9 uma guerra em que a informa\u00e7\u00e3o passou a valer quase tanto quanto o poder de fogo.<\/p>\n<p>Nos bastidores de Washington, relatos divulgados por ve\u00edculos como a CNN indicam press\u00e3o crescente sobre emissoras de r\u00e1dio e televis\u00e3o que v\u00eam apresentando um quadro menos alinhado ao discurso oficial sobre a ofensiva contra o Ir\u00e3. O inc\u00f4modo estaria justamente no fato de algumas coberturas exibirem, sem filtros, que Teer\u00e3 continua respondendo militarmente e mantendo capacidade operacional, apesar dos ataques coordenados por americanos e israelenses.<\/p>\n<p>Ao mesmo tempo, em diferentes capitais europeias, governos passaram a alertar cidad\u00e3os que vivem ou circulam pelo Oriente M\u00e9dio sobre os riscos de divulgar v\u00eddeos dos bombardeios iranianos ou das consequ\u00eancias imediatas dos ataques em solo regional. A recomenda\u00e7\u00e3o, em v\u00e1rios casos, j\u00e1 n\u00e3o soa apenas diplom\u00e1tica, uma vez que assume contornos de advert\u00eancia pol\u00edtica, como se registrar a guerra pudesse se tornar, em determinadas circunst\u00e2ncias, um ato inconveniente demais para tempos de tens\u00e3o estrat\u00e9gica.<\/p>\n<p>Enquanto isso, a O Regimento da Guarda Revolucion\u00e1ria Isl\u00e2mica, faz exatamente o oposto ao divulgar imagens, comunicados e demonstra\u00e7\u00f5es sucessivas de for\u00e7a. Nesta segunda-feira, 16, foi anunciada (e apresentada em v\u00eddeos) uma nova onda da chamada Opera\u00e7\u00e3o True Promise IV, afirmando ter atingido \u00e1reas de Tel Aviv, o Ben Gurion Airport, instala\u00e7\u00f5es ligadas \u00e0 ind\u00fastria aeroespacial israelense e estruturas de apoio militar associadas a opera\u00e7\u00f5es de reabastecimento a\u00e9reo. Teer\u00e3 tamb\u00e9m reivindicou ataques contra instala\u00e7\u00f5es americanas no Golfo, incluindo a base naval de Juffair, no Bahrain, e a base a\u00e9rea de Sheikh Isa.<\/p>\n<p>Segundo o comunicado iraniano, foram empregados m\u00edsseis hipers\u00f4nicos Fattah, al\u00e9m dos sistemas Emad e Ghadr \u2014 armamentos que Teer\u00e3 produziu em parceria com a R\u00fassia e exibe n\u00e3o apenas como ferramenta militar, mas como mensagem pol\u00edtica de que o pa\u00eds continua de p\u00e9, mesmo sob press\u00e3o m\u00e1xima.<\/p>\n<p>\u00c9 justamente a\u00ed que reside o ponto mais sens\u00edvel deste conflito. Se o Ir\u00e3 estivesse efetivamente neutralizado, como insiste em dizer Donald Trump, n\u00e3o haveria tamanho esfor\u00e7o internacional para modular a narrativa p\u00fablica da guerra.<\/p>\n<p>O mundo passa a assistir a um fen\u00f4meno conhecido em guerras prolongadas, o de quanto maior a dificuldade de produzir vit\u00f3ria r\u00e1pida no campo militar, maior a necessidade de administrar percep\u00e7\u00f5es. A guerra deixa de ser apenas territorial e se transforma numa disputa sobre quem controla a vers\u00e3o dos fatos.<\/p>\n<p>A diferen\u00e7a \u00e9 que, desta vez, as redes sociais tornaram imposs\u00edvel isolar completamente o campo de batalha. Um m\u00edssil lan\u00e7ado em segundos pode ser filmado, transmitido e analisado em escala planet\u00e1ria antes mesmo de qualquer nota oficial ser divulgada.<\/p>\n<p>Por isso, talvez a maior disputa neste momento n\u00e3o esteja apenas entre radares, interceptadores e arsenais estrat\u00e9gicos. Ela ocorre tamb\u00e9m entre governos que desejam reduzir danos pol\u00edticos internos e um fluxo global de imagens que insiste em mostrar que o conflito est\u00e1 longe de caber numa narrativa \u00fanica.<\/p>\n<p>No fim, toda guerra revela duas frentes: 1) a que explode diante das c\u00e2meras; 2) e, a que trabalha para decidir quais c\u00e2meras continuar\u00e3o ligadas. E, em certas horas, aquilo que se tenta esconder acaba dizendo mais do que aquilo que se anuncia.<\/p>\n<p>O que mais inquieta outras na\u00e7\u00f5es, por\u00e9m, talvez n\u00e3o sejam apenas os m\u00edsseis iranianos ou a resist\u00eancia militar de Teer\u00e3. O verdadeiro temor est\u00e1 no efeito domin\u00f3 de uma guerra prolongada, com petr\u00f3leo pressionado, mercados nervosos, infla\u00e7\u00e3o reacendida, rotas mar\u00edtimas amea\u00e7adas e governos ocidentais obrigados a administrar uma opini\u00e3o p\u00fablica cada vez menos disposta a aceitar novos custos geopol\u00edticos.<\/p>\n<p>Nos Estados Unidos, cada nova escalada toca diretamente o ambiente pol\u00edtico interno, porque nenhum governo atravessa um conflito prolongado sem pagar pre\u00e7o eleitoral. Na Uni\u00e3o Europeia, o receio \u00e9 de que a instabilidade do Oriente M\u00e9dio volte a produzir energia cara, inseguran\u00e7a migrat\u00f3ria e fissuras diplom\u00e1ticas entre aliados.<\/p>\n<p>No fundo, mais do que uma guerra entre Estados, come\u00e7a a surgir uma disputa silenciosa entre o tempo militar e a resist\u00eancia pol\u00edtica. Porque &#8211; e isso faz parte da hist\u00f3ria -, h\u00e1 combates que os arsenais sustentam, mas que as economias e os governos nem sempre conseguem suportar por muito tempo.<\/p>\n<p><strong>Veja os m\u00edsseis do Ir\u00e3 em a\u00e7\u00e3o<\/strong><\/p>\n<p>https:\/\/twitter.com\/i\/status\/2033479745233379366<\/p>\n","protected":false},"excerpt":{"rendered":"<p>H\u00e1 algo de profundamente revelador acontecendo no atual conflito entre Ir\u00e3, Estados Unidos e Israel. Enquanto os c\u00e9us do Oriente M\u00e9dio continuam riscados por m\u00edsseis, drones e explos\u00f5es, cresce em paralelo uma movimenta\u00e7\u00e3o silenciosa para controlar aquilo que o mundo pode ou n\u00e3o enxergar. N\u00e3o se trata apenas de uma guerra convencional. O que se [&hellip;]<\/p>\n","protected":false},"author":2,"featured_media":387321,"comment_status":"closed","ping_status":"closed","sticky":false,"template":"","format":"standard","meta":{"_acf_changed":false,"footnotes":""},"categories":[159],"tags":[95],"class_list":["post-387320","post","type-post","status-publish","format-standard","has-post-thumbnail","hentry","category-apocalipse","tag-capa"],"acf":[],"_links":{"self":[{"href":"https:\/\/www.notibras.com\/site\/wp-json\/wp\/v2\/posts\/387320","targetHints":{"allow":["GET"]}}],"collection":[{"href":"https:\/\/www.notibras.com\/site\/wp-json\/wp\/v2\/posts"}],"about":[{"href":"https:\/\/www.notibras.com\/site\/wp-json\/wp\/v2\/types\/post"}],"author":[{"embeddable":true,"href":"https:\/\/www.notibras.com\/site\/wp-json\/wp\/v2\/users\/2"}],"replies":[{"embeddable":true,"href":"https:\/\/www.notibras.com\/site\/wp-json\/wp\/v2\/comments?post=387320"}],"version-history":[{"count":2,"href":"https:\/\/www.notibras.com\/site\/wp-json\/wp\/v2\/posts\/387320\/revisions"}],"predecessor-version":[{"id":387323,"href":"https:\/\/www.notibras.com\/site\/wp-json\/wp\/v2\/posts\/387320\/revisions\/387323"}],"wp:featuredmedia":[{"embeddable":true,"href":"https:\/\/www.notibras.com\/site\/wp-json\/wp\/v2\/media\/387321"}],"wp:attachment":[{"href":"https:\/\/www.notibras.com\/site\/wp-json\/wp\/v2\/media?parent=387320"}],"wp:term":[{"taxonomy":"category","embeddable":true,"href":"https:\/\/www.notibras.com\/site\/wp-json\/wp\/v2\/categories?post=387320"},{"taxonomy":"post_tag","embeddable":true,"href":"https:\/\/www.notibras.com\/site\/wp-json\/wp\/v2\/tags?post=387320"}],"curies":[{"name":"wp","href":"https:\/\/api.w.org\/{rel}","templated":true}]}}