{"id":387341,"date":"2026-03-17T00:28:01","date_gmt":"2026-03-17T03:28:01","guid":{"rendered":"https:\/\/www.notibras.com\/site\/?p=387341"},"modified":"2026-03-17T05:31:38","modified_gmt":"2026-03-17T08:31:38","slug":"rodoviarios-acabam-greve-apos-quatro-dias","status":"publish","type":"post","link":"https:\/\/www.notibras.com\/site\/rodoviarios-acabam-greve-apos-quatro-dias\/","title":{"rendered":"Rodovi\u00e1rios acabam greve ap\u00f3s quatro dias"},"content":{"rendered":"<p>A greve de rodovi\u00e1rios em S\u00e3o Lu\u00eds chegou ao fim nesta segunda-feira (16) ap\u00f3s quatro dias de paralisa\u00e7\u00e3o. Uma audi\u00eancia extrajudicial, mediada pelo Minist\u00e9rio P\u00fablico do Maranh\u00e3o (MP-MA), por meio da 2\u00aa Promotoria de Justi\u00e7a de Defesa do Consumidor selou um acordo entre os trabalhadores e as empresas. Os rodovi\u00e1rios pediam o pagamento do reajuste nos sal\u00e1rios, obtido ap\u00f3s acordo com a Justi\u00e7a do Trabalho, na \u00faltima greve realizada em fevereiro deste ano.<\/p>\n<p>Com isso, o Sindicato dos Trabalhadores Rodovi\u00e1rios se comprometeu a normalizar o servi\u00e7o a partir da zero hora desta ter\u00e7a-feira (17). Al\u00e9m do sindicato dos rodovi\u00e1rios, participaram da audi\u00eancia o Sindicato das Empresas de Transporte de Passageiros de S\u00e3o Lu\u00eds (SET), a Procuradoria do Munic\u00edpio de S\u00e3o Lu\u00eds e Secretaria Municipal de Tr\u00e2nsito e Transportes (SMTT).<\/p>\n<p>Desde sexta-feira (13), as linhas urbanas de S\u00e3o Lu\u00eds est\u00e3o sem funcionar e apenas \u00f4nibus do sistema semiurbano circulam na capital a regi\u00e3o metropolitana.<\/p>\n<p><strong>Acordo<\/strong><br \/>\nDe acordo com o MP, a negocia\u00e7\u00e3o envolveu contrapartidas diretas entre as empresas de transporte, o sindicato dos rodovi\u00e1rios e a prefeitura para solucionar o impasse. Pelo acordo, as empresas assumiram pagar uma diferen\u00e7a salarial de 5,5% sobre os vencimentos referentes ao m\u00eas de fevereiro de 2026. O prazo limite para este pagamento \u00e9 o meio-dia desta ter\u00e7a-feira.<\/p>\n<p>Segundo os empres\u00e1rios, o subs\u00eddio pago pela prefeitura para cofinanciar o sistema de transporte coletivo n\u00e3o tem reajuste desde janeiro de 2024, mesmo com dois aumentos salariais e do custo dos servi\u00e7os.<\/p>\n<p>Eles argumentaram ainda que o acordo firmado na Justi\u00e7a do Trabalho, que resultou no reajuste salarial dos rodovi\u00e1rios, ocorreu sem a participa\u00e7\u00e3o da prefeitura.<\/p>\n<p>A prefeitura informou que vem cumprindo regularmente todas as suas obriga\u00e7\u00f5es financeiras com o sistema de transporte p\u00fablico, \u201ccom os repasses do subs\u00eddio \u00e0s empresas sendo realizados em dia, sem qualquer dedu\u00e7\u00e3o ou atraso.\u201d<\/p>\n<p>\u201cTamb\u00e9m foi definido que o SET [empresas de transporte] vai solicitar formalmente \u00e0 Prefeitura de S\u00e3o Lu\u00eds o pagamento de glosas do subs\u00eddio tarif\u00e1rio relativas aos meses de outubro, novembro e dezembro de 2025. O Munic\u00edpio analisar\u00e1 o pagamento administrativo desses valores com base em pareceres t\u00e9cnicos da SMTT\u201d, informou o MP.<\/p>\n<p>As glosas s\u00e3o valores que n\u00e3o foram pagos, pois a prefeitura entendeu que n\u00e3o s\u00e3o devidos, ou seja, a administra\u00e7\u00e3o municipal descontou o valor que os concession\u00e1rios do sistema de transporte teriam a receber por passageiro transportado.<\/p>\n<p>Uma nova reuni\u00e3o j\u00e1 est\u00e1 agendada para o dia 20 de mar\u00e7o, na sede da Promotoria de Justi\u00e7a. O objetivo ser\u00e1 avaliar a resposta do munic\u00edpio quanto ao pagamento dos subs\u00eddios e discutir temas correlatos ao sistema de transporte.<\/p>\n<p>Outro item que consta no acordo s\u00e3o os eventuais impasses sobre os dias parados e outras pend\u00eancias laborais n\u00e3o detalhadas que ser\u00e3o resolvidos judicialmente.<\/p>\n","protected":false},"excerpt":{"rendered":"<p>A greve de rodovi\u00e1rios em S\u00e3o Lu\u00eds chegou ao fim nesta segunda-feira (16) ap\u00f3s quatro dias de paralisa\u00e7\u00e3o. Uma audi\u00eancia extrajudicial, mediada pelo Minist\u00e9rio P\u00fablico do Maranh\u00e3o (MP-MA), por meio da 2\u00aa Promotoria de Justi\u00e7a de Defesa do Consumidor selou um acordo entre os trabalhadores e as empresas. Os rodovi\u00e1rios pediam o pagamento do reajuste [&hellip;]<\/p>\n","protected":false},"author":2,"featured_media":387342,"comment_status":"closed","ping_status":"closed","sticky":false,"template":"","format":"standard","meta":{"_acf_changed":false,"footnotes":""},"categories":[165],"tags":[],"class_list":["post-387341","post","type-post","status-publish","format-standard","has-post-thumbnail","hentry","category-nordeste"],"acf":[],"_links":{"self":[{"href":"https:\/\/www.notibras.com\/site\/wp-json\/wp\/v2\/posts\/387341","targetHints":{"allow":["GET"]}}],"collection":[{"href":"https:\/\/www.notibras.com\/site\/wp-json\/wp\/v2\/posts"}],"about":[{"href":"https:\/\/www.notibras.com\/site\/wp-json\/wp\/v2\/types\/post"}],"author":[{"embeddable":true,"href":"https:\/\/www.notibras.com\/site\/wp-json\/wp\/v2\/users\/2"}],"replies":[{"embeddable":true,"href":"https:\/\/www.notibras.com\/site\/wp-json\/wp\/v2\/comments?post=387341"}],"version-history":[{"count":1,"href":"https:\/\/www.notibras.com\/site\/wp-json\/wp\/v2\/posts\/387341\/revisions"}],"predecessor-version":[{"id":387343,"href":"https:\/\/www.notibras.com\/site\/wp-json\/wp\/v2\/posts\/387341\/revisions\/387343"}],"wp:featuredmedia":[{"embeddable":true,"href":"https:\/\/www.notibras.com\/site\/wp-json\/wp\/v2\/media\/387342"}],"wp:attachment":[{"href":"https:\/\/www.notibras.com\/site\/wp-json\/wp\/v2\/media?parent=387341"}],"wp:term":[{"taxonomy":"category","embeddable":true,"href":"https:\/\/www.notibras.com\/site\/wp-json\/wp\/v2\/categories?post=387341"},{"taxonomy":"post_tag","embeddable":true,"href":"https:\/\/www.notibras.com\/site\/wp-json\/wp\/v2\/tags?post=387341"}],"curies":[{"name":"wp","href":"https:\/\/api.w.org\/{rel}","templated":true}]}}