{"id":387388,"date":"2026-03-17T13:11:59","date_gmt":"2026-03-17T16:11:59","guid":{"rendered":"https:\/\/www.notibras.com\/site\/?p=387388"},"modified":"2026-03-17T14:14:57","modified_gmt":"2026-03-17T17:14:57","slug":"guerra-atravessa-mundo-e-bate-nas-portas-de-colombia-e-equador","status":"publish","type":"post","link":"https:\/\/www.notibras.com\/site\/guerra-atravessa-mundo-e-bate-nas-portas-de-colombia-e-equador\/","title":{"rendered":"Guerra atravessa mundo e bate nas portas de Col\u00f4mbia e Equador"},"content":{"rendered":"<p>Os atritos entre os governos da Col\u00f4mbia e do Equador voltaram a escalar ap\u00f3s o presidente da Col\u00f4mbia, Gustavo Petro sugerir que o pa\u00eds vizinho teria jogado bombas dentro do territ\u00f3rio colombiano. Petro ponderou que \u00e9 preciso ainda confirmar se o artefato foi lan\u00e7ado pelas for\u00e7as de seguran\u00e7a do Equador.<\/p>\n<p>\u201cApareceram bombas, atiradas de avi\u00e3o, se vai investigar bem, muito na fronteira com Equador, ratificando um pouco minha suspeita. Tem que investigar bem. Est\u00e3o nos bombardeando a partir do Equador, e n\u00e3o s\u00e3o grupos armados. J\u00e1 houve muitas explos\u00f5es\u201d, afirmou Petro.<\/p>\n<p>O presidente colombiano acrescentou que \u201cexiste uma grava\u00e7\u00e3o\u201d sobre o epis\u00f3dio que ele defende que seja divulgada ao p\u00fablico, grava\u00e7\u00e3o que, segundo ele, \u201cse originou no Equador\u201d. Petro acrescentou que falou com o presidente dos Estados Unidos (EUA), Donald Trump, sobre o ocorrido.<\/p>\n<p>\u201cH\u00e1 algo estranho. Eu pedi a Trump que atue e chame o presidente do Equador, porque n\u00e3o queremos entrar em guerra\u201d, completou o chefe de Estado, durante reuni\u00e3o com ministros, em Bogot\u00e1. Petro destacou que &#8220;a soberania nacional deve ser respeitada&#8221;. Equador nega<\/p>\n<p>Por meio de uma rede social, o presidente do Equador, Daniel Noboa, negou nesta ter\u00e7a-feira (17) que tenha realizado opera\u00e7\u00f5es no pa\u00eds vizinho.<\/p>\n<p>\u201cPresidente Petro, suas declara\u00e7\u00f5es s\u00e3o falsas; estamos agindo em nosso territ\u00f3rio, n\u00e3o no seu. N\u00e3o vamos recuar\u201d, disse Noboa, acusando a Col\u00f4mbia de dar espa\u00e7o a fam\u00edlia de Fito, l\u00edder de organiza\u00e7\u00e3o do narcotr\u00e1fico no Equador.<\/p>\n<p>\u201cHoje, em coopera\u00e7\u00e3o internacional, continuamos esta luta, bombardeando os locais que serviram de esconderijo para esses grupos, em sua maioria colombianos que o seu pr\u00f3prio governo permitiu infiltrar em nosso pa\u00eds devido \u00e0 neglig\u00eancia em suas fronteiras\u201d, completou o presidente Noboa, em Quito.<\/p>\n<p><strong>Rela\u00e7\u00f5es deterioradas<\/strong><br \/>\nO epis\u00f3dio amplia a deteriora\u00e7\u00e3o das rela\u00e7\u00f5es entre os dois governos sul-americanos que vem se agravando, em especial, depois que Quito elevou as tarifas de importa\u00e7\u00e3o dos produtos colombianos em 30% no in\u00edcio de fevereiro.<\/p>\n<p>Noboa chamou a medida de \u201ctaxa de seguran\u00e7a\u201d ap\u00f3s reclama\u00e7\u00f5es sobre a falta de efic\u00e1cia da Col\u00f4mbia no combate ao crime na fronteira entre os dois pa\u00edses. A Col\u00f4mbia, em resposta, suspendeu a venda de energia el\u00e9trica ao Equador e imp\u00f4s uma tarifa de 30% sobre 70 produtos vindos do pa\u00eds andino.<\/p>\n<p><strong>Equador estreita la\u00e7os com EUA<\/strong><br \/>\nO Equador tem firmado acordos de coopera\u00e7\u00e3o com os Estados Unidos (EUA) sob a justificativa de combate ao narcotr\u00e1fico, que foi classificado pelo governo equatoriano de \u201corganiza\u00e7\u00f5es terroristas\u201d, igualando \u00e0 pol\u00edtica do governo Trump sobre o tema.<\/p>\n<p>O governo de Daniel Noboa chegou a consultar a popula\u00e7\u00e3o para autorizar a abertura de uma base militar estrangeira no pa\u00eds, mas a medida acabou rejeitada por 60% dos votos.<\/p>\n<p>Na semana passada, o Equador abriu, em Quito, a primeira sede oficial do FBI, o servi\u00e7o de intelig\u00eancia dos EUA. Al\u00e9m disso, tem firmado acordos com Washington para opera\u00e7\u00f5es conjuntas dentro do Equador, editando seguidos decretos de estados de emerg\u00eancia e toques de recolher.<\/p>\n<p>Tamb\u00e9m na semana passada, a Justi\u00e7a Eleitoral do Equador suspendeu, por nove meses, o registro do principal partido de oposi\u00e7\u00e3o do Equador, o Revolu\u00e7\u00e3o Cidad\u00e3, do ex-presidente Rafael Corr\u00eaa, o que deve prejudicar a participa\u00e7\u00e3o da legenda nas elei\u00e7\u00f5es locais de 2027.<\/p>\n<p>O Tribunal eleitoral suspendeu o registro do partido do Corr\u00eaa em meio a uma investiga\u00e7\u00e3o sobre lavagem de dinheiro. A candidata derrotada por Noboa em 2025, Luisa Gonz\u00e1lez, do Revolu\u00e7\u00e3o Cidad\u00e3, vem sendo investigada por supostamente receber recursos da Venezuela. Gonz\u00e1lez nega as acusa\u00e7\u00f5es e afirma ser v\u00edtima de persegui\u00e7\u00e3o pol\u00edtica.<\/p>\n<p><strong>EUA na Am\u00e9rica Latina<\/strong><br \/>\nNas \u00faltimas semanas, o governo dos EUA vem estreitando rela\u00e7\u00f5es militares com diversos pa\u00edses da Am\u00e9rica Latina sob o argumento duplo de combater os cart\u00e9is de drogas na regi\u00e3o e afastar a influ\u00eancia econ\u00f4mica de atores externos, como China e R\u00fassia, advers\u00e1rios comerciais dos EUA.<\/p>\n<p>As medidas expressam a pol\u00edtica da Casa Branca do Corol\u00e1rio Trump \u00e0 Doutrina Monroe. Inclu\u00edda na Estrat\u00e9gia de Seguran\u00e7a Nacional, anunciada em dezembro pelos Estados Unidos, a pol\u00edtica reafirma a doutrina criada em 1823 e prega a \u201cproemin\u00eancia\u201d de Washington sobre as Am\u00e9ricas.<\/p>\n<p>Ao lan\u00e7ar uma dessas iniciativas, o secret\u00e1rio de Defesa da Casa Branca, Pete Hegseth, chegou a amea\u00e7ar \u201cagir sozinho\u201d nos pa\u00edses latino-americanos \u201cse necess\u00e1rio\u201d, para supostamente combater cart\u00e9is, o que violaria a soberania nas na\u00e7\u00f5es da regi\u00e3o sob o pr\u00f3prio territ\u00f3rio.<\/p>\n","protected":false},"excerpt":{"rendered":"<p>Os atritos entre os governos da Col\u00f4mbia e do Equador voltaram a escalar ap\u00f3s o presidente da Col\u00f4mbia, Gustavo Petro sugerir que o pa\u00eds vizinho teria jogado bombas dentro do territ\u00f3rio colombiano. Petro ponderou que \u00e9 preciso ainda confirmar se o artefato foi lan\u00e7ado pelas for\u00e7as de seguran\u00e7a do Equador. \u201cApareceram bombas, atiradas de avi\u00e3o, [&hellip;]<\/p>\n","protected":false},"author":2,"featured_media":387390,"comment_status":"closed","ping_status":"closed","sticky":false,"template":"","format":"standard","meta":{"_acf_changed":false,"footnotes":""},"categories":[159],"tags":[95],"class_list":["post-387388","post","type-post","status-publish","format-standard","has-post-thumbnail","hentry","category-apocalipse","tag-capa"],"acf":[],"_links":{"self":[{"href":"https:\/\/www.notibras.com\/site\/wp-json\/wp\/v2\/posts\/387388","targetHints":{"allow":["GET"]}}],"collection":[{"href":"https:\/\/www.notibras.com\/site\/wp-json\/wp\/v2\/posts"}],"about":[{"href":"https:\/\/www.notibras.com\/site\/wp-json\/wp\/v2\/types\/post"}],"author":[{"embeddable":true,"href":"https:\/\/www.notibras.com\/site\/wp-json\/wp\/v2\/users\/2"}],"replies":[{"embeddable":true,"href":"https:\/\/www.notibras.com\/site\/wp-json\/wp\/v2\/comments?post=387388"}],"version-history":[{"count":1,"href":"https:\/\/www.notibras.com\/site\/wp-json\/wp\/v2\/posts\/387388\/revisions"}],"predecessor-version":[{"id":387391,"href":"https:\/\/www.notibras.com\/site\/wp-json\/wp\/v2\/posts\/387388\/revisions\/387391"}],"wp:featuredmedia":[{"embeddable":true,"href":"https:\/\/www.notibras.com\/site\/wp-json\/wp\/v2\/media\/387390"}],"wp:attachment":[{"href":"https:\/\/www.notibras.com\/site\/wp-json\/wp\/v2\/media?parent=387388"}],"wp:term":[{"taxonomy":"category","embeddable":true,"href":"https:\/\/www.notibras.com\/site\/wp-json\/wp\/v2\/categories?post=387388"},{"taxonomy":"post_tag","embeddable":true,"href":"https:\/\/www.notibras.com\/site\/wp-json\/wp\/v2\/tags?post=387388"}],"curies":[{"name":"wp","href":"https:\/\/api.w.org\/{rel}","templated":true}]}}