{"id":387420,"date":"2026-03-17T18:36:25","date_gmt":"2026-03-17T21:36:25","guid":{"rendered":"https:\/\/www.notibras.com\/site\/?p=387420"},"modified":"2026-03-17T19:39:18","modified_gmt":"2026-03-17T22:39:18","slug":"depois-de-matar-ministro-da-defesa-israel-inicia-uma-cacada-a-mojtaba","status":"publish","type":"post","link":"https:\/\/www.notibras.com\/site\/depois-de-matar-ministro-da-defesa-israel-inicia-uma-cacada-a-mojtaba\/","title":{"rendered":"Depois de matar ministro da Defesa, Israel inicia uma ca\u00e7ada a Mojtaba"},"content":{"rendered":"<p>O ex\u00e9rcito israelense afirmou na ter\u00e7a-feira que est\u00e1 determinado a &#8220;rastrear, encontrar e neutralizar, com morte&#8221; o novo L\u00edder Supremo do Ir\u00e3, Mojtaba Khamenei, que n\u00e3o aparece em p\u00fablico desde sua nomea\u00e7\u00e3o, h\u00e1 mais de uma semana.<\/p>\n<p>&#8220;Mojtaba Khamenei (&#8230;) n\u00e3o o ouvimos, n\u00e3o o vemos, mas posso dizer uma coisa: continuaremos a perseguir qualquer pessoa que represente uma amea\u00e7a a Israel, n\u00e3o h\u00e1 impunidade para ele, vamos ca\u00e7\u00e1-lo, encontr\u00e1-lo e neutraliz\u00e1-lo&#8221;, disse a Brigadeiro-General Effie Defrin, porta-voz militar, em um pronunciamento televisionado.<\/p>\n<p>A manifesta\u00e7\u00e3o dos militares do Estado judeu veio horas ap\u00f3s a confirma\u00e7\u00e3o da morte de Ali Larijani, considerando o &#8216;c\u00e9rebro pensante&#8217; dos fundamentos militares iranianos. Sua \u00faltima apari\u00e7\u00e3o p\u00fablica foi na sexta-feira, 13, quando participou de uma passeata em Teer\u00e3.<\/p>\n<p>O assassinato de Larijano foi confirmado pelo Conselho Supremo de Seguran\u00e7a Nacional do Ir\u00e3 confirmou. &#8220;Era um pilar do nosso poder&#8221;, afirmaram as emissoras oficiais do pa\u00eds&#8221;.<\/p>\n<p>Ali Larijani &#8220;recebeu a doce gra\u00e7a do mart\u00edrio &#8220;, disse o Conselho em um comunicado, acrescentando que outro de seus funcion\u00e1rios, assim como o filho de Ali Larijani e v\u00e1rios guarda-costas, tamb\u00e9m foram mortos no ataque israelense.<\/p>\n","protected":false},"excerpt":{"rendered":"<p>O ex\u00e9rcito israelense afirmou na ter\u00e7a-feira que est\u00e1 determinado a &#8220;rastrear, encontrar e neutralizar, com morte&#8221; o novo L\u00edder Supremo do Ir\u00e3, Mojtaba Khamenei, que n\u00e3o aparece em p\u00fablico desde sua nomea\u00e7\u00e3o, h\u00e1 mais de uma semana. &#8220;Mojtaba Khamenei (&#8230;) n\u00e3o o ouvimos, n\u00e3o o vemos, mas posso dizer uma coisa: continuaremos a perseguir qualquer [&hellip;]<\/p>\n","protected":false},"author":2,"featured_media":387422,"comment_status":"closed","ping_status":"closed","sticky":false,"template":"","format":"standard","meta":{"_acf_changed":false,"footnotes":""},"categories":[159],"tags":[95],"class_list":["post-387420","post","type-post","status-publish","format-standard","has-post-thumbnail","hentry","category-apocalipse","tag-capa"],"acf":[],"_links":{"self":[{"href":"https:\/\/www.notibras.com\/site\/wp-json\/wp\/v2\/posts\/387420","targetHints":{"allow":["GET"]}}],"collection":[{"href":"https:\/\/www.notibras.com\/site\/wp-json\/wp\/v2\/posts"}],"about":[{"href":"https:\/\/www.notibras.com\/site\/wp-json\/wp\/v2\/types\/post"}],"author":[{"embeddable":true,"href":"https:\/\/www.notibras.com\/site\/wp-json\/wp\/v2\/users\/2"}],"replies":[{"embeddable":true,"href":"https:\/\/www.notibras.com\/site\/wp-json\/wp\/v2\/comments?post=387420"}],"version-history":[{"count":1,"href":"https:\/\/www.notibras.com\/site\/wp-json\/wp\/v2\/posts\/387420\/revisions"}],"predecessor-version":[{"id":387423,"href":"https:\/\/www.notibras.com\/site\/wp-json\/wp\/v2\/posts\/387420\/revisions\/387423"}],"wp:featuredmedia":[{"embeddable":true,"href":"https:\/\/www.notibras.com\/site\/wp-json\/wp\/v2\/media\/387422"}],"wp:attachment":[{"href":"https:\/\/www.notibras.com\/site\/wp-json\/wp\/v2\/media?parent=387420"}],"wp:term":[{"taxonomy":"category","embeddable":true,"href":"https:\/\/www.notibras.com\/site\/wp-json\/wp\/v2\/categories?post=387420"},{"taxonomy":"post_tag","embeddable":true,"href":"https:\/\/www.notibras.com\/site\/wp-json\/wp\/v2\/tags?post=387420"}],"curies":[{"name":"wp","href":"https:\/\/api.w.org\/{rel}","templated":true}]}}