{"id":38884,"date":"2015-03-05T00:00:33","date_gmt":"2015-03-05T03:00:33","guid":{"rendered":"http:\/\/www.notibras.com\/site\/?p=38884"},"modified":"2015-03-05T08:35:00","modified_gmt":"2015-03-05T11:35:00","slug":"racionamento-de-agua-incompetencia-e-o-arco-metropolitano","status":"publish","type":"post","link":"https:\/\/www.notibras.com\/site\/racionamento-de-agua-incompetencia-e-o-arco-metropolitano\/","title":{"rendered":"Racionamento, incompet\u00eancia e o Arco Metropolitano"},"content":{"rendered":"<p>O Brasil det\u00e9m, sozinho, 16% do total das reservas de \u00e1gua doce do planeta. Possui em seu territ\u00f3rio o maior rio e o segundo maior aqu\u00edfero subterr\u00e2neo do mundo. Al\u00e9m de apresentar \u00edndices recordes de chuva.Mesmo assim suas maiores cidades sofrem racionamento, pois o Brasil n\u00e3o usa nem 1% do seu potencial de \u00e1gua doce e as grandes metr\u00f3poles enfrentam colapso no abastecimento deste bem t\u00e3o precioso.<\/p>\n<p>A explica\u00e7\u00e3o \u00e9 uma s\u00f3: o mau gerenciamento dos recursos h\u00eddricos pelo poder p\u00fablico \u2013 em todas as esferas de atua\u00e7\u00e3o. N\u00e3o h\u00e1 prote\u00e7\u00e3o das nascentes, que sofrem com o desmatamento, e nem dos reservat\u00f3rios naturais. Os rios est\u00e3o degradados; os \u00edndices de perda de \u00e1gua nas empresas s\u00e3o assustadores;h\u00e1 um desperd\u00edcio muito grande por parte da popula\u00e7\u00e3o, e na agricultura, onde ocorre mais de 70% do consumo, ainda se utiliza tecnologias do s\u00e9culo passado \u2013 tudo contribui para o desperd\u00edcio de \u00e1gua e o consumo excessivo de energia.<\/p>\n<p>Obviamente a mercantiliza\u00e7\u00e3o da \u00e1gua tem provocado situa\u00e7\u00f5es surrealistas. As empresas de \u00e1gua v\u00e3o muito bem do ponto de vista financeiro, todavia a popula\u00e7\u00e3o acaba sofrendo as consequ\u00eancias de pol\u00edticas voltadas a satisfazer os interesses dos acionistas (geralmente minorit\u00e1rios nas companhias), \u00e1vidos por dividendos crescentes.<\/p>\n<p>Vejamos o caso da Compesa \u2013 Companhia Pernambucana de Saneamento \u2013 que se ocupa com acesso \u00e0 \u00e1gua e com o esgotamento sanit\u00e1rio em praticamente todos os munic\u00edpios do Estado de Pernambuco.<\/p>\n<p>Criada em 29 de julho de 1971, pela lei estadual n<sup>o<\/sup> 6307,\u00e9 uma empresa de economia mista de direito privado, vinculada ao Governo do Estado de Pernambuco por meio da Secretaria de Recursos H\u00eddricos e Energ\u00e9ticos. Tem como acionista majorit\u00e1rio o pr\u00f3prio Governo do Estado, que det\u00e9m pouco menos de 80% das a\u00e7\u00f5es da companhia.<\/p>\n<p>O desempenho financeiro da Compesa \u00e9 \u201ccantado em verso e prosa\u201d pelos seus gestores. Apresentando faturamento crescente nos \u00faltimos anos, hoje, mais de 1 bilh\u00e3o de reais anuais. Al\u00e9m de lucro l\u00edquido em torno de 100 milh\u00f5es de reais, praticamente quatro vezes os resultados obtidos em 2010.<\/p>\n<p>Mesmo com estes resultados financeiros, e os investimentos crescentes que passaram de R$ 35 milh\u00f5es em 2010 para R$ 735 milh\u00f5es em 2013, o n\u00edvel de atendimento a popula\u00e7\u00e3o \u00e9 sofr\u00edvel. H\u00e1 d\u00e9cadas, Recife e sua regi\u00e3o metropolitana sofrem com o desabastecimento\/racionamento de \u00e1gua,e com um saneamento deplor\u00e1vel, justificando os altos \u00edndices de doen\u00e7as em sua popula\u00e7\u00e3o, transmitidas em grande parte pela falta de esgotamento sanit\u00e1rio.<\/p>\n<p>Um exemplo da m\u00e1 gest\u00e3o diz respeito ao \u00edndice de perdas.Enquanto a m\u00e9dia nacional de desperd\u00edcio de \u00e1gua tratada, devido \u00e0s perdas por vazamento, \u00e9 de 35% (muito superior \u00e0 m\u00e9dia de pa\u00edses europeus e o Jap\u00e3o, que \u00e9 inferior a 5%), em Recife as perdas chegam a mais de 50%.<\/p>\n<p>Com a justificativa de aumentar a base de investimentos e de permitir maiores investimentos, tentativas de privatiza\u00e7\u00e3o pelos governos estaduais j\u00e1 ocorreram. Foram recha\u00e7adas pela popula\u00e7\u00e3o depois do exemplo desastroso ocorrido ap\u00f3s a privatiza\u00e7\u00e3o da Companhia Energ\u00e9tica de Pernambuco, a Celpe, em 2000.<\/p>\n<p>Iniciamos 2015, e mais uma vez os problemas de fornecimento de \u00e1gua em Pernambuco se tornam cr\u00edticos, como se j\u00e1 n\u00e3o fossem. A chamada crise h\u00eddrica atinge em cheio a capital pernambucana e sua regi\u00e3o metropolitana, sem obviamente levar em conta o problema cr\u00f4nico que convive os munic\u00edpios do agreste e do ser\u00e3o. Diante de reservat\u00f3rios com pouca armazenagem de \u00e1gua, o governo estadual finalmente acorda para o problema.<\/p>\n<blockquote><p>A primeira atitude dos gestores, diante da pr\u00f3pria incompet\u00eancia,foi culpar S\u00e3o Pedro pela escassez das chuvas. Como o Santo n\u00e3o pode se defender, fica f\u00e1cil esta transfer\u00eancia de responsabilidade. A segunda atitude, para mostrar servi\u00e7o, foi apontar solu\u00e7\u00f5es imediatistas, como a constru\u00e7\u00e3o de novas barragens e a transposi\u00e7\u00e3o de \u00e1guas, demonstrando sua incapacidade no planejamento de a\u00e7\u00f5es preventivas e mesmo corretivas, que com certeza minimizariam em muito os sacrif\u00edcios impostos \u00e0 popula\u00e7\u00e3o.<\/p><\/blockquote>\n<p>O que fica evidente com a trag\u00e9dia que se abate sobre mais de 110 munic\u00edpios pernambucanos (2\/3 do total), inclu\u00eddos os da regi\u00e3o metropolitana, tem origem no descaso e na falta de responsabilidade socioambiental daqueles que que ocupam cargos de governo.<\/p>\n<p>No caso especifico da regi\u00e3o metropolitana do Recife, o \u00fanico reservat\u00f3rio no Litoral Norte que alimenta a Regi\u00e3o Metropolitana do Recife \u00e9 a barragem de Botafogo, que atualmente conta com menos de 15% de sua capacidade. Mesmo sendo uma \u00e1rea de prote\u00e7\u00e3o ambiental, protegida por lei, o entorno da barragem vem sendo desmatado h\u00e1 anos, com a cumplicidade dos \u00f3rg\u00e3os p\u00fablicos. Agora se verifica que, mesmo para precipita\u00e7\u00f5es consideradas normais na regi\u00e3o, o n\u00edvel de \u00e1gua do reservat\u00f3rio j\u00e1 n\u00e3o se recupera como antes.<\/p>\n<p>Uma das medidas a m\u00e9dio prazo, das mais sensatas neste caso, seria o reflorestamento e a prote\u00e7\u00e3o do entorno da barragem e das nascentes que alimentam o sistema Botafogo. Ao inv\u00e9s disso lemos nos jornais a sanha economicista na discuss\u00e3o do trajeto do Arco Metropolitano.Sem d\u00favida um empreendimento inconteste diante do caos urbano existente hoje nesta regi\u00e3o, e que ir\u00e1 minimizar o trafego na BR 101 e no grande Recife.<\/p>\n<p>Alguns gestores ligados a interesses econ\u00f4micos prop\u00f5em um trajeto para o Arco Metropolitano que ir\u00e1 cortar justamente as nascentes que alimentam o Sistema Botafogo, fazendo com que a rodovia passe pr\u00f3ximo \u00e0 barragem, aumentando assim a especula\u00e7\u00e3o imobili\u00e1ria e a ocupa\u00e7\u00e3o do solo.<\/p>\n<p>Existe em tudo isso um desejo impl\u00edcito dos gestores de plant\u00e3o em tornar a vida dos cidad\u00e3os cada vez mais dif\u00edcil e insuport\u00e1vel. Contra isso a \u00fanica solu\u00e7\u00e3o \u00e9 a mobiliza\u00e7\u00e3o e a press\u00e3o popular, que ao longo da hist\u00f3ria da humanidade tem se mostrado o \u00fanico caminho da transforma\u00e7\u00e3o. \u00c9 como se diz, \u201cunidos, venceremos!\u201d.<\/p>\n<p><strong>Heitor Scalambrini Costa<\/strong><\/p>\n","protected":false},"excerpt":{"rendered":"<p>O Brasil det\u00e9m, sozinho, 16% do total das reservas de \u00e1gua doce do planeta. Possui em seu territ\u00f3rio o maior rio e o segundo maior aqu\u00edfero subterr\u00e2neo do mundo. Al\u00e9m de apresentar \u00edndices recordes de chuva.Mesmo assim suas maiores cidades sofrem racionamento, pois o Brasil n\u00e3o usa nem 1% do seu potencial de \u00e1gua doce [&hellip;]<\/p>\n","protected":false},"author":2,"featured_media":38885,"comment_status":"open","ping_status":"closed","sticky":false,"template":"","format":"standard","meta":{"_acf_changed":false,"footnotes":""},"categories":[25],"tags":[],"class_list":["post-38884","post","type-post","status-publish","format-standard","has-post-thumbnail","hentry","category-opina-ai"],"acf":[],"yoast_head":"<!-- This site is optimized with the Yoast SEO plugin v27.2 - https:\/\/yoast.com\/product\/yoast-seo-wordpress\/ -->\n<title>Racionamento, incompet\u00eancia e o Arco Metropolitano - Notibras<\/title>\n<meta name=\"robots\" content=\"index, follow, max-snippet:-1, max-image-preview:large, max-video-preview:-1\" \/>\n<link rel=\"canonical\" href=\"https:\/\/www.notibras.com\/site\/racionamento-de-agua-incompetencia-e-o-arco-metropolitano\/\" \/>\n<meta property=\"og:locale\" content=\"pt_BR\" \/>\n<meta property=\"og:type\" content=\"article\" \/>\n<meta property=\"og:title\" content=\"Racionamento, incompet\u00eancia e o Arco Metropolitano - Notibras\" \/>\n<meta property=\"og:description\" content=\"O Brasil det\u00e9m, sozinho, 16% do total das reservas de \u00e1gua doce do planeta. Possui em seu territ\u00f3rio o maior rio e o segundo maior aqu\u00edfero subterr\u00e2neo do mundo. Al\u00e9m de apresentar \u00edndices recordes de chuva.Mesmo assim suas maiores cidades sofrem racionamento, pois o Brasil n\u00e3o usa nem 1% do seu potencial de \u00e1gua doce [&hellip;]\" \/>\n<meta property=\"og:url\" content=\"https:\/\/www.notibras.com\/site\/racionamento-de-agua-incompetencia-e-o-arco-metropolitano\/\" \/>\n<meta property=\"og:site_name\" content=\"Notibras\" \/>\n<meta property=\"article:publisher\" content=\"https:\/\/www.facebook.com\/notibras\/\" \/>\n<meta property=\"article:published_time\" content=\"2015-03-05T03:00:33+00:00\" \/>\n<meta property=\"article:modified_time\" content=\"2015-03-05T11:35:00+00:00\" \/>\n<meta property=\"og:image\" content=\"https:\/\/www.notibras.com\/site\/wp-content\/uploads\/2015\/03\/CASCATA.jpg\" \/>\n\t<meta property=\"og:image:width\" content=\"400\" \/>\n\t<meta property=\"og:image:height\" content=\"300\" \/>\n\t<meta property=\"og:image:type\" content=\"image\/jpeg\" \/>\n<meta name=\"author\" content=\"Reda\u00e7\u00e3o\" \/>\n<meta name=\"twitter:card\" content=\"summary_large_image\" \/>\n<meta name=\"twitter:creator\" content=\"@Notibras\" \/>\n<meta name=\"twitter:site\" content=\"@Notibras\" \/>\n<meta name=\"twitter:label1\" content=\"Escrito por\" \/>\n\t<meta name=\"twitter:data1\" content=\"Reda\u00e7\u00e3o\" \/>\n\t<meta name=\"twitter:label2\" content=\"Est. tempo de leitura\" \/>\n\t<meta name=\"twitter:data2\" content=\"5 minutos\" \/>\n<script type=\"application\/ld+json\" class=\"yoast-schema-graph\">{\"@context\":\"https:\/\/schema.org\",\"@graph\":[{\"@type\":\"Article\",\"@id\":\"https:\/\/www.notibras.com\/site\/racionamento-de-agua-incompetencia-e-o-arco-metropolitano\/#article\",\"isPartOf\":{\"@id\":\"https:\/\/www.notibras.com\/site\/racionamento-de-agua-incompetencia-e-o-arco-metropolitano\/\"},\"author\":{\"name\":\"Reda\u00e7\u00e3o\",\"@id\":\"https:\/\/www.notibras.com\/site\/#\/schema\/person\/36ab0979449956132d3e5b517ea76ac8\"},\"headline\":\"Racionamento, incompet\u00eancia e o Arco Metropolitano\",\"datePublished\":\"2015-03-05T03:00:33+00:00\",\"dateModified\":\"2015-03-05T11:35:00+00:00\",\"mainEntityOfPage\":{\"@id\":\"https:\/\/www.notibras.com\/site\/racionamento-de-agua-incompetencia-e-o-arco-metropolitano\/\"},\"wordCount\":1029,\"commentCount\":0,\"publisher\":{\"@id\":\"https:\/\/www.notibras.com\/site\/#organization\"},\"image\":{\"@id\":\"https:\/\/www.notibras.com\/site\/racionamento-de-agua-incompetencia-e-o-arco-metropolitano\/#primaryimage\"},\"thumbnailUrl\":\"https:\/\/www.notibras.com\/site\/wp-content\/uploads\/2015\/03\/CASCATA.jpg\",\"articleSection\":[\"Opina a\u00ed\"],\"inLanguage\":\"pt-BR\",\"potentialAction\":[{\"@type\":\"CommentAction\",\"name\":\"Comment\",\"target\":[\"https:\/\/www.notibras.com\/site\/racionamento-de-agua-incompetencia-e-o-arco-metropolitano\/#respond\"]}]},{\"@type\":\"WebPage\",\"@id\":\"https:\/\/www.notibras.com\/site\/racionamento-de-agua-incompetencia-e-o-arco-metropolitano\/\",\"url\":\"https:\/\/www.notibras.com\/site\/racionamento-de-agua-incompetencia-e-o-arco-metropolitano\/\",\"name\":\"Racionamento, incompet\u00eancia e o Arco Metropolitano - Notibras\",\"isPartOf\":{\"@id\":\"https:\/\/www.notibras.com\/site\/#website\"},\"primaryImageOfPage\":{\"@id\":\"https:\/\/www.notibras.com\/site\/racionamento-de-agua-incompetencia-e-o-arco-metropolitano\/#primaryimage\"},\"image\":{\"@id\":\"https:\/\/www.notibras.com\/site\/racionamento-de-agua-incompetencia-e-o-arco-metropolitano\/#primaryimage\"},\"thumbnailUrl\":\"https:\/\/www.notibras.com\/site\/wp-content\/uploads\/2015\/03\/CASCATA.jpg\",\"datePublished\":\"2015-03-05T03:00:33+00:00\",\"dateModified\":\"2015-03-05T11:35:00+00:00\",\"breadcrumb\":{\"@id\":\"https:\/\/www.notibras.com\/site\/racionamento-de-agua-incompetencia-e-o-arco-metropolitano\/#breadcrumb\"},\"inLanguage\":\"pt-BR\",\"potentialAction\":[{\"@type\":\"ReadAction\",\"target\":[\"https:\/\/www.notibras.com\/site\/racionamento-de-agua-incompetencia-e-o-arco-metropolitano\/\"]}]},{\"@type\":\"ImageObject\",\"inLanguage\":\"pt-BR\",\"@id\":\"https:\/\/www.notibras.com\/site\/racionamento-de-agua-incompetencia-e-o-arco-metropolitano\/#primaryimage\",\"url\":\"https:\/\/www.notibras.com\/site\/wp-content\/uploads\/2015\/03\/CASCATA.jpg\",\"contentUrl\":\"https:\/\/www.notibras.com\/site\/wp-content\/uploads\/2015\/03\/CASCATA.jpg\",\"width\":400,\"height\":300},{\"@type\":\"BreadcrumbList\",\"@id\":\"https:\/\/www.notibras.com\/site\/racionamento-de-agua-incompetencia-e-o-arco-metropolitano\/#breadcrumb\",\"itemListElement\":[{\"@type\":\"ListItem\",\"position\":1,\"name\":\"In\u00edcio\",\"item\":\"https:\/\/www.notibras.com\/site\/\"},{\"@type\":\"ListItem\",\"position\":2,\"name\":\"Racionamento, incompet\u00eancia e o Arco Metropolitano\"}]},{\"@type\":\"WebSite\",\"@id\":\"https:\/\/www.notibras.com\/site\/#website\",\"url\":\"https:\/\/www.notibras.com\/site\/\",\"name\":\"Notibras\",\"description\":\"Not\u00edcias de Bras\u00edlia, do Brasil e do Mundo\",\"publisher\":{\"@id\":\"https:\/\/www.notibras.com\/site\/#organization\"},\"potentialAction\":[{\"@type\":\"SearchAction\",\"target\":{\"@type\":\"EntryPoint\",\"urlTemplate\":\"https:\/\/www.notibras.com\/site\/?s={search_term_string}\"},\"query-input\":{\"@type\":\"PropertyValueSpecification\",\"valueRequired\":true,\"valueName\":\"search_term_string\"}}],\"inLanguage\":\"pt-BR\"},{\"@type\":\"Organization\",\"@id\":\"https:\/\/www.notibras.com\/site\/#organization\",\"name\":\"Grupo Notibras de Comunica\u00e7\u00e3o\",\"url\":\"https:\/\/www.notibras.com\/site\/\",\"logo\":{\"@type\":\"ImageObject\",\"inLanguage\":\"pt-BR\",\"@id\":\"https:\/\/www.notibras.com\/site\/#\/schema\/logo\/image\/\",\"url\":\"https:\/\/www.notibras.com\/site\/wp-content\/uploads\/2023\/01\/notibras23.png\",\"contentUrl\":\"https:\/\/www.notibras.com\/site\/wp-content\/uploads\/2023\/01\/notibras23.png\",\"width\":350,\"height\":87,\"caption\":\"Grupo Notibras de Comunica\u00e7\u00e3o\"},\"image\":{\"@id\":\"https:\/\/www.notibras.com\/site\/#\/schema\/logo\/image\/\"},\"sameAs\":[\"https:\/\/www.facebook.com\/notibras\/\",\"https:\/\/x.com\/Notibras\",\"https:\/\/www.instagram.com\/notibras\/\"]},{\"@type\":\"Person\",\"@id\":\"https:\/\/www.notibras.com\/site\/#\/schema\/person\/36ab0979449956132d3e5b517ea76ac8\",\"name\":\"Reda\u00e7\u00e3o\",\"image\":{\"@type\":\"ImageObject\",\"inLanguage\":\"pt-BR\",\"@id\":\"https:\/\/secure.gravatar.com\/avatar\/e0a867bdedb85fd243eadf09663511f96fc81e0720a4a42581f334ad4303aa6b?s=96&d=mm&r=g\",\"url\":\"https:\/\/secure.gravatar.com\/avatar\/e0a867bdedb85fd243eadf09663511f96fc81e0720a4a42581f334ad4303aa6b?s=96&d=mm&r=g\",\"contentUrl\":\"https:\/\/secure.gravatar.com\/avatar\/e0a867bdedb85fd243eadf09663511f96fc81e0720a4a42581f334ad4303aa6b?s=96&d=mm&r=g\",\"caption\":\"Reda\u00e7\u00e3o\"}}]}<\/script>\n<!-- \/ Yoast SEO plugin. -->","yoast_head_json":{"title":"Racionamento, incompet\u00eancia e o Arco Metropolitano - Notibras","robots":{"index":"index","follow":"follow","max-snippet":"max-snippet:-1","max-image-preview":"max-image-preview:large","max-video-preview":"max-video-preview:-1"},"canonical":"https:\/\/www.notibras.com\/site\/racionamento-de-agua-incompetencia-e-o-arco-metropolitano\/","og_locale":"pt_BR","og_type":"article","og_title":"Racionamento, incompet\u00eancia e o Arco Metropolitano - Notibras","og_description":"O Brasil det\u00e9m, sozinho, 16% do total das reservas de \u00e1gua doce do planeta. Possui em seu territ\u00f3rio o maior rio e o segundo maior aqu\u00edfero subterr\u00e2neo do mundo. Al\u00e9m de apresentar \u00edndices recordes de chuva.Mesmo assim suas maiores cidades sofrem racionamento, pois o Brasil n\u00e3o usa nem 1% do seu potencial de \u00e1gua doce [&hellip;]","og_url":"https:\/\/www.notibras.com\/site\/racionamento-de-agua-incompetencia-e-o-arco-metropolitano\/","og_site_name":"Notibras","article_publisher":"https:\/\/www.facebook.com\/notibras\/","article_published_time":"2015-03-05T03:00:33+00:00","article_modified_time":"2015-03-05T11:35:00+00:00","og_image":[{"width":400,"height":300,"url":"https:\/\/www.notibras.com\/site\/wp-content\/uploads\/2015\/03\/CASCATA.jpg","type":"image\/jpeg"}],"author":"Reda\u00e7\u00e3o","twitter_card":"summary_large_image","twitter_creator":"@Notibras","twitter_site":"@Notibras","twitter_misc":{"Escrito por":"Reda\u00e7\u00e3o","Est. tempo de leitura":"5 minutos"},"schema":{"@context":"https:\/\/schema.org","@graph":[{"@type":"Article","@id":"https:\/\/www.notibras.com\/site\/racionamento-de-agua-incompetencia-e-o-arco-metropolitano\/#article","isPartOf":{"@id":"https:\/\/www.notibras.com\/site\/racionamento-de-agua-incompetencia-e-o-arco-metropolitano\/"},"author":{"name":"Reda\u00e7\u00e3o","@id":"https:\/\/www.notibras.com\/site\/#\/schema\/person\/36ab0979449956132d3e5b517ea76ac8"},"headline":"Racionamento, incompet\u00eancia e o Arco Metropolitano","datePublished":"2015-03-05T03:00:33+00:00","dateModified":"2015-03-05T11:35:00+00:00","mainEntityOfPage":{"@id":"https:\/\/www.notibras.com\/site\/racionamento-de-agua-incompetencia-e-o-arco-metropolitano\/"},"wordCount":1029,"commentCount":0,"publisher":{"@id":"https:\/\/www.notibras.com\/site\/#organization"},"image":{"@id":"https:\/\/www.notibras.com\/site\/racionamento-de-agua-incompetencia-e-o-arco-metropolitano\/#primaryimage"},"thumbnailUrl":"https:\/\/www.notibras.com\/site\/wp-content\/uploads\/2015\/03\/CASCATA.jpg","articleSection":["Opina a\u00ed"],"inLanguage":"pt-BR","potentialAction":[{"@type":"CommentAction","name":"Comment","target":["https:\/\/www.notibras.com\/site\/racionamento-de-agua-incompetencia-e-o-arco-metropolitano\/#respond"]}]},{"@type":"WebPage","@id":"https:\/\/www.notibras.com\/site\/racionamento-de-agua-incompetencia-e-o-arco-metropolitano\/","url":"https:\/\/www.notibras.com\/site\/racionamento-de-agua-incompetencia-e-o-arco-metropolitano\/","name":"Racionamento, incompet\u00eancia e o Arco Metropolitano - Notibras","isPartOf":{"@id":"https:\/\/www.notibras.com\/site\/#website"},"primaryImageOfPage":{"@id":"https:\/\/www.notibras.com\/site\/racionamento-de-agua-incompetencia-e-o-arco-metropolitano\/#primaryimage"},"image":{"@id":"https:\/\/www.notibras.com\/site\/racionamento-de-agua-incompetencia-e-o-arco-metropolitano\/#primaryimage"},"thumbnailUrl":"https:\/\/www.notibras.com\/site\/wp-content\/uploads\/2015\/03\/CASCATA.jpg","datePublished":"2015-03-05T03:00:33+00:00","dateModified":"2015-03-05T11:35:00+00:00","breadcrumb":{"@id":"https:\/\/www.notibras.com\/site\/racionamento-de-agua-incompetencia-e-o-arco-metropolitano\/#breadcrumb"},"inLanguage":"pt-BR","potentialAction":[{"@type":"ReadAction","target":["https:\/\/www.notibras.com\/site\/racionamento-de-agua-incompetencia-e-o-arco-metropolitano\/"]}]},{"@type":"ImageObject","inLanguage":"pt-BR","@id":"https:\/\/www.notibras.com\/site\/racionamento-de-agua-incompetencia-e-o-arco-metropolitano\/#primaryimage","url":"https:\/\/www.notibras.com\/site\/wp-content\/uploads\/2015\/03\/CASCATA.jpg","contentUrl":"https:\/\/www.notibras.com\/site\/wp-content\/uploads\/2015\/03\/CASCATA.jpg","width":400,"height":300},{"@type":"BreadcrumbList","@id":"https:\/\/www.notibras.com\/site\/racionamento-de-agua-incompetencia-e-o-arco-metropolitano\/#breadcrumb","itemListElement":[{"@type":"ListItem","position":1,"name":"In\u00edcio","item":"https:\/\/www.notibras.com\/site\/"},{"@type":"ListItem","position":2,"name":"Racionamento, incompet\u00eancia e o Arco Metropolitano"}]},{"@type":"WebSite","@id":"https:\/\/www.notibras.com\/site\/#website","url":"https:\/\/www.notibras.com\/site\/","name":"Notibras","description":"Not\u00edcias de Bras\u00edlia, do Brasil e do Mundo","publisher":{"@id":"https:\/\/www.notibras.com\/site\/#organization"},"potentialAction":[{"@type":"SearchAction","target":{"@type":"EntryPoint","urlTemplate":"https:\/\/www.notibras.com\/site\/?s={search_term_string}"},"query-input":{"@type":"PropertyValueSpecification","valueRequired":true,"valueName":"search_term_string"}}],"inLanguage":"pt-BR"},{"@type":"Organization","@id":"https:\/\/www.notibras.com\/site\/#organization","name":"Grupo Notibras de Comunica\u00e7\u00e3o","url":"https:\/\/www.notibras.com\/site\/","logo":{"@type":"ImageObject","inLanguage":"pt-BR","@id":"https:\/\/www.notibras.com\/site\/#\/schema\/logo\/image\/","url":"https:\/\/www.notibras.com\/site\/wp-content\/uploads\/2023\/01\/notibras23.png","contentUrl":"https:\/\/www.notibras.com\/site\/wp-content\/uploads\/2023\/01\/notibras23.png","width":350,"height":87,"caption":"Grupo Notibras de Comunica\u00e7\u00e3o"},"image":{"@id":"https:\/\/www.notibras.com\/site\/#\/schema\/logo\/image\/"},"sameAs":["https:\/\/www.facebook.com\/notibras\/","https:\/\/x.com\/Notibras","https:\/\/www.instagram.com\/notibras\/"]},{"@type":"Person","@id":"https:\/\/www.notibras.com\/site\/#\/schema\/person\/36ab0979449956132d3e5b517ea76ac8","name":"Reda\u00e7\u00e3o","image":{"@type":"ImageObject","inLanguage":"pt-BR","@id":"https:\/\/secure.gravatar.com\/avatar\/e0a867bdedb85fd243eadf09663511f96fc81e0720a4a42581f334ad4303aa6b?s=96&d=mm&r=g","url":"https:\/\/secure.gravatar.com\/avatar\/e0a867bdedb85fd243eadf09663511f96fc81e0720a4a42581f334ad4303aa6b?s=96&d=mm&r=g","contentUrl":"https:\/\/secure.gravatar.com\/avatar\/e0a867bdedb85fd243eadf09663511f96fc81e0720a4a42581f334ad4303aa6b?s=96&d=mm&r=g","caption":"Reda\u00e7\u00e3o"}}]}},"amp_enabled":true,"_links":{"self":[{"href":"https:\/\/www.notibras.com\/site\/wp-json\/wp\/v2\/posts\/38884","targetHints":{"allow":["GET"]}}],"collection":[{"href":"https:\/\/www.notibras.com\/site\/wp-json\/wp\/v2\/posts"}],"about":[{"href":"https:\/\/www.notibras.com\/site\/wp-json\/wp\/v2\/types\/post"}],"author":[{"embeddable":true,"href":"https:\/\/www.notibras.com\/site\/wp-json\/wp\/v2\/users\/2"}],"replies":[{"embeddable":true,"href":"https:\/\/www.notibras.com\/site\/wp-json\/wp\/v2\/comments?post=38884"}],"version-history":[{"count":0,"href":"https:\/\/www.notibras.com\/site\/wp-json\/wp\/v2\/posts\/38884\/revisions"}],"wp:featuredmedia":[{"embeddable":true,"href":"https:\/\/www.notibras.com\/site\/wp-json\/wp\/v2\/media\/38885"}],"wp:attachment":[{"href":"https:\/\/www.notibras.com\/site\/wp-json\/wp\/v2\/media?parent=38884"}],"wp:term":[{"taxonomy":"category","embeddable":true,"href":"https:\/\/www.notibras.com\/site\/wp-json\/wp\/v2\/categories?post=38884"},{"taxonomy":"post_tag","embeddable":true,"href":"https:\/\/www.notibras.com\/site\/wp-json\/wp\/v2\/tags?post=38884"}],"curies":[{"name":"wp","href":"https:\/\/api.w.org\/{rel}","templated":true}]}}