{"id":38891,"date":"2015-03-04T23:24:19","date_gmt":"2015-03-05T02:24:19","guid":{"rendered":"http:\/\/www.notibras.com\/site\/?p=38891"},"modified":"2015-03-05T00:28:32","modified_gmt":"2015-03-05T03:28:32","slug":"internacional-leva-susto-reage-e-passa-pelo-emelec-por-3-a-2","status":"publish","type":"post","link":"https:\/\/www.notibras.com\/site\/internacional-leva-susto-reage-e-passa-pelo-emelec-por-3-a-2\/","title":{"rendered":"Internacional leva susto, reage e passa pelo Emelec por 3 a 2"},"content":{"rendered":"<p>O Internacional venceu o Emelec nesta quarta-feira (4), em meio a sustos de virada, mas que acabou no resultado favor\u00e1vel de 3 a 2. O Colorado saiu na frente, cedeu a virada e passou a levar sustos em s\u00e9rie, fruto da desorganiza\u00e7\u00e3o da equipe em campo. Mas mesmo assim o time de Diego Aguirre mostrou brio e arrancou a vit\u00f3ria na base do abafa, com gols de Nilmar, Alex e R\u00e9ver. Os visitantes fizeram com Burbano e Mena. O placar n\u00e3o garante a lideran\u00e7a no grupo 4 da Libertadores, mas tem gosto de goleada tamanha a dificuldade.<\/p>\n<p>O resultado em casa deixa o Internacional com seis pontos. O Emelec, mesmo derrotado, continua l\u00edder da chave. A vit\u00f3ria confirma o hist\u00f3rico do Colorado, que em outras tr\u00eas edi\u00e7\u00f5es da competi\u00e7\u00e3o enfrentou os equatorianos e jamais perdeu.<\/p>\n<p>A escala\u00e7\u00e3o do Inter teve como novidades Nico Freitas e Vitinho. O volante uruguaio herdou a vaga do lesionado Ar\u00e1nguiz. J\u00e1 o meia-atacante emprestado pelo CSKA ficou com a vaga de Jorge Henrique. Vistoso no come\u00e7o, o Colorado foi para l\u00e1 de irregular. Com uma defesa fr\u00e1gil e que penou diante da velocidade do Emelec. No fim, a qualidade individual e a vontade pesaram.<\/p>\n<p>O primeiro tempo em Porto Alegre teve dois jogos dentro dele. At\u00e9 os 20 minutos o Inter era soberano tanto na posse de bola como nas chances de gol. Envolvente e com muita intensidade, o Colorado acertou a trave com Vitinho \u2013 em cobran\u00e7a de falta \u2013 e abriu o placar em bela jogada. D&#8217;Alessandro achou espa\u00e7o para dar um lan\u00e7amento perfeito a Nilmar. O atacante entrou pela esquerda da \u00e1rea, venceu dois marcadores e chutou rasteiro.<\/p>\n<p>O problema \u00e9 que com a vantagem o Inter parou e o Emelec acordou. Com tr\u00eas atacantes, o time equatoriano for\u00e7ou as bolas longas e tamb\u00e9m subiu a marca\u00e7\u00e3o. O resultado foi um festival de passes errados e problemas do Colorado para sair de sua defesa. Em uma das falhas, D&#8217;Alessandro enforcou a bola para Nilton e deixou a zaga exposta. Burbano recebeu de Bola\u00f1os, driblou Alisson e empatou.<\/p>\n<blockquote><p>A igualdade no placar deixou o time de Diego Aguirre nervoso e nulo ofensivamente. Tudo piorou aos 41, quando D&#8217;Alessandro deu um pique na ponta esquerda e sentiu o m\u00fasculo posterior da coxa. Imediatamente o gringo pediu substitui\u00e7\u00e3o e deu lugar a Alex. Do banco, o capit\u00e3o do time assistiu ao que parecia imposs\u00edvel diante de um advers\u00e1rio que jamais havia vencido o Inter. Aos 46, Mena tabelou com Bola\u00f1os e entrou cara a cara com o goleiro para virar o jogo.<\/p><\/blockquote>\n<p>Os donos da casa foram para o vesti\u00e1rio de cabe\u00e7a inchada e com uma defesa outra vez contestada. Exposta mesmo com Nico Freitas na vaga de Ar\u00e1nguiz. E um ataque que sumiu ao longo do confronto. A posse de bola do primeiro tempo resume o duelo. O Inter, mesmo em casa, teve a bola em 46% do tempo e os outros 54% foram do Emelec, de acordo com site da Conmebol.<\/p>\n<p>Na segunda etapa o Inter partiu para o tudo ou nada, levou sustos em s\u00e9rie nos primeiros minutos pela sa\u00edda de seus dois laterais ao mesmo tempo, mas acabou sendo recompensado. Nilmar serviu Alex, ele ganhou do marcador pela esquerda e chutou na sa\u00edda do goleiro. A bola ainda bateu em Dreer, mas foi para o fundo da rede. Empate e al\u00edvio.<\/p>\n<p>Aos 36, Alex cobrou escanteio da direita e for\u00e7ou. Dreer rebateu para o meio da \u00e1rea e R\u00e9ver chutou de primeira: 3 a 2. O gol da segunda virada e da vit\u00f3ria. Suada. Antes do apito final, Nilmar sentiu a coxa e ficou em campo apenas para fazer n\u00famero. O Emelec, que esteve perto de fazer hist\u00f3ria em Porto Alegre, n\u00e3o mostrou mais qualidade para empatar. Apesar da vontade.<\/p>\n","protected":false},"excerpt":{"rendered":"<p>O Internacional venceu o Emelec nesta quarta-feira (4), em meio a sustos de virada, mas que acabou no resultado favor\u00e1vel de 3 a 2. O Colorado saiu na frente, cedeu a virada e passou a levar sustos em s\u00e9rie, fruto da desorganiza\u00e7\u00e3o da equipe em campo. Mas mesmo assim o time de Diego Aguirre mostrou [&hellip;]<\/p>\n","protected":false},"author":2,"featured_media":38892,"comment_status":"open","ping_status":"closed","sticky":false,"template":"","format":"standard","meta":{"_acf_changed":false,"footnotes":""},"categories":[19,29],"tags":[],"class_list":["post-38891","post","type-post","status-publish","format-standard","has-post-thumbnail","hentry","category-esportes","category-futebol"],"acf":[],"yoast_head":"<!-- This site is optimized with the Yoast SEO plugin v27.2 - https:\/\/yoast.com\/product\/yoast-seo-wordpress\/ -->\n<title>Internacional leva susto, reage e passa pelo Emelec por 3 a 2 - Notibras<\/title>\n<meta name=\"robots\" content=\"index, follow, max-snippet:-1, max-image-preview:large, max-video-preview:-1\" \/>\n<link rel=\"canonical\" href=\"https:\/\/www.notibras.com\/site\/internacional-leva-susto-reage-e-passa-pelo-emelec-por-3-a-2\/\" \/>\n<meta property=\"og:locale\" content=\"pt_BR\" \/>\n<meta property=\"og:type\" content=\"article\" \/>\n<meta property=\"og:title\" content=\"Internacional leva susto, reage e passa pelo Emelec por 3 a 2 - Notibras\" \/>\n<meta property=\"og:description\" content=\"O Internacional venceu o Emelec nesta quarta-feira (4), em meio a sustos de virada, mas que acabou no resultado favor\u00e1vel de 3 a 2. O Colorado saiu na frente, cedeu a virada e passou a levar sustos em s\u00e9rie, fruto da desorganiza\u00e7\u00e3o da equipe em campo. Mas mesmo assim o time de Diego Aguirre mostrou [&hellip;]\" \/>\n<meta property=\"og:url\" content=\"https:\/\/www.notibras.com\/site\/internacional-leva-susto-reage-e-passa-pelo-emelec-por-3-a-2\/\" \/>\n<meta property=\"og:site_name\" content=\"Notibras\" \/>\n<meta property=\"article:publisher\" content=\"https:\/\/www.facebook.com\/notibras\/\" \/>\n<meta property=\"article:published_time\" content=\"2015-03-05T02:24:19+00:00\" \/>\n<meta property=\"article:modified_time\" content=\"2015-03-05T03:28:32+00:00\" \/>\n<meta property=\"og:image\" content=\"https:\/\/www.notibras.com\/site\/wp-content\/uploads\/2015\/03\/inter.jpg\" \/>\n\t<meta property=\"og:image:width\" content=\"615\" \/>\n\t<meta property=\"og:image:height\" content=\"300\" \/>\n\t<meta property=\"og:image:type\" content=\"image\/jpeg\" \/>\n<meta name=\"author\" content=\"Reda\u00e7\u00e3o\" \/>\n<meta name=\"twitter:card\" content=\"summary_large_image\" \/>\n<meta name=\"twitter:creator\" content=\"@Notibras\" \/>\n<meta name=\"twitter:site\" content=\"@Notibras\" \/>\n<meta name=\"twitter:label1\" content=\"Escrito por\" \/>\n\t<meta name=\"twitter:data1\" content=\"Reda\u00e7\u00e3o\" \/>\n\t<meta name=\"twitter:label2\" content=\"Est. tempo de leitura\" \/>\n\t<meta name=\"twitter:data2\" content=\"3 minutos\" \/>\n<script type=\"application\/ld+json\" class=\"yoast-schema-graph\">{\"@context\":\"https:\/\/schema.org\",\"@graph\":[{\"@type\":\"Article\",\"@id\":\"https:\/\/www.notibras.com\/site\/internacional-leva-susto-reage-e-passa-pelo-emelec-por-3-a-2\/#article\",\"isPartOf\":{\"@id\":\"https:\/\/www.notibras.com\/site\/internacional-leva-susto-reage-e-passa-pelo-emelec-por-3-a-2\/\"},\"author\":{\"name\":\"Reda\u00e7\u00e3o\",\"@id\":\"https:\/\/www.notibras.com\/site\/#\/schema\/person\/36ab0979449956132d3e5b517ea76ac8\"},\"headline\":\"Internacional leva susto, reage e passa pelo Emelec por 3 a 2\",\"datePublished\":\"2015-03-05T02:24:19+00:00\",\"dateModified\":\"2015-03-05T03:28:32+00:00\",\"mainEntityOfPage\":{\"@id\":\"https:\/\/www.notibras.com\/site\/internacional-leva-susto-reage-e-passa-pelo-emelec-por-3-a-2\/\"},\"wordCount\":668,\"commentCount\":0,\"publisher\":{\"@id\":\"https:\/\/www.notibras.com\/site\/#organization\"},\"image\":{\"@id\":\"https:\/\/www.notibras.com\/site\/internacional-leva-susto-reage-e-passa-pelo-emelec-por-3-a-2\/#primaryimage\"},\"thumbnailUrl\":\"https:\/\/www.notibras.com\/site\/wp-content\/uploads\/2015\/03\/inter.jpg\",\"articleSection\":[\"Esportes\",\"Futebol\"],\"inLanguage\":\"pt-BR\",\"potentialAction\":[{\"@type\":\"CommentAction\",\"name\":\"Comment\",\"target\":[\"https:\/\/www.notibras.com\/site\/internacional-leva-susto-reage-e-passa-pelo-emelec-por-3-a-2\/#respond\"]}]},{\"@type\":\"WebPage\",\"@id\":\"https:\/\/www.notibras.com\/site\/internacional-leva-susto-reage-e-passa-pelo-emelec-por-3-a-2\/\",\"url\":\"https:\/\/www.notibras.com\/site\/internacional-leva-susto-reage-e-passa-pelo-emelec-por-3-a-2\/\",\"name\":\"Internacional leva susto, reage e passa pelo Emelec por 3 a 2 - Notibras\",\"isPartOf\":{\"@id\":\"https:\/\/www.notibras.com\/site\/#website\"},\"primaryImageOfPage\":{\"@id\":\"https:\/\/www.notibras.com\/site\/internacional-leva-susto-reage-e-passa-pelo-emelec-por-3-a-2\/#primaryimage\"},\"image\":{\"@id\":\"https:\/\/www.notibras.com\/site\/internacional-leva-susto-reage-e-passa-pelo-emelec-por-3-a-2\/#primaryimage\"},\"thumbnailUrl\":\"https:\/\/www.notibras.com\/site\/wp-content\/uploads\/2015\/03\/inter.jpg\",\"datePublished\":\"2015-03-05T02:24:19+00:00\",\"dateModified\":\"2015-03-05T03:28:32+00:00\",\"breadcrumb\":{\"@id\":\"https:\/\/www.notibras.com\/site\/internacional-leva-susto-reage-e-passa-pelo-emelec-por-3-a-2\/#breadcrumb\"},\"inLanguage\":\"pt-BR\",\"potentialAction\":[{\"@type\":\"ReadAction\",\"target\":[\"https:\/\/www.notibras.com\/site\/internacional-leva-susto-reage-e-passa-pelo-emelec-por-3-a-2\/\"]}]},{\"@type\":\"ImageObject\",\"inLanguage\":\"pt-BR\",\"@id\":\"https:\/\/www.notibras.com\/site\/internacional-leva-susto-reage-e-passa-pelo-emelec-por-3-a-2\/#primaryimage\",\"url\":\"https:\/\/www.notibras.com\/site\/wp-content\/uploads\/2015\/03\/inter.jpg\",\"contentUrl\":\"https:\/\/www.notibras.com\/site\/wp-content\/uploads\/2015\/03\/inter.jpg\",\"width\":615,\"height\":300},{\"@type\":\"BreadcrumbList\",\"@id\":\"https:\/\/www.notibras.com\/site\/internacional-leva-susto-reage-e-passa-pelo-emelec-por-3-a-2\/#breadcrumb\",\"itemListElement\":[{\"@type\":\"ListItem\",\"position\":1,\"name\":\"In\u00edcio\",\"item\":\"https:\/\/www.notibras.com\/site\/\"},{\"@type\":\"ListItem\",\"position\":2,\"name\":\"Internacional leva susto, reage e passa pelo Emelec por 3 a 2\"}]},{\"@type\":\"WebSite\",\"@id\":\"https:\/\/www.notibras.com\/site\/#website\",\"url\":\"https:\/\/www.notibras.com\/site\/\",\"name\":\"Notibras\",\"description\":\"Not\u00edcias de Bras\u00edlia, do Brasil e do Mundo\",\"publisher\":{\"@id\":\"https:\/\/www.notibras.com\/site\/#organization\"},\"potentialAction\":[{\"@type\":\"SearchAction\",\"target\":{\"@type\":\"EntryPoint\",\"urlTemplate\":\"https:\/\/www.notibras.com\/site\/?s={search_term_string}\"},\"query-input\":{\"@type\":\"PropertyValueSpecification\",\"valueRequired\":true,\"valueName\":\"search_term_string\"}}],\"inLanguage\":\"pt-BR\"},{\"@type\":\"Organization\",\"@id\":\"https:\/\/www.notibras.com\/site\/#organization\",\"name\":\"Grupo Notibras de Comunica\u00e7\u00e3o\",\"url\":\"https:\/\/www.notibras.com\/site\/\",\"logo\":{\"@type\":\"ImageObject\",\"inLanguage\":\"pt-BR\",\"@id\":\"https:\/\/www.notibras.com\/site\/#\/schema\/logo\/image\/\",\"url\":\"https:\/\/www.notibras.com\/site\/wp-content\/uploads\/2023\/01\/notibras23.png\",\"contentUrl\":\"https:\/\/www.notibras.com\/site\/wp-content\/uploads\/2023\/01\/notibras23.png\",\"width\":350,\"height\":87,\"caption\":\"Grupo Notibras de Comunica\u00e7\u00e3o\"},\"image\":{\"@id\":\"https:\/\/www.notibras.com\/site\/#\/schema\/logo\/image\/\"},\"sameAs\":[\"https:\/\/www.facebook.com\/notibras\/\",\"https:\/\/x.com\/Notibras\",\"https:\/\/www.instagram.com\/notibras\/\"]},{\"@type\":\"Person\",\"@id\":\"https:\/\/www.notibras.com\/site\/#\/schema\/person\/36ab0979449956132d3e5b517ea76ac8\",\"name\":\"Reda\u00e7\u00e3o\",\"image\":{\"@type\":\"ImageObject\",\"inLanguage\":\"pt-BR\",\"@id\":\"https:\/\/secure.gravatar.com\/avatar\/e0a867bdedb85fd243eadf09663511f96fc81e0720a4a42581f334ad4303aa6b?s=96&d=mm&r=g\",\"url\":\"https:\/\/secure.gravatar.com\/avatar\/e0a867bdedb85fd243eadf09663511f96fc81e0720a4a42581f334ad4303aa6b?s=96&d=mm&r=g\",\"contentUrl\":\"https:\/\/secure.gravatar.com\/avatar\/e0a867bdedb85fd243eadf09663511f96fc81e0720a4a42581f334ad4303aa6b?s=96&d=mm&r=g\",\"caption\":\"Reda\u00e7\u00e3o\"}}]}<\/script>\n<!-- \/ Yoast SEO plugin. -->","yoast_head_json":{"title":"Internacional leva susto, reage e passa pelo Emelec por 3 a 2 - Notibras","robots":{"index":"index","follow":"follow","max-snippet":"max-snippet:-1","max-image-preview":"max-image-preview:large","max-video-preview":"max-video-preview:-1"},"canonical":"https:\/\/www.notibras.com\/site\/internacional-leva-susto-reage-e-passa-pelo-emelec-por-3-a-2\/","og_locale":"pt_BR","og_type":"article","og_title":"Internacional leva susto, reage e passa pelo Emelec por 3 a 2 - Notibras","og_description":"O Internacional venceu o Emelec nesta quarta-feira (4), em meio a sustos de virada, mas que acabou no resultado favor\u00e1vel de 3 a 2. O Colorado saiu na frente, cedeu a virada e passou a levar sustos em s\u00e9rie, fruto da desorganiza\u00e7\u00e3o da equipe em campo. Mas mesmo assim o time de Diego Aguirre mostrou [&hellip;]","og_url":"https:\/\/www.notibras.com\/site\/internacional-leva-susto-reage-e-passa-pelo-emelec-por-3-a-2\/","og_site_name":"Notibras","article_publisher":"https:\/\/www.facebook.com\/notibras\/","article_published_time":"2015-03-05T02:24:19+00:00","article_modified_time":"2015-03-05T03:28:32+00:00","og_image":[{"width":615,"height":300,"url":"https:\/\/www.notibras.com\/site\/wp-content\/uploads\/2015\/03\/inter.jpg","type":"image\/jpeg"}],"author":"Reda\u00e7\u00e3o","twitter_card":"summary_large_image","twitter_creator":"@Notibras","twitter_site":"@Notibras","twitter_misc":{"Escrito por":"Reda\u00e7\u00e3o","Est. tempo de leitura":"3 minutos"},"schema":{"@context":"https:\/\/schema.org","@graph":[{"@type":"Article","@id":"https:\/\/www.notibras.com\/site\/internacional-leva-susto-reage-e-passa-pelo-emelec-por-3-a-2\/#article","isPartOf":{"@id":"https:\/\/www.notibras.com\/site\/internacional-leva-susto-reage-e-passa-pelo-emelec-por-3-a-2\/"},"author":{"name":"Reda\u00e7\u00e3o","@id":"https:\/\/www.notibras.com\/site\/#\/schema\/person\/36ab0979449956132d3e5b517ea76ac8"},"headline":"Internacional leva susto, reage e passa pelo Emelec por 3 a 2","datePublished":"2015-03-05T02:24:19+00:00","dateModified":"2015-03-05T03:28:32+00:00","mainEntityOfPage":{"@id":"https:\/\/www.notibras.com\/site\/internacional-leva-susto-reage-e-passa-pelo-emelec-por-3-a-2\/"},"wordCount":668,"commentCount":0,"publisher":{"@id":"https:\/\/www.notibras.com\/site\/#organization"},"image":{"@id":"https:\/\/www.notibras.com\/site\/internacional-leva-susto-reage-e-passa-pelo-emelec-por-3-a-2\/#primaryimage"},"thumbnailUrl":"https:\/\/www.notibras.com\/site\/wp-content\/uploads\/2015\/03\/inter.jpg","articleSection":["Esportes","Futebol"],"inLanguage":"pt-BR","potentialAction":[{"@type":"CommentAction","name":"Comment","target":["https:\/\/www.notibras.com\/site\/internacional-leva-susto-reage-e-passa-pelo-emelec-por-3-a-2\/#respond"]}]},{"@type":"WebPage","@id":"https:\/\/www.notibras.com\/site\/internacional-leva-susto-reage-e-passa-pelo-emelec-por-3-a-2\/","url":"https:\/\/www.notibras.com\/site\/internacional-leva-susto-reage-e-passa-pelo-emelec-por-3-a-2\/","name":"Internacional leva susto, reage e passa pelo Emelec por 3 a 2 - Notibras","isPartOf":{"@id":"https:\/\/www.notibras.com\/site\/#website"},"primaryImageOfPage":{"@id":"https:\/\/www.notibras.com\/site\/internacional-leva-susto-reage-e-passa-pelo-emelec-por-3-a-2\/#primaryimage"},"image":{"@id":"https:\/\/www.notibras.com\/site\/internacional-leva-susto-reage-e-passa-pelo-emelec-por-3-a-2\/#primaryimage"},"thumbnailUrl":"https:\/\/www.notibras.com\/site\/wp-content\/uploads\/2015\/03\/inter.jpg","datePublished":"2015-03-05T02:24:19+00:00","dateModified":"2015-03-05T03:28:32+00:00","breadcrumb":{"@id":"https:\/\/www.notibras.com\/site\/internacional-leva-susto-reage-e-passa-pelo-emelec-por-3-a-2\/#breadcrumb"},"inLanguage":"pt-BR","potentialAction":[{"@type":"ReadAction","target":["https:\/\/www.notibras.com\/site\/internacional-leva-susto-reage-e-passa-pelo-emelec-por-3-a-2\/"]}]},{"@type":"ImageObject","inLanguage":"pt-BR","@id":"https:\/\/www.notibras.com\/site\/internacional-leva-susto-reage-e-passa-pelo-emelec-por-3-a-2\/#primaryimage","url":"https:\/\/www.notibras.com\/site\/wp-content\/uploads\/2015\/03\/inter.jpg","contentUrl":"https:\/\/www.notibras.com\/site\/wp-content\/uploads\/2015\/03\/inter.jpg","width":615,"height":300},{"@type":"BreadcrumbList","@id":"https:\/\/www.notibras.com\/site\/internacional-leva-susto-reage-e-passa-pelo-emelec-por-3-a-2\/#breadcrumb","itemListElement":[{"@type":"ListItem","position":1,"name":"In\u00edcio","item":"https:\/\/www.notibras.com\/site\/"},{"@type":"ListItem","position":2,"name":"Internacional leva susto, reage e passa pelo Emelec por 3 a 2"}]},{"@type":"WebSite","@id":"https:\/\/www.notibras.com\/site\/#website","url":"https:\/\/www.notibras.com\/site\/","name":"Notibras","description":"Not\u00edcias de Bras\u00edlia, do Brasil e do Mundo","publisher":{"@id":"https:\/\/www.notibras.com\/site\/#organization"},"potentialAction":[{"@type":"SearchAction","target":{"@type":"EntryPoint","urlTemplate":"https:\/\/www.notibras.com\/site\/?s={search_term_string}"},"query-input":{"@type":"PropertyValueSpecification","valueRequired":true,"valueName":"search_term_string"}}],"inLanguage":"pt-BR"},{"@type":"Organization","@id":"https:\/\/www.notibras.com\/site\/#organization","name":"Grupo Notibras de Comunica\u00e7\u00e3o","url":"https:\/\/www.notibras.com\/site\/","logo":{"@type":"ImageObject","inLanguage":"pt-BR","@id":"https:\/\/www.notibras.com\/site\/#\/schema\/logo\/image\/","url":"https:\/\/www.notibras.com\/site\/wp-content\/uploads\/2023\/01\/notibras23.png","contentUrl":"https:\/\/www.notibras.com\/site\/wp-content\/uploads\/2023\/01\/notibras23.png","width":350,"height":87,"caption":"Grupo Notibras de Comunica\u00e7\u00e3o"},"image":{"@id":"https:\/\/www.notibras.com\/site\/#\/schema\/logo\/image\/"},"sameAs":["https:\/\/www.facebook.com\/notibras\/","https:\/\/x.com\/Notibras","https:\/\/www.instagram.com\/notibras\/"]},{"@type":"Person","@id":"https:\/\/www.notibras.com\/site\/#\/schema\/person\/36ab0979449956132d3e5b517ea76ac8","name":"Reda\u00e7\u00e3o","image":{"@type":"ImageObject","inLanguage":"pt-BR","@id":"https:\/\/secure.gravatar.com\/avatar\/e0a867bdedb85fd243eadf09663511f96fc81e0720a4a42581f334ad4303aa6b?s=96&d=mm&r=g","url":"https:\/\/secure.gravatar.com\/avatar\/e0a867bdedb85fd243eadf09663511f96fc81e0720a4a42581f334ad4303aa6b?s=96&d=mm&r=g","contentUrl":"https:\/\/secure.gravatar.com\/avatar\/e0a867bdedb85fd243eadf09663511f96fc81e0720a4a42581f334ad4303aa6b?s=96&d=mm&r=g","caption":"Reda\u00e7\u00e3o"}}]}},"amp_enabled":true,"_links":{"self":[{"href":"https:\/\/www.notibras.com\/site\/wp-json\/wp\/v2\/posts\/38891","targetHints":{"allow":["GET"]}}],"collection":[{"href":"https:\/\/www.notibras.com\/site\/wp-json\/wp\/v2\/posts"}],"about":[{"href":"https:\/\/www.notibras.com\/site\/wp-json\/wp\/v2\/types\/post"}],"author":[{"embeddable":true,"href":"https:\/\/www.notibras.com\/site\/wp-json\/wp\/v2\/users\/2"}],"replies":[{"embeddable":true,"href":"https:\/\/www.notibras.com\/site\/wp-json\/wp\/v2\/comments?post=38891"}],"version-history":[{"count":0,"href":"https:\/\/www.notibras.com\/site\/wp-json\/wp\/v2\/posts\/38891\/revisions"}],"wp:featuredmedia":[{"embeddable":true,"href":"https:\/\/www.notibras.com\/site\/wp-json\/wp\/v2\/media\/38892"}],"wp:attachment":[{"href":"https:\/\/www.notibras.com\/site\/wp-json\/wp\/v2\/media?parent=38891"}],"wp:term":[{"taxonomy":"category","embeddable":true,"href":"https:\/\/www.notibras.com\/site\/wp-json\/wp\/v2\/categories?post=38891"},{"taxonomy":"post_tag","embeddable":true,"href":"https:\/\/www.notibras.com\/site\/wp-json\/wp\/v2\/tags?post=38891"}],"curies":[{"name":"wp","href":"https:\/\/api.w.org\/{rel}","templated":true}]}}