{"id":38894,"date":"2015-03-04T23:30:50","date_gmt":"2015-03-05T02:30:50","guid":{"rendered":"http:\/\/www.notibras.com\/site\/?p=38894"},"modified":"2015-03-05T00:33:22","modified_gmt":"2015-03-05T03:33:22","slug":"timao-derrota-san-lorenzo-e-lidera-grupo-na-libertadores","status":"publish","type":"post","link":"https:\/\/www.notibras.com\/site\/timao-derrota-san-lorenzo-e-lidera-grupo-na-libertadores\/","title":{"rendered":"Tim\u00e3o derrota San Lorenzo e lidera grupo na Libertadores"},"content":{"rendered":"<p>Na primeira vit\u00f3ria dos brasileiros como visitantes na Copa Libertadores, quem fez a diferen\u00e7a mais uma vez foi Elias. Foi o que se viu na noite desta quarta-feira, no Nuevo Gasometro, onde o Corinthians ratificou seu \u00f3timo in\u00edcio de temporada e venceu o atual campe\u00e3o San Lorenzo por 1 a 0. Em est\u00e1dio vazio &#8211; puni\u00e7\u00e3o aplicada pela Conmebol por sinalizadores na final de 2014 -, Elias marcou pela quarta vez na competi\u00e7\u00e3o. Com o gol, ele deixou os corintianos em situa\u00e7\u00e3o confort\u00e1vel no grupo da morte.<\/p>\n<p>L\u00edder, o Corinthians tem agora seis pontos depois de duas rodadas, logo \u00e0 frente do S\u00e3o Paulo e do San Lorenzo, ambos com tr\u00eas pontos.<\/p>\n<p>O Grupo 2 volta a ter confrontos dentro de duas semanas. No dia 17, ter\u00e7a-feira, o Corinthians visita o Danubio-URU em Montevid\u00e9u. J\u00e1 no dia seguinte, o San Lorenzo-ARG visita o S\u00e3o Paulo no Morumbi.<\/p>\n<p>No primeiro tempo no Nuevo Gasometro, os jogadores do San Lorenzo mostraram que a aus\u00eancia de torcedores n\u00e3o tirou a vontade de vencer o Corinthians. O time argentino marcou forte, passou dos limites em alguns lances e promoveu um jogo tenso &#8211; e de poucas oportunidades &#8211; no Nuevo Gasometro.<\/p>\n<blockquote><p>Com dificuldades para encaixar a marca\u00e7\u00e3o, o Corinthians sofreu na marca\u00e7\u00e3o pelos lados quando a partida come\u00e7ou. Logo, Buffarini venceu pelo lado direito e cruzou para arremate de Blanco, livre, com a cabe\u00e7a. A bola passou rente \u00e0 trave, mas n\u00e3o acordou o Corinthians imediatamente. S\u00f3 a partir dos 25min, o time de Tite reagiu para amea\u00e7ar. Primeiro em contragolpe de Danilo com Elias, depois em chute de fora de Renato Augusto, ambos contidos por Torrico.<\/p><\/blockquote>\n<p>O meia corintiano, ali\u00e1s, foi quem mais sofreu pela rispidez do atual campe\u00e3o sul-americano. Renato recebeu pancada de Buffarini no tornozelo, chegou a esbo\u00e7ar substitui\u00e7\u00e3o, ficou e acabou trocado. Com a entrada de Cristian, o Corinthians ganhou novo desenho t\u00e1tico (4-2-3-1) e buscou mais posse de bola no in\u00edcio do segundo tempo.<\/p>\n<p>Mas, depois de esbo\u00e7ar certo controle, o Corinthians sofreu novas amea\u00e7as. Quign\u00f3n lan\u00e7ou Mas e, no fundo, o lateral esquerdo passou para Matos, totalmente livre, acertar a trave a dois metros da meta. Na sequ\u00eancia, o centroavante teve nova chance, agora pelo alto, mas a cabe\u00e7ada passou rente ao arco. E ent\u00e3o, quando a partida parecia ficar dif\u00edcil, voltou a aparecer Elias.<\/p>\n<p>Livre para atacar com a entrada de Cristian, ele aproveitou o espa\u00e7o e abriu o placar em arrancada aos 20min. Na velocidade, passou pela marca\u00e7\u00e3o e, no reflexo, bateu r\u00e1pido para o gol e venceu Torrico. Foi o quarto gol dele na Copa Libertadores, um em cada jogo disputado. Mesmo com est\u00e1dio vazio, o San Lorenzo teve perseveran\u00e7a, esbo\u00e7ou alguma press\u00e3o, mas C\u00e1ssio saiu sem sofrer gol mais uma vez.<\/p>\n","protected":false},"excerpt":{"rendered":"<p>Na primeira vit\u00f3ria dos brasileiros como visitantes na Copa Libertadores, quem fez a diferen\u00e7a mais uma vez foi Elias. Foi o que se viu na noite desta quarta-feira, no Nuevo Gasometro, onde o Corinthians ratificou seu \u00f3timo in\u00edcio de temporada e venceu o atual campe\u00e3o San Lorenzo por 1 a 0. Em est\u00e1dio vazio &#8211; [&hellip;]<\/p>\n","protected":false},"author":2,"featured_media":38895,"comment_status":"open","ping_status":"closed","sticky":false,"template":"","format":"standard","meta":{"_acf_changed":false,"footnotes":""},"categories":[19,29],"tags":[],"class_list":["post-38894","post","type-post","status-publish","format-standard","has-post-thumbnail","hentry","category-esportes","category-futebol"],"acf":[],"yoast_head":"<!-- This site is optimized with the Yoast SEO plugin v27.2 - https:\/\/yoast.com\/product\/yoast-seo-wordpress\/ -->\n<title>Tim\u00e3o derrota San Lorenzo e lidera grupo na Libertadores - Notibras<\/title>\n<meta name=\"robots\" content=\"index, follow, max-snippet:-1, max-image-preview:large, max-video-preview:-1\" \/>\n<link rel=\"canonical\" href=\"https:\/\/www.notibras.com\/site\/timao-derrota-san-lorenzo-e-lidera-grupo-na-libertadores\/\" \/>\n<meta property=\"og:locale\" content=\"pt_BR\" \/>\n<meta property=\"og:type\" content=\"article\" \/>\n<meta property=\"og:title\" content=\"Tim\u00e3o derrota San Lorenzo e lidera grupo na Libertadores - Notibras\" \/>\n<meta property=\"og:description\" content=\"Na primeira vit\u00f3ria dos brasileiros como visitantes na Copa Libertadores, quem fez a diferen\u00e7a mais uma vez foi Elias. Foi o que se viu na noite desta quarta-feira, no Nuevo Gasometro, onde o Corinthians ratificou seu \u00f3timo in\u00edcio de temporada e venceu o atual campe\u00e3o San Lorenzo por 1 a 0. Em est\u00e1dio vazio &#8211; [&hellip;]\" \/>\n<meta property=\"og:url\" content=\"https:\/\/www.notibras.com\/site\/timao-derrota-san-lorenzo-e-lidera-grupo-na-libertadores\/\" \/>\n<meta property=\"og:site_name\" content=\"Notibras\" \/>\n<meta property=\"article:publisher\" content=\"https:\/\/www.facebook.com\/notibras\/\" \/>\n<meta property=\"article:published_time\" content=\"2015-03-05T02:30:50+00:00\" \/>\n<meta property=\"article:modified_time\" content=\"2015-03-05T03:33:22+00:00\" \/>\n<meta property=\"og:image\" content=\"https:\/\/www.notibras.com\/site\/wp-content\/uploads\/2015\/03\/eliastocadanielaugustojragcorinthians.jpg\" \/>\n\t<meta property=\"og:image:width\" content=\"460\" \/>\n\t<meta property=\"og:image:height\" content=\"307\" \/>\n\t<meta property=\"og:image:type\" content=\"image\/jpeg\" \/>\n<meta name=\"author\" content=\"Reda\u00e7\u00e3o\" \/>\n<meta name=\"twitter:card\" content=\"summary_large_image\" \/>\n<meta name=\"twitter:creator\" content=\"@Notibras\" \/>\n<meta name=\"twitter:site\" content=\"@Notibras\" \/>\n<meta name=\"twitter:label1\" content=\"Escrito por\" \/>\n\t<meta name=\"twitter:data1\" content=\"Reda\u00e7\u00e3o\" \/>\n\t<meta name=\"twitter:label2\" content=\"Est. tempo de leitura\" \/>\n\t<meta name=\"twitter:data2\" content=\"2 minutos\" \/>\n<script type=\"application\/ld+json\" class=\"yoast-schema-graph\">{\"@context\":\"https:\/\/schema.org\",\"@graph\":[{\"@type\":\"Article\",\"@id\":\"https:\/\/www.notibras.com\/site\/timao-derrota-san-lorenzo-e-lidera-grupo-na-libertadores\/#article\",\"isPartOf\":{\"@id\":\"https:\/\/www.notibras.com\/site\/timao-derrota-san-lorenzo-e-lidera-grupo-na-libertadores\/\"},\"author\":{\"name\":\"Reda\u00e7\u00e3o\",\"@id\":\"https:\/\/www.notibras.com\/site\/#\/schema\/person\/36ab0979449956132d3e5b517ea76ac8\"},\"headline\":\"Tim\u00e3o derrota San Lorenzo e lidera grupo na Libertadores\",\"datePublished\":\"2015-03-05T02:30:50+00:00\",\"dateModified\":\"2015-03-05T03:33:22+00:00\",\"mainEntityOfPage\":{\"@id\":\"https:\/\/www.notibras.com\/site\/timao-derrota-san-lorenzo-e-lidera-grupo-na-libertadores\/\"},\"wordCount\":507,\"commentCount\":0,\"publisher\":{\"@id\":\"https:\/\/www.notibras.com\/site\/#organization\"},\"image\":{\"@id\":\"https:\/\/www.notibras.com\/site\/timao-derrota-san-lorenzo-e-lidera-grupo-na-libertadores\/#primaryimage\"},\"thumbnailUrl\":\"https:\/\/www.notibras.com\/site\/wp-content\/uploads\/2015\/03\/eliastocadanielaugustojragcorinthians.jpg\",\"articleSection\":[\"Esportes\",\"Futebol\"],\"inLanguage\":\"pt-BR\",\"potentialAction\":[{\"@type\":\"CommentAction\",\"name\":\"Comment\",\"target\":[\"https:\/\/www.notibras.com\/site\/timao-derrota-san-lorenzo-e-lidera-grupo-na-libertadores\/#respond\"]}]},{\"@type\":\"WebPage\",\"@id\":\"https:\/\/www.notibras.com\/site\/timao-derrota-san-lorenzo-e-lidera-grupo-na-libertadores\/\",\"url\":\"https:\/\/www.notibras.com\/site\/timao-derrota-san-lorenzo-e-lidera-grupo-na-libertadores\/\",\"name\":\"Tim\u00e3o derrota San Lorenzo e lidera grupo na Libertadores - Notibras\",\"isPartOf\":{\"@id\":\"https:\/\/www.notibras.com\/site\/#website\"},\"primaryImageOfPage\":{\"@id\":\"https:\/\/www.notibras.com\/site\/timao-derrota-san-lorenzo-e-lidera-grupo-na-libertadores\/#primaryimage\"},\"image\":{\"@id\":\"https:\/\/www.notibras.com\/site\/timao-derrota-san-lorenzo-e-lidera-grupo-na-libertadores\/#primaryimage\"},\"thumbnailUrl\":\"https:\/\/www.notibras.com\/site\/wp-content\/uploads\/2015\/03\/eliastocadanielaugustojragcorinthians.jpg\",\"datePublished\":\"2015-03-05T02:30:50+00:00\",\"dateModified\":\"2015-03-05T03:33:22+00:00\",\"breadcrumb\":{\"@id\":\"https:\/\/www.notibras.com\/site\/timao-derrota-san-lorenzo-e-lidera-grupo-na-libertadores\/#breadcrumb\"},\"inLanguage\":\"pt-BR\",\"potentialAction\":[{\"@type\":\"ReadAction\",\"target\":[\"https:\/\/www.notibras.com\/site\/timao-derrota-san-lorenzo-e-lidera-grupo-na-libertadores\/\"]}]},{\"@type\":\"ImageObject\",\"inLanguage\":\"pt-BR\",\"@id\":\"https:\/\/www.notibras.com\/site\/timao-derrota-san-lorenzo-e-lidera-grupo-na-libertadores\/#primaryimage\",\"url\":\"https:\/\/www.notibras.com\/site\/wp-content\/uploads\/2015\/03\/eliastocadanielaugustojragcorinthians.jpg\",\"contentUrl\":\"https:\/\/www.notibras.com\/site\/wp-content\/uploads\/2015\/03\/eliastocadanielaugustojragcorinthians.jpg\",\"width\":460,\"height\":307},{\"@type\":\"BreadcrumbList\",\"@id\":\"https:\/\/www.notibras.com\/site\/timao-derrota-san-lorenzo-e-lidera-grupo-na-libertadores\/#breadcrumb\",\"itemListElement\":[{\"@type\":\"ListItem\",\"position\":1,\"name\":\"In\u00edcio\",\"item\":\"https:\/\/www.notibras.com\/site\/\"},{\"@type\":\"ListItem\",\"position\":2,\"name\":\"Tim\u00e3o derrota San Lorenzo e lidera grupo na Libertadores\"}]},{\"@type\":\"WebSite\",\"@id\":\"https:\/\/www.notibras.com\/site\/#website\",\"url\":\"https:\/\/www.notibras.com\/site\/\",\"name\":\"Notibras\",\"description\":\"Not\u00edcias de Bras\u00edlia, do Brasil e do Mundo\",\"publisher\":{\"@id\":\"https:\/\/www.notibras.com\/site\/#organization\"},\"potentialAction\":[{\"@type\":\"SearchAction\",\"target\":{\"@type\":\"EntryPoint\",\"urlTemplate\":\"https:\/\/www.notibras.com\/site\/?s={search_term_string}\"},\"query-input\":{\"@type\":\"PropertyValueSpecification\",\"valueRequired\":true,\"valueName\":\"search_term_string\"}}],\"inLanguage\":\"pt-BR\"},{\"@type\":\"Organization\",\"@id\":\"https:\/\/www.notibras.com\/site\/#organization\",\"name\":\"Grupo Notibras de Comunica\u00e7\u00e3o\",\"url\":\"https:\/\/www.notibras.com\/site\/\",\"logo\":{\"@type\":\"ImageObject\",\"inLanguage\":\"pt-BR\",\"@id\":\"https:\/\/www.notibras.com\/site\/#\/schema\/logo\/image\/\",\"url\":\"https:\/\/www.notibras.com\/site\/wp-content\/uploads\/2023\/01\/notibras23.png\",\"contentUrl\":\"https:\/\/www.notibras.com\/site\/wp-content\/uploads\/2023\/01\/notibras23.png\",\"width\":350,\"height\":87,\"caption\":\"Grupo Notibras de Comunica\u00e7\u00e3o\"},\"image\":{\"@id\":\"https:\/\/www.notibras.com\/site\/#\/schema\/logo\/image\/\"},\"sameAs\":[\"https:\/\/www.facebook.com\/notibras\/\",\"https:\/\/x.com\/Notibras\",\"https:\/\/www.instagram.com\/notibras\/\"]},{\"@type\":\"Person\",\"@id\":\"https:\/\/www.notibras.com\/site\/#\/schema\/person\/36ab0979449956132d3e5b517ea76ac8\",\"name\":\"Reda\u00e7\u00e3o\",\"image\":{\"@type\":\"ImageObject\",\"inLanguage\":\"pt-BR\",\"@id\":\"https:\/\/secure.gravatar.com\/avatar\/e0a867bdedb85fd243eadf09663511f96fc81e0720a4a42581f334ad4303aa6b?s=96&d=mm&r=g\",\"url\":\"https:\/\/secure.gravatar.com\/avatar\/e0a867bdedb85fd243eadf09663511f96fc81e0720a4a42581f334ad4303aa6b?s=96&d=mm&r=g\",\"contentUrl\":\"https:\/\/secure.gravatar.com\/avatar\/e0a867bdedb85fd243eadf09663511f96fc81e0720a4a42581f334ad4303aa6b?s=96&d=mm&r=g\",\"caption\":\"Reda\u00e7\u00e3o\"}}]}<\/script>\n<!-- \/ Yoast SEO plugin. -->","yoast_head_json":{"title":"Tim\u00e3o derrota San Lorenzo e lidera grupo na Libertadores - Notibras","robots":{"index":"index","follow":"follow","max-snippet":"max-snippet:-1","max-image-preview":"max-image-preview:large","max-video-preview":"max-video-preview:-1"},"canonical":"https:\/\/www.notibras.com\/site\/timao-derrota-san-lorenzo-e-lidera-grupo-na-libertadores\/","og_locale":"pt_BR","og_type":"article","og_title":"Tim\u00e3o derrota San Lorenzo e lidera grupo na Libertadores - Notibras","og_description":"Na primeira vit\u00f3ria dos brasileiros como visitantes na Copa Libertadores, quem fez a diferen\u00e7a mais uma vez foi Elias. Foi o que se viu na noite desta quarta-feira, no Nuevo Gasometro, onde o Corinthians ratificou seu \u00f3timo in\u00edcio de temporada e venceu o atual campe\u00e3o San Lorenzo por 1 a 0. Em est\u00e1dio vazio &#8211; [&hellip;]","og_url":"https:\/\/www.notibras.com\/site\/timao-derrota-san-lorenzo-e-lidera-grupo-na-libertadores\/","og_site_name":"Notibras","article_publisher":"https:\/\/www.facebook.com\/notibras\/","article_published_time":"2015-03-05T02:30:50+00:00","article_modified_time":"2015-03-05T03:33:22+00:00","og_image":[{"width":460,"height":307,"url":"https:\/\/www.notibras.com\/site\/wp-content\/uploads\/2015\/03\/eliastocadanielaugustojragcorinthians.jpg","type":"image\/jpeg"}],"author":"Reda\u00e7\u00e3o","twitter_card":"summary_large_image","twitter_creator":"@Notibras","twitter_site":"@Notibras","twitter_misc":{"Escrito por":"Reda\u00e7\u00e3o","Est. tempo de leitura":"2 minutos"},"schema":{"@context":"https:\/\/schema.org","@graph":[{"@type":"Article","@id":"https:\/\/www.notibras.com\/site\/timao-derrota-san-lorenzo-e-lidera-grupo-na-libertadores\/#article","isPartOf":{"@id":"https:\/\/www.notibras.com\/site\/timao-derrota-san-lorenzo-e-lidera-grupo-na-libertadores\/"},"author":{"name":"Reda\u00e7\u00e3o","@id":"https:\/\/www.notibras.com\/site\/#\/schema\/person\/36ab0979449956132d3e5b517ea76ac8"},"headline":"Tim\u00e3o derrota San Lorenzo e lidera grupo na Libertadores","datePublished":"2015-03-05T02:30:50+00:00","dateModified":"2015-03-05T03:33:22+00:00","mainEntityOfPage":{"@id":"https:\/\/www.notibras.com\/site\/timao-derrota-san-lorenzo-e-lidera-grupo-na-libertadores\/"},"wordCount":507,"commentCount":0,"publisher":{"@id":"https:\/\/www.notibras.com\/site\/#organization"},"image":{"@id":"https:\/\/www.notibras.com\/site\/timao-derrota-san-lorenzo-e-lidera-grupo-na-libertadores\/#primaryimage"},"thumbnailUrl":"https:\/\/www.notibras.com\/site\/wp-content\/uploads\/2015\/03\/eliastocadanielaugustojragcorinthians.jpg","articleSection":["Esportes","Futebol"],"inLanguage":"pt-BR","potentialAction":[{"@type":"CommentAction","name":"Comment","target":["https:\/\/www.notibras.com\/site\/timao-derrota-san-lorenzo-e-lidera-grupo-na-libertadores\/#respond"]}]},{"@type":"WebPage","@id":"https:\/\/www.notibras.com\/site\/timao-derrota-san-lorenzo-e-lidera-grupo-na-libertadores\/","url":"https:\/\/www.notibras.com\/site\/timao-derrota-san-lorenzo-e-lidera-grupo-na-libertadores\/","name":"Tim\u00e3o derrota San Lorenzo e lidera grupo na Libertadores - Notibras","isPartOf":{"@id":"https:\/\/www.notibras.com\/site\/#website"},"primaryImageOfPage":{"@id":"https:\/\/www.notibras.com\/site\/timao-derrota-san-lorenzo-e-lidera-grupo-na-libertadores\/#primaryimage"},"image":{"@id":"https:\/\/www.notibras.com\/site\/timao-derrota-san-lorenzo-e-lidera-grupo-na-libertadores\/#primaryimage"},"thumbnailUrl":"https:\/\/www.notibras.com\/site\/wp-content\/uploads\/2015\/03\/eliastocadanielaugustojragcorinthians.jpg","datePublished":"2015-03-05T02:30:50+00:00","dateModified":"2015-03-05T03:33:22+00:00","breadcrumb":{"@id":"https:\/\/www.notibras.com\/site\/timao-derrota-san-lorenzo-e-lidera-grupo-na-libertadores\/#breadcrumb"},"inLanguage":"pt-BR","potentialAction":[{"@type":"ReadAction","target":["https:\/\/www.notibras.com\/site\/timao-derrota-san-lorenzo-e-lidera-grupo-na-libertadores\/"]}]},{"@type":"ImageObject","inLanguage":"pt-BR","@id":"https:\/\/www.notibras.com\/site\/timao-derrota-san-lorenzo-e-lidera-grupo-na-libertadores\/#primaryimage","url":"https:\/\/www.notibras.com\/site\/wp-content\/uploads\/2015\/03\/eliastocadanielaugustojragcorinthians.jpg","contentUrl":"https:\/\/www.notibras.com\/site\/wp-content\/uploads\/2015\/03\/eliastocadanielaugustojragcorinthians.jpg","width":460,"height":307},{"@type":"BreadcrumbList","@id":"https:\/\/www.notibras.com\/site\/timao-derrota-san-lorenzo-e-lidera-grupo-na-libertadores\/#breadcrumb","itemListElement":[{"@type":"ListItem","position":1,"name":"In\u00edcio","item":"https:\/\/www.notibras.com\/site\/"},{"@type":"ListItem","position":2,"name":"Tim\u00e3o derrota San Lorenzo e lidera grupo na Libertadores"}]},{"@type":"WebSite","@id":"https:\/\/www.notibras.com\/site\/#website","url":"https:\/\/www.notibras.com\/site\/","name":"Notibras","description":"Not\u00edcias de Bras\u00edlia, do Brasil e do Mundo","publisher":{"@id":"https:\/\/www.notibras.com\/site\/#organization"},"potentialAction":[{"@type":"SearchAction","target":{"@type":"EntryPoint","urlTemplate":"https:\/\/www.notibras.com\/site\/?s={search_term_string}"},"query-input":{"@type":"PropertyValueSpecification","valueRequired":true,"valueName":"search_term_string"}}],"inLanguage":"pt-BR"},{"@type":"Organization","@id":"https:\/\/www.notibras.com\/site\/#organization","name":"Grupo Notibras de Comunica\u00e7\u00e3o","url":"https:\/\/www.notibras.com\/site\/","logo":{"@type":"ImageObject","inLanguage":"pt-BR","@id":"https:\/\/www.notibras.com\/site\/#\/schema\/logo\/image\/","url":"https:\/\/www.notibras.com\/site\/wp-content\/uploads\/2023\/01\/notibras23.png","contentUrl":"https:\/\/www.notibras.com\/site\/wp-content\/uploads\/2023\/01\/notibras23.png","width":350,"height":87,"caption":"Grupo Notibras de Comunica\u00e7\u00e3o"},"image":{"@id":"https:\/\/www.notibras.com\/site\/#\/schema\/logo\/image\/"},"sameAs":["https:\/\/www.facebook.com\/notibras\/","https:\/\/x.com\/Notibras","https:\/\/www.instagram.com\/notibras\/"]},{"@type":"Person","@id":"https:\/\/www.notibras.com\/site\/#\/schema\/person\/36ab0979449956132d3e5b517ea76ac8","name":"Reda\u00e7\u00e3o","image":{"@type":"ImageObject","inLanguage":"pt-BR","@id":"https:\/\/secure.gravatar.com\/avatar\/e0a867bdedb85fd243eadf09663511f96fc81e0720a4a42581f334ad4303aa6b?s=96&d=mm&r=g","url":"https:\/\/secure.gravatar.com\/avatar\/e0a867bdedb85fd243eadf09663511f96fc81e0720a4a42581f334ad4303aa6b?s=96&d=mm&r=g","contentUrl":"https:\/\/secure.gravatar.com\/avatar\/e0a867bdedb85fd243eadf09663511f96fc81e0720a4a42581f334ad4303aa6b?s=96&d=mm&r=g","caption":"Reda\u00e7\u00e3o"}}]}},"amp_enabled":true,"_links":{"self":[{"href":"https:\/\/www.notibras.com\/site\/wp-json\/wp\/v2\/posts\/38894","targetHints":{"allow":["GET"]}}],"collection":[{"href":"https:\/\/www.notibras.com\/site\/wp-json\/wp\/v2\/posts"}],"about":[{"href":"https:\/\/www.notibras.com\/site\/wp-json\/wp\/v2\/types\/post"}],"author":[{"embeddable":true,"href":"https:\/\/www.notibras.com\/site\/wp-json\/wp\/v2\/users\/2"}],"replies":[{"embeddable":true,"href":"https:\/\/www.notibras.com\/site\/wp-json\/wp\/v2\/comments?post=38894"}],"version-history":[{"count":0,"href":"https:\/\/www.notibras.com\/site\/wp-json\/wp\/v2\/posts\/38894\/revisions"}],"wp:featuredmedia":[{"embeddable":true,"href":"https:\/\/www.notibras.com\/site\/wp-json\/wp\/v2\/media\/38895"}],"wp:attachment":[{"href":"https:\/\/www.notibras.com\/site\/wp-json\/wp\/v2\/media?parent=38894"}],"wp:term":[{"taxonomy":"category","embeddable":true,"href":"https:\/\/www.notibras.com\/site\/wp-json\/wp\/v2\/categories?post=38894"},{"taxonomy":"post_tag","embeddable":true,"href":"https:\/\/www.notibras.com\/site\/wp-json\/wp\/v2\/tags?post=38894"}],"curies":[{"name":"wp","href":"https:\/\/api.w.org\/{rel}","templated":true}]}}