{"id":39150,"date":"2015-03-07T14:10:57","date_gmt":"2015-03-07T17:10:57","guid":{"rendered":"http:\/\/www.notibras.com\/site\/?p=39150"},"modified":"2015-03-07T14:10:57","modified_gmt":"2015-03-07T17:10:57","slug":"brasilia-aos-55-anos-e-uma-ilha-da-fantasia-cercada-por-favelas","status":"publish","type":"post","link":"https:\/\/www.notibras.com\/site\/brasilia-aos-55-anos-e-uma-ilha-da-fantasia-cercada-por-favelas\/","title":{"rendered":"Bras\u00edlia, aos 55 anos, \u00e9 uma ilha da fantasia cercada por favelas"},"content":{"rendered":"<p>Estudos de uma consultoria norte-americana, a Mercer, coloca Bras\u00edlia, patrim\u00f4nio cultural da humanidade, como a melhor cidade brasileira em qualidade de vida. No ranking mundial, Bras\u00edlia det\u00e9m a 107\u00aa posi\u00e7\u00e3o entre 230 metr\u00f3poles ao redor do mundo. \u00a0Nesse estudo, foram levados em conta, somente, o ambiente econ\u00f4mico, o sociocultural, a educa\u00e7\u00e3o, os servi\u00e7os de sa\u00fade, o transporte p\u00fablico e a preserva\u00e7\u00e3o ambiental das asas e dos lagos Norte e Sul.<\/p>\n<p>Ter esse cen\u00e1rio como verdadeiro seria avaliar o im\u00f3vel conhecendo apenas a sala de estar. A maioria da popula\u00e7\u00e3o do Distrito Federal est\u00e1 espalhada pelas regi\u00f5es administrativas, distantes do Plano Piloto e da capital do Brasil entre 20 e 50 km. E nelas, a realidade chega a ser outra, \u00e0s vezes completamente diferente das asas e dos bairros lagos Norte e Sul.<\/p>\n<blockquote><p>Neste ano de 2015, a capital dos brasileiros completar\u00e1 55 anos. Ponto de encontro de pessoas de todas as partes do mundo, a regi\u00e3o que circunda Bras\u00edlia, enfrenta s\u00e9rios e graves problemas urbanos, na oferta de servi\u00e7os p\u00fablicos, na estrutura fundi\u00e1ria, na preserva\u00e7\u00e3o do patrim\u00f4nio ambiental entre outras dificuldades que afetam milhares de vida. N\u00e3o bastasse, o DF est\u00e1 exposto, tamb\u00e9m, ao vandalismo dos grileiros de terra e \u00e0 especula\u00e7\u00e3o imobili\u00e1ria.<\/p><\/blockquote>\n<p>A presta\u00e7\u00e3o de servi\u00e7os como sa\u00fade, educa\u00e7\u00e3o e transporte p\u00fablico nem de longe oferecem uma qualidade de vida aos moradores das Regi\u00f5es Administrativas. Em muitos casos, o cidad\u00e3o tem que contar com a sorte para ter bom atendimento. Eliminar os fossos sociais e econ\u00f4micos que existem em Bras\u00edlia seria um ganho enorme e faria dela, realmente, o melhor lugar do pa\u00eds para se viver. Um desafio para governo e sociedade de agora e do futuro.<\/p>\n<p><a title=\"Este link externo ir\u00e1 abrir em nova janela\" href=\"http:\/\/conversascomjoaomoura.blogspot.com\/2015\/03\/brasilia-tao-cheia-de-vida-e-de.html\" target=\"_blank\">Blog do Jo\u00e3o Moura<\/a><\/p>\n","protected":false},"excerpt":{"rendered":"<p>Estudos de uma consultoria norte-americana, a Mercer, coloca Bras\u00edlia, patrim\u00f4nio cultural da humanidade, como a melhor cidade brasileira em qualidade de vida. No ranking mundial, Bras\u00edlia det\u00e9m a 107\u00aa posi\u00e7\u00e3o entre 230 metr\u00f3poles ao redor do mundo. \u00a0Nesse estudo, foram levados em conta, somente, o ambiente econ\u00f4mico, o sociocultural, a educa\u00e7\u00e3o, os servi\u00e7os de sa\u00fade, [&hellip;]<\/p>\n","protected":false},"author":2,"featured_media":39151,"comment_status":"open","ping_status":"closed","sticky":false,"template":"","format":"standard","meta":{"_acf_changed":false,"footnotes":""},"categories":[25],"tags":[],"class_list":["post-39150","post","type-post","status-publish","format-standard","has-post-thumbnail","hentry","category-opina-ai"],"acf":[],"yoast_head":"<!-- This site is optimized with the Yoast SEO plugin v27.2 - https:\/\/yoast.com\/product\/yoast-seo-wordpress\/ -->\n<title>Bras\u00edlia, aos 55 anos, \u00e9 uma ilha da fantasia cercada por favelas - Notibras<\/title>\n<meta name=\"robots\" content=\"index, follow, max-snippet:-1, max-image-preview:large, max-video-preview:-1\" \/>\n<link rel=\"canonical\" href=\"https:\/\/www.notibras.com\/site\/brasilia-aos-55-anos-e-uma-ilha-da-fantasia-cercada-por-favelas\/\" \/>\n<meta property=\"og:locale\" content=\"pt_BR\" \/>\n<meta property=\"og:type\" content=\"article\" \/>\n<meta property=\"og:title\" content=\"Bras\u00edlia, aos 55 anos, \u00e9 uma ilha da fantasia cercada por favelas - Notibras\" \/>\n<meta property=\"og:description\" content=\"Estudos de uma consultoria norte-americana, a Mercer, coloca Bras\u00edlia, patrim\u00f4nio cultural da humanidade, como a melhor cidade brasileira em qualidade de vida. No ranking mundial, Bras\u00edlia det\u00e9m a 107\u00aa posi\u00e7\u00e3o entre 230 metr\u00f3poles ao redor do mundo. \u00a0Nesse estudo, foram levados em conta, somente, o ambiente econ\u00f4mico, o sociocultural, a educa\u00e7\u00e3o, os servi\u00e7os de sa\u00fade, [&hellip;]\" \/>\n<meta property=\"og:url\" content=\"https:\/\/www.notibras.com\/site\/brasilia-aos-55-anos-e-uma-ilha-da-fantasia-cercada-por-favelas\/\" \/>\n<meta property=\"og:site_name\" content=\"Notibras\" \/>\n<meta property=\"article:publisher\" content=\"https:\/\/www.facebook.com\/notibras\/\" \/>\n<meta property=\"article:published_time\" content=\"2015-03-07T17:10:57+00:00\" \/>\n<meta property=\"og:image\" content=\"https:\/\/www.notibras.com\/site\/wp-content\/uploads\/2015\/03\/favela-brasilia.gif\" \/>\n\t<meta property=\"og:image:width\" content=\"640\" \/>\n\t<meta property=\"og:image:height\" content=\"425\" \/>\n\t<meta property=\"og:image:type\" content=\"image\/gif\" \/>\n<meta name=\"author\" content=\"Reda\u00e7\u00e3o\" \/>\n<meta name=\"twitter:card\" content=\"summary_large_image\" \/>\n<meta name=\"twitter:creator\" content=\"@Notibras\" \/>\n<meta name=\"twitter:site\" content=\"@Notibras\" \/>\n<meta name=\"twitter:label1\" content=\"Escrito por\" \/>\n\t<meta name=\"twitter:data1\" content=\"Reda\u00e7\u00e3o\" \/>\n\t<meta name=\"twitter:label2\" content=\"Est. tempo de leitura\" \/>\n\t<meta name=\"twitter:data2\" content=\"2 minutos\" \/>\n<script type=\"application\/ld+json\" class=\"yoast-schema-graph\">{\"@context\":\"https:\/\/schema.org\",\"@graph\":[{\"@type\":\"Article\",\"@id\":\"https:\/\/www.notibras.com\/site\/brasilia-aos-55-anos-e-uma-ilha-da-fantasia-cercada-por-favelas\/#article\",\"isPartOf\":{\"@id\":\"https:\/\/www.notibras.com\/site\/brasilia-aos-55-anos-e-uma-ilha-da-fantasia-cercada-por-favelas\/\"},\"author\":{\"name\":\"Reda\u00e7\u00e3o\",\"@id\":\"https:\/\/www.notibras.com\/site\/#\/schema\/person\/36ab0979449956132d3e5b517ea76ac8\"},\"headline\":\"Bras\u00edlia, aos 55 anos, \u00e9 uma ilha da fantasia cercada por favelas\",\"datePublished\":\"2015-03-07T17:10:57+00:00\",\"mainEntityOfPage\":{\"@id\":\"https:\/\/www.notibras.com\/site\/brasilia-aos-55-anos-e-uma-ilha-da-fantasia-cercada-por-favelas\/\"},\"wordCount\":325,\"commentCount\":0,\"publisher\":{\"@id\":\"https:\/\/www.notibras.com\/site\/#organization\"},\"image\":{\"@id\":\"https:\/\/www.notibras.com\/site\/brasilia-aos-55-anos-e-uma-ilha-da-fantasia-cercada-por-favelas\/#primaryimage\"},\"thumbnailUrl\":\"https:\/\/www.notibras.com\/site\/wp-content\/uploads\/2015\/03\/favela-brasilia.gif\",\"articleSection\":[\"Opina a\u00ed\"],\"inLanguage\":\"pt-BR\",\"potentialAction\":[{\"@type\":\"CommentAction\",\"name\":\"Comment\",\"target\":[\"https:\/\/www.notibras.com\/site\/brasilia-aos-55-anos-e-uma-ilha-da-fantasia-cercada-por-favelas\/#respond\"]}]},{\"@type\":\"WebPage\",\"@id\":\"https:\/\/www.notibras.com\/site\/brasilia-aos-55-anos-e-uma-ilha-da-fantasia-cercada-por-favelas\/\",\"url\":\"https:\/\/www.notibras.com\/site\/brasilia-aos-55-anos-e-uma-ilha-da-fantasia-cercada-por-favelas\/\",\"name\":\"Bras\u00edlia, aos 55 anos, \u00e9 uma ilha da fantasia cercada por favelas - Notibras\",\"isPartOf\":{\"@id\":\"https:\/\/www.notibras.com\/site\/#website\"},\"primaryImageOfPage\":{\"@id\":\"https:\/\/www.notibras.com\/site\/brasilia-aos-55-anos-e-uma-ilha-da-fantasia-cercada-por-favelas\/#primaryimage\"},\"image\":{\"@id\":\"https:\/\/www.notibras.com\/site\/brasilia-aos-55-anos-e-uma-ilha-da-fantasia-cercada-por-favelas\/#primaryimage\"},\"thumbnailUrl\":\"https:\/\/www.notibras.com\/site\/wp-content\/uploads\/2015\/03\/favela-brasilia.gif\",\"datePublished\":\"2015-03-07T17:10:57+00:00\",\"breadcrumb\":{\"@id\":\"https:\/\/www.notibras.com\/site\/brasilia-aos-55-anos-e-uma-ilha-da-fantasia-cercada-por-favelas\/#breadcrumb\"},\"inLanguage\":\"pt-BR\",\"potentialAction\":[{\"@type\":\"ReadAction\",\"target\":[\"https:\/\/www.notibras.com\/site\/brasilia-aos-55-anos-e-uma-ilha-da-fantasia-cercada-por-favelas\/\"]}]},{\"@type\":\"ImageObject\",\"inLanguage\":\"pt-BR\",\"@id\":\"https:\/\/www.notibras.com\/site\/brasilia-aos-55-anos-e-uma-ilha-da-fantasia-cercada-por-favelas\/#primaryimage\",\"url\":\"https:\/\/www.notibras.com\/site\/wp-content\/uploads\/2015\/03\/favela-brasilia.gif\",\"contentUrl\":\"https:\/\/www.notibras.com\/site\/wp-content\/uploads\/2015\/03\/favela-brasilia.gif\",\"width\":640,\"height\":425},{\"@type\":\"BreadcrumbList\",\"@id\":\"https:\/\/www.notibras.com\/site\/brasilia-aos-55-anos-e-uma-ilha-da-fantasia-cercada-por-favelas\/#breadcrumb\",\"itemListElement\":[{\"@type\":\"ListItem\",\"position\":1,\"name\":\"In\u00edcio\",\"item\":\"https:\/\/www.notibras.com\/site\/\"},{\"@type\":\"ListItem\",\"position\":2,\"name\":\"Bras\u00edlia, aos 55 anos, \u00e9 uma ilha da fantasia cercada por favelas\"}]},{\"@type\":\"WebSite\",\"@id\":\"https:\/\/www.notibras.com\/site\/#website\",\"url\":\"https:\/\/www.notibras.com\/site\/\",\"name\":\"Notibras\",\"description\":\"Not\u00edcias de Bras\u00edlia, do Brasil e do Mundo\",\"publisher\":{\"@id\":\"https:\/\/www.notibras.com\/site\/#organization\"},\"potentialAction\":[{\"@type\":\"SearchAction\",\"target\":{\"@type\":\"EntryPoint\",\"urlTemplate\":\"https:\/\/www.notibras.com\/site\/?s={search_term_string}\"},\"query-input\":{\"@type\":\"PropertyValueSpecification\",\"valueRequired\":true,\"valueName\":\"search_term_string\"}}],\"inLanguage\":\"pt-BR\"},{\"@type\":\"Organization\",\"@id\":\"https:\/\/www.notibras.com\/site\/#organization\",\"name\":\"Grupo Notibras de Comunica\u00e7\u00e3o\",\"url\":\"https:\/\/www.notibras.com\/site\/\",\"logo\":{\"@type\":\"ImageObject\",\"inLanguage\":\"pt-BR\",\"@id\":\"https:\/\/www.notibras.com\/site\/#\/schema\/logo\/image\/\",\"url\":\"https:\/\/www.notibras.com\/site\/wp-content\/uploads\/2023\/01\/notibras23.png\",\"contentUrl\":\"https:\/\/www.notibras.com\/site\/wp-content\/uploads\/2023\/01\/notibras23.png\",\"width\":350,\"height\":87,\"caption\":\"Grupo Notibras de Comunica\u00e7\u00e3o\"},\"image\":{\"@id\":\"https:\/\/www.notibras.com\/site\/#\/schema\/logo\/image\/\"},\"sameAs\":[\"https:\/\/www.facebook.com\/notibras\/\",\"https:\/\/x.com\/Notibras\",\"https:\/\/www.instagram.com\/notibras\/\"]},{\"@type\":\"Person\",\"@id\":\"https:\/\/www.notibras.com\/site\/#\/schema\/person\/36ab0979449956132d3e5b517ea76ac8\",\"name\":\"Reda\u00e7\u00e3o\",\"image\":{\"@type\":\"ImageObject\",\"inLanguage\":\"pt-BR\",\"@id\":\"https:\/\/secure.gravatar.com\/avatar\/e0a867bdedb85fd243eadf09663511f96fc81e0720a4a42581f334ad4303aa6b?s=96&d=mm&r=g\",\"url\":\"https:\/\/secure.gravatar.com\/avatar\/e0a867bdedb85fd243eadf09663511f96fc81e0720a4a42581f334ad4303aa6b?s=96&d=mm&r=g\",\"contentUrl\":\"https:\/\/secure.gravatar.com\/avatar\/e0a867bdedb85fd243eadf09663511f96fc81e0720a4a42581f334ad4303aa6b?s=96&d=mm&r=g\",\"caption\":\"Reda\u00e7\u00e3o\"}}]}<\/script>\n<!-- \/ Yoast SEO plugin. -->","yoast_head_json":{"title":"Bras\u00edlia, aos 55 anos, \u00e9 uma ilha da fantasia cercada por favelas - Notibras","robots":{"index":"index","follow":"follow","max-snippet":"max-snippet:-1","max-image-preview":"max-image-preview:large","max-video-preview":"max-video-preview:-1"},"canonical":"https:\/\/www.notibras.com\/site\/brasilia-aos-55-anos-e-uma-ilha-da-fantasia-cercada-por-favelas\/","og_locale":"pt_BR","og_type":"article","og_title":"Bras\u00edlia, aos 55 anos, \u00e9 uma ilha da fantasia cercada por favelas - Notibras","og_description":"Estudos de uma consultoria norte-americana, a Mercer, coloca Bras\u00edlia, patrim\u00f4nio cultural da humanidade, como a melhor cidade brasileira em qualidade de vida. No ranking mundial, Bras\u00edlia det\u00e9m a 107\u00aa posi\u00e7\u00e3o entre 230 metr\u00f3poles ao redor do mundo. \u00a0Nesse estudo, foram levados em conta, somente, o ambiente econ\u00f4mico, o sociocultural, a educa\u00e7\u00e3o, os servi\u00e7os de sa\u00fade, [&hellip;]","og_url":"https:\/\/www.notibras.com\/site\/brasilia-aos-55-anos-e-uma-ilha-da-fantasia-cercada-por-favelas\/","og_site_name":"Notibras","article_publisher":"https:\/\/www.facebook.com\/notibras\/","article_published_time":"2015-03-07T17:10:57+00:00","og_image":[{"width":640,"height":425,"url":"https:\/\/www.notibras.com\/site\/wp-content\/uploads\/2015\/03\/favela-brasilia.gif","type":"image\/gif"}],"author":"Reda\u00e7\u00e3o","twitter_card":"summary_large_image","twitter_creator":"@Notibras","twitter_site":"@Notibras","twitter_misc":{"Escrito por":"Reda\u00e7\u00e3o","Est. tempo de leitura":"2 minutos"},"schema":{"@context":"https:\/\/schema.org","@graph":[{"@type":"Article","@id":"https:\/\/www.notibras.com\/site\/brasilia-aos-55-anos-e-uma-ilha-da-fantasia-cercada-por-favelas\/#article","isPartOf":{"@id":"https:\/\/www.notibras.com\/site\/brasilia-aos-55-anos-e-uma-ilha-da-fantasia-cercada-por-favelas\/"},"author":{"name":"Reda\u00e7\u00e3o","@id":"https:\/\/www.notibras.com\/site\/#\/schema\/person\/36ab0979449956132d3e5b517ea76ac8"},"headline":"Bras\u00edlia, aos 55 anos, \u00e9 uma ilha da fantasia cercada por favelas","datePublished":"2015-03-07T17:10:57+00:00","mainEntityOfPage":{"@id":"https:\/\/www.notibras.com\/site\/brasilia-aos-55-anos-e-uma-ilha-da-fantasia-cercada-por-favelas\/"},"wordCount":325,"commentCount":0,"publisher":{"@id":"https:\/\/www.notibras.com\/site\/#organization"},"image":{"@id":"https:\/\/www.notibras.com\/site\/brasilia-aos-55-anos-e-uma-ilha-da-fantasia-cercada-por-favelas\/#primaryimage"},"thumbnailUrl":"https:\/\/www.notibras.com\/site\/wp-content\/uploads\/2015\/03\/favela-brasilia.gif","articleSection":["Opina a\u00ed"],"inLanguage":"pt-BR","potentialAction":[{"@type":"CommentAction","name":"Comment","target":["https:\/\/www.notibras.com\/site\/brasilia-aos-55-anos-e-uma-ilha-da-fantasia-cercada-por-favelas\/#respond"]}]},{"@type":"WebPage","@id":"https:\/\/www.notibras.com\/site\/brasilia-aos-55-anos-e-uma-ilha-da-fantasia-cercada-por-favelas\/","url":"https:\/\/www.notibras.com\/site\/brasilia-aos-55-anos-e-uma-ilha-da-fantasia-cercada-por-favelas\/","name":"Bras\u00edlia, aos 55 anos, \u00e9 uma ilha da fantasia cercada por favelas - Notibras","isPartOf":{"@id":"https:\/\/www.notibras.com\/site\/#website"},"primaryImageOfPage":{"@id":"https:\/\/www.notibras.com\/site\/brasilia-aos-55-anos-e-uma-ilha-da-fantasia-cercada-por-favelas\/#primaryimage"},"image":{"@id":"https:\/\/www.notibras.com\/site\/brasilia-aos-55-anos-e-uma-ilha-da-fantasia-cercada-por-favelas\/#primaryimage"},"thumbnailUrl":"https:\/\/www.notibras.com\/site\/wp-content\/uploads\/2015\/03\/favela-brasilia.gif","datePublished":"2015-03-07T17:10:57+00:00","breadcrumb":{"@id":"https:\/\/www.notibras.com\/site\/brasilia-aos-55-anos-e-uma-ilha-da-fantasia-cercada-por-favelas\/#breadcrumb"},"inLanguage":"pt-BR","potentialAction":[{"@type":"ReadAction","target":["https:\/\/www.notibras.com\/site\/brasilia-aos-55-anos-e-uma-ilha-da-fantasia-cercada-por-favelas\/"]}]},{"@type":"ImageObject","inLanguage":"pt-BR","@id":"https:\/\/www.notibras.com\/site\/brasilia-aos-55-anos-e-uma-ilha-da-fantasia-cercada-por-favelas\/#primaryimage","url":"https:\/\/www.notibras.com\/site\/wp-content\/uploads\/2015\/03\/favela-brasilia.gif","contentUrl":"https:\/\/www.notibras.com\/site\/wp-content\/uploads\/2015\/03\/favela-brasilia.gif","width":640,"height":425},{"@type":"BreadcrumbList","@id":"https:\/\/www.notibras.com\/site\/brasilia-aos-55-anos-e-uma-ilha-da-fantasia-cercada-por-favelas\/#breadcrumb","itemListElement":[{"@type":"ListItem","position":1,"name":"In\u00edcio","item":"https:\/\/www.notibras.com\/site\/"},{"@type":"ListItem","position":2,"name":"Bras\u00edlia, aos 55 anos, \u00e9 uma ilha da fantasia cercada por favelas"}]},{"@type":"WebSite","@id":"https:\/\/www.notibras.com\/site\/#website","url":"https:\/\/www.notibras.com\/site\/","name":"Notibras","description":"Not\u00edcias de Bras\u00edlia, do Brasil e do Mundo","publisher":{"@id":"https:\/\/www.notibras.com\/site\/#organization"},"potentialAction":[{"@type":"SearchAction","target":{"@type":"EntryPoint","urlTemplate":"https:\/\/www.notibras.com\/site\/?s={search_term_string}"},"query-input":{"@type":"PropertyValueSpecification","valueRequired":true,"valueName":"search_term_string"}}],"inLanguage":"pt-BR"},{"@type":"Organization","@id":"https:\/\/www.notibras.com\/site\/#organization","name":"Grupo Notibras de Comunica\u00e7\u00e3o","url":"https:\/\/www.notibras.com\/site\/","logo":{"@type":"ImageObject","inLanguage":"pt-BR","@id":"https:\/\/www.notibras.com\/site\/#\/schema\/logo\/image\/","url":"https:\/\/www.notibras.com\/site\/wp-content\/uploads\/2023\/01\/notibras23.png","contentUrl":"https:\/\/www.notibras.com\/site\/wp-content\/uploads\/2023\/01\/notibras23.png","width":350,"height":87,"caption":"Grupo Notibras de Comunica\u00e7\u00e3o"},"image":{"@id":"https:\/\/www.notibras.com\/site\/#\/schema\/logo\/image\/"},"sameAs":["https:\/\/www.facebook.com\/notibras\/","https:\/\/x.com\/Notibras","https:\/\/www.instagram.com\/notibras\/"]},{"@type":"Person","@id":"https:\/\/www.notibras.com\/site\/#\/schema\/person\/36ab0979449956132d3e5b517ea76ac8","name":"Reda\u00e7\u00e3o","image":{"@type":"ImageObject","inLanguage":"pt-BR","@id":"https:\/\/secure.gravatar.com\/avatar\/e0a867bdedb85fd243eadf09663511f96fc81e0720a4a42581f334ad4303aa6b?s=96&d=mm&r=g","url":"https:\/\/secure.gravatar.com\/avatar\/e0a867bdedb85fd243eadf09663511f96fc81e0720a4a42581f334ad4303aa6b?s=96&d=mm&r=g","contentUrl":"https:\/\/secure.gravatar.com\/avatar\/e0a867bdedb85fd243eadf09663511f96fc81e0720a4a42581f334ad4303aa6b?s=96&d=mm&r=g","caption":"Reda\u00e7\u00e3o"}}]}},"amp_enabled":true,"_links":{"self":[{"href":"https:\/\/www.notibras.com\/site\/wp-json\/wp\/v2\/posts\/39150","targetHints":{"allow":["GET"]}}],"collection":[{"href":"https:\/\/www.notibras.com\/site\/wp-json\/wp\/v2\/posts"}],"about":[{"href":"https:\/\/www.notibras.com\/site\/wp-json\/wp\/v2\/types\/post"}],"author":[{"embeddable":true,"href":"https:\/\/www.notibras.com\/site\/wp-json\/wp\/v2\/users\/2"}],"replies":[{"embeddable":true,"href":"https:\/\/www.notibras.com\/site\/wp-json\/wp\/v2\/comments?post=39150"}],"version-history":[{"count":0,"href":"https:\/\/www.notibras.com\/site\/wp-json\/wp\/v2\/posts\/39150\/revisions"}],"wp:featuredmedia":[{"embeddable":true,"href":"https:\/\/www.notibras.com\/site\/wp-json\/wp\/v2\/media\/39151"}],"wp:attachment":[{"href":"https:\/\/www.notibras.com\/site\/wp-json\/wp\/v2\/media?parent=39150"}],"wp:term":[{"taxonomy":"category","embeddable":true,"href":"https:\/\/www.notibras.com\/site\/wp-json\/wp\/v2\/categories?post=39150"},{"taxonomy":"post_tag","embeddable":true,"href":"https:\/\/www.notibras.com\/site\/wp-json\/wp\/v2\/tags?post=39150"}],"curies":[{"name":"wp","href":"https:\/\/api.w.org\/{rel}","templated":true}]}}