{"id":39153,"date":"2015-03-07T18:25:33","date_gmt":"2015-03-07T21:25:33","guid":{"rendered":"http:\/\/www.notibras.com\/site\/?p=39153"},"modified":"2015-03-07T18:25:33","modified_gmt":"2015-03-07T21:25:33","slug":"fla-passa-pelo-friburguense-com-dois-do-artilheiro-cirino","status":"publish","type":"post","link":"https:\/\/www.notibras.com\/site\/fla-passa-pelo-friburguense-com-dois-do-artilheiro-cirino\/","title":{"rendered":"Fla passa pelo Friburguense com dois do artilheiro Cirino"},"content":{"rendered":"<p>O Flamengo se recuperou da derrota para o Botafogo e voltou ao G4 do Campeonato Carioca. Al\u00e9m disso, o atacante Marcelo Cirino assumiu a artilharia da competi\u00e7\u00e3o ao marcar os gols da vit\u00f3ria por 2 a 0 sobre o Friburguense, neste s\u00e1bado, no Engenh\u00e3o. Ele j\u00e1 tem sete gols, contra 5 de Fred, do Fluminense.<\/p>\n<p>Com 17 pontos, o Flamengo est\u00e1 na 2\u00aa posi\u00e7\u00e3o e enfrenta na pr\u00f3xima rodada o Volta Redonda, quarta-feira, \u00e0s 22h, no Maracan\u00e3. J\u00e1 a equipe da Regi\u00e3o Serrana segue com oito pontos e recebe o Madureira, quinta-feira, \u00e0s 19h30, no Eduardo Guinle.<\/p>\n<p>Na primeira partida ap\u00f3s a despedida do ex-capit\u00e3o L\u00e9o Moura, o zagueiro Wallace assumiu a bra\u00e7adeira e viu o time sair na frente logo no in\u00edcio. Aos 6min, Par\u00e1 conseguiu belo cruzamento para Marcelo Cirino. O camisa 7 teve tranquilidade e marcou o primeiro gol.<\/p>\n<blockquote><p>Apesar da vantagem, o Rubro-negro n\u00e3o abriu m\u00e3o de atacar. Com o Friburguense sem for\u00e7a ofensiva, o Flamengo usou mais uma vez a velocidade e ampliou o placar. Aos 31min, Marcelo Cirino recebeu passe de Gabriel na medida e assumiu a artilharia do Campeonato Carioca ao fazer o seu sexto gol.<\/p><\/blockquote>\n<p>O panorama n\u00e3o mudou no segundo tempo. Logo aos 3min, Eduardo da Silva ajeitou e Marcelo Cirino acertou uma bomba na trave. Em noite inspirada, o atacante deixou o gramado aplaudido aos 15min para dar lugar a Alecsandro. O camisa 7 pediu para sair por conta do desgaste f\u00edsico. Sem o artilheiro, o Flamengo puxou o freio de m\u00e3o e apenas garantiu o retorno ao G4 do Campeonato Carioca.<\/p>\n","protected":false},"excerpt":{"rendered":"<p>O Flamengo se recuperou da derrota para o Botafogo e voltou ao G4 do Campeonato Carioca. Al\u00e9m disso, o atacante Marcelo Cirino assumiu a artilharia da competi\u00e7\u00e3o ao marcar os gols da vit\u00f3ria por 2 a 0 sobre o Friburguense, neste s\u00e1bado, no Engenh\u00e3o. Ele j\u00e1 tem sete gols, contra 5 de Fred, do Fluminense. [&hellip;]<\/p>\n","protected":false},"author":2,"featured_media":39154,"comment_status":"open","ping_status":"closed","sticky":false,"template":"","format":"standard","meta":{"_acf_changed":false,"footnotes":""},"categories":[19,29],"tags":[],"class_list":["post-39153","post","type-post","status-publish","format-standard","has-post-thumbnail","hentry","category-esportes","category-futebol"],"acf":[],"yoast_head":"<!-- This site is optimized with the Yoast SEO plugin v27.2 - https:\/\/yoast.com\/product\/yoast-seo-wordpress\/ -->\n<title>Fla passa pelo Friburguense com dois do artilheiro Cirino - Notibras<\/title>\n<meta name=\"robots\" content=\"index, follow, max-snippet:-1, max-image-preview:large, max-video-preview:-1\" \/>\n<link rel=\"canonical\" href=\"https:\/\/www.notibras.com\/site\/fla-passa-pelo-friburguense-com-dois-do-artilheiro-cirino\/\" \/>\n<meta property=\"og:locale\" content=\"pt_BR\" \/>\n<meta property=\"og:type\" content=\"article\" \/>\n<meta property=\"og:title\" content=\"Fla passa pelo Friburguense com dois do artilheiro Cirino - Notibras\" \/>\n<meta property=\"og:description\" content=\"O Flamengo se recuperou da derrota para o Botafogo e voltou ao G4 do Campeonato Carioca. Al\u00e9m disso, o atacante Marcelo Cirino assumiu a artilharia da competi\u00e7\u00e3o ao marcar os gols da vit\u00f3ria por 2 a 0 sobre o Friburguense, neste s\u00e1bado, no Engenh\u00e3o. Ele j\u00e1 tem sete gols, contra 5 de Fred, do Fluminense. [&hellip;]\" \/>\n<meta property=\"og:url\" content=\"https:\/\/www.notibras.com\/site\/fla-passa-pelo-friburguense-com-dois-do-artilheiro-cirino\/\" \/>\n<meta property=\"og:site_name\" content=\"Notibras\" \/>\n<meta property=\"article:publisher\" content=\"https:\/\/www.facebook.com\/notibras\/\" \/>\n<meta property=\"article:published_time\" content=\"2015-03-07T21:25:33+00:00\" \/>\n<meta property=\"og:image\" content=\"https:\/\/www.notibras.com\/site\/wp-content\/uploads\/2015\/03\/cirino.jpg\" \/>\n\t<meta property=\"og:image:width\" content=\"460\" \/>\n\t<meta property=\"og:image:height\" content=\"306\" \/>\n\t<meta property=\"og:image:type\" content=\"image\/jpeg\" \/>\n<meta name=\"author\" content=\"Reda\u00e7\u00e3o\" \/>\n<meta name=\"twitter:card\" content=\"summary_large_image\" \/>\n<meta name=\"twitter:creator\" content=\"@Notibras\" \/>\n<meta name=\"twitter:site\" content=\"@Notibras\" \/>\n<meta name=\"twitter:label1\" content=\"Escrito por\" \/>\n\t<meta name=\"twitter:data1\" content=\"Reda\u00e7\u00e3o\" \/>\n\t<meta name=\"twitter:label2\" content=\"Est. tempo de leitura\" \/>\n\t<meta name=\"twitter:data2\" content=\"1 minuto\" \/>\n<script type=\"application\/ld+json\" class=\"yoast-schema-graph\">{\"@context\":\"https:\/\/schema.org\",\"@graph\":[{\"@type\":\"Article\",\"@id\":\"https:\/\/www.notibras.com\/site\/fla-passa-pelo-friburguense-com-dois-do-artilheiro-cirino\/#article\",\"isPartOf\":{\"@id\":\"https:\/\/www.notibras.com\/site\/fla-passa-pelo-friburguense-com-dois-do-artilheiro-cirino\/\"},\"author\":{\"name\":\"Reda\u00e7\u00e3o\",\"@id\":\"https:\/\/www.notibras.com\/site\/#\/schema\/person\/36ab0979449956132d3e5b517ea76ac8\"},\"headline\":\"Fla passa pelo Friburguense com dois do artilheiro Cirino\",\"datePublished\":\"2015-03-07T21:25:33+00:00\",\"mainEntityOfPage\":{\"@id\":\"https:\/\/www.notibras.com\/site\/fla-passa-pelo-friburguense-com-dois-do-artilheiro-cirino\/\"},\"wordCount\":283,\"commentCount\":0,\"publisher\":{\"@id\":\"https:\/\/www.notibras.com\/site\/#organization\"},\"image\":{\"@id\":\"https:\/\/www.notibras.com\/site\/fla-passa-pelo-friburguense-com-dois-do-artilheiro-cirino\/#primaryimage\"},\"thumbnailUrl\":\"https:\/\/www.notibras.com\/site\/wp-content\/uploads\/2015\/03\/cirino.jpg\",\"articleSection\":[\"Esportes\",\"Futebol\"],\"inLanguage\":\"pt-BR\",\"potentialAction\":[{\"@type\":\"CommentAction\",\"name\":\"Comment\",\"target\":[\"https:\/\/www.notibras.com\/site\/fla-passa-pelo-friburguense-com-dois-do-artilheiro-cirino\/#respond\"]}]},{\"@type\":\"WebPage\",\"@id\":\"https:\/\/www.notibras.com\/site\/fla-passa-pelo-friburguense-com-dois-do-artilheiro-cirino\/\",\"url\":\"https:\/\/www.notibras.com\/site\/fla-passa-pelo-friburguense-com-dois-do-artilheiro-cirino\/\",\"name\":\"Fla passa pelo Friburguense com dois do artilheiro Cirino - Notibras\",\"isPartOf\":{\"@id\":\"https:\/\/www.notibras.com\/site\/#website\"},\"primaryImageOfPage\":{\"@id\":\"https:\/\/www.notibras.com\/site\/fla-passa-pelo-friburguense-com-dois-do-artilheiro-cirino\/#primaryimage\"},\"image\":{\"@id\":\"https:\/\/www.notibras.com\/site\/fla-passa-pelo-friburguense-com-dois-do-artilheiro-cirino\/#primaryimage\"},\"thumbnailUrl\":\"https:\/\/www.notibras.com\/site\/wp-content\/uploads\/2015\/03\/cirino.jpg\",\"datePublished\":\"2015-03-07T21:25:33+00:00\",\"breadcrumb\":{\"@id\":\"https:\/\/www.notibras.com\/site\/fla-passa-pelo-friburguense-com-dois-do-artilheiro-cirino\/#breadcrumb\"},\"inLanguage\":\"pt-BR\",\"potentialAction\":[{\"@type\":\"ReadAction\",\"target\":[\"https:\/\/www.notibras.com\/site\/fla-passa-pelo-friburguense-com-dois-do-artilheiro-cirino\/\"]}]},{\"@type\":\"ImageObject\",\"inLanguage\":\"pt-BR\",\"@id\":\"https:\/\/www.notibras.com\/site\/fla-passa-pelo-friburguense-com-dois-do-artilheiro-cirino\/#primaryimage\",\"url\":\"https:\/\/www.notibras.com\/site\/wp-content\/uploads\/2015\/03\/cirino.jpg\",\"contentUrl\":\"https:\/\/www.notibras.com\/site\/wp-content\/uploads\/2015\/03\/cirino.jpg\",\"width\":460,\"height\":306},{\"@type\":\"BreadcrumbList\",\"@id\":\"https:\/\/www.notibras.com\/site\/fla-passa-pelo-friburguense-com-dois-do-artilheiro-cirino\/#breadcrumb\",\"itemListElement\":[{\"@type\":\"ListItem\",\"position\":1,\"name\":\"In\u00edcio\",\"item\":\"https:\/\/www.notibras.com\/site\/\"},{\"@type\":\"ListItem\",\"position\":2,\"name\":\"Fla passa pelo Friburguense com dois do artilheiro Cirino\"}]},{\"@type\":\"WebSite\",\"@id\":\"https:\/\/www.notibras.com\/site\/#website\",\"url\":\"https:\/\/www.notibras.com\/site\/\",\"name\":\"Notibras\",\"description\":\"Not\u00edcias de Bras\u00edlia, do Brasil e do Mundo\",\"publisher\":{\"@id\":\"https:\/\/www.notibras.com\/site\/#organization\"},\"potentialAction\":[{\"@type\":\"SearchAction\",\"target\":{\"@type\":\"EntryPoint\",\"urlTemplate\":\"https:\/\/www.notibras.com\/site\/?s={search_term_string}\"},\"query-input\":{\"@type\":\"PropertyValueSpecification\",\"valueRequired\":true,\"valueName\":\"search_term_string\"}}],\"inLanguage\":\"pt-BR\"},{\"@type\":\"Organization\",\"@id\":\"https:\/\/www.notibras.com\/site\/#organization\",\"name\":\"Grupo Notibras de Comunica\u00e7\u00e3o\",\"url\":\"https:\/\/www.notibras.com\/site\/\",\"logo\":{\"@type\":\"ImageObject\",\"inLanguage\":\"pt-BR\",\"@id\":\"https:\/\/www.notibras.com\/site\/#\/schema\/logo\/image\/\",\"url\":\"https:\/\/www.notibras.com\/site\/wp-content\/uploads\/2023\/01\/notibras23.png\",\"contentUrl\":\"https:\/\/www.notibras.com\/site\/wp-content\/uploads\/2023\/01\/notibras23.png\",\"width\":350,\"height\":87,\"caption\":\"Grupo Notibras de Comunica\u00e7\u00e3o\"},\"image\":{\"@id\":\"https:\/\/www.notibras.com\/site\/#\/schema\/logo\/image\/\"},\"sameAs\":[\"https:\/\/www.facebook.com\/notibras\/\",\"https:\/\/x.com\/Notibras\",\"https:\/\/www.instagram.com\/notibras\/\"]},{\"@type\":\"Person\",\"@id\":\"https:\/\/www.notibras.com\/site\/#\/schema\/person\/36ab0979449956132d3e5b517ea76ac8\",\"name\":\"Reda\u00e7\u00e3o\",\"image\":{\"@type\":\"ImageObject\",\"inLanguage\":\"pt-BR\",\"@id\":\"https:\/\/secure.gravatar.com\/avatar\/e0a867bdedb85fd243eadf09663511f96fc81e0720a4a42581f334ad4303aa6b?s=96&d=mm&r=g\",\"url\":\"https:\/\/secure.gravatar.com\/avatar\/e0a867bdedb85fd243eadf09663511f96fc81e0720a4a42581f334ad4303aa6b?s=96&d=mm&r=g\",\"contentUrl\":\"https:\/\/secure.gravatar.com\/avatar\/e0a867bdedb85fd243eadf09663511f96fc81e0720a4a42581f334ad4303aa6b?s=96&d=mm&r=g\",\"caption\":\"Reda\u00e7\u00e3o\"}}]}<\/script>\n<!-- \/ Yoast SEO plugin. -->","yoast_head_json":{"title":"Fla passa pelo Friburguense com dois do artilheiro Cirino - Notibras","robots":{"index":"index","follow":"follow","max-snippet":"max-snippet:-1","max-image-preview":"max-image-preview:large","max-video-preview":"max-video-preview:-1"},"canonical":"https:\/\/www.notibras.com\/site\/fla-passa-pelo-friburguense-com-dois-do-artilheiro-cirino\/","og_locale":"pt_BR","og_type":"article","og_title":"Fla passa pelo Friburguense com dois do artilheiro Cirino - Notibras","og_description":"O Flamengo se recuperou da derrota para o Botafogo e voltou ao G4 do Campeonato Carioca. Al\u00e9m disso, o atacante Marcelo Cirino assumiu a artilharia da competi\u00e7\u00e3o ao marcar os gols da vit\u00f3ria por 2 a 0 sobre o Friburguense, neste s\u00e1bado, no Engenh\u00e3o. Ele j\u00e1 tem sete gols, contra 5 de Fred, do Fluminense. [&hellip;]","og_url":"https:\/\/www.notibras.com\/site\/fla-passa-pelo-friburguense-com-dois-do-artilheiro-cirino\/","og_site_name":"Notibras","article_publisher":"https:\/\/www.facebook.com\/notibras\/","article_published_time":"2015-03-07T21:25:33+00:00","og_image":[{"width":460,"height":306,"url":"https:\/\/www.notibras.com\/site\/wp-content\/uploads\/2015\/03\/cirino.jpg","type":"image\/jpeg"}],"author":"Reda\u00e7\u00e3o","twitter_card":"summary_large_image","twitter_creator":"@Notibras","twitter_site":"@Notibras","twitter_misc":{"Escrito por":"Reda\u00e7\u00e3o","Est. tempo de leitura":"1 minuto"},"schema":{"@context":"https:\/\/schema.org","@graph":[{"@type":"Article","@id":"https:\/\/www.notibras.com\/site\/fla-passa-pelo-friburguense-com-dois-do-artilheiro-cirino\/#article","isPartOf":{"@id":"https:\/\/www.notibras.com\/site\/fla-passa-pelo-friburguense-com-dois-do-artilheiro-cirino\/"},"author":{"name":"Reda\u00e7\u00e3o","@id":"https:\/\/www.notibras.com\/site\/#\/schema\/person\/36ab0979449956132d3e5b517ea76ac8"},"headline":"Fla passa pelo Friburguense com dois do artilheiro Cirino","datePublished":"2015-03-07T21:25:33+00:00","mainEntityOfPage":{"@id":"https:\/\/www.notibras.com\/site\/fla-passa-pelo-friburguense-com-dois-do-artilheiro-cirino\/"},"wordCount":283,"commentCount":0,"publisher":{"@id":"https:\/\/www.notibras.com\/site\/#organization"},"image":{"@id":"https:\/\/www.notibras.com\/site\/fla-passa-pelo-friburguense-com-dois-do-artilheiro-cirino\/#primaryimage"},"thumbnailUrl":"https:\/\/www.notibras.com\/site\/wp-content\/uploads\/2015\/03\/cirino.jpg","articleSection":["Esportes","Futebol"],"inLanguage":"pt-BR","potentialAction":[{"@type":"CommentAction","name":"Comment","target":["https:\/\/www.notibras.com\/site\/fla-passa-pelo-friburguense-com-dois-do-artilheiro-cirino\/#respond"]}]},{"@type":"WebPage","@id":"https:\/\/www.notibras.com\/site\/fla-passa-pelo-friburguense-com-dois-do-artilheiro-cirino\/","url":"https:\/\/www.notibras.com\/site\/fla-passa-pelo-friburguense-com-dois-do-artilheiro-cirino\/","name":"Fla passa pelo Friburguense com dois do artilheiro Cirino - Notibras","isPartOf":{"@id":"https:\/\/www.notibras.com\/site\/#website"},"primaryImageOfPage":{"@id":"https:\/\/www.notibras.com\/site\/fla-passa-pelo-friburguense-com-dois-do-artilheiro-cirino\/#primaryimage"},"image":{"@id":"https:\/\/www.notibras.com\/site\/fla-passa-pelo-friburguense-com-dois-do-artilheiro-cirino\/#primaryimage"},"thumbnailUrl":"https:\/\/www.notibras.com\/site\/wp-content\/uploads\/2015\/03\/cirino.jpg","datePublished":"2015-03-07T21:25:33+00:00","breadcrumb":{"@id":"https:\/\/www.notibras.com\/site\/fla-passa-pelo-friburguense-com-dois-do-artilheiro-cirino\/#breadcrumb"},"inLanguage":"pt-BR","potentialAction":[{"@type":"ReadAction","target":["https:\/\/www.notibras.com\/site\/fla-passa-pelo-friburguense-com-dois-do-artilheiro-cirino\/"]}]},{"@type":"ImageObject","inLanguage":"pt-BR","@id":"https:\/\/www.notibras.com\/site\/fla-passa-pelo-friburguense-com-dois-do-artilheiro-cirino\/#primaryimage","url":"https:\/\/www.notibras.com\/site\/wp-content\/uploads\/2015\/03\/cirino.jpg","contentUrl":"https:\/\/www.notibras.com\/site\/wp-content\/uploads\/2015\/03\/cirino.jpg","width":460,"height":306},{"@type":"BreadcrumbList","@id":"https:\/\/www.notibras.com\/site\/fla-passa-pelo-friburguense-com-dois-do-artilheiro-cirino\/#breadcrumb","itemListElement":[{"@type":"ListItem","position":1,"name":"In\u00edcio","item":"https:\/\/www.notibras.com\/site\/"},{"@type":"ListItem","position":2,"name":"Fla passa pelo Friburguense com dois do artilheiro Cirino"}]},{"@type":"WebSite","@id":"https:\/\/www.notibras.com\/site\/#website","url":"https:\/\/www.notibras.com\/site\/","name":"Notibras","description":"Not\u00edcias de Bras\u00edlia, do Brasil e do Mundo","publisher":{"@id":"https:\/\/www.notibras.com\/site\/#organization"},"potentialAction":[{"@type":"SearchAction","target":{"@type":"EntryPoint","urlTemplate":"https:\/\/www.notibras.com\/site\/?s={search_term_string}"},"query-input":{"@type":"PropertyValueSpecification","valueRequired":true,"valueName":"search_term_string"}}],"inLanguage":"pt-BR"},{"@type":"Organization","@id":"https:\/\/www.notibras.com\/site\/#organization","name":"Grupo Notibras de Comunica\u00e7\u00e3o","url":"https:\/\/www.notibras.com\/site\/","logo":{"@type":"ImageObject","inLanguage":"pt-BR","@id":"https:\/\/www.notibras.com\/site\/#\/schema\/logo\/image\/","url":"https:\/\/www.notibras.com\/site\/wp-content\/uploads\/2023\/01\/notibras23.png","contentUrl":"https:\/\/www.notibras.com\/site\/wp-content\/uploads\/2023\/01\/notibras23.png","width":350,"height":87,"caption":"Grupo Notibras de Comunica\u00e7\u00e3o"},"image":{"@id":"https:\/\/www.notibras.com\/site\/#\/schema\/logo\/image\/"},"sameAs":["https:\/\/www.facebook.com\/notibras\/","https:\/\/x.com\/Notibras","https:\/\/www.instagram.com\/notibras\/"]},{"@type":"Person","@id":"https:\/\/www.notibras.com\/site\/#\/schema\/person\/36ab0979449956132d3e5b517ea76ac8","name":"Reda\u00e7\u00e3o","image":{"@type":"ImageObject","inLanguage":"pt-BR","@id":"https:\/\/secure.gravatar.com\/avatar\/e0a867bdedb85fd243eadf09663511f96fc81e0720a4a42581f334ad4303aa6b?s=96&d=mm&r=g","url":"https:\/\/secure.gravatar.com\/avatar\/e0a867bdedb85fd243eadf09663511f96fc81e0720a4a42581f334ad4303aa6b?s=96&d=mm&r=g","contentUrl":"https:\/\/secure.gravatar.com\/avatar\/e0a867bdedb85fd243eadf09663511f96fc81e0720a4a42581f334ad4303aa6b?s=96&d=mm&r=g","caption":"Reda\u00e7\u00e3o"}}]}},"amp_enabled":true,"_links":{"self":[{"href":"https:\/\/www.notibras.com\/site\/wp-json\/wp\/v2\/posts\/39153","targetHints":{"allow":["GET"]}}],"collection":[{"href":"https:\/\/www.notibras.com\/site\/wp-json\/wp\/v2\/posts"}],"about":[{"href":"https:\/\/www.notibras.com\/site\/wp-json\/wp\/v2\/types\/post"}],"author":[{"embeddable":true,"href":"https:\/\/www.notibras.com\/site\/wp-json\/wp\/v2\/users\/2"}],"replies":[{"embeddable":true,"href":"https:\/\/www.notibras.com\/site\/wp-json\/wp\/v2\/comments?post=39153"}],"version-history":[{"count":0,"href":"https:\/\/www.notibras.com\/site\/wp-json\/wp\/v2\/posts\/39153\/revisions"}],"wp:featuredmedia":[{"embeddable":true,"href":"https:\/\/www.notibras.com\/site\/wp-json\/wp\/v2\/media\/39154"}],"wp:attachment":[{"href":"https:\/\/www.notibras.com\/site\/wp-json\/wp\/v2\/media?parent=39153"}],"wp:term":[{"taxonomy":"category","embeddable":true,"href":"https:\/\/www.notibras.com\/site\/wp-json\/wp\/v2\/categories?post=39153"},{"taxonomy":"post_tag","embeddable":true,"href":"https:\/\/www.notibras.com\/site\/wp-json\/wp\/v2\/tags?post=39153"}],"curies":[{"name":"wp","href":"https:\/\/api.w.org\/{rel}","templated":true}]}}