{"id":39168,"date":"2015-03-07T20:29:44","date_gmt":"2015-03-07T23:29:44","guid":{"rendered":"http:\/\/www.notibras.com\/site\/?p=39168"},"modified":"2015-04-30T12:09:09","modified_gmt":"2015-04-30T15:09:09","slug":"palmeiras-vence-a-quinta-seguida-e-se-anima-para-enfrentar-o-santos","status":"publish","type":"post","link":"https:\/\/www.notibras.com\/site\/palmeiras-vence-a-quinta-seguida-e-se-anima-para-enfrentar-o-santos\/","title":{"rendered":"Palmeiras vence a sexta seguida e se anima para enfrentar o Santos"},"content":{"rendered":"<p>Um gol solit\u00e1rio do atacante Rafael Marques no primeiro tempo garantiu a vit\u00f3ria do Palmeiras contra o Bragantino pelo Campeonato Paulista, neste s\u00e1bado. Com esse resultado, o time do Parque Ant\u00e1rtica chega a sexta vit\u00f3ria em sete partidas na competi\u00e7\u00e3o. A equipe s\u00f3 perdeu para o Corinthians e fica tranquila para encarar o Santos, seu pr\u00f3ximo advers\u00e1rio, no meio da semana..<\/p>\n<p>Sem tanta for\u00e7a de conjunto, j\u00e1 que os titulares descansaram, o Palmeiras jogou o suficiente para a vit\u00f3ria. Teve dificuldades em alguns momentos, o que tamb\u00e9m ocorreu gra\u00e7as a Amaral. O volante voltou a sentir les\u00e3o e foi substitu\u00eddo no come\u00e7o do jogo por Victor Lu\u00eds, o que diminuiu o poder de marca\u00e7\u00e3o e fez Fernando Prass trabalhar em alguns momentos.<\/p>\n<blockquote><p>Truncado durante quase todo o primeiro tempo, o jogo ganhou em emo\u00e7\u00e3o aos 32min. Com a defesa visitante desatenta ap\u00f3s cobran\u00e7a de lateral, Leandro Pereira escorou, Renato deu o passe e Rafael Marques abriu vantagem que perduraria at\u00e9 o fim.<\/p><\/blockquote>\n<p>No segundo tempo, o Bragantino melhorou com a entrada de Muralha e levou mais perigo em duas conclus\u00f5es. Uma, de L\u00e9o Gago, ex-palmeirense, de fora da \u00e1rea. Pouco depois, em infiltra\u00e7\u00e3o de Thiago Feltri, lateral esquerdo. Mas, quando Oswaldo colocou Arouca e tirou Leandro, a equipe da casa melhorou em campo e equilibrou as a\u00e7\u00f5es.<\/p>\n<p>Pedido pelos torcedores, o jovem Gabriel Jesus deu \u00e2nimo aos minutos finais e assustou Lauro em boa finaliza\u00e7\u00e3o da entrada da \u00e1rea. Ele tamb\u00e9m deu passe em velocidade para o zagueiro Victor Ramos, que perdeu na cara do gol.<\/p>\n<p>&nbsp;<\/p>\n","protected":false},"excerpt":{"rendered":"<p>Um gol solit\u00e1rio do atacante Rafael Marques no primeiro tempo garantiu a vit\u00f3ria do Palmeiras contra o Bragantino pelo Campeonato Paulista, neste s\u00e1bado. Com esse resultado, o time do Parque Ant\u00e1rtica chega a sexta vit\u00f3ria em sete partidas na competi\u00e7\u00e3o. A equipe s\u00f3 perdeu para o Corinthians e fica tranquila para encarar o Santos, seu [&hellip;]<\/p>\n","protected":false},"author":2,"featured_media":39170,"comment_status":"open","ping_status":"closed","sticky":false,"template":"","format":"standard","meta":{"_acf_changed":false,"footnotes":""},"categories":[19,29],"tags":[],"class_list":["post-39168","post","type-post","status-publish","format-standard","has-post-thumbnail","hentry","category-esportes","category-futebol"],"acf":[],"yoast_head":"<!-- This site is optimized with the Yoast SEO plugin v27.2 - https:\/\/yoast.com\/product\/yoast-seo-wordpress\/ -->\n<title>Palmeiras vence a sexta seguida e se anima para enfrentar o Santos - Notibras<\/title>\n<meta name=\"robots\" content=\"index, follow, max-snippet:-1, max-image-preview:large, max-video-preview:-1\" \/>\n<link rel=\"canonical\" href=\"https:\/\/www.notibras.com\/site\/palmeiras-vence-a-quinta-seguida-e-se-anima-para-enfrentar-o-santos\/\" \/>\n<meta property=\"og:locale\" content=\"pt_BR\" \/>\n<meta property=\"og:type\" content=\"article\" \/>\n<meta property=\"og:title\" content=\"Palmeiras vence a sexta seguida e se anima para enfrentar o Santos - Notibras\" \/>\n<meta property=\"og:description\" content=\"Um gol solit\u00e1rio do atacante Rafael Marques no primeiro tempo garantiu a vit\u00f3ria do Palmeiras contra o Bragantino pelo Campeonato Paulista, neste s\u00e1bado. Com esse resultado, o time do Parque Ant\u00e1rtica chega a sexta vit\u00f3ria em sete partidas na competi\u00e7\u00e3o. A equipe s\u00f3 perdeu para o Corinthians e fica tranquila para encarar o Santos, seu [&hellip;]\" \/>\n<meta property=\"og:url\" content=\"https:\/\/www.notibras.com\/site\/palmeiras-vence-a-quinta-seguida-e-se-anima-para-enfrentar-o-santos\/\" \/>\n<meta property=\"og:site_name\" content=\"Notibras\" \/>\n<meta property=\"article:publisher\" content=\"https:\/\/www.facebook.com\/notibras\/\" \/>\n<meta property=\"article:published_time\" content=\"2015-03-07T23:29:44+00:00\" \/>\n<meta property=\"article:modified_time\" content=\"2015-04-30T15:09:09+00:00\" \/>\n<meta property=\"og:image\" content=\"https:\/\/www.notibras.com\/site\/wp-content\/uploads\/2015\/03\/rafael-marques-vibra-com-gol-marcado-contra-o-bragantino-1425768790473_564x430.jpg\" \/>\n\t<meta property=\"og:image:width\" content=\"564\" \/>\n\t<meta property=\"og:image:height\" content=\"430\" \/>\n\t<meta property=\"og:image:type\" content=\"image\/jpeg\" \/>\n<meta name=\"author\" content=\"Reda\u00e7\u00e3o\" \/>\n<meta name=\"twitter:card\" content=\"summary_large_image\" \/>\n<meta name=\"twitter:creator\" content=\"@Notibras\" \/>\n<meta name=\"twitter:site\" content=\"@Notibras\" \/>\n<meta name=\"twitter:label1\" content=\"Escrito por\" \/>\n\t<meta name=\"twitter:data1\" content=\"Reda\u00e7\u00e3o\" \/>\n\t<meta name=\"twitter:label2\" content=\"Est. tempo de leitura\" \/>\n\t<meta name=\"twitter:data2\" content=\"1 minuto\" \/>\n<script type=\"application\/ld+json\" class=\"yoast-schema-graph\">{\"@context\":\"https:\/\/schema.org\",\"@graph\":[{\"@type\":\"Article\",\"@id\":\"https:\/\/www.notibras.com\/site\/palmeiras-vence-a-quinta-seguida-e-se-anima-para-enfrentar-o-santos\/#article\",\"isPartOf\":{\"@id\":\"https:\/\/www.notibras.com\/site\/palmeiras-vence-a-quinta-seguida-e-se-anima-para-enfrentar-o-santos\/\"},\"author\":{\"name\":\"Reda\u00e7\u00e3o\",\"@id\":\"https:\/\/www.notibras.com\/site\/#\/schema\/person\/36ab0979449956132d3e5b517ea76ac8\"},\"headline\":\"Palmeiras vence a sexta seguida e se anima para enfrentar o Santos\",\"datePublished\":\"2015-03-07T23:29:44+00:00\",\"dateModified\":\"2015-04-30T15:09:09+00:00\",\"mainEntityOfPage\":{\"@id\":\"https:\/\/www.notibras.com\/site\/palmeiras-vence-a-quinta-seguida-e-se-anima-para-enfrentar-o-santos\/\"},\"wordCount\":295,\"commentCount\":0,\"publisher\":{\"@id\":\"https:\/\/www.notibras.com\/site\/#organization\"},\"image\":{\"@id\":\"https:\/\/www.notibras.com\/site\/palmeiras-vence-a-quinta-seguida-e-se-anima-para-enfrentar-o-santos\/#primaryimage\"},\"thumbnailUrl\":\"https:\/\/www.notibras.com\/site\/wp-content\/uploads\/2015\/03\/rafael-marques-vibra-com-gol-marcado-contra-o-bragantino-1425768790473_564x430.jpg\",\"articleSection\":[\"Esportes\",\"Futebol\"],\"inLanguage\":\"pt-BR\",\"potentialAction\":[{\"@type\":\"CommentAction\",\"name\":\"Comment\",\"target\":[\"https:\/\/www.notibras.com\/site\/palmeiras-vence-a-quinta-seguida-e-se-anima-para-enfrentar-o-santos\/#respond\"]}]},{\"@type\":\"WebPage\",\"@id\":\"https:\/\/www.notibras.com\/site\/palmeiras-vence-a-quinta-seguida-e-se-anima-para-enfrentar-o-santos\/\",\"url\":\"https:\/\/www.notibras.com\/site\/palmeiras-vence-a-quinta-seguida-e-se-anima-para-enfrentar-o-santos\/\",\"name\":\"Palmeiras vence a sexta seguida e se anima para enfrentar o Santos - Notibras\",\"isPartOf\":{\"@id\":\"https:\/\/www.notibras.com\/site\/#website\"},\"primaryImageOfPage\":{\"@id\":\"https:\/\/www.notibras.com\/site\/palmeiras-vence-a-quinta-seguida-e-se-anima-para-enfrentar-o-santos\/#primaryimage\"},\"image\":{\"@id\":\"https:\/\/www.notibras.com\/site\/palmeiras-vence-a-quinta-seguida-e-se-anima-para-enfrentar-o-santos\/#primaryimage\"},\"thumbnailUrl\":\"https:\/\/www.notibras.com\/site\/wp-content\/uploads\/2015\/03\/rafael-marques-vibra-com-gol-marcado-contra-o-bragantino-1425768790473_564x430.jpg\",\"datePublished\":\"2015-03-07T23:29:44+00:00\",\"dateModified\":\"2015-04-30T15:09:09+00:00\",\"breadcrumb\":{\"@id\":\"https:\/\/www.notibras.com\/site\/palmeiras-vence-a-quinta-seguida-e-se-anima-para-enfrentar-o-santos\/#breadcrumb\"},\"inLanguage\":\"pt-BR\",\"potentialAction\":[{\"@type\":\"ReadAction\",\"target\":[\"https:\/\/www.notibras.com\/site\/palmeiras-vence-a-quinta-seguida-e-se-anima-para-enfrentar-o-santos\/\"]}]},{\"@type\":\"ImageObject\",\"inLanguage\":\"pt-BR\",\"@id\":\"https:\/\/www.notibras.com\/site\/palmeiras-vence-a-quinta-seguida-e-se-anima-para-enfrentar-o-santos\/#primaryimage\",\"url\":\"https:\/\/www.notibras.com\/site\/wp-content\/uploads\/2015\/03\/rafael-marques-vibra-com-gol-marcado-contra-o-bragantino-1425768790473_564x430.jpg\",\"contentUrl\":\"https:\/\/www.notibras.com\/site\/wp-content\/uploads\/2015\/03\/rafael-marques-vibra-com-gol-marcado-contra-o-bragantino-1425768790473_564x430.jpg\",\"width\":564,\"height\":430},{\"@type\":\"BreadcrumbList\",\"@id\":\"https:\/\/www.notibras.com\/site\/palmeiras-vence-a-quinta-seguida-e-se-anima-para-enfrentar-o-santos\/#breadcrumb\",\"itemListElement\":[{\"@type\":\"ListItem\",\"position\":1,\"name\":\"In\u00edcio\",\"item\":\"https:\/\/www.notibras.com\/site\/\"},{\"@type\":\"ListItem\",\"position\":2,\"name\":\"Palmeiras vence a sexta seguida e se anima para enfrentar o Santos\"}]},{\"@type\":\"WebSite\",\"@id\":\"https:\/\/www.notibras.com\/site\/#website\",\"url\":\"https:\/\/www.notibras.com\/site\/\",\"name\":\"Notibras\",\"description\":\"Not\u00edcias de Bras\u00edlia, do Brasil e do Mundo\",\"publisher\":{\"@id\":\"https:\/\/www.notibras.com\/site\/#organization\"},\"potentialAction\":[{\"@type\":\"SearchAction\",\"target\":{\"@type\":\"EntryPoint\",\"urlTemplate\":\"https:\/\/www.notibras.com\/site\/?s={search_term_string}\"},\"query-input\":{\"@type\":\"PropertyValueSpecification\",\"valueRequired\":true,\"valueName\":\"search_term_string\"}}],\"inLanguage\":\"pt-BR\"},{\"@type\":\"Organization\",\"@id\":\"https:\/\/www.notibras.com\/site\/#organization\",\"name\":\"Grupo Notibras de Comunica\u00e7\u00e3o\",\"url\":\"https:\/\/www.notibras.com\/site\/\",\"logo\":{\"@type\":\"ImageObject\",\"inLanguage\":\"pt-BR\",\"@id\":\"https:\/\/www.notibras.com\/site\/#\/schema\/logo\/image\/\",\"url\":\"https:\/\/www.notibras.com\/site\/wp-content\/uploads\/2023\/01\/notibras23.png\",\"contentUrl\":\"https:\/\/www.notibras.com\/site\/wp-content\/uploads\/2023\/01\/notibras23.png\",\"width\":350,\"height\":87,\"caption\":\"Grupo Notibras de Comunica\u00e7\u00e3o\"},\"image\":{\"@id\":\"https:\/\/www.notibras.com\/site\/#\/schema\/logo\/image\/\"},\"sameAs\":[\"https:\/\/www.facebook.com\/notibras\/\",\"https:\/\/x.com\/Notibras\",\"https:\/\/www.instagram.com\/notibras\/\"]},{\"@type\":\"Person\",\"@id\":\"https:\/\/www.notibras.com\/site\/#\/schema\/person\/36ab0979449956132d3e5b517ea76ac8\",\"name\":\"Reda\u00e7\u00e3o\",\"image\":{\"@type\":\"ImageObject\",\"inLanguage\":\"pt-BR\",\"@id\":\"https:\/\/secure.gravatar.com\/avatar\/e0a867bdedb85fd243eadf09663511f96fc81e0720a4a42581f334ad4303aa6b?s=96&d=mm&r=g\",\"url\":\"https:\/\/secure.gravatar.com\/avatar\/e0a867bdedb85fd243eadf09663511f96fc81e0720a4a42581f334ad4303aa6b?s=96&d=mm&r=g\",\"contentUrl\":\"https:\/\/secure.gravatar.com\/avatar\/e0a867bdedb85fd243eadf09663511f96fc81e0720a4a42581f334ad4303aa6b?s=96&d=mm&r=g\",\"caption\":\"Reda\u00e7\u00e3o\"}}]}<\/script>\n<!-- \/ Yoast SEO plugin. -->","yoast_head_json":{"title":"Palmeiras vence a sexta seguida e se anima para enfrentar o Santos - Notibras","robots":{"index":"index","follow":"follow","max-snippet":"max-snippet:-1","max-image-preview":"max-image-preview:large","max-video-preview":"max-video-preview:-1"},"canonical":"https:\/\/www.notibras.com\/site\/palmeiras-vence-a-quinta-seguida-e-se-anima-para-enfrentar-o-santos\/","og_locale":"pt_BR","og_type":"article","og_title":"Palmeiras vence a sexta seguida e se anima para enfrentar o Santos - Notibras","og_description":"Um gol solit\u00e1rio do atacante Rafael Marques no primeiro tempo garantiu a vit\u00f3ria do Palmeiras contra o Bragantino pelo Campeonato Paulista, neste s\u00e1bado. Com esse resultado, o time do Parque Ant\u00e1rtica chega a sexta vit\u00f3ria em sete partidas na competi\u00e7\u00e3o. A equipe s\u00f3 perdeu para o Corinthians e fica tranquila para encarar o Santos, seu [&hellip;]","og_url":"https:\/\/www.notibras.com\/site\/palmeiras-vence-a-quinta-seguida-e-se-anima-para-enfrentar-o-santos\/","og_site_name":"Notibras","article_publisher":"https:\/\/www.facebook.com\/notibras\/","article_published_time":"2015-03-07T23:29:44+00:00","article_modified_time":"2015-04-30T15:09:09+00:00","og_image":[{"width":564,"height":430,"url":"https:\/\/www.notibras.com\/site\/wp-content\/uploads\/2015\/03\/rafael-marques-vibra-com-gol-marcado-contra-o-bragantino-1425768790473_564x430.jpg","type":"image\/jpeg"}],"author":"Reda\u00e7\u00e3o","twitter_card":"summary_large_image","twitter_creator":"@Notibras","twitter_site":"@Notibras","twitter_misc":{"Escrito por":"Reda\u00e7\u00e3o","Est. tempo de leitura":"1 minuto"},"schema":{"@context":"https:\/\/schema.org","@graph":[{"@type":"Article","@id":"https:\/\/www.notibras.com\/site\/palmeiras-vence-a-quinta-seguida-e-se-anima-para-enfrentar-o-santos\/#article","isPartOf":{"@id":"https:\/\/www.notibras.com\/site\/palmeiras-vence-a-quinta-seguida-e-se-anima-para-enfrentar-o-santos\/"},"author":{"name":"Reda\u00e7\u00e3o","@id":"https:\/\/www.notibras.com\/site\/#\/schema\/person\/36ab0979449956132d3e5b517ea76ac8"},"headline":"Palmeiras vence a sexta seguida e se anima para enfrentar o Santos","datePublished":"2015-03-07T23:29:44+00:00","dateModified":"2015-04-30T15:09:09+00:00","mainEntityOfPage":{"@id":"https:\/\/www.notibras.com\/site\/palmeiras-vence-a-quinta-seguida-e-se-anima-para-enfrentar-o-santos\/"},"wordCount":295,"commentCount":0,"publisher":{"@id":"https:\/\/www.notibras.com\/site\/#organization"},"image":{"@id":"https:\/\/www.notibras.com\/site\/palmeiras-vence-a-quinta-seguida-e-se-anima-para-enfrentar-o-santos\/#primaryimage"},"thumbnailUrl":"https:\/\/www.notibras.com\/site\/wp-content\/uploads\/2015\/03\/rafael-marques-vibra-com-gol-marcado-contra-o-bragantino-1425768790473_564x430.jpg","articleSection":["Esportes","Futebol"],"inLanguage":"pt-BR","potentialAction":[{"@type":"CommentAction","name":"Comment","target":["https:\/\/www.notibras.com\/site\/palmeiras-vence-a-quinta-seguida-e-se-anima-para-enfrentar-o-santos\/#respond"]}]},{"@type":"WebPage","@id":"https:\/\/www.notibras.com\/site\/palmeiras-vence-a-quinta-seguida-e-se-anima-para-enfrentar-o-santos\/","url":"https:\/\/www.notibras.com\/site\/palmeiras-vence-a-quinta-seguida-e-se-anima-para-enfrentar-o-santos\/","name":"Palmeiras vence a sexta seguida e se anima para enfrentar o Santos - Notibras","isPartOf":{"@id":"https:\/\/www.notibras.com\/site\/#website"},"primaryImageOfPage":{"@id":"https:\/\/www.notibras.com\/site\/palmeiras-vence-a-quinta-seguida-e-se-anima-para-enfrentar-o-santos\/#primaryimage"},"image":{"@id":"https:\/\/www.notibras.com\/site\/palmeiras-vence-a-quinta-seguida-e-se-anima-para-enfrentar-o-santos\/#primaryimage"},"thumbnailUrl":"https:\/\/www.notibras.com\/site\/wp-content\/uploads\/2015\/03\/rafael-marques-vibra-com-gol-marcado-contra-o-bragantino-1425768790473_564x430.jpg","datePublished":"2015-03-07T23:29:44+00:00","dateModified":"2015-04-30T15:09:09+00:00","breadcrumb":{"@id":"https:\/\/www.notibras.com\/site\/palmeiras-vence-a-quinta-seguida-e-se-anima-para-enfrentar-o-santos\/#breadcrumb"},"inLanguage":"pt-BR","potentialAction":[{"@type":"ReadAction","target":["https:\/\/www.notibras.com\/site\/palmeiras-vence-a-quinta-seguida-e-se-anima-para-enfrentar-o-santos\/"]}]},{"@type":"ImageObject","inLanguage":"pt-BR","@id":"https:\/\/www.notibras.com\/site\/palmeiras-vence-a-quinta-seguida-e-se-anima-para-enfrentar-o-santos\/#primaryimage","url":"https:\/\/www.notibras.com\/site\/wp-content\/uploads\/2015\/03\/rafael-marques-vibra-com-gol-marcado-contra-o-bragantino-1425768790473_564x430.jpg","contentUrl":"https:\/\/www.notibras.com\/site\/wp-content\/uploads\/2015\/03\/rafael-marques-vibra-com-gol-marcado-contra-o-bragantino-1425768790473_564x430.jpg","width":564,"height":430},{"@type":"BreadcrumbList","@id":"https:\/\/www.notibras.com\/site\/palmeiras-vence-a-quinta-seguida-e-se-anima-para-enfrentar-o-santos\/#breadcrumb","itemListElement":[{"@type":"ListItem","position":1,"name":"In\u00edcio","item":"https:\/\/www.notibras.com\/site\/"},{"@type":"ListItem","position":2,"name":"Palmeiras vence a sexta seguida e se anima para enfrentar o Santos"}]},{"@type":"WebSite","@id":"https:\/\/www.notibras.com\/site\/#website","url":"https:\/\/www.notibras.com\/site\/","name":"Notibras","description":"Not\u00edcias de Bras\u00edlia, do Brasil e do Mundo","publisher":{"@id":"https:\/\/www.notibras.com\/site\/#organization"},"potentialAction":[{"@type":"SearchAction","target":{"@type":"EntryPoint","urlTemplate":"https:\/\/www.notibras.com\/site\/?s={search_term_string}"},"query-input":{"@type":"PropertyValueSpecification","valueRequired":true,"valueName":"search_term_string"}}],"inLanguage":"pt-BR"},{"@type":"Organization","@id":"https:\/\/www.notibras.com\/site\/#organization","name":"Grupo Notibras de Comunica\u00e7\u00e3o","url":"https:\/\/www.notibras.com\/site\/","logo":{"@type":"ImageObject","inLanguage":"pt-BR","@id":"https:\/\/www.notibras.com\/site\/#\/schema\/logo\/image\/","url":"https:\/\/www.notibras.com\/site\/wp-content\/uploads\/2023\/01\/notibras23.png","contentUrl":"https:\/\/www.notibras.com\/site\/wp-content\/uploads\/2023\/01\/notibras23.png","width":350,"height":87,"caption":"Grupo Notibras de Comunica\u00e7\u00e3o"},"image":{"@id":"https:\/\/www.notibras.com\/site\/#\/schema\/logo\/image\/"},"sameAs":["https:\/\/www.facebook.com\/notibras\/","https:\/\/x.com\/Notibras","https:\/\/www.instagram.com\/notibras\/"]},{"@type":"Person","@id":"https:\/\/www.notibras.com\/site\/#\/schema\/person\/36ab0979449956132d3e5b517ea76ac8","name":"Reda\u00e7\u00e3o","image":{"@type":"ImageObject","inLanguage":"pt-BR","@id":"https:\/\/secure.gravatar.com\/avatar\/e0a867bdedb85fd243eadf09663511f96fc81e0720a4a42581f334ad4303aa6b?s=96&d=mm&r=g","url":"https:\/\/secure.gravatar.com\/avatar\/e0a867bdedb85fd243eadf09663511f96fc81e0720a4a42581f334ad4303aa6b?s=96&d=mm&r=g","contentUrl":"https:\/\/secure.gravatar.com\/avatar\/e0a867bdedb85fd243eadf09663511f96fc81e0720a4a42581f334ad4303aa6b?s=96&d=mm&r=g","caption":"Reda\u00e7\u00e3o"}}]}},"amp_enabled":true,"_links":{"self":[{"href":"https:\/\/www.notibras.com\/site\/wp-json\/wp\/v2\/posts\/39168","targetHints":{"allow":["GET"]}}],"collection":[{"href":"https:\/\/www.notibras.com\/site\/wp-json\/wp\/v2\/posts"}],"about":[{"href":"https:\/\/www.notibras.com\/site\/wp-json\/wp\/v2\/types\/post"}],"author":[{"embeddable":true,"href":"https:\/\/www.notibras.com\/site\/wp-json\/wp\/v2\/users\/2"}],"replies":[{"embeddable":true,"href":"https:\/\/www.notibras.com\/site\/wp-json\/wp\/v2\/comments?post=39168"}],"version-history":[{"count":0,"href":"https:\/\/www.notibras.com\/site\/wp-json\/wp\/v2\/posts\/39168\/revisions"}],"wp:featuredmedia":[{"embeddable":true,"href":"https:\/\/www.notibras.com\/site\/wp-json\/wp\/v2\/media\/39170"}],"wp:attachment":[{"href":"https:\/\/www.notibras.com\/site\/wp-json\/wp\/v2\/media?parent=39168"}],"wp:term":[{"taxonomy":"category","embeddable":true,"href":"https:\/\/www.notibras.com\/site\/wp-json\/wp\/v2\/categories?post=39168"},{"taxonomy":"post_tag","embeddable":true,"href":"https:\/\/www.notibras.com\/site\/wp-json\/wp\/v2\/tags?post=39168"}],"curies":[{"name":"wp","href":"https:\/\/api.w.org\/{rel}","templated":true}]}}