{"id":391897,"date":"2026-04-26T01:00:04","date_gmt":"2026-04-26T04:00:04","guid":{"rendered":"https:\/\/www.notibras.com\/site\/?p=391897"},"modified":"2026-04-19T23:29:03","modified_gmt":"2026-04-20T02:29:03","slug":"entre-o-medo-e-a-roca-o-nascimento-de-pedro-pichorra","status":"publish","type":"post","link":"https:\/\/www.notibras.com\/site\/entre-o-medo-e-a-roca-o-nascimento-de-pedro-pichorra\/","title":{"rendered":"ENTRE O MEDO E A RO\u00c7A, O NASCIMENTO DE PEDRO PICHORRA"},"content":{"rendered":"<p>Quem dobra o morro da Samambaia, com a vista enjoada da verdura mon\u00f3tona, espairece na Grota Fria ao dar de chapa com uma sitioca pitoresca.<\/p>\n<p>E passa levando nos olhos a impress\u00e3o daquela s\u00e9pia afogada em campo verde. Casebre de palha, terreirinho de ch\u00e3o limpo, mastro de Santo Ant\u00f4nio com desenhos j\u00e1 escorridos da chuva e bandeira rota, trapejante ao vento&#8230; Dois mamoeiros no quintal, apinhados de frutos; canteiros de esporinhas com periquito \u00e0 roda e manjeric\u00f5es entreverados&#8230; Um p\u00e9 de girassol, magro e desenxabido, a sopesar no alto uma rodela cor de can\u00e1rio; laranjeiras semimortas sob o toucado da erva-passarinha&#8230;<\/p>\n<p>Nos fundos da casa v\u00ea-se o lavadouro, descoivarado apenas, num po\u00e7o onde o corgo rebrilha tr\u00eas palmos d\u2019\u00e1gua.<\/p>\n<p>Sobre um tabu\u00e3o emborcado a meio, l\u00e1 est\u00e1 batendo roupa a Marianinha Pichorra, mulher do Pedro Pichorra, m\u00e3e de nove pichorrinhas. \u00c9 ali o s\u00edtio dos Pichorras e at\u00e9 a Grota Funda j\u00e1 \u00e9 conhecida por Fund\u00e3o da Pichorrada.<\/p>\n<p>Por que os antigos Pereiras de Sousa, do Barro Branco, vieram a chamar-se Pichorras?<\/p>\n<p>\u00c9 toda uma hist\u00f3ria.<\/p>\n<p>Pedrinho ia nos onze anos. J\u00e1 se destabocara e j\u00e1 preferia, em mat\u00e9ria de fumo, o forte, bem melado. Na v\u00e9spera realizara o sonho de toda a crian\u00e7a da ro\u00e7a \u2014 a faca de ponta. Dera-lha o pai, como um diploma de virilidade. \u201cMenino, doravante \u00e9s homem. Agredido, n\u00e3o gritar\u00e1s por gente grande; \u00e9 m\u00e3o na faca, p\u00e9 atr\u00e1s e corisco nos olhos.\u201d<\/p>\n<p>N\u00e3o lhe falou assim o pai, mas leu Pedrinho essa fala na l\u00e2mina rebrilhante. Por isso irradiava de orgulho, imaginando pegas, aloites, tempo-quentes e tocaias onde a sardinha alumiasse.<\/p>\n<p>O pai, \u00e0quela hora, de p\u00e9 na soleira da porta, assuntava o c\u00e9u. Viu que chover n\u00e3o chovia, e:<\/p>\n<p>\u2014 Pedrinho! \u2014 gritou para os fundos.<\/p>\n<p>\u2014 Pai?<\/p>\n<p>\u2014 V\u00e1 pegar a \u00e9gua.<\/p>\n<p>O menino passou m\u00e3o do cabresto e mergulhou no pasto. Minutos depois rebentou trotando em pelo a Serena, \u00e9gua velha, de muita barriga, mas aguentadeira.<\/p>\n<p>\u2014 D\u00ea milho, do mole, e arreie.<\/p>\n<p>O pequeno debulhou duas espigas no embornal e, enquanto a alim\u00e1ria mascava o lambisco, alisou-a, ajeitando-lhe no lombo pisado um saco velho, depois a carona, o lombilho, o pelego.<\/p>\n<p>\u2014 N\u00e3o coche demais a barrigueira. Tem potrinho.<\/p>\n<p>O menino folgou dois dedos o arroxo e esperou um bocado, enrolando o cigarrinho, at\u00e9 que a Serena parasse de mastigar. Por fim arrumou o freio e montou.<\/p>\n<p>\u2014 Agora voc\u00ea vai ao s\u00edtio do Nh\u00e9co e diga praquele tranca que dou o capadete pelos vinte e cinco mil-r\u00e9is.<\/p>\n<p>Pedrinho abriu cara de quem estranhava a ordem.<\/p>\n<p>\u2014 Sozinho?<\/p>\n<p>\u2014 U\u00e9! E a faca, ent\u00e3o? N\u00e3o \u00e9 \u201ccompanheiro\u201d?<\/p>\n<p>O argumento valeu. Pedrinho, sem mais palavra, deu r\u00e9dea e, lepte lepte, arrancou estrada afora.<\/p>\n<p>O pai, alisando maquinalmente um palh\u00e3o, seguiu-o de olhos at\u00e9 perd\u00ea-lo de vista na primeira curva. Depois, monologou:<\/p>\n<p>\u2014 \u201cSozinho?\u201d U\u00e9! At\u00e9 quando? \u00c9 preciso acostumar. Onze anos, \u00e9 homem&#8230; Eu com dez varava sert\u00e3o.<\/p>\n<p>Pedrinho trotava pela fita vermelha do caminho, sobe e desce morro, quebra \u00e0 direita, \u00e0 esquerda, pac, pac, pac&#8230;<\/p>\n<p>Pensava na volta. Teria tempo de transpor a figueira antes do escurecer? A figueira&#8230; Passavam-se coisas do arco de velha ali&#8230;<\/p>\n<p>Pela meia-noite \u2014 diziam \u2014 o capeta juntava a sua corte inteira debaixo dela e pinoteavam um samba do inferno.<\/p>\n<p>Os sacis marinhavam galhos acima em cata de figuinhos, que disputavam aos morcegos. Lobisomens eram \u00e0s d\u00fazias que vinham focinhar o esterco das corujas. Almas penadas, isso nem era bom falar! Quando o Quincas da Estiva contava casos ali passados com ele, n\u00e3o havia chap\u00e9u que parasse na cabe\u00e7a.<\/p>\n<p>Mas de dia, nada; passarinhada mi\u00fada s\u00f3, a debicar frutinhas. Foi o que Pedrinho viu, nesse dia, ao cruzar com ela. Mesmo assim passou r\u00e1pido e encolhidinho, \u201cpor via das d\u00favidas\u201d. Chegou ao Nh\u00e9co inda com sol, e deu o recado.<\/p>\n<p>Nh\u00e9co, marot\u00edssimo, co\u00e7a o cabelo de milho da barbica e embroma:<\/p>\n<p>\u2014 Pois n\u00e3o. Mas \u201cn\u00e3o v\u00ea\u201d que o toicinho baixou. De Minas tem descido um \u201cpoder\u201d de capadaria que mete medo. De sorte que voc\u00ea diga pro pai que nestes \u201ccausos\u201d eu n\u00e3o sustento o trato. Se ele quiser vinte e tr\u00eas mil-r\u00e9is&#8230; Diga assim, ouviu? Vinte e tr\u00eas!<\/p>\n<p>Pedrinho desandou para tr\u00e1s, pensando consigo: safado! E veio todo o caminho absorvido em xingar mentalmente o aproveitador. Ao defrontar a figueira, o medo engrifou-o. Escurecia. A luz estava morremorrendo \u2014 p\u00e1lida no alto, laranja esmaiada no poente. Por felicidade passaria a figueira antes da noite. Fechou os olhos, conjurou o encardido Santo Ant\u00f4nio da fam\u00edlia e transp\u00f4s de um gal\u00e3o o passo perigoso.<\/p>\n<p>\u2014 Arre!&#8230; \u2014 exclamou, com desabafo, olhando para tr\u00e1s e vendo a \u00e1rvore maldita diminuir de porte. E pac, pac, pac, estrada em fora, rumo do s\u00edtio&#8230;<\/p>\n<p>Mas escureceu, e j\u00e1 perto de casa, vai sen\u00e3o quando a \u00e9gua empina a orelha e passarinha.<\/p>\n<p>\u2014 \u00c9gua velha passarinhou \u00e9 saci! \u2014 sugeriu dentro dele o medo.<\/p>\n<p>E o menino, retranzido, v\u00ea de repente, no barranco, um saci de bra\u00e7os espichados, barrigudo, \u201ccom um olho de fogo que passeava pelo corpo\u201d.<\/p>\n<p>\u2014 Nossa Senhora da Concei\u00e7\u00e3o, valei-me!<\/p>\n<p>Assustado por aquele berro, o \u201colho do saci voou pelo ar, piscando\u201d&#8230;<\/p>\n<p>Pedrinho bateu em casa de cabelos em p\u00e9, olhos a saltar. Agarrou-se com o pai, tr\u00eamulo e sem fala. A custo desatou o n\u00f3 da l\u00edngua.<\/p>\n<p>\u2014 O saci, pai!&#8230;<\/p>\n<p>\u2014 ?<\/p>\n<p>\u2014 Pra c\u00e1 da figueira&#8230; na curva&#8230; Barrigudinho&#8230; preto&#8230;<\/p>\n<p>O pai deu-lhe \u00e1gua na cuia.<\/p>\n<p>\u2014 Beba. Sossegue um pouco, menino.<\/p>\n<p>E depois duma pausa:<\/p>\n<p>\u2014 Voc\u00ea est\u00e1 bobeando, Pedrinho. N\u00e3o h\u00e1 saci destas bandas.<\/p>\n<p>\u2014 Juro, pai! Por Deus do c\u00e9u que vi!<\/p>\n<p>E contou a viagem por mi\u00fado at\u00e9 a apari\u00e7\u00e3o.<\/p>\n<p>\u2014 Altinho? Pretinho? \u2014 indagou o pai.<\/p>\n<p>\u2014 Pretinho era, mas chatola, barrigudo, assim como uma pichorra grande.<\/p>\n<p>\u2014 Ent\u00e3o n\u00e3o \u00e9 saci \u2014 concluiu o velho, entendid\u00edssimo que era em demonologia. E depois:<\/p>\n<p>\u2014 Fedeu enxofre?<\/p>\n<p>\u2014 N\u00e3o.<\/p>\n<p>\u2014 Assobiou?<\/p>\n<p>\u2014 N\u00e3o.<\/p>\n<p>\u2014 Mexeu do lugar?<\/p>\n<p>\u2014 N\u00e3o. S\u00f3 o olho. O olho andava e voava.<\/p>\n<p>O caboclo refletiu um bocado, at\u00e9 que por fim uma ideia lhe iluminou a cara.<\/p>\n<p>\u2014 Onde foi isso \u2014 pra c\u00e1 do corguinho?<\/p>\n<p>\u2014 \u00c9&#8230;<\/p>\n<p>\u2014 No barranco?<\/p>\n<p>\u2014 Justamente&#8230;<\/p>\n<p>\u2014 O olho andou e depois voou, piscando?<\/p>\n<p>\u2014 Tal e qual&#8230;<\/p>\n<p>\u2014 E o corpo ficou parado?<\/p>\n<p>\u2014 Isso mesmo&#8230;<\/p>\n<p>O velho clareou a cara, desmanchando as rugas da testa, e disse, rindo:<\/p>\n<p>\u2014 O que mais n\u00e3o se aprende neste mundo!&#8230; Sabe o que voc\u00ea viu, menino? Voc\u00ea viu o saci-pichorra&#8230;<\/p>\n<p>E, mudando de tom, depois de refletir durante um bom par de minutos:<\/p>\n<p>\u2014 Quedele a faca?<\/p>\n<p>\u2014 Pra qu\u00ea? \u2014 perguntou o menino, desconfiado.<\/p>\n<p>\u2014 Deixe ver, d\u00ea c\u00e1 a faca.<\/p>\n<p>Pegou dela e p\u00f4-la \u00e0 cinta. Depois, r\u00edspido:<\/p>\n<p>\u2014 V\u00e1 dormir.<\/p>\n<p>Pedrinho, compreendendo a degrada\u00e7\u00e3o, ergueu-se, com l\u00e1grimas nos olhos.<\/p>\n<p>\u2014 E a faca? \u2014 perguntou.<\/p>\n<p>\u2014 Fica comigo. Pra voc\u00ea, porquerinha, \u00e9 canivete marca anzol ainda.<\/p>\n<p>E com infinita ironia:<\/p>\n<p>\u2014 V\u00e1 dormir, Pedro&#8230; Pichorra!..<\/p>\n<p>O menino recolheu-se, sacudido de solu\u00e7os. O velho pegou do borralho um ti\u00e7\u00e3o e acendeu na brasa viva o cigarro. Baforou uma fuma\u00e7a com o pensamento no falecido sogro, Chico Vira, o caboclo mais poltr\u00e3o da Estiva.<\/p>\n<p>\u2014 Por quem havia de puxar o Pedrinho, pelo Chico Vira&#8230;<\/p>\n<p>E, assim, o rebento masculino dos Pereiras, do Barro Branco, virou, por tro\u00e7a do pr\u00f3prio pai, o tronco duma nova fam\u00edlia, essa pichorrada que hoje p\u00f5e a nota s\u00e9pia da sitioca na verdura mon\u00f3tona da Samambaia.<\/p>\n<p>Tudo porque a velha Miquelina deixara naquele dia a pichorra d\u2019\u00e1gua a refrescar ao relento, \u00e0 beira do barranco, e um vagalume gua\u00e7u pousara nela por acaso, justamente quando o menino passava&#8230;<\/p>\n<p><strong>&#8230;&#8230;&#8230;&#8230;&#8230;<\/strong><\/p>\n<p><strong>Monteiro Lobato (1882\u20131948) foi escritor, editor e jornalista, uma das figuras centrais da literatura brasileira do s\u00e9culo XX.<\/strong><br data-start=\"126\" data-end=\"129\" \/><strong>Nascido em Taubat\u00e9, destacou-se tanto pela obra infantil quanto por textos adultos de forte cr\u00edtica social.<\/strong><br data-start=\"236\" data-end=\"239\" \/><strong>Criou o universo do S\u00edtio do Picapau Amarelo, que marcou gera\u00e7\u00f5es de leitores no Brasil.<\/strong><br data-start=\"327\" data-end=\"330\" \/><strong>Tamb\u00e9m teve atua\u00e7\u00e3o destacada no mercado editorial e no debate p\u00fablico, com posi\u00e7\u00f5es nacionalistas sobre temas como petr\u00f3leo e ferro.<\/strong><br data-start=\"463\" data-end=\"466\" \/><strong>Sua obra permanece influente, embora hoje seja relida de modo cr\u00edtico diante de passagens e vis\u00f5es marcadas pelo contexto de seu tempo.<\/strong><\/p>\n","protected":false},"excerpt":{"rendered":"<p>Quem dobra o morro da Samambaia, com a vista enjoada da verdura mon\u00f3tona, espairece na Grota Fria ao dar de chapa com uma sitioca pitoresca. E passa levando nos olhos a impress\u00e3o daquela s\u00e9pia afogada em campo verde. Casebre de palha, terreirinho de ch\u00e3o limpo, mastro de Santo Ant\u00f4nio com desenhos j\u00e1 escorridos da chuva [&hellip;]<\/p>\n","protected":false},"author":21,"featured_media":391898,"comment_status":"closed","ping_status":"closed","sticky":false,"template":"","format":"standard","meta":{"_acf_changed":false,"footnotes":""},"categories":[234],"tags":[],"class_list":["post-391897","post","type-post","status-publish","format-standard","has-post-thumbnail","hentry","category-cafe-literario"],"acf":[],"yoast_head":"<!-- This site is optimized with the Yoast SEO plugin v27.2 - https:\/\/yoast.com\/product\/yoast-seo-wordpress\/ -->\n<title>ENTRE O MEDO E A RO\u00c7A, O NASCIMENTO DE PEDRO PICHORRA - Notibras<\/title>\n<meta name=\"robots\" content=\"index, follow, max-snippet:-1, max-image-preview:large, max-video-preview:-1\" \/>\n<link rel=\"canonical\" href=\"https:\/\/www.notibras.com\/site\/entre-o-medo-e-a-roca-o-nascimento-de-pedro-pichorra\/\" \/>\n<meta property=\"og:locale\" content=\"pt_BR\" \/>\n<meta property=\"og:type\" content=\"article\" \/>\n<meta property=\"og:title\" content=\"ENTRE O MEDO E A RO\u00c7A, O NASCIMENTO DE PEDRO PICHORRA - Notibras\" \/>\n<meta property=\"og:description\" content=\"Quem dobra o morro da Samambaia, com a vista enjoada da verdura mon\u00f3tona, espairece na Grota Fria ao dar de chapa com uma sitioca pitoresca. E passa levando nos olhos a impress\u00e3o daquela s\u00e9pia afogada em campo verde. Casebre de palha, terreirinho de ch\u00e3o limpo, mastro de Santo Ant\u00f4nio com desenhos j\u00e1 escorridos da chuva [&hellip;]\" \/>\n<meta property=\"og:url\" content=\"https:\/\/www.notibras.com\/site\/entre-o-medo-e-a-roca-o-nascimento-de-pedro-pichorra\/\" \/>\n<meta property=\"og:site_name\" content=\"Notibras\" \/>\n<meta property=\"article:publisher\" content=\"https:\/\/www.facebook.com\/notibras\/\" \/>\n<meta property=\"article:published_time\" content=\"2026-04-26T04:00:04+00:00\" \/>\n<meta property=\"og:image\" content=\"https:\/\/www.notibras.com\/site\/wp-content\/uploads\/2026\/04\/ChatGPT-Image-19-de-abr.-de-2026-23_26_02-1024x819.png\" \/>\n\t<meta property=\"og:image:width\" content=\"1024\" \/>\n\t<meta property=\"og:image:height\" content=\"819\" \/>\n\t<meta property=\"og:image:type\" content=\"image\/png\" \/>\n<meta name=\"author\" content=\"Eduardo Mart\u00ednez\" \/>\n<meta name=\"twitter:card\" content=\"summary_large_image\" \/>\n<meta name=\"twitter:creator\" content=\"@Notibras\" \/>\n<meta name=\"twitter:site\" content=\"@Notibras\" \/>\n<meta name=\"twitter:label1\" content=\"Escrito por\" \/>\n\t<meta name=\"twitter:data1\" content=\"Eduardo Mart\u00ednez\" \/>\n\t<meta name=\"twitter:label2\" content=\"Est. tempo de leitura\" \/>\n\t<meta name=\"twitter:data2\" content=\"8 minutos\" \/>\n<script type=\"application\/ld+json\" class=\"yoast-schema-graph\">{\"@context\":\"https:\/\/schema.org\",\"@graph\":[{\"@type\":\"Article\",\"@id\":\"https:\/\/www.notibras.com\/site\/entre-o-medo-e-a-roca-o-nascimento-de-pedro-pichorra\/#article\",\"isPartOf\":{\"@id\":\"https:\/\/www.notibras.com\/site\/entre-o-medo-e-a-roca-o-nascimento-de-pedro-pichorra\/\"},\"author\":{\"name\":\"Eduardo Mart\u00ednez\",\"@id\":\"https:\/\/www.notibras.com\/site\/#\/schema\/person\/5b7fabf2aedc3ada2105f03b22b4d3dd\"},\"headline\":\"ENTRE O MEDO E A RO\u00c7A, O NASCIMENTO DE PEDRO PICHORRA\",\"datePublished\":\"2026-04-26T04:00:04+00:00\",\"mainEntityOfPage\":{\"@id\":\"https:\/\/www.notibras.com\/site\/entre-o-medo-e-a-roca-o-nascimento-de-pedro-pichorra\/\"},\"wordCount\":1416,\"publisher\":{\"@id\":\"https:\/\/www.notibras.com\/site\/#organization\"},\"image\":{\"@id\":\"https:\/\/www.notibras.com\/site\/entre-o-medo-e-a-roca-o-nascimento-de-pedro-pichorra\/#primaryimage\"},\"thumbnailUrl\":\"https:\/\/www.notibras.com\/site\/wp-content\/uploads\/2026\/04\/ChatGPT-Image-19-de-abr.-de-2026-23_26_02.png\",\"articleSection\":[\"Caf\u00e9 Liter\u00e1rio\"],\"inLanguage\":\"pt-BR\"},{\"@type\":\"WebPage\",\"@id\":\"https:\/\/www.notibras.com\/site\/entre-o-medo-e-a-roca-o-nascimento-de-pedro-pichorra\/\",\"url\":\"https:\/\/www.notibras.com\/site\/entre-o-medo-e-a-roca-o-nascimento-de-pedro-pichorra\/\",\"name\":\"ENTRE O MEDO E A RO\u00c7A, O NASCIMENTO DE PEDRO PICHORRA - Notibras\",\"isPartOf\":{\"@id\":\"https:\/\/www.notibras.com\/site\/#website\"},\"primaryImageOfPage\":{\"@id\":\"https:\/\/www.notibras.com\/site\/entre-o-medo-e-a-roca-o-nascimento-de-pedro-pichorra\/#primaryimage\"},\"image\":{\"@id\":\"https:\/\/www.notibras.com\/site\/entre-o-medo-e-a-roca-o-nascimento-de-pedro-pichorra\/#primaryimage\"},\"thumbnailUrl\":\"https:\/\/www.notibras.com\/site\/wp-content\/uploads\/2026\/04\/ChatGPT-Image-19-de-abr.-de-2026-23_26_02.png\",\"datePublished\":\"2026-04-26T04:00:04+00:00\",\"breadcrumb\":{\"@id\":\"https:\/\/www.notibras.com\/site\/entre-o-medo-e-a-roca-o-nascimento-de-pedro-pichorra\/#breadcrumb\"},\"inLanguage\":\"pt-BR\",\"potentialAction\":[{\"@type\":\"ReadAction\",\"target\":[\"https:\/\/www.notibras.com\/site\/entre-o-medo-e-a-roca-o-nascimento-de-pedro-pichorra\/\"]}]},{\"@type\":\"ImageObject\",\"inLanguage\":\"pt-BR\",\"@id\":\"https:\/\/www.notibras.com\/site\/entre-o-medo-e-a-roca-o-nascimento-de-pedro-pichorra\/#primaryimage\",\"url\":\"https:\/\/www.notibras.com\/site\/wp-content\/uploads\/2026\/04\/ChatGPT-Image-19-de-abr.-de-2026-23_26_02.png\",\"contentUrl\":\"https:\/\/www.notibras.com\/site\/wp-content\/uploads\/2026\/04\/ChatGPT-Image-19-de-abr.-de-2026-23_26_02.png\",\"width\":1402,\"height\":1122},{\"@type\":\"BreadcrumbList\",\"@id\":\"https:\/\/www.notibras.com\/site\/entre-o-medo-e-a-roca-o-nascimento-de-pedro-pichorra\/#breadcrumb\",\"itemListElement\":[{\"@type\":\"ListItem\",\"position\":1,\"name\":\"In\u00edcio\",\"item\":\"https:\/\/www.notibras.com\/site\/\"},{\"@type\":\"ListItem\",\"position\":2,\"name\":\"ENTRE O MEDO E A RO\u00c7A, O NASCIMENTO DE PEDRO PICHORRA\"}]},{\"@type\":\"WebSite\",\"@id\":\"https:\/\/www.notibras.com\/site\/#website\",\"url\":\"https:\/\/www.notibras.com\/site\/\",\"name\":\"Notibras\",\"description\":\"Not\u00edcias de Bras\u00edlia, do Brasil e do Mundo\",\"publisher\":{\"@id\":\"https:\/\/www.notibras.com\/site\/#organization\"},\"potentialAction\":[{\"@type\":\"SearchAction\",\"target\":{\"@type\":\"EntryPoint\",\"urlTemplate\":\"https:\/\/www.notibras.com\/site\/?s={search_term_string}\"},\"query-input\":{\"@type\":\"PropertyValueSpecification\",\"valueRequired\":true,\"valueName\":\"search_term_string\"}}],\"inLanguage\":\"pt-BR\"},{\"@type\":\"Organization\",\"@id\":\"https:\/\/www.notibras.com\/site\/#organization\",\"name\":\"Grupo Notibras de Comunica\u00e7\u00e3o\",\"url\":\"https:\/\/www.notibras.com\/site\/\",\"logo\":{\"@type\":\"ImageObject\",\"inLanguage\":\"pt-BR\",\"@id\":\"https:\/\/www.notibras.com\/site\/#\/schema\/logo\/image\/\",\"url\":\"https:\/\/www.notibras.com\/site\/wp-content\/uploads\/2023\/01\/notibras23.png\",\"contentUrl\":\"https:\/\/www.notibras.com\/site\/wp-content\/uploads\/2023\/01\/notibras23.png\",\"width\":350,\"height\":87,\"caption\":\"Grupo Notibras de Comunica\u00e7\u00e3o\"},\"image\":{\"@id\":\"https:\/\/www.notibras.com\/site\/#\/schema\/logo\/image\/\"},\"sameAs\":[\"https:\/\/www.facebook.com\/notibras\/\",\"https:\/\/x.com\/Notibras\",\"https:\/\/www.instagram.com\/notibras\/\"]},{\"@type\":\"Person\",\"@id\":\"https:\/\/www.notibras.com\/site\/#\/schema\/person\/5b7fabf2aedc3ada2105f03b22b4d3dd\",\"name\":\"Eduardo Mart\u00ednez\",\"image\":{\"@type\":\"ImageObject\",\"inLanguage\":\"pt-BR\",\"@id\":\"https:\/\/secure.gravatar.com\/avatar\/7902f906289926289cbcda644b5197c796b893c6ffd7b9a536a42d290f7704a0?s=96&d=mm&r=g\",\"url\":\"https:\/\/secure.gravatar.com\/avatar\/7902f906289926289cbcda644b5197c796b893c6ffd7b9a536a42d290f7704a0?s=96&d=mm&r=g\",\"contentUrl\":\"https:\/\/secure.gravatar.com\/avatar\/7902f906289926289cbcda644b5197c796b893c6ffd7b9a536a42d290f7704a0?s=96&d=mm&r=g\",\"caption\":\"Eduardo Mart\u00ednez\"}}]}<\/script>\n<!-- \/ Yoast SEO plugin. -->","yoast_head_json":{"title":"ENTRE O MEDO E A RO\u00c7A, O NASCIMENTO DE PEDRO PICHORRA - Notibras","robots":{"index":"index","follow":"follow","max-snippet":"max-snippet:-1","max-image-preview":"max-image-preview:large","max-video-preview":"max-video-preview:-1"},"canonical":"https:\/\/www.notibras.com\/site\/entre-o-medo-e-a-roca-o-nascimento-de-pedro-pichorra\/","og_locale":"pt_BR","og_type":"article","og_title":"ENTRE O MEDO E A RO\u00c7A, O NASCIMENTO DE PEDRO PICHORRA - Notibras","og_description":"Quem dobra o morro da Samambaia, com a vista enjoada da verdura mon\u00f3tona, espairece na Grota Fria ao dar de chapa com uma sitioca pitoresca. E passa levando nos olhos a impress\u00e3o daquela s\u00e9pia afogada em campo verde. Casebre de palha, terreirinho de ch\u00e3o limpo, mastro de Santo Ant\u00f4nio com desenhos j\u00e1 escorridos da chuva [&hellip;]","og_url":"https:\/\/www.notibras.com\/site\/entre-o-medo-e-a-roca-o-nascimento-de-pedro-pichorra\/","og_site_name":"Notibras","article_publisher":"https:\/\/www.facebook.com\/notibras\/","article_published_time":"2026-04-26T04:00:04+00:00","og_image":[{"width":1024,"height":819,"url":"https:\/\/www.notibras.com\/site\/wp-content\/uploads\/2026\/04\/ChatGPT-Image-19-de-abr.-de-2026-23_26_02-1024x819.png","type":"image\/png"}],"author":"Eduardo Mart\u00ednez","twitter_card":"summary_large_image","twitter_creator":"@Notibras","twitter_site":"@Notibras","twitter_misc":{"Escrito por":"Eduardo Mart\u00ednez","Est. tempo de leitura":"8 minutos"},"schema":{"@context":"https:\/\/schema.org","@graph":[{"@type":"Article","@id":"https:\/\/www.notibras.com\/site\/entre-o-medo-e-a-roca-o-nascimento-de-pedro-pichorra\/#article","isPartOf":{"@id":"https:\/\/www.notibras.com\/site\/entre-o-medo-e-a-roca-o-nascimento-de-pedro-pichorra\/"},"author":{"name":"Eduardo Mart\u00ednez","@id":"https:\/\/www.notibras.com\/site\/#\/schema\/person\/5b7fabf2aedc3ada2105f03b22b4d3dd"},"headline":"ENTRE O MEDO E A RO\u00c7A, O NASCIMENTO DE PEDRO PICHORRA","datePublished":"2026-04-26T04:00:04+00:00","mainEntityOfPage":{"@id":"https:\/\/www.notibras.com\/site\/entre-o-medo-e-a-roca-o-nascimento-de-pedro-pichorra\/"},"wordCount":1416,"publisher":{"@id":"https:\/\/www.notibras.com\/site\/#organization"},"image":{"@id":"https:\/\/www.notibras.com\/site\/entre-o-medo-e-a-roca-o-nascimento-de-pedro-pichorra\/#primaryimage"},"thumbnailUrl":"https:\/\/www.notibras.com\/site\/wp-content\/uploads\/2026\/04\/ChatGPT-Image-19-de-abr.-de-2026-23_26_02.png","articleSection":["Caf\u00e9 Liter\u00e1rio"],"inLanguage":"pt-BR"},{"@type":"WebPage","@id":"https:\/\/www.notibras.com\/site\/entre-o-medo-e-a-roca-o-nascimento-de-pedro-pichorra\/","url":"https:\/\/www.notibras.com\/site\/entre-o-medo-e-a-roca-o-nascimento-de-pedro-pichorra\/","name":"ENTRE O MEDO E A RO\u00c7A, O NASCIMENTO DE PEDRO PICHORRA - Notibras","isPartOf":{"@id":"https:\/\/www.notibras.com\/site\/#website"},"primaryImageOfPage":{"@id":"https:\/\/www.notibras.com\/site\/entre-o-medo-e-a-roca-o-nascimento-de-pedro-pichorra\/#primaryimage"},"image":{"@id":"https:\/\/www.notibras.com\/site\/entre-o-medo-e-a-roca-o-nascimento-de-pedro-pichorra\/#primaryimage"},"thumbnailUrl":"https:\/\/www.notibras.com\/site\/wp-content\/uploads\/2026\/04\/ChatGPT-Image-19-de-abr.-de-2026-23_26_02.png","datePublished":"2026-04-26T04:00:04+00:00","breadcrumb":{"@id":"https:\/\/www.notibras.com\/site\/entre-o-medo-e-a-roca-o-nascimento-de-pedro-pichorra\/#breadcrumb"},"inLanguage":"pt-BR","potentialAction":[{"@type":"ReadAction","target":["https:\/\/www.notibras.com\/site\/entre-o-medo-e-a-roca-o-nascimento-de-pedro-pichorra\/"]}]},{"@type":"ImageObject","inLanguage":"pt-BR","@id":"https:\/\/www.notibras.com\/site\/entre-o-medo-e-a-roca-o-nascimento-de-pedro-pichorra\/#primaryimage","url":"https:\/\/www.notibras.com\/site\/wp-content\/uploads\/2026\/04\/ChatGPT-Image-19-de-abr.-de-2026-23_26_02.png","contentUrl":"https:\/\/www.notibras.com\/site\/wp-content\/uploads\/2026\/04\/ChatGPT-Image-19-de-abr.-de-2026-23_26_02.png","width":1402,"height":1122},{"@type":"BreadcrumbList","@id":"https:\/\/www.notibras.com\/site\/entre-o-medo-e-a-roca-o-nascimento-de-pedro-pichorra\/#breadcrumb","itemListElement":[{"@type":"ListItem","position":1,"name":"In\u00edcio","item":"https:\/\/www.notibras.com\/site\/"},{"@type":"ListItem","position":2,"name":"ENTRE O MEDO E A RO\u00c7A, O NASCIMENTO DE PEDRO PICHORRA"}]},{"@type":"WebSite","@id":"https:\/\/www.notibras.com\/site\/#website","url":"https:\/\/www.notibras.com\/site\/","name":"Notibras","description":"Not\u00edcias de Bras\u00edlia, do Brasil e do Mundo","publisher":{"@id":"https:\/\/www.notibras.com\/site\/#organization"},"potentialAction":[{"@type":"SearchAction","target":{"@type":"EntryPoint","urlTemplate":"https:\/\/www.notibras.com\/site\/?s={search_term_string}"},"query-input":{"@type":"PropertyValueSpecification","valueRequired":true,"valueName":"search_term_string"}}],"inLanguage":"pt-BR"},{"@type":"Organization","@id":"https:\/\/www.notibras.com\/site\/#organization","name":"Grupo Notibras de Comunica\u00e7\u00e3o","url":"https:\/\/www.notibras.com\/site\/","logo":{"@type":"ImageObject","inLanguage":"pt-BR","@id":"https:\/\/www.notibras.com\/site\/#\/schema\/logo\/image\/","url":"https:\/\/www.notibras.com\/site\/wp-content\/uploads\/2023\/01\/notibras23.png","contentUrl":"https:\/\/www.notibras.com\/site\/wp-content\/uploads\/2023\/01\/notibras23.png","width":350,"height":87,"caption":"Grupo Notibras de Comunica\u00e7\u00e3o"},"image":{"@id":"https:\/\/www.notibras.com\/site\/#\/schema\/logo\/image\/"},"sameAs":["https:\/\/www.facebook.com\/notibras\/","https:\/\/x.com\/Notibras","https:\/\/www.instagram.com\/notibras\/"]},{"@type":"Person","@id":"https:\/\/www.notibras.com\/site\/#\/schema\/person\/5b7fabf2aedc3ada2105f03b22b4d3dd","name":"Eduardo Mart\u00ednez","image":{"@type":"ImageObject","inLanguage":"pt-BR","@id":"https:\/\/secure.gravatar.com\/avatar\/7902f906289926289cbcda644b5197c796b893c6ffd7b9a536a42d290f7704a0?s=96&d=mm&r=g","url":"https:\/\/secure.gravatar.com\/avatar\/7902f906289926289cbcda644b5197c796b893c6ffd7b9a536a42d290f7704a0?s=96&d=mm&r=g","contentUrl":"https:\/\/secure.gravatar.com\/avatar\/7902f906289926289cbcda644b5197c796b893c6ffd7b9a536a42d290f7704a0?s=96&d=mm&r=g","caption":"Eduardo Mart\u00ednez"}}]}},"amp_enabled":true,"_links":{"self":[{"href":"https:\/\/www.notibras.com\/site\/wp-json\/wp\/v2\/posts\/391897","targetHints":{"allow":["GET"]}}],"collection":[{"href":"https:\/\/www.notibras.com\/site\/wp-json\/wp\/v2\/posts"}],"about":[{"href":"https:\/\/www.notibras.com\/site\/wp-json\/wp\/v2\/types\/post"}],"author":[{"embeddable":true,"href":"https:\/\/www.notibras.com\/site\/wp-json\/wp\/v2\/users\/21"}],"replies":[{"embeddable":true,"href":"https:\/\/www.notibras.com\/site\/wp-json\/wp\/v2\/comments?post=391897"}],"version-history":[{"count":2,"href":"https:\/\/www.notibras.com\/site\/wp-json\/wp\/v2\/posts\/391897\/revisions"}],"predecessor-version":[{"id":391900,"href":"https:\/\/www.notibras.com\/site\/wp-json\/wp\/v2\/posts\/391897\/revisions\/391900"}],"wp:featuredmedia":[{"embeddable":true,"href":"https:\/\/www.notibras.com\/site\/wp-json\/wp\/v2\/media\/391898"}],"wp:attachment":[{"href":"https:\/\/www.notibras.com\/site\/wp-json\/wp\/v2\/media?parent=391897"}],"wp:term":[{"taxonomy":"category","embeddable":true,"href":"https:\/\/www.notibras.com\/site\/wp-json\/wp\/v2\/categories?post=391897"},{"taxonomy":"post_tag","embeddable":true,"href":"https:\/\/www.notibras.com\/site\/wp-json\/wp\/v2\/tags?post=391897"}],"curies":[{"name":"wp","href":"https:\/\/api.w.org\/{rel}","templated":true}]}}