{"id":39197,"date":"2015-03-08T09:44:19","date_gmt":"2015-03-08T12:44:19","guid":{"rendered":"http:\/\/www.notibras.com\/site\/?p=39197"},"modified":"2015-03-08T10:51:50","modified_gmt":"2015-03-08T13:51:50","slug":"lugar-de-mulher-e-na-politica-seja-o-executivo-ou-legislativo","status":"publish","type":"post","link":"https:\/\/www.notibras.com\/site\/lugar-de-mulher-e-na-politica-seja-o-executivo-ou-legislativo\/","title":{"rendered":"Lugar das mulheres \u00e9 na pol\u00edtica, seja no Executivo ou Legislativo"},"content":{"rendered":"<p>Depois de d\u00e9cadas de aliena\u00e7\u00e3o pol\u00edtica, \u00e9 maravilhoso verificar a forte presen\u00e7a feminina na pol\u00edtica. \u00c9 a segunda vez que o Brasil \u00e9 governado por uma mulher. E o Distrito Federal tem, pela segunda vez tamb\u00e9m, uma mulher presidindo a\u00a0C\u00e2mara Legislativa do Distrito Federal.<\/p>\n<p>\u00c9 com muita honra que assumi a presid\u00eancia da CLDF tendo, ao meu lado, na vice-presid\u00eancia, a deputada Liliane Roriz. Trata-se de uma miss\u00e3o dif\u00edcil, mas muito honrosa. As mulheres t\u00eam posi\u00e7\u00e3o de destaque neste novo cap\u00edtulo da hist\u00f3ria pol\u00edtica do Distrito Federal.<\/p>\n<p>Toda mulher carrega dentro de si muita f\u00e9 e esperan\u00e7a no futuro, al\u00e9m da\u00a0sensibilidade t\u00e3o necess\u00e1ria para os momentos de mudan\u00e7as e mesmo de crises. A alma feminina sabe que \u00e9 preciso mudar, mas sempre conservando o que foi conquistado. Saltar para o futuro \u00e9 preciso, mas sem nunca deixar de levar consigo o passado que oferece li\u00e7\u00f5es t\u00e3o preciosas.<\/p>\n<blockquote><p>O momento \u00e9 de grandes desafios para os gestores e para a popula\u00e7\u00e3o do Distrito Federal.\u00a0Mas tamb\u00e9m \u00e9 uma oportunidade de redefinir nossa hist\u00f3ria com mais responsabilidade e generosidade.\u00a0Sei das decis\u00f5es\u00a0dif\u00edceis\u00a0que precisam ser tomadas,\u00a0agora\u00a0por causa do passado recente, mas, coerente com minha alma feminina, vou imprimir em cada uma delas a sensibilidade de uma mulher que sabe o quanto \u00e9 dif\u00edcil viver em um pa\u00eds injusto e desigual.<\/p><\/blockquote>\n<p>Herdei essa lucidez de minha m\u00e3e, Maria C\u00e9lia Le\u00e3o, que em uma \u00e9poca de maiores dificuldades e preconceitos, lutou muito e conquistou seu lugar no mercado de trabalho e na pol\u00edtica, que sempre lhe despertou interesse. Lembro\u00a0que, nos meus dias de menina,\u00a0minha m\u00e3e me levava \u00e0s reuni\u00f5es pol\u00edticas com lideran\u00e7as nacionais expressivas.<\/p>\n<p>Em meio \u00e0s campanhas da qual minha m\u00e3e participava, tive o privil\u00e9gio de ainda muito nova ouvir e conhecer figuras ilustres como Ulysses Guimar\u00e3es. Tamb\u00e9m bem cedo percebi que a mulher precisava lutar mais do que o homem para conquistar seu espa\u00e7o.<\/p>\n<p>Por isso, entendo que temos uma garra muito grande, forjada nas dificuldades que enfrentamos desde cedo, e somos capazes de persistir quando at\u00e9 os homens mais fortes e inteligentes recuam ou se deixam tomar pelo desespero.\u00a0 A mulher \u00e9 testada\u00a0continuamente, desde sua mocidade, e assim adquire sua\u00a0resili\u00eancia\u00a0singular.<\/p>\n<p>\u00c9 outra caracter\u00edstica forte que tamb\u00e9m herdei de dona Maria C\u00e9lia Le\u00e3o, uma mulher sempre\u00a0atenta\u00a0\u00e0s\u00a0quest\u00f5es de\u00a0pol\u00edticas p\u00fablicas de g\u00eanero e\u00a0que no estado de Goi\u00e1s\u00a0criou a\u00a0Secretaria da Condi\u00e7\u00e3o Feminina, que foi uma grande refer\u00eancia para todo o Brasil.<\/p>\n<p>A partir desse grande exemplo, trilhei o meu pr\u00f3prio caminho.\u00a0Primeiro, no movimento estudantil, conciliando os estudos e a milit\u00e2ncia com o trabalho de administra\u00e7\u00e3o de empresas, e ainda me rendendo \u00e0 paix\u00e3o do hipismo. Nunca quis ser menos do que tudo aquilo que eu poderia sonhar para mim mesma.<\/p>\n<blockquote><p>Foi assim que fui conquistando tamb\u00e9m meu espa\u00e7o na pol\u00edtica do Distrito Federal, com muita f\u00e9 e perseveran\u00e7a. A participa\u00e7\u00e3o feminina na pol\u00edtica \u00e9 desde sempre uma luta muito grande, pontuada por epis\u00f3dios de retrocessos e atrasos, mas traz enormes benef\u00edcios n\u00e3o apenas \u00e0s mulheres, mas a toda a sociedade brasileira.<\/p><\/blockquote>\n<p>Porque a mulher sabe transformar sua sensibilidade e perseveran\u00e7a em um olhar diferenciado na pol\u00edtica. Ningu\u00e9m entende mais de conflitos de interesses do que uma mulher que tem responsabilidade por sua fam\u00edlia. Ningu\u00e9m sabe mais sobre a natureza humana do que aquela que nasceu com o dom de dar continuidade \u00e0 humanidade.<\/p>\n<p>Por isso, neste oito de mar\u00e7o, digo que lugar de mulher \u00e9 na pol\u00edtica. E deixo aqui minha homenagem \u00e0s mulheres pioneiras que abriram o caminho pelo qual hoje estou trilhando meus passos, em especial \u00e0 minha m\u00e3e, Maria C\u00e9lia Le\u00e3o, que me deixou como heran\u00e7a sua for\u00e7a de vontade, sensibilidade, car\u00e1ter e generosidade.<\/p>\n<p><strong>Celina Le\u00e3o<\/strong><\/p>\n","protected":false},"excerpt":{"rendered":"<p>Depois de d\u00e9cadas de aliena\u00e7\u00e3o pol\u00edtica, \u00e9 maravilhoso verificar a forte presen\u00e7a feminina na pol\u00edtica. \u00c9 a segunda vez que o Brasil \u00e9 governado por uma mulher. E o Distrito Federal tem, pela segunda vez tamb\u00e9m, uma mulher presidindo a\u00a0C\u00e2mara Legislativa do Distrito Federal. \u00c9 com muita honra que assumi a presid\u00eancia da CLDF tendo, [&hellip;]<\/p>\n","protected":false},"author":2,"featured_media":39200,"comment_status":"open","ping_status":"closed","sticky":false,"template":"","format":"standard","meta":{"_acf_changed":false,"footnotes":""},"categories":[25],"tags":[],"class_list":["post-39197","post","type-post","status-publish","format-standard","has-post-thumbnail","hentry","category-opina-ai"],"acf":[],"yoast_head":"<!-- This site is optimized with the Yoast SEO plugin v27.2 - https:\/\/yoast.com\/product\/yoast-seo-wordpress\/ -->\n<title>Lugar das mulheres \u00e9 na pol\u00edtica, seja no Executivo ou Legislativo - Notibras<\/title>\n<meta name=\"robots\" content=\"index, follow, max-snippet:-1, max-image-preview:large, max-video-preview:-1\" \/>\n<link rel=\"canonical\" href=\"https:\/\/www.notibras.com\/site\/lugar-de-mulher-e-na-politica-seja-o-executivo-ou-legislativo\/\" \/>\n<meta property=\"og:locale\" content=\"pt_BR\" \/>\n<meta property=\"og:type\" content=\"article\" \/>\n<meta property=\"og:title\" content=\"Lugar das mulheres \u00e9 na pol\u00edtica, seja no Executivo ou Legislativo - Notibras\" \/>\n<meta property=\"og:description\" content=\"Depois de d\u00e9cadas de aliena\u00e7\u00e3o pol\u00edtica, \u00e9 maravilhoso verificar a forte presen\u00e7a feminina na pol\u00edtica. \u00c9 a segunda vez que o Brasil \u00e9 governado por uma mulher. E o Distrito Federal tem, pela segunda vez tamb\u00e9m, uma mulher presidindo a\u00a0C\u00e2mara Legislativa do Distrito Federal. \u00c9 com muita honra que assumi a presid\u00eancia da CLDF tendo, [&hellip;]\" \/>\n<meta property=\"og:url\" content=\"https:\/\/www.notibras.com\/site\/lugar-de-mulher-e-na-politica-seja-o-executivo-ou-legislativo\/\" \/>\n<meta property=\"og:site_name\" content=\"Notibras\" \/>\n<meta property=\"article:publisher\" content=\"https:\/\/www.facebook.com\/notibras\/\" \/>\n<meta property=\"article:published_time\" content=\"2015-03-08T12:44:19+00:00\" \/>\n<meta property=\"article:modified_time\" content=\"2015-03-08T13:51:50+00:00\" \/>\n<meta property=\"og:image\" content=\"https:\/\/www.notibras.com\/site\/wp-content\/uploads\/2015\/03\/c2a396_9d6fb0bfb43d482a92dfa7d0e24e1de7.jpg\" \/>\n\t<meta property=\"og:image:width\" content=\"668\" \/>\n\t<meta property=\"og:image:height\" content=\"445\" \/>\n\t<meta property=\"og:image:type\" content=\"image\/jpeg\" \/>\n<meta name=\"author\" content=\"Reda\u00e7\u00e3o\" \/>\n<meta name=\"twitter:card\" content=\"summary_large_image\" \/>\n<meta name=\"twitter:creator\" content=\"@Notibras\" \/>\n<meta name=\"twitter:site\" content=\"@Notibras\" \/>\n<meta name=\"twitter:label1\" content=\"Escrito por\" \/>\n\t<meta name=\"twitter:data1\" content=\"Reda\u00e7\u00e3o\" \/>\n\t<meta name=\"twitter:label2\" content=\"Est. tempo de leitura\" \/>\n\t<meta name=\"twitter:data2\" content=\"3 minutos\" \/>\n<script type=\"application\/ld+json\" class=\"yoast-schema-graph\">{\"@context\":\"https:\/\/schema.org\",\"@graph\":[{\"@type\":\"Article\",\"@id\":\"https:\/\/www.notibras.com\/site\/lugar-de-mulher-e-na-politica-seja-o-executivo-ou-legislativo\/#article\",\"isPartOf\":{\"@id\":\"https:\/\/www.notibras.com\/site\/lugar-de-mulher-e-na-politica-seja-o-executivo-ou-legislativo\/\"},\"author\":{\"name\":\"Reda\u00e7\u00e3o\",\"@id\":\"https:\/\/www.notibras.com\/site\/#\/schema\/person\/36ab0979449956132d3e5b517ea76ac8\"},\"headline\":\"Lugar das mulheres \u00e9 na pol\u00edtica, seja no Executivo ou Legislativo\",\"datePublished\":\"2015-03-08T12:44:19+00:00\",\"dateModified\":\"2015-03-08T13:51:50+00:00\",\"mainEntityOfPage\":{\"@id\":\"https:\/\/www.notibras.com\/site\/lugar-de-mulher-e-na-politica-seja-o-executivo-ou-legislativo\/\"},\"wordCount\":699,\"commentCount\":0,\"publisher\":{\"@id\":\"https:\/\/www.notibras.com\/site\/#organization\"},\"image\":{\"@id\":\"https:\/\/www.notibras.com\/site\/lugar-de-mulher-e-na-politica-seja-o-executivo-ou-legislativo\/#primaryimage\"},\"thumbnailUrl\":\"https:\/\/www.notibras.com\/site\/wp-content\/uploads\/2015\/03\/c2a396_9d6fb0bfb43d482a92dfa7d0e24e1de7.jpg\",\"articleSection\":[\"Opina a\u00ed\"],\"inLanguage\":\"pt-BR\",\"potentialAction\":[{\"@type\":\"CommentAction\",\"name\":\"Comment\",\"target\":[\"https:\/\/www.notibras.com\/site\/lugar-de-mulher-e-na-politica-seja-o-executivo-ou-legislativo\/#respond\"]}]},{\"@type\":\"WebPage\",\"@id\":\"https:\/\/www.notibras.com\/site\/lugar-de-mulher-e-na-politica-seja-o-executivo-ou-legislativo\/\",\"url\":\"https:\/\/www.notibras.com\/site\/lugar-de-mulher-e-na-politica-seja-o-executivo-ou-legislativo\/\",\"name\":\"Lugar das mulheres \u00e9 na pol\u00edtica, seja no Executivo ou Legislativo - Notibras\",\"isPartOf\":{\"@id\":\"https:\/\/www.notibras.com\/site\/#website\"},\"primaryImageOfPage\":{\"@id\":\"https:\/\/www.notibras.com\/site\/lugar-de-mulher-e-na-politica-seja-o-executivo-ou-legislativo\/#primaryimage\"},\"image\":{\"@id\":\"https:\/\/www.notibras.com\/site\/lugar-de-mulher-e-na-politica-seja-o-executivo-ou-legislativo\/#primaryimage\"},\"thumbnailUrl\":\"https:\/\/www.notibras.com\/site\/wp-content\/uploads\/2015\/03\/c2a396_9d6fb0bfb43d482a92dfa7d0e24e1de7.jpg\",\"datePublished\":\"2015-03-08T12:44:19+00:00\",\"dateModified\":\"2015-03-08T13:51:50+00:00\",\"breadcrumb\":{\"@id\":\"https:\/\/www.notibras.com\/site\/lugar-de-mulher-e-na-politica-seja-o-executivo-ou-legislativo\/#breadcrumb\"},\"inLanguage\":\"pt-BR\",\"potentialAction\":[{\"@type\":\"ReadAction\",\"target\":[\"https:\/\/www.notibras.com\/site\/lugar-de-mulher-e-na-politica-seja-o-executivo-ou-legislativo\/\"]}]},{\"@type\":\"ImageObject\",\"inLanguage\":\"pt-BR\",\"@id\":\"https:\/\/www.notibras.com\/site\/lugar-de-mulher-e-na-politica-seja-o-executivo-ou-legislativo\/#primaryimage\",\"url\":\"https:\/\/www.notibras.com\/site\/wp-content\/uploads\/2015\/03\/c2a396_9d6fb0bfb43d482a92dfa7d0e24e1de7.jpg\",\"contentUrl\":\"https:\/\/www.notibras.com\/site\/wp-content\/uploads\/2015\/03\/c2a396_9d6fb0bfb43d482a92dfa7d0e24e1de7.jpg\",\"width\":668,\"height\":445},{\"@type\":\"BreadcrumbList\",\"@id\":\"https:\/\/www.notibras.com\/site\/lugar-de-mulher-e-na-politica-seja-o-executivo-ou-legislativo\/#breadcrumb\",\"itemListElement\":[{\"@type\":\"ListItem\",\"position\":1,\"name\":\"In\u00edcio\",\"item\":\"https:\/\/www.notibras.com\/site\/\"},{\"@type\":\"ListItem\",\"position\":2,\"name\":\"Lugar das mulheres \u00e9 na pol\u00edtica, seja no Executivo ou Legislativo\"}]},{\"@type\":\"WebSite\",\"@id\":\"https:\/\/www.notibras.com\/site\/#website\",\"url\":\"https:\/\/www.notibras.com\/site\/\",\"name\":\"Notibras\",\"description\":\"Not\u00edcias de Bras\u00edlia, do Brasil e do Mundo\",\"publisher\":{\"@id\":\"https:\/\/www.notibras.com\/site\/#organization\"},\"potentialAction\":[{\"@type\":\"SearchAction\",\"target\":{\"@type\":\"EntryPoint\",\"urlTemplate\":\"https:\/\/www.notibras.com\/site\/?s={search_term_string}\"},\"query-input\":{\"@type\":\"PropertyValueSpecification\",\"valueRequired\":true,\"valueName\":\"search_term_string\"}}],\"inLanguage\":\"pt-BR\"},{\"@type\":\"Organization\",\"@id\":\"https:\/\/www.notibras.com\/site\/#organization\",\"name\":\"Grupo Notibras de Comunica\u00e7\u00e3o\",\"url\":\"https:\/\/www.notibras.com\/site\/\",\"logo\":{\"@type\":\"ImageObject\",\"inLanguage\":\"pt-BR\",\"@id\":\"https:\/\/www.notibras.com\/site\/#\/schema\/logo\/image\/\",\"url\":\"https:\/\/www.notibras.com\/site\/wp-content\/uploads\/2023\/01\/notibras23.png\",\"contentUrl\":\"https:\/\/www.notibras.com\/site\/wp-content\/uploads\/2023\/01\/notibras23.png\",\"width\":350,\"height\":87,\"caption\":\"Grupo Notibras de Comunica\u00e7\u00e3o\"},\"image\":{\"@id\":\"https:\/\/www.notibras.com\/site\/#\/schema\/logo\/image\/\"},\"sameAs\":[\"https:\/\/www.facebook.com\/notibras\/\",\"https:\/\/x.com\/Notibras\",\"https:\/\/www.instagram.com\/notibras\/\"]},{\"@type\":\"Person\",\"@id\":\"https:\/\/www.notibras.com\/site\/#\/schema\/person\/36ab0979449956132d3e5b517ea76ac8\",\"name\":\"Reda\u00e7\u00e3o\",\"image\":{\"@type\":\"ImageObject\",\"inLanguage\":\"pt-BR\",\"@id\":\"https:\/\/secure.gravatar.com\/avatar\/e0a867bdedb85fd243eadf09663511f96fc81e0720a4a42581f334ad4303aa6b?s=96&d=mm&r=g\",\"url\":\"https:\/\/secure.gravatar.com\/avatar\/e0a867bdedb85fd243eadf09663511f96fc81e0720a4a42581f334ad4303aa6b?s=96&d=mm&r=g\",\"contentUrl\":\"https:\/\/secure.gravatar.com\/avatar\/e0a867bdedb85fd243eadf09663511f96fc81e0720a4a42581f334ad4303aa6b?s=96&d=mm&r=g\",\"caption\":\"Reda\u00e7\u00e3o\"}}]}<\/script>\n<!-- \/ Yoast SEO plugin. -->","yoast_head_json":{"title":"Lugar das mulheres \u00e9 na pol\u00edtica, seja no Executivo ou Legislativo - Notibras","robots":{"index":"index","follow":"follow","max-snippet":"max-snippet:-1","max-image-preview":"max-image-preview:large","max-video-preview":"max-video-preview:-1"},"canonical":"https:\/\/www.notibras.com\/site\/lugar-de-mulher-e-na-politica-seja-o-executivo-ou-legislativo\/","og_locale":"pt_BR","og_type":"article","og_title":"Lugar das mulheres \u00e9 na pol\u00edtica, seja no Executivo ou Legislativo - Notibras","og_description":"Depois de d\u00e9cadas de aliena\u00e7\u00e3o pol\u00edtica, \u00e9 maravilhoso verificar a forte presen\u00e7a feminina na pol\u00edtica. \u00c9 a segunda vez que o Brasil \u00e9 governado por uma mulher. E o Distrito Federal tem, pela segunda vez tamb\u00e9m, uma mulher presidindo a\u00a0C\u00e2mara Legislativa do Distrito Federal. \u00c9 com muita honra que assumi a presid\u00eancia da CLDF tendo, [&hellip;]","og_url":"https:\/\/www.notibras.com\/site\/lugar-de-mulher-e-na-politica-seja-o-executivo-ou-legislativo\/","og_site_name":"Notibras","article_publisher":"https:\/\/www.facebook.com\/notibras\/","article_published_time":"2015-03-08T12:44:19+00:00","article_modified_time":"2015-03-08T13:51:50+00:00","og_image":[{"width":668,"height":445,"url":"https:\/\/www.notibras.com\/site\/wp-content\/uploads\/2015\/03\/c2a396_9d6fb0bfb43d482a92dfa7d0e24e1de7.jpg","type":"image\/jpeg"}],"author":"Reda\u00e7\u00e3o","twitter_card":"summary_large_image","twitter_creator":"@Notibras","twitter_site":"@Notibras","twitter_misc":{"Escrito por":"Reda\u00e7\u00e3o","Est. tempo de leitura":"3 minutos"},"schema":{"@context":"https:\/\/schema.org","@graph":[{"@type":"Article","@id":"https:\/\/www.notibras.com\/site\/lugar-de-mulher-e-na-politica-seja-o-executivo-ou-legislativo\/#article","isPartOf":{"@id":"https:\/\/www.notibras.com\/site\/lugar-de-mulher-e-na-politica-seja-o-executivo-ou-legislativo\/"},"author":{"name":"Reda\u00e7\u00e3o","@id":"https:\/\/www.notibras.com\/site\/#\/schema\/person\/36ab0979449956132d3e5b517ea76ac8"},"headline":"Lugar das mulheres \u00e9 na pol\u00edtica, seja no Executivo ou Legislativo","datePublished":"2015-03-08T12:44:19+00:00","dateModified":"2015-03-08T13:51:50+00:00","mainEntityOfPage":{"@id":"https:\/\/www.notibras.com\/site\/lugar-de-mulher-e-na-politica-seja-o-executivo-ou-legislativo\/"},"wordCount":699,"commentCount":0,"publisher":{"@id":"https:\/\/www.notibras.com\/site\/#organization"},"image":{"@id":"https:\/\/www.notibras.com\/site\/lugar-de-mulher-e-na-politica-seja-o-executivo-ou-legislativo\/#primaryimage"},"thumbnailUrl":"https:\/\/www.notibras.com\/site\/wp-content\/uploads\/2015\/03\/c2a396_9d6fb0bfb43d482a92dfa7d0e24e1de7.jpg","articleSection":["Opina a\u00ed"],"inLanguage":"pt-BR","potentialAction":[{"@type":"CommentAction","name":"Comment","target":["https:\/\/www.notibras.com\/site\/lugar-de-mulher-e-na-politica-seja-o-executivo-ou-legislativo\/#respond"]}]},{"@type":"WebPage","@id":"https:\/\/www.notibras.com\/site\/lugar-de-mulher-e-na-politica-seja-o-executivo-ou-legislativo\/","url":"https:\/\/www.notibras.com\/site\/lugar-de-mulher-e-na-politica-seja-o-executivo-ou-legislativo\/","name":"Lugar das mulheres \u00e9 na pol\u00edtica, seja no Executivo ou Legislativo - Notibras","isPartOf":{"@id":"https:\/\/www.notibras.com\/site\/#website"},"primaryImageOfPage":{"@id":"https:\/\/www.notibras.com\/site\/lugar-de-mulher-e-na-politica-seja-o-executivo-ou-legislativo\/#primaryimage"},"image":{"@id":"https:\/\/www.notibras.com\/site\/lugar-de-mulher-e-na-politica-seja-o-executivo-ou-legislativo\/#primaryimage"},"thumbnailUrl":"https:\/\/www.notibras.com\/site\/wp-content\/uploads\/2015\/03\/c2a396_9d6fb0bfb43d482a92dfa7d0e24e1de7.jpg","datePublished":"2015-03-08T12:44:19+00:00","dateModified":"2015-03-08T13:51:50+00:00","breadcrumb":{"@id":"https:\/\/www.notibras.com\/site\/lugar-de-mulher-e-na-politica-seja-o-executivo-ou-legislativo\/#breadcrumb"},"inLanguage":"pt-BR","potentialAction":[{"@type":"ReadAction","target":["https:\/\/www.notibras.com\/site\/lugar-de-mulher-e-na-politica-seja-o-executivo-ou-legislativo\/"]}]},{"@type":"ImageObject","inLanguage":"pt-BR","@id":"https:\/\/www.notibras.com\/site\/lugar-de-mulher-e-na-politica-seja-o-executivo-ou-legislativo\/#primaryimage","url":"https:\/\/www.notibras.com\/site\/wp-content\/uploads\/2015\/03\/c2a396_9d6fb0bfb43d482a92dfa7d0e24e1de7.jpg","contentUrl":"https:\/\/www.notibras.com\/site\/wp-content\/uploads\/2015\/03\/c2a396_9d6fb0bfb43d482a92dfa7d0e24e1de7.jpg","width":668,"height":445},{"@type":"BreadcrumbList","@id":"https:\/\/www.notibras.com\/site\/lugar-de-mulher-e-na-politica-seja-o-executivo-ou-legislativo\/#breadcrumb","itemListElement":[{"@type":"ListItem","position":1,"name":"In\u00edcio","item":"https:\/\/www.notibras.com\/site\/"},{"@type":"ListItem","position":2,"name":"Lugar das mulheres \u00e9 na pol\u00edtica, seja no Executivo ou Legislativo"}]},{"@type":"WebSite","@id":"https:\/\/www.notibras.com\/site\/#website","url":"https:\/\/www.notibras.com\/site\/","name":"Notibras","description":"Not\u00edcias de Bras\u00edlia, do Brasil e do Mundo","publisher":{"@id":"https:\/\/www.notibras.com\/site\/#organization"},"potentialAction":[{"@type":"SearchAction","target":{"@type":"EntryPoint","urlTemplate":"https:\/\/www.notibras.com\/site\/?s={search_term_string}"},"query-input":{"@type":"PropertyValueSpecification","valueRequired":true,"valueName":"search_term_string"}}],"inLanguage":"pt-BR"},{"@type":"Organization","@id":"https:\/\/www.notibras.com\/site\/#organization","name":"Grupo Notibras de Comunica\u00e7\u00e3o","url":"https:\/\/www.notibras.com\/site\/","logo":{"@type":"ImageObject","inLanguage":"pt-BR","@id":"https:\/\/www.notibras.com\/site\/#\/schema\/logo\/image\/","url":"https:\/\/www.notibras.com\/site\/wp-content\/uploads\/2023\/01\/notibras23.png","contentUrl":"https:\/\/www.notibras.com\/site\/wp-content\/uploads\/2023\/01\/notibras23.png","width":350,"height":87,"caption":"Grupo Notibras de Comunica\u00e7\u00e3o"},"image":{"@id":"https:\/\/www.notibras.com\/site\/#\/schema\/logo\/image\/"},"sameAs":["https:\/\/www.facebook.com\/notibras\/","https:\/\/x.com\/Notibras","https:\/\/www.instagram.com\/notibras\/"]},{"@type":"Person","@id":"https:\/\/www.notibras.com\/site\/#\/schema\/person\/36ab0979449956132d3e5b517ea76ac8","name":"Reda\u00e7\u00e3o","image":{"@type":"ImageObject","inLanguage":"pt-BR","@id":"https:\/\/secure.gravatar.com\/avatar\/e0a867bdedb85fd243eadf09663511f96fc81e0720a4a42581f334ad4303aa6b?s=96&d=mm&r=g","url":"https:\/\/secure.gravatar.com\/avatar\/e0a867bdedb85fd243eadf09663511f96fc81e0720a4a42581f334ad4303aa6b?s=96&d=mm&r=g","contentUrl":"https:\/\/secure.gravatar.com\/avatar\/e0a867bdedb85fd243eadf09663511f96fc81e0720a4a42581f334ad4303aa6b?s=96&d=mm&r=g","caption":"Reda\u00e7\u00e3o"}}]}},"amp_enabled":true,"_links":{"self":[{"href":"https:\/\/www.notibras.com\/site\/wp-json\/wp\/v2\/posts\/39197","targetHints":{"allow":["GET"]}}],"collection":[{"href":"https:\/\/www.notibras.com\/site\/wp-json\/wp\/v2\/posts"}],"about":[{"href":"https:\/\/www.notibras.com\/site\/wp-json\/wp\/v2\/types\/post"}],"author":[{"embeddable":true,"href":"https:\/\/www.notibras.com\/site\/wp-json\/wp\/v2\/users\/2"}],"replies":[{"embeddable":true,"href":"https:\/\/www.notibras.com\/site\/wp-json\/wp\/v2\/comments?post=39197"}],"version-history":[{"count":0,"href":"https:\/\/www.notibras.com\/site\/wp-json\/wp\/v2\/posts\/39197\/revisions"}],"wp:featuredmedia":[{"embeddable":true,"href":"https:\/\/www.notibras.com\/site\/wp-json\/wp\/v2\/media\/39200"}],"wp:attachment":[{"href":"https:\/\/www.notibras.com\/site\/wp-json\/wp\/v2\/media?parent=39197"}],"wp:term":[{"taxonomy":"category","embeddable":true,"href":"https:\/\/www.notibras.com\/site\/wp-json\/wp\/v2\/categories?post=39197"},{"taxonomy":"post_tag","embeddable":true,"href":"https:\/\/www.notibras.com\/site\/wp-json\/wp\/v2\/tags?post=39197"}],"curies":[{"name":"wp","href":"https:\/\/api.w.org\/{rel}","templated":true}]}}