{"id":392035,"date":"2026-04-29T04:00:27","date_gmt":"2026-04-29T07:00:27","guid":{"rendered":"https:\/\/www.notibras.com\/site\/?p=392035"},"modified":"2026-04-21T08:52:33","modified_gmt":"2026-04-21T11:52:33","slug":"vira-lata-caramelo-de-icone-das-ruas-a-patrimonio-cultural-do-brasil","status":"publish","type":"post","link":"https:\/\/www.notibras.com\/site\/vira-lata-caramelo-de-icone-das-ruas-a-patrimonio-cultural-do-brasil\/","title":{"rendered":"Vira-lata caramelo: de \u00edcone das ruas a patrim\u00f4nio cultural do Brasil"},"content":{"rendered":"<p>Eles est\u00e3o em todas as esquinas, em parques, praias e, infelizmente, em muitos abrigos. O c\u00e3o caramelo, carinhosamente apelidado de &#8220;vira-lata caramelo&#8221;, transcendeu sua condi\u00e7\u00e3o de c\u00e3o sem ra\u00e7a definida (SRD) para se tornar um verdadeiro s\u00edmbolo cultural do Brasil. Com sua pelagem caracter\u00edstica em tons de marrom-claro e um carisma ineg\u00e1vel, esse animal representa a pr\u00f3pria diversidade e a &#8220;mistura&#8221; nacional.<\/p>\n<p>Embora n\u00e3o perten\u00e7am a uma ra\u00e7a pura, estudos gen\u00e9ticos mostram que esses animais s\u00e3o uma combina\u00e7\u00e3o \u00fanica de diversas linhagens, com destaque para Pastor Alem\u00e3o, Pit Bull, Pequin\u00eas, Spitz e Galgo, resultando em cachorros extremamente inteligentes e vers\u00e1teis.<\/p>\n<p>A pelagem caramelo, que cobre a maioria desses c\u00e3es, \u00e9 o resultado fascinante da mistura de pigmentos pretos e vermelhos. Fisicamente, costumam ter porte m\u00e9dio e orelhas que variam entre ca\u00eddas ou em p\u00e9, conferindo-lhes uma apar\u00eancia \u00fanica e inconfund\u00edvel.<\/p>\n<p>O caramelo brasileiro \u00e9 a prova viva de que a mistura gera animais saud\u00e1veis e leais, adaptando-se com facilidade a diferentes ambientes e tutores. A sua popularidade \u00e9 tamanha que a imagem do &#8220;cachorro caramelo&#8221; tornou-se um \u00edcone da cultura popular brasileira, frequentemente estrelando memes e campanhas nas redes sociais.<\/p>\n<p>A relev\u00e2ncia do caramelo chegou ao Poder Legislativo federal e municipal, com projetos de lei que visam tornar o vira-lata caramelo um patrim\u00f4nio cultural imaterial do pa\u00eds. O reconhecimento oficial busca n\u00e3o s\u00f3 homenagear o animal, mas combater o abandono e os maus-tratos.<\/p>\n<p>Em abril de 2023, o deputado federal Felipe Becari apresentou um projeto de lei para reconhecer a express\u00e3o \u201cvira-lata caramelo\u201d como manifesta\u00e7\u00e3o cultural imaterial do Brasil. A proposta destaca o c\u00e3o como s\u00edmbolo de lealdade e diversidade.<\/p>\n<p>A trajet\u00f3ria de valoriza\u00e7\u00e3o do caramelo teve um ponto alto em setembro de 2020, quando protagonizou o an\u00fancio oficial da nota de duzentos reais do Banco Central, ap\u00f3s uma forte campanha popular nas redes sociais pedindo sua foto na c\u00e9dula.<\/p>\n<p>Internautas defendiam que, por estar em todos os lugares, o caramelo simbolizaria melhor o pa\u00eds do que o lobo-guar\u00e1, escolhido para a nota. O Banco Central, contudo, escalou o vira-lata para estrelar a campanha, reconhecendo sua popularidade.<\/p>\n<p>O compromisso com esses c\u00e3es tamb\u00e9m se reflete em iniciativas como o &#8220;Dezembro Caramelo&#8221;, criado em janeiro de 2022 na C\u00e2mara dos Vereadores de Florian\u00f3polis para dar visibilidade ao abandono de c\u00e3es, uma campanha que ganhou for\u00e7a em outros munic\u00edpios, como S\u00e3o Gabriel (RS) e Saquarema (RJ).<\/p>\n<p>A conscientiza\u00e7\u00e3o ganha for\u00e7a com a campanha #PedigreeCaramelo, que incentiva a ado\u00e7\u00e3o respons\u00e1vel de c\u00e3es Sem Ra\u00e7a Definida (SRD).<\/p>\n<p>O reconhecimento oficial do seu valor cultural atingiu novo patamar em 4 de abril de 2025. Nesta data, o Cristo Redentor foi iluminado com uma proje\u00e7\u00e3o especial, abra\u00e7ando um cachorro caramelo, em homenagem ao Dia Mundial dos Animais de Rua, promovendo a ado\u00e7\u00e3o respons\u00e1vel.<\/p>\n<p>A a\u00e7\u00e3o no Rio de Janeiro destacou a necessidade de prote\u00e7\u00e3o animal, lembrando que caramelo \u00e9 a cor predominante da maioria dos animais abandonados no Brasil, tornando-os s\u00edmbolo da causa.<\/p>\n<p>Mais recentemente, em janeiro de 2026, o vira-lata caramelo foi oficialmente reconhecido como express\u00e3o de Patrim\u00f4nio Cultural do estado de S\u00e3o Paulo, atrav\u00e9s da san\u00e7\u00e3o do projeto de lei 419\/2023.<\/p>\n<p>O reconhecimento oficial, que tramita tamb\u00e9m em n\u00edvel nacional, visa combater o estigma do abandono e promover o afeto a esses animais, que s\u00e3o os mais comuns nas ruas e abrigos, mas tamb\u00e9m os mais amados pelos brasileiros.<\/p>\n<p>O vira-lata caramelo \u00e9, portanto, muito mais que um c\u00e3o de rua: \u00e9 um patrim\u00f4nio afetivo e cultural que representa a resili\u00eancia e a alegria do povo brasileiro.<\/p>\n<p><strong>\u2026\u2026\u2026\u2026\u2026\u2026\u2026\u2026\u2026.<\/strong><\/p>\n<p><strong>Instagram: @leoobernar<\/strong><\/p>\n","protected":false},"excerpt":{"rendered":"<p>Eles est\u00e3o em todas as esquinas, em parques, praias e, infelizmente, em muitos abrigos. O c\u00e3o caramelo, carinhosamente apelidado de &#8220;vira-lata caramelo&#8221;, transcendeu sua condi\u00e7\u00e3o de c\u00e3o sem ra\u00e7a definida (SRD) para se tornar um verdadeiro s\u00edmbolo cultural do Brasil. Com sua pelagem caracter\u00edstica em tons de marrom-claro e um carisma ineg\u00e1vel, esse animal representa [&hellip;]<\/p>\n","protected":false},"author":21,"featured_media":392036,"comment_status":"closed","ping_status":"closed","sticky":false,"template":"","format":"standard","meta":{"_acf_changed":false,"footnotes":""},"categories":[155],"tags":[],"class_list":["post-392035","post","type-post","status-publish","format-standard","has-post-thumbnail","hentry","category-leitura-vip"],"acf":[],"yoast_head":"<!-- This site is optimized with the Yoast SEO plugin v27.2 - https:\/\/yoast.com\/product\/yoast-seo-wordpress\/ -->\n<title>Vira-lata caramelo: de \u00edcone das ruas a patrim\u00f4nio cultural do Brasil - Notibras<\/title>\n<meta name=\"robots\" content=\"index, follow, max-snippet:-1, max-image-preview:large, max-video-preview:-1\" \/>\n<link rel=\"canonical\" href=\"https:\/\/www.notibras.com\/site\/vira-lata-caramelo-de-icone-das-ruas-a-patrimonio-cultural-do-brasil\/\" \/>\n<meta property=\"og:locale\" content=\"pt_BR\" \/>\n<meta property=\"og:type\" content=\"article\" \/>\n<meta property=\"og:title\" content=\"Vira-lata caramelo: de \u00edcone das ruas a patrim\u00f4nio cultural do Brasil - Notibras\" \/>\n<meta property=\"og:description\" content=\"Eles est\u00e3o em todas as esquinas, em parques, praias e, infelizmente, em muitos abrigos. O c\u00e3o caramelo, carinhosamente apelidado de &#8220;vira-lata caramelo&#8221;, transcendeu sua condi\u00e7\u00e3o de c\u00e3o sem ra\u00e7a definida (SRD) para se tornar um verdadeiro s\u00edmbolo cultural do Brasil. Com sua pelagem caracter\u00edstica em tons de marrom-claro e um carisma ineg\u00e1vel, esse animal representa [&hellip;]\" \/>\n<meta property=\"og:url\" content=\"https:\/\/www.notibras.com\/site\/vira-lata-caramelo-de-icone-das-ruas-a-patrimonio-cultural-do-brasil\/\" \/>\n<meta property=\"og:site_name\" content=\"Notibras\" \/>\n<meta property=\"article:publisher\" content=\"https:\/\/www.facebook.com\/notibras\/\" \/>\n<meta property=\"article:published_time\" content=\"2026-04-29T07:00:27+00:00\" \/>\n<meta property=\"og:image\" content=\"https:\/\/www.notibras.com\/site\/wp-content\/uploads\/2026\/04\/WhatsApp-Image-2026-04-21-at-08.51.08.jpeg\" \/>\n\t<meta property=\"og:image:width\" content=\"1206\" \/>\n\t<meta property=\"og:image:height\" content=\"764\" \/>\n\t<meta property=\"og:image:type\" content=\"image\/jpeg\" \/>\n<meta name=\"author\" content=\"Eduardo Mart\u00ednez\" \/>\n<meta name=\"twitter:card\" content=\"summary_large_image\" \/>\n<meta name=\"twitter:creator\" content=\"@Notibras\" \/>\n<meta name=\"twitter:site\" content=\"@Notibras\" \/>\n<meta name=\"twitter:label1\" content=\"Escrito por\" \/>\n\t<meta name=\"twitter:data1\" content=\"Eduardo Mart\u00ednez\" \/>\n\t<meta name=\"twitter:label2\" content=\"Est. tempo de leitura\" \/>\n\t<meta name=\"twitter:data2\" content=\"4 minutos\" \/>\n<script type=\"application\/ld+json\" class=\"yoast-schema-graph\">{\"@context\":\"https:\/\/schema.org\",\"@graph\":[{\"@type\":\"Article\",\"@id\":\"https:\/\/www.notibras.com\/site\/vira-lata-caramelo-de-icone-das-ruas-a-patrimonio-cultural-do-brasil\/#article\",\"isPartOf\":{\"@id\":\"https:\/\/www.notibras.com\/site\/vira-lata-caramelo-de-icone-das-ruas-a-patrimonio-cultural-do-brasil\/\"},\"author\":{\"name\":\"Eduardo Mart\u00ednez\",\"@id\":\"https:\/\/www.notibras.com\/site\/#\/schema\/person\/5b7fabf2aedc3ada2105f03b22b4d3dd\"},\"headline\":\"Vira-lata caramelo: de \u00edcone das ruas a patrim\u00f4nio cultural do Brasil\",\"datePublished\":\"2026-04-29T07:00:27+00:00\",\"mainEntityOfPage\":{\"@id\":\"https:\/\/www.notibras.com\/site\/vira-lata-caramelo-de-icone-das-ruas-a-patrimonio-cultural-do-brasil\/\"},\"wordCount\":655,\"publisher\":{\"@id\":\"https:\/\/www.notibras.com\/site\/#organization\"},\"image\":{\"@id\":\"https:\/\/www.notibras.com\/site\/vira-lata-caramelo-de-icone-das-ruas-a-patrimonio-cultural-do-brasil\/#primaryimage\"},\"thumbnailUrl\":\"https:\/\/www.notibras.com\/site\/wp-content\/uploads\/2026\/04\/WhatsApp-Image-2026-04-21-at-08.51.08.jpeg\",\"articleSection\":[\"Leitura Vip\"],\"inLanguage\":\"pt-BR\"},{\"@type\":\"WebPage\",\"@id\":\"https:\/\/www.notibras.com\/site\/vira-lata-caramelo-de-icone-das-ruas-a-patrimonio-cultural-do-brasil\/\",\"url\":\"https:\/\/www.notibras.com\/site\/vira-lata-caramelo-de-icone-das-ruas-a-patrimonio-cultural-do-brasil\/\",\"name\":\"Vira-lata caramelo: de \u00edcone das ruas a patrim\u00f4nio cultural do Brasil - Notibras\",\"isPartOf\":{\"@id\":\"https:\/\/www.notibras.com\/site\/#website\"},\"primaryImageOfPage\":{\"@id\":\"https:\/\/www.notibras.com\/site\/vira-lata-caramelo-de-icone-das-ruas-a-patrimonio-cultural-do-brasil\/#primaryimage\"},\"image\":{\"@id\":\"https:\/\/www.notibras.com\/site\/vira-lata-caramelo-de-icone-das-ruas-a-patrimonio-cultural-do-brasil\/#primaryimage\"},\"thumbnailUrl\":\"https:\/\/www.notibras.com\/site\/wp-content\/uploads\/2026\/04\/WhatsApp-Image-2026-04-21-at-08.51.08.jpeg\",\"datePublished\":\"2026-04-29T07:00:27+00:00\",\"breadcrumb\":{\"@id\":\"https:\/\/www.notibras.com\/site\/vira-lata-caramelo-de-icone-das-ruas-a-patrimonio-cultural-do-brasil\/#breadcrumb\"},\"inLanguage\":\"pt-BR\",\"potentialAction\":[{\"@type\":\"ReadAction\",\"target\":[\"https:\/\/www.notibras.com\/site\/vira-lata-caramelo-de-icone-das-ruas-a-patrimonio-cultural-do-brasil\/\"]}]},{\"@type\":\"ImageObject\",\"inLanguage\":\"pt-BR\",\"@id\":\"https:\/\/www.notibras.com\/site\/vira-lata-caramelo-de-icone-das-ruas-a-patrimonio-cultural-do-brasil\/#primaryimage\",\"url\":\"https:\/\/www.notibras.com\/site\/wp-content\/uploads\/2026\/04\/WhatsApp-Image-2026-04-21-at-08.51.08.jpeg\",\"contentUrl\":\"https:\/\/www.notibras.com\/site\/wp-content\/uploads\/2026\/04\/WhatsApp-Image-2026-04-21-at-08.51.08.jpeg\",\"width\":1206,\"height\":764},{\"@type\":\"BreadcrumbList\",\"@id\":\"https:\/\/www.notibras.com\/site\/vira-lata-caramelo-de-icone-das-ruas-a-patrimonio-cultural-do-brasil\/#breadcrumb\",\"itemListElement\":[{\"@type\":\"ListItem\",\"position\":1,\"name\":\"In\u00edcio\",\"item\":\"https:\/\/www.notibras.com\/site\/\"},{\"@type\":\"ListItem\",\"position\":2,\"name\":\"Vira-lata caramelo: de \u00edcone das ruas a patrim\u00f4nio cultural do Brasil\"}]},{\"@type\":\"WebSite\",\"@id\":\"https:\/\/www.notibras.com\/site\/#website\",\"url\":\"https:\/\/www.notibras.com\/site\/\",\"name\":\"Notibras\",\"description\":\"Not\u00edcias de Bras\u00edlia, do Brasil e do Mundo\",\"publisher\":{\"@id\":\"https:\/\/www.notibras.com\/site\/#organization\"},\"potentialAction\":[{\"@type\":\"SearchAction\",\"target\":{\"@type\":\"EntryPoint\",\"urlTemplate\":\"https:\/\/www.notibras.com\/site\/?s={search_term_string}\"},\"query-input\":{\"@type\":\"PropertyValueSpecification\",\"valueRequired\":true,\"valueName\":\"search_term_string\"}}],\"inLanguage\":\"pt-BR\"},{\"@type\":\"Organization\",\"@id\":\"https:\/\/www.notibras.com\/site\/#organization\",\"name\":\"Grupo Notibras de Comunica\u00e7\u00e3o\",\"url\":\"https:\/\/www.notibras.com\/site\/\",\"logo\":{\"@type\":\"ImageObject\",\"inLanguage\":\"pt-BR\",\"@id\":\"https:\/\/www.notibras.com\/site\/#\/schema\/logo\/image\/\",\"url\":\"https:\/\/www.notibras.com\/site\/wp-content\/uploads\/2023\/01\/notibras23.png\",\"contentUrl\":\"https:\/\/www.notibras.com\/site\/wp-content\/uploads\/2023\/01\/notibras23.png\",\"width\":350,\"height\":87,\"caption\":\"Grupo Notibras de Comunica\u00e7\u00e3o\"},\"image\":{\"@id\":\"https:\/\/www.notibras.com\/site\/#\/schema\/logo\/image\/\"},\"sameAs\":[\"https:\/\/www.facebook.com\/notibras\/\",\"https:\/\/x.com\/Notibras\",\"https:\/\/www.instagram.com\/notibras\/\"]},{\"@type\":\"Person\",\"@id\":\"https:\/\/www.notibras.com\/site\/#\/schema\/person\/5b7fabf2aedc3ada2105f03b22b4d3dd\",\"name\":\"Eduardo Mart\u00ednez\",\"image\":{\"@type\":\"ImageObject\",\"inLanguage\":\"pt-BR\",\"@id\":\"https:\/\/secure.gravatar.com\/avatar\/7902f906289926289cbcda644b5197c796b893c6ffd7b9a536a42d290f7704a0?s=96&d=mm&r=g\",\"url\":\"https:\/\/secure.gravatar.com\/avatar\/7902f906289926289cbcda644b5197c796b893c6ffd7b9a536a42d290f7704a0?s=96&d=mm&r=g\",\"contentUrl\":\"https:\/\/secure.gravatar.com\/avatar\/7902f906289926289cbcda644b5197c796b893c6ffd7b9a536a42d290f7704a0?s=96&d=mm&r=g\",\"caption\":\"Eduardo Mart\u00ednez\"}}]}<\/script>\n<!-- \/ Yoast SEO plugin. -->","yoast_head_json":{"title":"Vira-lata caramelo: de \u00edcone das ruas a patrim\u00f4nio cultural do Brasil - Notibras","robots":{"index":"index","follow":"follow","max-snippet":"max-snippet:-1","max-image-preview":"max-image-preview:large","max-video-preview":"max-video-preview:-1"},"canonical":"https:\/\/www.notibras.com\/site\/vira-lata-caramelo-de-icone-das-ruas-a-patrimonio-cultural-do-brasil\/","og_locale":"pt_BR","og_type":"article","og_title":"Vira-lata caramelo: de \u00edcone das ruas a patrim\u00f4nio cultural do Brasil - Notibras","og_description":"Eles est\u00e3o em todas as esquinas, em parques, praias e, infelizmente, em muitos abrigos. O c\u00e3o caramelo, carinhosamente apelidado de &#8220;vira-lata caramelo&#8221;, transcendeu sua condi\u00e7\u00e3o de c\u00e3o sem ra\u00e7a definida (SRD) para se tornar um verdadeiro s\u00edmbolo cultural do Brasil. Com sua pelagem caracter\u00edstica em tons de marrom-claro e um carisma ineg\u00e1vel, esse animal representa [&hellip;]","og_url":"https:\/\/www.notibras.com\/site\/vira-lata-caramelo-de-icone-das-ruas-a-patrimonio-cultural-do-brasil\/","og_site_name":"Notibras","article_publisher":"https:\/\/www.facebook.com\/notibras\/","article_published_time":"2026-04-29T07:00:27+00:00","og_image":[{"width":1206,"height":764,"url":"https:\/\/www.notibras.com\/site\/wp-content\/uploads\/2026\/04\/WhatsApp-Image-2026-04-21-at-08.51.08.jpeg","type":"image\/jpeg"}],"author":"Eduardo Mart\u00ednez","twitter_card":"summary_large_image","twitter_creator":"@Notibras","twitter_site":"@Notibras","twitter_misc":{"Escrito por":"Eduardo Mart\u00ednez","Est. tempo de leitura":"4 minutos"},"schema":{"@context":"https:\/\/schema.org","@graph":[{"@type":"Article","@id":"https:\/\/www.notibras.com\/site\/vira-lata-caramelo-de-icone-das-ruas-a-patrimonio-cultural-do-brasil\/#article","isPartOf":{"@id":"https:\/\/www.notibras.com\/site\/vira-lata-caramelo-de-icone-das-ruas-a-patrimonio-cultural-do-brasil\/"},"author":{"name":"Eduardo Mart\u00ednez","@id":"https:\/\/www.notibras.com\/site\/#\/schema\/person\/5b7fabf2aedc3ada2105f03b22b4d3dd"},"headline":"Vira-lata caramelo: de \u00edcone das ruas a patrim\u00f4nio cultural do Brasil","datePublished":"2026-04-29T07:00:27+00:00","mainEntityOfPage":{"@id":"https:\/\/www.notibras.com\/site\/vira-lata-caramelo-de-icone-das-ruas-a-patrimonio-cultural-do-brasil\/"},"wordCount":655,"publisher":{"@id":"https:\/\/www.notibras.com\/site\/#organization"},"image":{"@id":"https:\/\/www.notibras.com\/site\/vira-lata-caramelo-de-icone-das-ruas-a-patrimonio-cultural-do-brasil\/#primaryimage"},"thumbnailUrl":"https:\/\/www.notibras.com\/site\/wp-content\/uploads\/2026\/04\/WhatsApp-Image-2026-04-21-at-08.51.08.jpeg","articleSection":["Leitura Vip"],"inLanguage":"pt-BR"},{"@type":"WebPage","@id":"https:\/\/www.notibras.com\/site\/vira-lata-caramelo-de-icone-das-ruas-a-patrimonio-cultural-do-brasil\/","url":"https:\/\/www.notibras.com\/site\/vira-lata-caramelo-de-icone-das-ruas-a-patrimonio-cultural-do-brasil\/","name":"Vira-lata caramelo: de \u00edcone das ruas a patrim\u00f4nio cultural do Brasil - Notibras","isPartOf":{"@id":"https:\/\/www.notibras.com\/site\/#website"},"primaryImageOfPage":{"@id":"https:\/\/www.notibras.com\/site\/vira-lata-caramelo-de-icone-das-ruas-a-patrimonio-cultural-do-brasil\/#primaryimage"},"image":{"@id":"https:\/\/www.notibras.com\/site\/vira-lata-caramelo-de-icone-das-ruas-a-patrimonio-cultural-do-brasil\/#primaryimage"},"thumbnailUrl":"https:\/\/www.notibras.com\/site\/wp-content\/uploads\/2026\/04\/WhatsApp-Image-2026-04-21-at-08.51.08.jpeg","datePublished":"2026-04-29T07:00:27+00:00","breadcrumb":{"@id":"https:\/\/www.notibras.com\/site\/vira-lata-caramelo-de-icone-das-ruas-a-patrimonio-cultural-do-brasil\/#breadcrumb"},"inLanguage":"pt-BR","potentialAction":[{"@type":"ReadAction","target":["https:\/\/www.notibras.com\/site\/vira-lata-caramelo-de-icone-das-ruas-a-patrimonio-cultural-do-brasil\/"]}]},{"@type":"ImageObject","inLanguage":"pt-BR","@id":"https:\/\/www.notibras.com\/site\/vira-lata-caramelo-de-icone-das-ruas-a-patrimonio-cultural-do-brasil\/#primaryimage","url":"https:\/\/www.notibras.com\/site\/wp-content\/uploads\/2026\/04\/WhatsApp-Image-2026-04-21-at-08.51.08.jpeg","contentUrl":"https:\/\/www.notibras.com\/site\/wp-content\/uploads\/2026\/04\/WhatsApp-Image-2026-04-21-at-08.51.08.jpeg","width":1206,"height":764},{"@type":"BreadcrumbList","@id":"https:\/\/www.notibras.com\/site\/vira-lata-caramelo-de-icone-das-ruas-a-patrimonio-cultural-do-brasil\/#breadcrumb","itemListElement":[{"@type":"ListItem","position":1,"name":"In\u00edcio","item":"https:\/\/www.notibras.com\/site\/"},{"@type":"ListItem","position":2,"name":"Vira-lata caramelo: de \u00edcone das ruas a patrim\u00f4nio cultural do Brasil"}]},{"@type":"WebSite","@id":"https:\/\/www.notibras.com\/site\/#website","url":"https:\/\/www.notibras.com\/site\/","name":"Notibras","description":"Not\u00edcias de Bras\u00edlia, do Brasil e do Mundo","publisher":{"@id":"https:\/\/www.notibras.com\/site\/#organization"},"potentialAction":[{"@type":"SearchAction","target":{"@type":"EntryPoint","urlTemplate":"https:\/\/www.notibras.com\/site\/?s={search_term_string}"},"query-input":{"@type":"PropertyValueSpecification","valueRequired":true,"valueName":"search_term_string"}}],"inLanguage":"pt-BR"},{"@type":"Organization","@id":"https:\/\/www.notibras.com\/site\/#organization","name":"Grupo Notibras de Comunica\u00e7\u00e3o","url":"https:\/\/www.notibras.com\/site\/","logo":{"@type":"ImageObject","inLanguage":"pt-BR","@id":"https:\/\/www.notibras.com\/site\/#\/schema\/logo\/image\/","url":"https:\/\/www.notibras.com\/site\/wp-content\/uploads\/2023\/01\/notibras23.png","contentUrl":"https:\/\/www.notibras.com\/site\/wp-content\/uploads\/2023\/01\/notibras23.png","width":350,"height":87,"caption":"Grupo Notibras de Comunica\u00e7\u00e3o"},"image":{"@id":"https:\/\/www.notibras.com\/site\/#\/schema\/logo\/image\/"},"sameAs":["https:\/\/www.facebook.com\/notibras\/","https:\/\/x.com\/Notibras","https:\/\/www.instagram.com\/notibras\/"]},{"@type":"Person","@id":"https:\/\/www.notibras.com\/site\/#\/schema\/person\/5b7fabf2aedc3ada2105f03b22b4d3dd","name":"Eduardo Mart\u00ednez","image":{"@type":"ImageObject","inLanguage":"pt-BR","@id":"https:\/\/secure.gravatar.com\/avatar\/7902f906289926289cbcda644b5197c796b893c6ffd7b9a536a42d290f7704a0?s=96&d=mm&r=g","url":"https:\/\/secure.gravatar.com\/avatar\/7902f906289926289cbcda644b5197c796b893c6ffd7b9a536a42d290f7704a0?s=96&d=mm&r=g","contentUrl":"https:\/\/secure.gravatar.com\/avatar\/7902f906289926289cbcda644b5197c796b893c6ffd7b9a536a42d290f7704a0?s=96&d=mm&r=g","caption":"Eduardo Mart\u00ednez"}}]}},"amp_enabled":true,"_links":{"self":[{"href":"https:\/\/www.notibras.com\/site\/wp-json\/wp\/v2\/posts\/392035","targetHints":{"allow":["GET"]}}],"collection":[{"href":"https:\/\/www.notibras.com\/site\/wp-json\/wp\/v2\/posts"}],"about":[{"href":"https:\/\/www.notibras.com\/site\/wp-json\/wp\/v2\/types\/post"}],"author":[{"embeddable":true,"href":"https:\/\/www.notibras.com\/site\/wp-json\/wp\/v2\/users\/21"}],"replies":[{"embeddable":true,"href":"https:\/\/www.notibras.com\/site\/wp-json\/wp\/v2\/comments?post=392035"}],"version-history":[{"count":2,"href":"https:\/\/www.notibras.com\/site\/wp-json\/wp\/v2\/posts\/392035\/revisions"}],"predecessor-version":[{"id":392038,"href":"https:\/\/www.notibras.com\/site\/wp-json\/wp\/v2\/posts\/392035\/revisions\/392038"}],"wp:featuredmedia":[{"embeddable":true,"href":"https:\/\/www.notibras.com\/site\/wp-json\/wp\/v2\/media\/392036"}],"wp:attachment":[{"href":"https:\/\/www.notibras.com\/site\/wp-json\/wp\/v2\/media?parent=392035"}],"wp:term":[{"taxonomy":"category","embeddable":true,"href":"https:\/\/www.notibras.com\/site\/wp-json\/wp\/v2\/categories?post=392035"},{"taxonomy":"post_tag","embeddable":true,"href":"https:\/\/www.notibras.com\/site\/wp-json\/wp\/v2\/tags?post=392035"}],"curies":[{"name":"wp","href":"https:\/\/api.w.org\/{rel}","templated":true}]}}