{"id":392062,"date":"2026-04-25T00:15:28","date_gmt":"2026-04-25T03:15:28","guid":{"rendered":"https:\/\/www.notibras.com\/site\/?p=392062"},"modified":"2026-04-21T14:10:33","modified_gmt":"2026-04-21T17:10:33","slug":"reino-das-coisas-que-voam-sem-asas","status":"publish","type":"post","link":"https:\/\/www.notibras.com\/site\/reino-das-coisas-que-voam-sem-asas\/","title":{"rendered":"Reino das coisas que voam sem asas"},"content":{"rendered":"<p>No quintal onde o sol pinta listras de ouro no ch\u00e3o,<br \/>\nas crian\u00e7as inventam regras que ningu\u00e9m escreveu.<br \/>\nUma folha seca vira barco,<br \/>\num graveto vira espada,<br \/>\ne o vento \u2014 ah, o vento! \u2014 \u00e9 c\u00famplice fiel,<br \/>\nlevando risadas pra cima das nuvens como pipas sem linha.<\/p>\n<p>Elas correm atr\u00e1s de bolhas de sab\u00e3o que dan\u00e7am lentas,<br \/>\nredondas e fr\u00e1geis como sonhos que ainda n\u00e3o acordaram.<br \/>\nCada bolha carrega um castelo inteiro:<br \/>\ntorres de arco-\u00edris, pontes de espuma,<br \/>\ne dentro, um drag\u00e3o que cospe bolhas em vez de fogo.<br \/>\nQuando estouram, n\u00e3o h\u00e1 tristeza \u2014<br \/>\ns\u00f3 o grito de &#8220;outra! outra!&#8221;<br \/>\nporque o mundo recome\u00e7a a cada sopro.<\/p>\n<p>No quarto escuro, sob len\u00e7\u00f3is que viram tendas,<br \/>\nlanternas de bolso viram estrelas ca\u00eddas.<br \/>\nAli mora o medo do escuro, mas ele \u00e9 pequeno,<br \/>\ntem orelhas de coelho e pede pra brincar de esconde-esconde.<br \/>\nAs crian\u00e7as sussurram segredos pra bichos de pel\u00facia:<br \/>\n&#8220;Voc\u00ea j\u00e1 voou de verdade?&#8221;<br \/>\nE o urso responde com olhos de bot\u00e3o:<br \/>\n&#8220;Todo dia, quando voc\u00ea dorme e eu fico acordado.&#8221;<br \/>\nNo asfalto quente da cal\u00e7ada, giz de cera vira mapa do tesouro.<\/p>\n<p>Arco-\u00edris tortos, monstros sorridentes,<br \/>\ncasas com chamin\u00e9s que soltam fuma\u00e7a de algod\u00e3o-doce.<br \/>\nOs p\u00e9s descal\u00e7os deixam pegadas coloridas,<br \/>\ne o desenho cresce at\u00e9 cobrir o mundo inteiro \u2014<br \/>\nporque no reino infantil n\u00e3o h\u00e1 borda,<br \/>\ns\u00f3 continua\u00e7\u00e3o: &#8220;e depois? e depois?&#8221;<\/p>\n<p>\u00c0 noite, quando os adultos falam baixo sobre contas e amanh\u00e3,<br \/>\nas crian\u00e7as ainda voam por dentro.<br \/>\nSonham com dinossauros que dan\u00e7am valsa,<br \/>\ncom rios de chocolate que correm morro acima,<br \/>\ncom amigos imagin\u00e1rios que contam piadas ruins<br \/>\ne riem primeiro pra incentivar.<\/p>\n<p>E quando o sono chega devagar,<br \/>\ncomo um cobertor quente de av\u00f3,<br \/>\nelas fecham os olhos e levam o dia inteiro junto:<br \/>\no cheiro de terra molhada depois da chuva,<br \/>\no gosto de sorvete derretendo na m\u00e3o,<br \/>\no som de gargalhadas que ecoam no peito<br \/>\nmesmo quando o sil\u00eancio toma conta.<br \/>\nPorque o mundo infantil n\u00e3o acaba aos sete, aos dez, aos cinquenta.<\/p>\n<p>Ele mora quieto no fundo do olhar,<br \/>\nesperando um bal\u00e3o solto, uma bolha no ar,<br \/>\num giz esquecido na gaveta<br \/>\npra explodir de novo em cores,<br \/>\nem correria, em &#8220;olha s\u00f3 o que eu inventei!&#8221;.<br \/>\nE enquanto houver uma crian\u00e7a \u2014<br \/>\ndentro ou fora do corpo \u2014<br \/>\no reino continua:<br \/>\nsem fronteiras, sem rel\u00f3gio,<br \/>\ns\u00f3 com a certeza teimosa<br \/>\nde que tudo pode ser m\u00e1gica<br \/>\nse a gente acreditar forte o suficiente.<\/p>\n","protected":false},"excerpt":{"rendered":"<p>No quintal onde o sol pinta listras de ouro no ch\u00e3o, as crian\u00e7as inventam regras que ningu\u00e9m escreveu. Uma folha seca vira barco, um graveto vira espada, e o vento \u2014 ah, o vento! \u2014 \u00e9 c\u00famplice fiel, levando risadas pra cima das nuvens como pipas sem linha. Elas correm atr\u00e1s de bolhas de sab\u00e3o [&hellip;]<\/p>\n","protected":false},"author":21,"featured_media":392063,"comment_status":"closed","ping_status":"closed","sticky":false,"template":"","format":"standard","meta":{"_acf_changed":false,"footnotes":""},"categories":[234],"tags":[],"class_list":["post-392062","post","type-post","status-publish","format-standard","has-post-thumbnail","hentry","category-cafe-literario"],"acf":[],"yoast_head":"<!-- This site is optimized with the Yoast SEO plugin v27.2 - https:\/\/yoast.com\/product\/yoast-seo-wordpress\/ -->\n<title>Reino das coisas que voam sem asas - Notibras<\/title>\n<meta name=\"robots\" content=\"index, follow, max-snippet:-1, max-image-preview:large, max-video-preview:-1\" \/>\n<link rel=\"canonical\" href=\"https:\/\/www.notibras.com\/site\/reino-das-coisas-que-voam-sem-asas\/\" \/>\n<meta property=\"og:locale\" content=\"pt_BR\" \/>\n<meta property=\"og:type\" content=\"article\" \/>\n<meta property=\"og:title\" content=\"Reino das coisas que voam sem asas - Notibras\" \/>\n<meta property=\"og:description\" content=\"No quintal onde o sol pinta listras de ouro no ch\u00e3o, as crian\u00e7as inventam regras que ningu\u00e9m escreveu. Uma folha seca vira barco, um graveto vira espada, e o vento \u2014 ah, o vento! \u2014 \u00e9 c\u00famplice fiel, levando risadas pra cima das nuvens como pipas sem linha. Elas correm atr\u00e1s de bolhas de sab\u00e3o [&hellip;]\" \/>\n<meta property=\"og:url\" content=\"https:\/\/www.notibras.com\/site\/reino-das-coisas-que-voam-sem-asas\/\" \/>\n<meta property=\"og:site_name\" content=\"Notibras\" \/>\n<meta property=\"article:publisher\" content=\"https:\/\/www.facebook.com\/notibras\/\" \/>\n<meta property=\"article:published_time\" content=\"2026-04-25T03:15:28+00:00\" \/>\n<meta property=\"og:image\" content=\"https:\/\/www.notibras.com\/site\/wp-content\/uploads\/2026\/04\/WhatsApp-Image-2026-04-21-at-14.08.45.jpeg\" \/>\n\t<meta property=\"og:image:width\" content=\"1211\" \/>\n\t<meta property=\"og:image:height\" content=\"768\" \/>\n\t<meta property=\"og:image:type\" content=\"image\/jpeg\" \/>\n<meta name=\"author\" content=\"Eduardo Mart\u00ednez\" \/>\n<meta name=\"twitter:card\" content=\"summary_large_image\" \/>\n<meta name=\"twitter:creator\" content=\"@Notibras\" \/>\n<meta name=\"twitter:site\" content=\"@Notibras\" \/>\n<meta name=\"twitter:label1\" content=\"Escrito por\" \/>\n\t<meta name=\"twitter:data1\" content=\"Eduardo Mart\u00ednez\" \/>\n\t<meta name=\"twitter:label2\" content=\"Est. tempo de leitura\" \/>\n\t<meta name=\"twitter:data2\" content=\"3 minutos\" \/>\n<script type=\"application\/ld+json\" class=\"yoast-schema-graph\">{\"@context\":\"https:\/\/schema.org\",\"@graph\":[{\"@type\":\"Article\",\"@id\":\"https:\/\/www.notibras.com\/site\/reino-das-coisas-que-voam-sem-asas\/#article\",\"isPartOf\":{\"@id\":\"https:\/\/www.notibras.com\/site\/reino-das-coisas-que-voam-sem-asas\/\"},\"author\":{\"name\":\"Eduardo Mart\u00ednez\",\"@id\":\"https:\/\/www.notibras.com\/site\/#\/schema\/person\/5b7fabf2aedc3ada2105f03b22b4d3dd\"},\"headline\":\"Reino das coisas que voam sem asas\",\"datePublished\":\"2026-04-25T03:15:28+00:00\",\"mainEntityOfPage\":{\"@id\":\"https:\/\/www.notibras.com\/site\/reino-das-coisas-que-voam-sem-asas\/\"},\"wordCount\":439,\"publisher\":{\"@id\":\"https:\/\/www.notibras.com\/site\/#organization\"},\"image\":{\"@id\":\"https:\/\/www.notibras.com\/site\/reino-das-coisas-que-voam-sem-asas\/#primaryimage\"},\"thumbnailUrl\":\"https:\/\/www.notibras.com\/site\/wp-content\/uploads\/2026\/04\/WhatsApp-Image-2026-04-21-at-14.08.45.jpeg\",\"articleSection\":[\"Caf\u00e9 Liter\u00e1rio\"],\"inLanguage\":\"pt-BR\"},{\"@type\":\"WebPage\",\"@id\":\"https:\/\/www.notibras.com\/site\/reino-das-coisas-que-voam-sem-asas\/\",\"url\":\"https:\/\/www.notibras.com\/site\/reino-das-coisas-que-voam-sem-asas\/\",\"name\":\"Reino das coisas que voam sem asas - Notibras\",\"isPartOf\":{\"@id\":\"https:\/\/www.notibras.com\/site\/#website\"},\"primaryImageOfPage\":{\"@id\":\"https:\/\/www.notibras.com\/site\/reino-das-coisas-que-voam-sem-asas\/#primaryimage\"},\"image\":{\"@id\":\"https:\/\/www.notibras.com\/site\/reino-das-coisas-que-voam-sem-asas\/#primaryimage\"},\"thumbnailUrl\":\"https:\/\/www.notibras.com\/site\/wp-content\/uploads\/2026\/04\/WhatsApp-Image-2026-04-21-at-14.08.45.jpeg\",\"datePublished\":\"2026-04-25T03:15:28+00:00\",\"breadcrumb\":{\"@id\":\"https:\/\/www.notibras.com\/site\/reino-das-coisas-que-voam-sem-asas\/#breadcrumb\"},\"inLanguage\":\"pt-BR\",\"potentialAction\":[{\"@type\":\"ReadAction\",\"target\":[\"https:\/\/www.notibras.com\/site\/reino-das-coisas-que-voam-sem-asas\/\"]}]},{\"@type\":\"ImageObject\",\"inLanguage\":\"pt-BR\",\"@id\":\"https:\/\/www.notibras.com\/site\/reino-das-coisas-que-voam-sem-asas\/#primaryimage\",\"url\":\"https:\/\/www.notibras.com\/site\/wp-content\/uploads\/2026\/04\/WhatsApp-Image-2026-04-21-at-14.08.45.jpeg\",\"contentUrl\":\"https:\/\/www.notibras.com\/site\/wp-content\/uploads\/2026\/04\/WhatsApp-Image-2026-04-21-at-14.08.45.jpeg\",\"width\":1211,\"height\":768},{\"@type\":\"BreadcrumbList\",\"@id\":\"https:\/\/www.notibras.com\/site\/reino-das-coisas-que-voam-sem-asas\/#breadcrumb\",\"itemListElement\":[{\"@type\":\"ListItem\",\"position\":1,\"name\":\"In\u00edcio\",\"item\":\"https:\/\/www.notibras.com\/site\/\"},{\"@type\":\"ListItem\",\"position\":2,\"name\":\"Reino das coisas que voam sem asas\"}]},{\"@type\":\"WebSite\",\"@id\":\"https:\/\/www.notibras.com\/site\/#website\",\"url\":\"https:\/\/www.notibras.com\/site\/\",\"name\":\"Notibras\",\"description\":\"Not\u00edcias de Bras\u00edlia, do Brasil e do Mundo\",\"publisher\":{\"@id\":\"https:\/\/www.notibras.com\/site\/#organization\"},\"potentialAction\":[{\"@type\":\"SearchAction\",\"target\":{\"@type\":\"EntryPoint\",\"urlTemplate\":\"https:\/\/www.notibras.com\/site\/?s={search_term_string}\"},\"query-input\":{\"@type\":\"PropertyValueSpecification\",\"valueRequired\":true,\"valueName\":\"search_term_string\"}}],\"inLanguage\":\"pt-BR\"},{\"@type\":\"Organization\",\"@id\":\"https:\/\/www.notibras.com\/site\/#organization\",\"name\":\"Grupo Notibras de Comunica\u00e7\u00e3o\",\"url\":\"https:\/\/www.notibras.com\/site\/\",\"logo\":{\"@type\":\"ImageObject\",\"inLanguage\":\"pt-BR\",\"@id\":\"https:\/\/www.notibras.com\/site\/#\/schema\/logo\/image\/\",\"url\":\"https:\/\/www.notibras.com\/site\/wp-content\/uploads\/2023\/01\/notibras23.png\",\"contentUrl\":\"https:\/\/www.notibras.com\/site\/wp-content\/uploads\/2023\/01\/notibras23.png\",\"width\":350,\"height\":87,\"caption\":\"Grupo Notibras de Comunica\u00e7\u00e3o\"},\"image\":{\"@id\":\"https:\/\/www.notibras.com\/site\/#\/schema\/logo\/image\/\"},\"sameAs\":[\"https:\/\/www.facebook.com\/notibras\/\",\"https:\/\/x.com\/Notibras\",\"https:\/\/www.instagram.com\/notibras\/\"]},{\"@type\":\"Person\",\"@id\":\"https:\/\/www.notibras.com\/site\/#\/schema\/person\/5b7fabf2aedc3ada2105f03b22b4d3dd\",\"name\":\"Eduardo Mart\u00ednez\",\"image\":{\"@type\":\"ImageObject\",\"inLanguage\":\"pt-BR\",\"@id\":\"https:\/\/secure.gravatar.com\/avatar\/7902f906289926289cbcda644b5197c796b893c6ffd7b9a536a42d290f7704a0?s=96&d=mm&r=g\",\"url\":\"https:\/\/secure.gravatar.com\/avatar\/7902f906289926289cbcda644b5197c796b893c6ffd7b9a536a42d290f7704a0?s=96&d=mm&r=g\",\"contentUrl\":\"https:\/\/secure.gravatar.com\/avatar\/7902f906289926289cbcda644b5197c796b893c6ffd7b9a536a42d290f7704a0?s=96&d=mm&r=g\",\"caption\":\"Eduardo Mart\u00ednez\"}}]}<\/script>\n<!-- \/ Yoast SEO plugin. -->","yoast_head_json":{"title":"Reino das coisas que voam sem asas - Notibras","robots":{"index":"index","follow":"follow","max-snippet":"max-snippet:-1","max-image-preview":"max-image-preview:large","max-video-preview":"max-video-preview:-1"},"canonical":"https:\/\/www.notibras.com\/site\/reino-das-coisas-que-voam-sem-asas\/","og_locale":"pt_BR","og_type":"article","og_title":"Reino das coisas que voam sem asas - Notibras","og_description":"No quintal onde o sol pinta listras de ouro no ch\u00e3o, as crian\u00e7as inventam regras que ningu\u00e9m escreveu. Uma folha seca vira barco, um graveto vira espada, e o vento \u2014 ah, o vento! \u2014 \u00e9 c\u00famplice fiel, levando risadas pra cima das nuvens como pipas sem linha. Elas correm atr\u00e1s de bolhas de sab\u00e3o [&hellip;]","og_url":"https:\/\/www.notibras.com\/site\/reino-das-coisas-que-voam-sem-asas\/","og_site_name":"Notibras","article_publisher":"https:\/\/www.facebook.com\/notibras\/","article_published_time":"2026-04-25T03:15:28+00:00","og_image":[{"width":1211,"height":768,"url":"https:\/\/www.notibras.com\/site\/wp-content\/uploads\/2026\/04\/WhatsApp-Image-2026-04-21-at-14.08.45.jpeg","type":"image\/jpeg"}],"author":"Eduardo Mart\u00ednez","twitter_card":"summary_large_image","twitter_creator":"@Notibras","twitter_site":"@Notibras","twitter_misc":{"Escrito por":"Eduardo Mart\u00ednez","Est. tempo de leitura":"3 minutos"},"schema":{"@context":"https:\/\/schema.org","@graph":[{"@type":"Article","@id":"https:\/\/www.notibras.com\/site\/reino-das-coisas-que-voam-sem-asas\/#article","isPartOf":{"@id":"https:\/\/www.notibras.com\/site\/reino-das-coisas-que-voam-sem-asas\/"},"author":{"name":"Eduardo Mart\u00ednez","@id":"https:\/\/www.notibras.com\/site\/#\/schema\/person\/5b7fabf2aedc3ada2105f03b22b4d3dd"},"headline":"Reino das coisas que voam sem asas","datePublished":"2026-04-25T03:15:28+00:00","mainEntityOfPage":{"@id":"https:\/\/www.notibras.com\/site\/reino-das-coisas-que-voam-sem-asas\/"},"wordCount":439,"publisher":{"@id":"https:\/\/www.notibras.com\/site\/#organization"},"image":{"@id":"https:\/\/www.notibras.com\/site\/reino-das-coisas-que-voam-sem-asas\/#primaryimage"},"thumbnailUrl":"https:\/\/www.notibras.com\/site\/wp-content\/uploads\/2026\/04\/WhatsApp-Image-2026-04-21-at-14.08.45.jpeg","articleSection":["Caf\u00e9 Liter\u00e1rio"],"inLanguage":"pt-BR"},{"@type":"WebPage","@id":"https:\/\/www.notibras.com\/site\/reino-das-coisas-que-voam-sem-asas\/","url":"https:\/\/www.notibras.com\/site\/reino-das-coisas-que-voam-sem-asas\/","name":"Reino das coisas que voam sem asas - Notibras","isPartOf":{"@id":"https:\/\/www.notibras.com\/site\/#website"},"primaryImageOfPage":{"@id":"https:\/\/www.notibras.com\/site\/reino-das-coisas-que-voam-sem-asas\/#primaryimage"},"image":{"@id":"https:\/\/www.notibras.com\/site\/reino-das-coisas-que-voam-sem-asas\/#primaryimage"},"thumbnailUrl":"https:\/\/www.notibras.com\/site\/wp-content\/uploads\/2026\/04\/WhatsApp-Image-2026-04-21-at-14.08.45.jpeg","datePublished":"2026-04-25T03:15:28+00:00","breadcrumb":{"@id":"https:\/\/www.notibras.com\/site\/reino-das-coisas-que-voam-sem-asas\/#breadcrumb"},"inLanguage":"pt-BR","potentialAction":[{"@type":"ReadAction","target":["https:\/\/www.notibras.com\/site\/reino-das-coisas-que-voam-sem-asas\/"]}]},{"@type":"ImageObject","inLanguage":"pt-BR","@id":"https:\/\/www.notibras.com\/site\/reino-das-coisas-que-voam-sem-asas\/#primaryimage","url":"https:\/\/www.notibras.com\/site\/wp-content\/uploads\/2026\/04\/WhatsApp-Image-2026-04-21-at-14.08.45.jpeg","contentUrl":"https:\/\/www.notibras.com\/site\/wp-content\/uploads\/2026\/04\/WhatsApp-Image-2026-04-21-at-14.08.45.jpeg","width":1211,"height":768},{"@type":"BreadcrumbList","@id":"https:\/\/www.notibras.com\/site\/reino-das-coisas-que-voam-sem-asas\/#breadcrumb","itemListElement":[{"@type":"ListItem","position":1,"name":"In\u00edcio","item":"https:\/\/www.notibras.com\/site\/"},{"@type":"ListItem","position":2,"name":"Reino das coisas que voam sem asas"}]},{"@type":"WebSite","@id":"https:\/\/www.notibras.com\/site\/#website","url":"https:\/\/www.notibras.com\/site\/","name":"Notibras","description":"Not\u00edcias de Bras\u00edlia, do Brasil e do Mundo","publisher":{"@id":"https:\/\/www.notibras.com\/site\/#organization"},"potentialAction":[{"@type":"SearchAction","target":{"@type":"EntryPoint","urlTemplate":"https:\/\/www.notibras.com\/site\/?s={search_term_string}"},"query-input":{"@type":"PropertyValueSpecification","valueRequired":true,"valueName":"search_term_string"}}],"inLanguage":"pt-BR"},{"@type":"Organization","@id":"https:\/\/www.notibras.com\/site\/#organization","name":"Grupo Notibras de Comunica\u00e7\u00e3o","url":"https:\/\/www.notibras.com\/site\/","logo":{"@type":"ImageObject","inLanguage":"pt-BR","@id":"https:\/\/www.notibras.com\/site\/#\/schema\/logo\/image\/","url":"https:\/\/www.notibras.com\/site\/wp-content\/uploads\/2023\/01\/notibras23.png","contentUrl":"https:\/\/www.notibras.com\/site\/wp-content\/uploads\/2023\/01\/notibras23.png","width":350,"height":87,"caption":"Grupo Notibras de Comunica\u00e7\u00e3o"},"image":{"@id":"https:\/\/www.notibras.com\/site\/#\/schema\/logo\/image\/"},"sameAs":["https:\/\/www.facebook.com\/notibras\/","https:\/\/x.com\/Notibras","https:\/\/www.instagram.com\/notibras\/"]},{"@type":"Person","@id":"https:\/\/www.notibras.com\/site\/#\/schema\/person\/5b7fabf2aedc3ada2105f03b22b4d3dd","name":"Eduardo Mart\u00ednez","image":{"@type":"ImageObject","inLanguage":"pt-BR","@id":"https:\/\/secure.gravatar.com\/avatar\/7902f906289926289cbcda644b5197c796b893c6ffd7b9a536a42d290f7704a0?s=96&d=mm&r=g","url":"https:\/\/secure.gravatar.com\/avatar\/7902f906289926289cbcda644b5197c796b893c6ffd7b9a536a42d290f7704a0?s=96&d=mm&r=g","contentUrl":"https:\/\/secure.gravatar.com\/avatar\/7902f906289926289cbcda644b5197c796b893c6ffd7b9a536a42d290f7704a0?s=96&d=mm&r=g","caption":"Eduardo Mart\u00ednez"}}]}},"amp_enabled":true,"_links":{"self":[{"href":"https:\/\/www.notibras.com\/site\/wp-json\/wp\/v2\/posts\/392062","targetHints":{"allow":["GET"]}}],"collection":[{"href":"https:\/\/www.notibras.com\/site\/wp-json\/wp\/v2\/posts"}],"about":[{"href":"https:\/\/www.notibras.com\/site\/wp-json\/wp\/v2\/types\/post"}],"author":[{"embeddable":true,"href":"https:\/\/www.notibras.com\/site\/wp-json\/wp\/v2\/users\/21"}],"replies":[{"embeddable":true,"href":"https:\/\/www.notibras.com\/site\/wp-json\/wp\/v2\/comments?post=392062"}],"version-history":[{"count":2,"href":"https:\/\/www.notibras.com\/site\/wp-json\/wp\/v2\/posts\/392062\/revisions"}],"predecessor-version":[{"id":392065,"href":"https:\/\/www.notibras.com\/site\/wp-json\/wp\/v2\/posts\/392062\/revisions\/392065"}],"wp:featuredmedia":[{"embeddable":true,"href":"https:\/\/www.notibras.com\/site\/wp-json\/wp\/v2\/media\/392063"}],"wp:attachment":[{"href":"https:\/\/www.notibras.com\/site\/wp-json\/wp\/v2\/media?parent=392062"}],"wp:term":[{"taxonomy":"category","embeddable":true,"href":"https:\/\/www.notibras.com\/site\/wp-json\/wp\/v2\/categories?post=392062"},{"taxonomy":"post_tag","embeddable":true,"href":"https:\/\/www.notibras.com\/site\/wp-json\/wp\/v2\/tags?post=392062"}],"curies":[{"name":"wp","href":"https:\/\/api.w.org\/{rel}","templated":true}]}}