{"id":392066,"date":"2026-04-26T00:15:14","date_gmt":"2026-04-26T03:15:14","guid":{"rendered":"https:\/\/www.notibras.com\/site\/?p=392066"},"modified":"2026-04-21T14:21:05","modified_gmt":"2026-04-21T17:21:05","slug":"estacoes-do-ano","status":"publish","type":"post","link":"https:\/\/www.notibras.com\/site\/estacoes-do-ano\/","title":{"rendered":"Esta\u00e7\u00f5es do ano"},"content":{"rendered":"<p>Primavera<br \/>\nA terra acorda nua e envergonhada,<br \/>\nmas logo se cobre de p\u00e9talas rosa e amarelo.<br \/>\nO ip\u00ea explode como um grito de alegria,<br \/>\na quaresmeira pinta o c\u00e9u de roxo insistente.<br \/>\nBorboletas dan\u00e7am b\u00eabadas de n\u00e9ctar,<br \/>\no vento carrega perfume de jasmim e promessa.<br \/>\n\u00c9 a esta\u00e7\u00e3o que n\u00e3o pede licen\u00e7a:<br \/>\nchega, abre tudo, faz o cora\u00e7\u00e3o bater mais florido.<br \/>\nPrimavera:<br \/>\num beijo molhado na testa do mundo.<\/p>\n<p>Ver\u00e3o<br \/>\nSol de meio-dia que queima a pele e a alma,<br \/>\nmar turquesa lambendo a areia quente como p\u00e3o sa\u00eddo do forno.<br \/>\nCrian\u00e7as gritam na onda, pipoca estoura na rua,<br \/>\no suor escorre e vira rio de riso.<br \/>\nCoco gelado na m\u00e3o, rede balan\u00e7ando devagar,<br \/>\no c\u00e9u t\u00e3o azul que d\u00f3i de t\u00e3o perfeito.<br \/>\nVer\u00e3o:<br \/>\no tempo em que o corpo esquece o rel\u00f3gio<br \/>\ne vive s\u00f3 no agora quente, salgado, infinito.<\/p>\n<p>Outono<br \/>\nAs folhas n\u00e3o caem em tapete \u00e9pico como no norte,<br \/>\nmas o amarelo do flamboyant se espalha devagar,<br \/>\no vento sopra mais fresco, mais pensativo.<br \/>\nA luz dourada banha tudo de nostalgia suave,<br \/>\no caf\u00e9 quente cheira melhor na varanda.<br \/>\n\u00c9 a esta\u00e7\u00e3o do recolher:<br \/>\nas \u00e1rvores se despem sem drama,<br \/>\nmas guardam no tronco a mem\u00f3ria do verde.<br \/>\nOutono:<br \/>\num suspiro longo antes do sil\u00eancio.<\/p>\n<p>Inverno<br \/>\nNeblina abra\u00e7a a serra como len\u00e7ol velho,<br \/>\no frio entra pelos p\u00e9s e sobe at\u00e9 o peito.<br \/>\nPinheiros arauc\u00e1rias cobertos de orvalho gelado,<br \/>\nfogueira crepitando no quintal, chimarr\u00e3o na cuia quente.<br \/>\nA cidade desacelera, o ar fica quieto,<br \/>\nas estrelas aparecem mais n\u00edtidas no c\u00e9u limpo.<br \/>\nInverno:<br \/>\nn\u00e3o \u00e9 morte, \u00e9 pausa.<br \/>\nTempo de cobertor, de livro aberto,<br \/>\nde esperar que o sol volte sem pressa,<br \/>\nsabendo que ele sempre volta.<\/p>\n","protected":false},"excerpt":{"rendered":"<p>Primavera A terra acorda nua e envergonhada, mas logo se cobre de p\u00e9talas rosa e amarelo. O ip\u00ea explode como um grito de alegria, a quaresmeira pinta o c\u00e9u de roxo insistente. Borboletas dan\u00e7am b\u00eabadas de n\u00e9ctar, o vento carrega perfume de jasmim e promessa. \u00c9 a esta\u00e7\u00e3o que n\u00e3o pede licen\u00e7a: chega, abre tudo, [&hellip;]<\/p>\n","protected":false},"author":21,"featured_media":392067,"comment_status":"closed","ping_status":"closed","sticky":false,"template":"","format":"standard","meta":{"_acf_changed":false,"footnotes":""},"categories":[234],"tags":[],"class_list":["post-392066","post","type-post","status-publish","format-standard","has-post-thumbnail","hentry","category-cafe-literario"],"acf":[],"yoast_head":"<!-- This site is optimized with the Yoast SEO plugin v27.2 - https:\/\/yoast.com\/product\/yoast-seo-wordpress\/ -->\n<title>Esta\u00e7\u00f5es do ano - Notibras<\/title>\n<meta name=\"robots\" content=\"index, follow, max-snippet:-1, max-image-preview:large, max-video-preview:-1\" \/>\n<link rel=\"canonical\" href=\"https:\/\/www.notibras.com\/site\/estacoes-do-ano\/\" \/>\n<meta property=\"og:locale\" content=\"pt_BR\" \/>\n<meta property=\"og:type\" content=\"article\" \/>\n<meta property=\"og:title\" content=\"Esta\u00e7\u00f5es do ano - Notibras\" \/>\n<meta property=\"og:description\" content=\"Primavera A terra acorda nua e envergonhada, mas logo se cobre de p\u00e9talas rosa e amarelo. O ip\u00ea explode como um grito de alegria, a quaresmeira pinta o c\u00e9u de roxo insistente. Borboletas dan\u00e7am b\u00eabadas de n\u00e9ctar, o vento carrega perfume de jasmim e promessa. \u00c9 a esta\u00e7\u00e3o que n\u00e3o pede licen\u00e7a: chega, abre tudo, [&hellip;]\" \/>\n<meta property=\"og:url\" content=\"https:\/\/www.notibras.com\/site\/estacoes-do-ano\/\" \/>\n<meta property=\"og:site_name\" content=\"Notibras\" \/>\n<meta property=\"article:publisher\" content=\"https:\/\/www.facebook.com\/notibras\/\" \/>\n<meta property=\"article:published_time\" content=\"2026-04-26T03:15:14+00:00\" \/>\n<meta property=\"og:image\" content=\"https:\/\/www.notibras.com\/site\/wp-content\/uploads\/2026\/04\/WhatsApp-Image-2026-04-21-at-14.17.53.jpeg\" \/>\n\t<meta property=\"og:image:width\" content=\"1280\" \/>\n\t<meta property=\"og:image:height\" content=\"643\" \/>\n\t<meta property=\"og:image:type\" content=\"image\/jpeg\" \/>\n<meta name=\"author\" content=\"Eduardo Mart\u00ednez\" \/>\n<meta name=\"twitter:card\" content=\"summary_large_image\" \/>\n<meta name=\"twitter:creator\" content=\"@Notibras\" \/>\n<meta name=\"twitter:site\" content=\"@Notibras\" \/>\n<meta name=\"twitter:label1\" content=\"Escrito por\" \/>\n\t<meta name=\"twitter:data1\" content=\"Eduardo Mart\u00ednez\" \/>\n\t<meta name=\"twitter:label2\" content=\"Est. tempo de leitura\" \/>\n\t<meta name=\"twitter:data2\" content=\"2 minutos\" \/>\n<script type=\"application\/ld+json\" class=\"yoast-schema-graph\">{\"@context\":\"https:\/\/schema.org\",\"@graph\":[{\"@type\":\"Article\",\"@id\":\"https:\/\/www.notibras.com\/site\/estacoes-do-ano\/#article\",\"isPartOf\":{\"@id\":\"https:\/\/www.notibras.com\/site\/estacoes-do-ano\/\"},\"author\":{\"name\":\"Eduardo Mart\u00ednez\",\"@id\":\"https:\/\/www.notibras.com\/site\/#\/schema\/person\/5b7fabf2aedc3ada2105f03b22b4d3dd\"},\"headline\":\"Esta\u00e7\u00f5es do ano\",\"datePublished\":\"2026-04-26T03:15:14+00:00\",\"mainEntityOfPage\":{\"@id\":\"https:\/\/www.notibras.com\/site\/estacoes-do-ano\/\"},\"wordCount\":313,\"publisher\":{\"@id\":\"https:\/\/www.notibras.com\/site\/#organization\"},\"image\":{\"@id\":\"https:\/\/www.notibras.com\/site\/estacoes-do-ano\/#primaryimage\"},\"thumbnailUrl\":\"https:\/\/www.notibras.com\/site\/wp-content\/uploads\/2026\/04\/WhatsApp-Image-2026-04-21-at-14.17.53.jpeg\",\"articleSection\":[\"Caf\u00e9 Liter\u00e1rio\"],\"inLanguage\":\"pt-BR\"},{\"@type\":\"WebPage\",\"@id\":\"https:\/\/www.notibras.com\/site\/estacoes-do-ano\/\",\"url\":\"https:\/\/www.notibras.com\/site\/estacoes-do-ano\/\",\"name\":\"Esta\u00e7\u00f5es do ano - Notibras\",\"isPartOf\":{\"@id\":\"https:\/\/www.notibras.com\/site\/#website\"},\"primaryImageOfPage\":{\"@id\":\"https:\/\/www.notibras.com\/site\/estacoes-do-ano\/#primaryimage\"},\"image\":{\"@id\":\"https:\/\/www.notibras.com\/site\/estacoes-do-ano\/#primaryimage\"},\"thumbnailUrl\":\"https:\/\/www.notibras.com\/site\/wp-content\/uploads\/2026\/04\/WhatsApp-Image-2026-04-21-at-14.17.53.jpeg\",\"datePublished\":\"2026-04-26T03:15:14+00:00\",\"breadcrumb\":{\"@id\":\"https:\/\/www.notibras.com\/site\/estacoes-do-ano\/#breadcrumb\"},\"inLanguage\":\"pt-BR\",\"potentialAction\":[{\"@type\":\"ReadAction\",\"target\":[\"https:\/\/www.notibras.com\/site\/estacoes-do-ano\/\"]}]},{\"@type\":\"ImageObject\",\"inLanguage\":\"pt-BR\",\"@id\":\"https:\/\/www.notibras.com\/site\/estacoes-do-ano\/#primaryimage\",\"url\":\"https:\/\/www.notibras.com\/site\/wp-content\/uploads\/2026\/04\/WhatsApp-Image-2026-04-21-at-14.17.53.jpeg\",\"contentUrl\":\"https:\/\/www.notibras.com\/site\/wp-content\/uploads\/2026\/04\/WhatsApp-Image-2026-04-21-at-14.17.53.jpeg\",\"width\":1280,\"height\":643},{\"@type\":\"BreadcrumbList\",\"@id\":\"https:\/\/www.notibras.com\/site\/estacoes-do-ano\/#breadcrumb\",\"itemListElement\":[{\"@type\":\"ListItem\",\"position\":1,\"name\":\"In\u00edcio\",\"item\":\"https:\/\/www.notibras.com\/site\/\"},{\"@type\":\"ListItem\",\"position\":2,\"name\":\"Esta\u00e7\u00f5es do ano\"}]},{\"@type\":\"WebSite\",\"@id\":\"https:\/\/www.notibras.com\/site\/#website\",\"url\":\"https:\/\/www.notibras.com\/site\/\",\"name\":\"Notibras\",\"description\":\"Not\u00edcias de Bras\u00edlia, do Brasil e do Mundo\",\"publisher\":{\"@id\":\"https:\/\/www.notibras.com\/site\/#organization\"},\"potentialAction\":[{\"@type\":\"SearchAction\",\"target\":{\"@type\":\"EntryPoint\",\"urlTemplate\":\"https:\/\/www.notibras.com\/site\/?s={search_term_string}\"},\"query-input\":{\"@type\":\"PropertyValueSpecification\",\"valueRequired\":true,\"valueName\":\"search_term_string\"}}],\"inLanguage\":\"pt-BR\"},{\"@type\":\"Organization\",\"@id\":\"https:\/\/www.notibras.com\/site\/#organization\",\"name\":\"Grupo Notibras de Comunica\u00e7\u00e3o\",\"url\":\"https:\/\/www.notibras.com\/site\/\",\"logo\":{\"@type\":\"ImageObject\",\"inLanguage\":\"pt-BR\",\"@id\":\"https:\/\/www.notibras.com\/site\/#\/schema\/logo\/image\/\",\"url\":\"https:\/\/www.notibras.com\/site\/wp-content\/uploads\/2023\/01\/notibras23.png\",\"contentUrl\":\"https:\/\/www.notibras.com\/site\/wp-content\/uploads\/2023\/01\/notibras23.png\",\"width\":350,\"height\":87,\"caption\":\"Grupo Notibras de Comunica\u00e7\u00e3o\"},\"image\":{\"@id\":\"https:\/\/www.notibras.com\/site\/#\/schema\/logo\/image\/\"},\"sameAs\":[\"https:\/\/www.facebook.com\/notibras\/\",\"https:\/\/x.com\/Notibras\",\"https:\/\/www.instagram.com\/notibras\/\"]},{\"@type\":\"Person\",\"@id\":\"https:\/\/www.notibras.com\/site\/#\/schema\/person\/5b7fabf2aedc3ada2105f03b22b4d3dd\",\"name\":\"Eduardo Mart\u00ednez\",\"image\":{\"@type\":\"ImageObject\",\"inLanguage\":\"pt-BR\",\"@id\":\"https:\/\/secure.gravatar.com\/avatar\/7902f906289926289cbcda644b5197c796b893c6ffd7b9a536a42d290f7704a0?s=96&d=mm&r=g\",\"url\":\"https:\/\/secure.gravatar.com\/avatar\/7902f906289926289cbcda644b5197c796b893c6ffd7b9a536a42d290f7704a0?s=96&d=mm&r=g\",\"contentUrl\":\"https:\/\/secure.gravatar.com\/avatar\/7902f906289926289cbcda644b5197c796b893c6ffd7b9a536a42d290f7704a0?s=96&d=mm&r=g\",\"caption\":\"Eduardo Mart\u00ednez\"}}]}<\/script>\n<!-- \/ Yoast SEO plugin. -->","yoast_head_json":{"title":"Esta\u00e7\u00f5es do ano - Notibras","robots":{"index":"index","follow":"follow","max-snippet":"max-snippet:-1","max-image-preview":"max-image-preview:large","max-video-preview":"max-video-preview:-1"},"canonical":"https:\/\/www.notibras.com\/site\/estacoes-do-ano\/","og_locale":"pt_BR","og_type":"article","og_title":"Esta\u00e7\u00f5es do ano - Notibras","og_description":"Primavera A terra acorda nua e envergonhada, mas logo se cobre de p\u00e9talas rosa e amarelo. O ip\u00ea explode como um grito de alegria, a quaresmeira pinta o c\u00e9u de roxo insistente. Borboletas dan\u00e7am b\u00eabadas de n\u00e9ctar, o vento carrega perfume de jasmim e promessa. \u00c9 a esta\u00e7\u00e3o que n\u00e3o pede licen\u00e7a: chega, abre tudo, [&hellip;]","og_url":"https:\/\/www.notibras.com\/site\/estacoes-do-ano\/","og_site_name":"Notibras","article_publisher":"https:\/\/www.facebook.com\/notibras\/","article_published_time":"2026-04-26T03:15:14+00:00","og_image":[{"width":1280,"height":643,"url":"https:\/\/www.notibras.com\/site\/wp-content\/uploads\/2026\/04\/WhatsApp-Image-2026-04-21-at-14.17.53.jpeg","type":"image\/jpeg"}],"author":"Eduardo Mart\u00ednez","twitter_card":"summary_large_image","twitter_creator":"@Notibras","twitter_site":"@Notibras","twitter_misc":{"Escrito por":"Eduardo Mart\u00ednez","Est. tempo de leitura":"2 minutos"},"schema":{"@context":"https:\/\/schema.org","@graph":[{"@type":"Article","@id":"https:\/\/www.notibras.com\/site\/estacoes-do-ano\/#article","isPartOf":{"@id":"https:\/\/www.notibras.com\/site\/estacoes-do-ano\/"},"author":{"name":"Eduardo Mart\u00ednez","@id":"https:\/\/www.notibras.com\/site\/#\/schema\/person\/5b7fabf2aedc3ada2105f03b22b4d3dd"},"headline":"Esta\u00e7\u00f5es do ano","datePublished":"2026-04-26T03:15:14+00:00","mainEntityOfPage":{"@id":"https:\/\/www.notibras.com\/site\/estacoes-do-ano\/"},"wordCount":313,"publisher":{"@id":"https:\/\/www.notibras.com\/site\/#organization"},"image":{"@id":"https:\/\/www.notibras.com\/site\/estacoes-do-ano\/#primaryimage"},"thumbnailUrl":"https:\/\/www.notibras.com\/site\/wp-content\/uploads\/2026\/04\/WhatsApp-Image-2026-04-21-at-14.17.53.jpeg","articleSection":["Caf\u00e9 Liter\u00e1rio"],"inLanguage":"pt-BR"},{"@type":"WebPage","@id":"https:\/\/www.notibras.com\/site\/estacoes-do-ano\/","url":"https:\/\/www.notibras.com\/site\/estacoes-do-ano\/","name":"Esta\u00e7\u00f5es do ano - Notibras","isPartOf":{"@id":"https:\/\/www.notibras.com\/site\/#website"},"primaryImageOfPage":{"@id":"https:\/\/www.notibras.com\/site\/estacoes-do-ano\/#primaryimage"},"image":{"@id":"https:\/\/www.notibras.com\/site\/estacoes-do-ano\/#primaryimage"},"thumbnailUrl":"https:\/\/www.notibras.com\/site\/wp-content\/uploads\/2026\/04\/WhatsApp-Image-2026-04-21-at-14.17.53.jpeg","datePublished":"2026-04-26T03:15:14+00:00","breadcrumb":{"@id":"https:\/\/www.notibras.com\/site\/estacoes-do-ano\/#breadcrumb"},"inLanguage":"pt-BR","potentialAction":[{"@type":"ReadAction","target":["https:\/\/www.notibras.com\/site\/estacoes-do-ano\/"]}]},{"@type":"ImageObject","inLanguage":"pt-BR","@id":"https:\/\/www.notibras.com\/site\/estacoes-do-ano\/#primaryimage","url":"https:\/\/www.notibras.com\/site\/wp-content\/uploads\/2026\/04\/WhatsApp-Image-2026-04-21-at-14.17.53.jpeg","contentUrl":"https:\/\/www.notibras.com\/site\/wp-content\/uploads\/2026\/04\/WhatsApp-Image-2026-04-21-at-14.17.53.jpeg","width":1280,"height":643},{"@type":"BreadcrumbList","@id":"https:\/\/www.notibras.com\/site\/estacoes-do-ano\/#breadcrumb","itemListElement":[{"@type":"ListItem","position":1,"name":"In\u00edcio","item":"https:\/\/www.notibras.com\/site\/"},{"@type":"ListItem","position":2,"name":"Esta\u00e7\u00f5es do ano"}]},{"@type":"WebSite","@id":"https:\/\/www.notibras.com\/site\/#website","url":"https:\/\/www.notibras.com\/site\/","name":"Notibras","description":"Not\u00edcias de Bras\u00edlia, do Brasil e do Mundo","publisher":{"@id":"https:\/\/www.notibras.com\/site\/#organization"},"potentialAction":[{"@type":"SearchAction","target":{"@type":"EntryPoint","urlTemplate":"https:\/\/www.notibras.com\/site\/?s={search_term_string}"},"query-input":{"@type":"PropertyValueSpecification","valueRequired":true,"valueName":"search_term_string"}}],"inLanguage":"pt-BR"},{"@type":"Organization","@id":"https:\/\/www.notibras.com\/site\/#organization","name":"Grupo Notibras de Comunica\u00e7\u00e3o","url":"https:\/\/www.notibras.com\/site\/","logo":{"@type":"ImageObject","inLanguage":"pt-BR","@id":"https:\/\/www.notibras.com\/site\/#\/schema\/logo\/image\/","url":"https:\/\/www.notibras.com\/site\/wp-content\/uploads\/2023\/01\/notibras23.png","contentUrl":"https:\/\/www.notibras.com\/site\/wp-content\/uploads\/2023\/01\/notibras23.png","width":350,"height":87,"caption":"Grupo Notibras de Comunica\u00e7\u00e3o"},"image":{"@id":"https:\/\/www.notibras.com\/site\/#\/schema\/logo\/image\/"},"sameAs":["https:\/\/www.facebook.com\/notibras\/","https:\/\/x.com\/Notibras","https:\/\/www.instagram.com\/notibras\/"]},{"@type":"Person","@id":"https:\/\/www.notibras.com\/site\/#\/schema\/person\/5b7fabf2aedc3ada2105f03b22b4d3dd","name":"Eduardo Mart\u00ednez","image":{"@type":"ImageObject","inLanguage":"pt-BR","@id":"https:\/\/secure.gravatar.com\/avatar\/7902f906289926289cbcda644b5197c796b893c6ffd7b9a536a42d290f7704a0?s=96&d=mm&r=g","url":"https:\/\/secure.gravatar.com\/avatar\/7902f906289926289cbcda644b5197c796b893c6ffd7b9a536a42d290f7704a0?s=96&d=mm&r=g","contentUrl":"https:\/\/secure.gravatar.com\/avatar\/7902f906289926289cbcda644b5197c796b893c6ffd7b9a536a42d290f7704a0?s=96&d=mm&r=g","caption":"Eduardo Mart\u00ednez"}}]}},"amp_enabled":true,"_links":{"self":[{"href":"https:\/\/www.notibras.com\/site\/wp-json\/wp\/v2\/posts\/392066","targetHints":{"allow":["GET"]}}],"collection":[{"href":"https:\/\/www.notibras.com\/site\/wp-json\/wp\/v2\/posts"}],"about":[{"href":"https:\/\/www.notibras.com\/site\/wp-json\/wp\/v2\/types\/post"}],"author":[{"embeddable":true,"href":"https:\/\/www.notibras.com\/site\/wp-json\/wp\/v2\/users\/21"}],"replies":[{"embeddable":true,"href":"https:\/\/www.notibras.com\/site\/wp-json\/wp\/v2\/comments?post=392066"}],"version-history":[{"count":1,"href":"https:\/\/www.notibras.com\/site\/wp-json\/wp\/v2\/posts\/392066\/revisions"}],"predecessor-version":[{"id":392068,"href":"https:\/\/www.notibras.com\/site\/wp-json\/wp\/v2\/posts\/392066\/revisions\/392068"}],"wp:featuredmedia":[{"embeddable":true,"href":"https:\/\/www.notibras.com\/site\/wp-json\/wp\/v2\/media\/392067"}],"wp:attachment":[{"href":"https:\/\/www.notibras.com\/site\/wp-json\/wp\/v2\/media?parent=392066"}],"wp:term":[{"taxonomy":"category","embeddable":true,"href":"https:\/\/www.notibras.com\/site\/wp-json\/wp\/v2\/categories?post=392066"},{"taxonomy":"post_tag","embeddable":true,"href":"https:\/\/www.notibras.com\/site\/wp-json\/wp\/v2\/tags?post=392066"}],"curies":[{"name":"wp","href":"https:\/\/api.w.org\/{rel}","templated":true}]}}