{"id":392227,"date":"2026-04-25T02:00:37","date_gmt":"2026-04-25T05:00:37","guid":{"rendered":"https:\/\/www.notibras.com\/site\/?p=392227"},"modified":"2026-04-22T19:17:13","modified_gmt":"2026-04-22T22:17:13","slug":"ser-ou-nao-ser-eis-a-questao","status":"publish","type":"post","link":"https:\/\/www.notibras.com\/site\/ser-ou-nao-ser-eis-a-questao\/","title":{"rendered":"Ser ou n\u00e3o ser&#8230; eis a quest\u00e3o&#8230;"},"content":{"rendered":"<p>A algum tempo atr\u00e1s li uma historinha interessante. Era sobre as bodas de ouro de um casal. Esse casal tinha uma vida por todos invejada, j\u00e1 que realmente eram felizes. Algo n\u00e3o t\u00e3o comum em nossa vida rotineira, onde as pessoas vivem perseguindo a felicidade, mas raramente conseguem alcan\u00e7a-la&#8230; quando muito, tem alguns momentos alegres. Mas a felicidade, mesmo&#8230; j\u00e1 \u00e9 algo mais complicado de obter&#8230;<\/p>\n<p>Voltando ao casal em quest\u00e3o, em determinado momento o orador do evento chamou ao palco a esposa deste casal feliz e a questionou, perguntando a ela quem seria respons\u00e1vel pela sua felicidade. Logicamente todos esperavam que sua resposta fosse seu marido&#8230; inclusive ele mesmo esperava ouvir essa frase de usa parceira&#8230; mas&#8230;<\/p>\n<p>Sua resposta, a princ\u00edpio chocou a todos. Foi algo que ningu\u00e9m esperava. Quando questionada sobre quem a fazia realmente feliz, sua resposta foi simplesmente &#8220;eu mesma&#8221;. Claro que seu marido n\u00e3o acreditou em suas palavras, e a questionou ali mesmo, perguntando qual seria seu papel na vida da mulher, j\u00e1 que ele n\u00e3o tinha nenhuma relev\u00e2ncia na felicidade da mesma&#8230; ent\u00e3o ela se explicou&#8230;<\/p>\n<p>Sintetizando suas palavras, o que ocorre \u00e9 que a \u00fanica pessoa que pode te fazer feliz nesse Universo \u00e9 voc\u00ea mesma. Porque ningu\u00e9m tem o poder de te dar algo que n\u00e3o possui. Eu n\u00e3o tenho o poder de tornar minha cara metade feliz ou infeliz. Tais sentimentos nascem em seu seio&#8230; apenas posso acompanhar e tentar dar apoio moral para esta. Mas n\u00e3o consigo amenizar seu sofrimento nem tampouco sua euforia&#8230;<\/p>\n<p>Se estou triste e vem algu\u00e9m me consolar, o m\u00e1ximo que essa pessoa pode fazer \u00e9 tentar mostrar-me o caminho que poder\u00e1 tirar-me daquele estado de depress\u00e3o moment\u00e2neo. Mas cabe a mim, e t\u00e3o somente a mim, sair daquele momento que est\u00e1 a me machucar. Enquanto eu n\u00e3o me convencer que posso sair daquela situa\u00e7\u00e3o, bem&#8230; permanecerei no limbo no qual me encontro&#8230;<\/p>\n<p>Se me conven\u00e7o de que a vida \u00e9 mais que momentos tristes e passo a ver o mundo \u00e0 minha volta com outros olhos&#8230; bem, se estiver em paz comigo mesma, com certeza conseguirei aproveitar os bons momentos da vida. Mesmo sabendo que no futuro poderei enfrentar dissabores. Mas esses vir\u00e3o de uma maneira mais tranquila, sem a viol\u00eancia que eu enfrentaria se j\u00e1 os esperasse com uma expectativa negativa. Claro, problemas todos vamos enfrentar. Como os enfrentamos \u00e9 que faz a diferen\u00e7a. Se erguemos a cabe\u00e7a e partimos para a luta, com certeza j\u00e1 teremos avan\u00e7ado metade do terreno. Ganhar ou perder essa batalha vai depender unicamente da forma que seguiremos na luta. Se formos otimistas, as chances de vencer ser\u00e3o muito boas. Se partirmos para a batalha com pessimismo&#8230; bem, j\u00e1 perdemos a luta mesmo antes dessa come\u00e7ar&#8230;<\/p>\n<p>Resumindo&#8230; ser feliz ou n\u00e3o depende unicamente de nosso estado de esp\u00edrito. Jamais fazemos algo para agradar outra pessoa. Devemos nos cuidar para que n\u00f3s estejamos satisfeitas com nosso visual. Se nos sentirmos felizes, poderemos irradiar essa felicidade ao nosso redor, tornando felizes as pessoas que nos cercam. Se, ao contr\u00e1rio, nos sentimos tristes, a penumbra desse sentimento negativo ir\u00e1 contaminar todos ao nosso redor&#8230; as luzes simplesmente se apagar\u00e3o, at\u00e9 que algu\u00e9m iluminado venha oferecer-nos sua Luz para que saiamos da escurid\u00e3o&#8230;<\/p>\n<p>Mas&#8230; depender\u00e1 apenas de n\u00f3s mesmas seguirmos esse farol. E como podemos faze-lo? Simplesmente procurando motivos que nos traga o sorriso em nossos l\u00e1bios novamente. Quando conectarmos nossa alma com a Natureza&#8230; com o Mundo ao nosso redor&#8230; estaremos aptas a absorver toda a beleza da Cria\u00e7\u00e3o e podermos finalmente encontrar a felicidade&#8230; primeiro, em nosso \u00edntimo. Depois poderemos compartilha-la com aqueles que nos s\u00e3o queridos&#8230;<\/p>\n<p>Ent\u00e3o, lembre-se sempre disso&#8230; a felicidade nasce primeiro em seu \u00e2mago. Apenas pessoas que conseguem ser felizes podem irradiar essa felicidade ao seu redor. Porque a Felicidade, como qualquer outro sentimento que conhecemos, \u00e9 uma experi\u00eancia particular na vida de cada um. N\u00e3o h\u00e1 como fazer outra pessoa feliz, se ela n\u00e3o estiver preparada para desfrutar tal sentimento. Mas voc\u00ea pode ajud\u00e1-la a encontrar o caminho que a leve at\u00e9 este. Se ela vai segui-lo ou n\u00e3o, j\u00e1 n\u00e3o depende de voc\u00ea&#8230;<\/p>\n","protected":false},"excerpt":{"rendered":"<p>A algum tempo atr\u00e1s li uma historinha interessante. Era sobre as bodas de ouro de um casal. Esse casal tinha uma vida por todos invejada, j\u00e1 que realmente eram felizes. Algo n\u00e3o t\u00e3o comum em nossa vida rotineira, onde as pessoas vivem perseguindo a felicidade, mas raramente conseguem alcan\u00e7a-la&#8230; quando muito, tem alguns momentos alegres. [&hellip;]<\/p>\n","protected":false},"author":21,"featured_media":392228,"comment_status":"closed","ping_status":"closed","sticky":false,"template":"","format":"standard","meta":{"_acf_changed":false,"footnotes":""},"categories":[236],"tags":[],"class_list":["post-392227","post","type-post","status-publish","format-standard","has-post-thumbnail","hentry","category-ponto-de-vista"],"acf":[],"yoast_head":"<!-- This site is optimized with the Yoast SEO plugin v27.2 - https:\/\/yoast.com\/product\/yoast-seo-wordpress\/ -->\n<title>Ser ou n\u00e3o ser... eis a quest\u00e3o... - Notibras<\/title>\n<meta name=\"robots\" content=\"index, follow, max-snippet:-1, max-image-preview:large, max-video-preview:-1\" \/>\n<link rel=\"canonical\" href=\"https:\/\/www.notibras.com\/site\/ser-ou-nao-ser-eis-a-questao\/\" \/>\n<meta property=\"og:locale\" content=\"pt_BR\" \/>\n<meta property=\"og:type\" content=\"article\" \/>\n<meta property=\"og:title\" content=\"Ser ou n\u00e3o ser... eis a quest\u00e3o... - Notibras\" \/>\n<meta property=\"og:description\" content=\"A algum tempo atr\u00e1s li uma historinha interessante. Era sobre as bodas de ouro de um casal. Esse casal tinha uma vida por todos invejada, j\u00e1 que realmente eram felizes. Algo n\u00e3o t\u00e3o comum em nossa vida rotineira, onde as pessoas vivem perseguindo a felicidade, mas raramente conseguem alcan\u00e7a-la&#8230; quando muito, tem alguns momentos alegres. [&hellip;]\" \/>\n<meta property=\"og:url\" content=\"https:\/\/www.notibras.com\/site\/ser-ou-nao-ser-eis-a-questao\/\" \/>\n<meta property=\"og:site_name\" content=\"Notibras\" \/>\n<meta property=\"article:publisher\" content=\"https:\/\/www.facebook.com\/notibras\/\" \/>\n<meta property=\"article:published_time\" content=\"2026-04-25T05:00:37+00:00\" \/>\n<meta property=\"og:image\" content=\"https:\/\/www.notibras.com\/site\/wp-content\/uploads\/2026\/04\/WhatsApp-Image-2026-04-22-at-19.15.47.jpeg\" \/>\n\t<meta property=\"og:image:width\" content=\"1255\" \/>\n\t<meta property=\"og:image:height\" content=\"768\" \/>\n\t<meta property=\"og:image:type\" content=\"image\/jpeg\" \/>\n<meta name=\"author\" content=\"Eduardo Mart\u00ednez\" \/>\n<meta name=\"twitter:card\" content=\"summary_large_image\" \/>\n<meta name=\"twitter:creator\" content=\"@Notibras\" \/>\n<meta name=\"twitter:site\" content=\"@Notibras\" \/>\n<meta name=\"twitter:label1\" content=\"Escrito por\" \/>\n\t<meta name=\"twitter:data1\" content=\"Eduardo Mart\u00ednez\" \/>\n\t<meta name=\"twitter:label2\" content=\"Est. tempo de leitura\" \/>\n\t<meta name=\"twitter:data2\" content=\"5 minutos\" \/>\n<script type=\"application\/ld+json\" class=\"yoast-schema-graph\">{\"@context\":\"https:\/\/schema.org\",\"@graph\":[{\"@type\":\"Article\",\"@id\":\"https:\/\/www.notibras.com\/site\/ser-ou-nao-ser-eis-a-questao\/#article\",\"isPartOf\":{\"@id\":\"https:\/\/www.notibras.com\/site\/ser-ou-nao-ser-eis-a-questao\/\"},\"author\":{\"name\":\"Eduardo Mart\u00ednez\",\"@id\":\"https:\/\/www.notibras.com\/site\/#\/schema\/person\/5b7fabf2aedc3ada2105f03b22b4d3dd\"},\"headline\":\"Ser ou n\u00e3o ser&#8230; eis a quest\u00e3o&#8230;\",\"datePublished\":\"2026-04-25T05:00:37+00:00\",\"mainEntityOfPage\":{\"@id\":\"https:\/\/www.notibras.com\/site\/ser-ou-nao-ser-eis-a-questao\/\"},\"wordCount\":738,\"publisher\":{\"@id\":\"https:\/\/www.notibras.com\/site\/#organization\"},\"image\":{\"@id\":\"https:\/\/www.notibras.com\/site\/ser-ou-nao-ser-eis-a-questao\/#primaryimage\"},\"thumbnailUrl\":\"https:\/\/www.notibras.com\/site\/wp-content\/uploads\/2026\/04\/WhatsApp-Image-2026-04-22-at-19.15.47.jpeg\",\"articleSection\":[\"Ponto de Vista\"],\"inLanguage\":\"pt-BR\"},{\"@type\":\"WebPage\",\"@id\":\"https:\/\/www.notibras.com\/site\/ser-ou-nao-ser-eis-a-questao\/\",\"url\":\"https:\/\/www.notibras.com\/site\/ser-ou-nao-ser-eis-a-questao\/\",\"name\":\"Ser ou n\u00e3o ser... eis a quest\u00e3o... - Notibras\",\"isPartOf\":{\"@id\":\"https:\/\/www.notibras.com\/site\/#website\"},\"primaryImageOfPage\":{\"@id\":\"https:\/\/www.notibras.com\/site\/ser-ou-nao-ser-eis-a-questao\/#primaryimage\"},\"image\":{\"@id\":\"https:\/\/www.notibras.com\/site\/ser-ou-nao-ser-eis-a-questao\/#primaryimage\"},\"thumbnailUrl\":\"https:\/\/www.notibras.com\/site\/wp-content\/uploads\/2026\/04\/WhatsApp-Image-2026-04-22-at-19.15.47.jpeg\",\"datePublished\":\"2026-04-25T05:00:37+00:00\",\"breadcrumb\":{\"@id\":\"https:\/\/www.notibras.com\/site\/ser-ou-nao-ser-eis-a-questao\/#breadcrumb\"},\"inLanguage\":\"pt-BR\",\"potentialAction\":[{\"@type\":\"ReadAction\",\"target\":[\"https:\/\/www.notibras.com\/site\/ser-ou-nao-ser-eis-a-questao\/\"]}]},{\"@type\":\"ImageObject\",\"inLanguage\":\"pt-BR\",\"@id\":\"https:\/\/www.notibras.com\/site\/ser-ou-nao-ser-eis-a-questao\/#primaryimage\",\"url\":\"https:\/\/www.notibras.com\/site\/wp-content\/uploads\/2026\/04\/WhatsApp-Image-2026-04-22-at-19.15.47.jpeg\",\"contentUrl\":\"https:\/\/www.notibras.com\/site\/wp-content\/uploads\/2026\/04\/WhatsApp-Image-2026-04-22-at-19.15.47.jpeg\",\"width\":1255,\"height\":768},{\"@type\":\"BreadcrumbList\",\"@id\":\"https:\/\/www.notibras.com\/site\/ser-ou-nao-ser-eis-a-questao\/#breadcrumb\",\"itemListElement\":[{\"@type\":\"ListItem\",\"position\":1,\"name\":\"In\u00edcio\",\"item\":\"https:\/\/www.notibras.com\/site\/\"},{\"@type\":\"ListItem\",\"position\":2,\"name\":\"Ser ou n\u00e3o ser&#8230; eis a quest\u00e3o&#8230;\"}]},{\"@type\":\"WebSite\",\"@id\":\"https:\/\/www.notibras.com\/site\/#website\",\"url\":\"https:\/\/www.notibras.com\/site\/\",\"name\":\"Notibras\",\"description\":\"Not\u00edcias de Bras\u00edlia, do Brasil e do Mundo\",\"publisher\":{\"@id\":\"https:\/\/www.notibras.com\/site\/#organization\"},\"potentialAction\":[{\"@type\":\"SearchAction\",\"target\":{\"@type\":\"EntryPoint\",\"urlTemplate\":\"https:\/\/www.notibras.com\/site\/?s={search_term_string}\"},\"query-input\":{\"@type\":\"PropertyValueSpecification\",\"valueRequired\":true,\"valueName\":\"search_term_string\"}}],\"inLanguage\":\"pt-BR\"},{\"@type\":\"Organization\",\"@id\":\"https:\/\/www.notibras.com\/site\/#organization\",\"name\":\"Grupo Notibras de Comunica\u00e7\u00e3o\",\"url\":\"https:\/\/www.notibras.com\/site\/\",\"logo\":{\"@type\":\"ImageObject\",\"inLanguage\":\"pt-BR\",\"@id\":\"https:\/\/www.notibras.com\/site\/#\/schema\/logo\/image\/\",\"url\":\"https:\/\/www.notibras.com\/site\/wp-content\/uploads\/2023\/01\/notibras23.png\",\"contentUrl\":\"https:\/\/www.notibras.com\/site\/wp-content\/uploads\/2023\/01\/notibras23.png\",\"width\":350,\"height\":87,\"caption\":\"Grupo Notibras de Comunica\u00e7\u00e3o\"},\"image\":{\"@id\":\"https:\/\/www.notibras.com\/site\/#\/schema\/logo\/image\/\"},\"sameAs\":[\"https:\/\/www.facebook.com\/notibras\/\",\"https:\/\/x.com\/Notibras\",\"https:\/\/www.instagram.com\/notibras\/\"]},{\"@type\":\"Person\",\"@id\":\"https:\/\/www.notibras.com\/site\/#\/schema\/person\/5b7fabf2aedc3ada2105f03b22b4d3dd\",\"name\":\"Eduardo Mart\u00ednez\",\"image\":{\"@type\":\"ImageObject\",\"inLanguage\":\"pt-BR\",\"@id\":\"https:\/\/secure.gravatar.com\/avatar\/7902f906289926289cbcda644b5197c796b893c6ffd7b9a536a42d290f7704a0?s=96&d=mm&r=g\",\"url\":\"https:\/\/secure.gravatar.com\/avatar\/7902f906289926289cbcda644b5197c796b893c6ffd7b9a536a42d290f7704a0?s=96&d=mm&r=g\",\"contentUrl\":\"https:\/\/secure.gravatar.com\/avatar\/7902f906289926289cbcda644b5197c796b893c6ffd7b9a536a42d290f7704a0?s=96&d=mm&r=g\",\"caption\":\"Eduardo Mart\u00ednez\"}}]}<\/script>\n<!-- \/ Yoast SEO plugin. -->","yoast_head_json":{"title":"Ser ou n\u00e3o ser... eis a quest\u00e3o... - Notibras","robots":{"index":"index","follow":"follow","max-snippet":"max-snippet:-1","max-image-preview":"max-image-preview:large","max-video-preview":"max-video-preview:-1"},"canonical":"https:\/\/www.notibras.com\/site\/ser-ou-nao-ser-eis-a-questao\/","og_locale":"pt_BR","og_type":"article","og_title":"Ser ou n\u00e3o ser... eis a quest\u00e3o... - Notibras","og_description":"A algum tempo atr\u00e1s li uma historinha interessante. Era sobre as bodas de ouro de um casal. Esse casal tinha uma vida por todos invejada, j\u00e1 que realmente eram felizes. Algo n\u00e3o t\u00e3o comum em nossa vida rotineira, onde as pessoas vivem perseguindo a felicidade, mas raramente conseguem alcan\u00e7a-la&#8230; quando muito, tem alguns momentos alegres. [&hellip;]","og_url":"https:\/\/www.notibras.com\/site\/ser-ou-nao-ser-eis-a-questao\/","og_site_name":"Notibras","article_publisher":"https:\/\/www.facebook.com\/notibras\/","article_published_time":"2026-04-25T05:00:37+00:00","og_image":[{"width":1255,"height":768,"url":"https:\/\/www.notibras.com\/site\/wp-content\/uploads\/2026\/04\/WhatsApp-Image-2026-04-22-at-19.15.47.jpeg","type":"image\/jpeg"}],"author":"Eduardo Mart\u00ednez","twitter_card":"summary_large_image","twitter_creator":"@Notibras","twitter_site":"@Notibras","twitter_misc":{"Escrito por":"Eduardo Mart\u00ednez","Est. tempo de leitura":"5 minutos"},"schema":{"@context":"https:\/\/schema.org","@graph":[{"@type":"Article","@id":"https:\/\/www.notibras.com\/site\/ser-ou-nao-ser-eis-a-questao\/#article","isPartOf":{"@id":"https:\/\/www.notibras.com\/site\/ser-ou-nao-ser-eis-a-questao\/"},"author":{"name":"Eduardo Mart\u00ednez","@id":"https:\/\/www.notibras.com\/site\/#\/schema\/person\/5b7fabf2aedc3ada2105f03b22b4d3dd"},"headline":"Ser ou n\u00e3o ser&#8230; eis a quest\u00e3o&#8230;","datePublished":"2026-04-25T05:00:37+00:00","mainEntityOfPage":{"@id":"https:\/\/www.notibras.com\/site\/ser-ou-nao-ser-eis-a-questao\/"},"wordCount":738,"publisher":{"@id":"https:\/\/www.notibras.com\/site\/#organization"},"image":{"@id":"https:\/\/www.notibras.com\/site\/ser-ou-nao-ser-eis-a-questao\/#primaryimage"},"thumbnailUrl":"https:\/\/www.notibras.com\/site\/wp-content\/uploads\/2026\/04\/WhatsApp-Image-2026-04-22-at-19.15.47.jpeg","articleSection":["Ponto de Vista"],"inLanguage":"pt-BR"},{"@type":"WebPage","@id":"https:\/\/www.notibras.com\/site\/ser-ou-nao-ser-eis-a-questao\/","url":"https:\/\/www.notibras.com\/site\/ser-ou-nao-ser-eis-a-questao\/","name":"Ser ou n\u00e3o ser... eis a quest\u00e3o... - Notibras","isPartOf":{"@id":"https:\/\/www.notibras.com\/site\/#website"},"primaryImageOfPage":{"@id":"https:\/\/www.notibras.com\/site\/ser-ou-nao-ser-eis-a-questao\/#primaryimage"},"image":{"@id":"https:\/\/www.notibras.com\/site\/ser-ou-nao-ser-eis-a-questao\/#primaryimage"},"thumbnailUrl":"https:\/\/www.notibras.com\/site\/wp-content\/uploads\/2026\/04\/WhatsApp-Image-2026-04-22-at-19.15.47.jpeg","datePublished":"2026-04-25T05:00:37+00:00","breadcrumb":{"@id":"https:\/\/www.notibras.com\/site\/ser-ou-nao-ser-eis-a-questao\/#breadcrumb"},"inLanguage":"pt-BR","potentialAction":[{"@type":"ReadAction","target":["https:\/\/www.notibras.com\/site\/ser-ou-nao-ser-eis-a-questao\/"]}]},{"@type":"ImageObject","inLanguage":"pt-BR","@id":"https:\/\/www.notibras.com\/site\/ser-ou-nao-ser-eis-a-questao\/#primaryimage","url":"https:\/\/www.notibras.com\/site\/wp-content\/uploads\/2026\/04\/WhatsApp-Image-2026-04-22-at-19.15.47.jpeg","contentUrl":"https:\/\/www.notibras.com\/site\/wp-content\/uploads\/2026\/04\/WhatsApp-Image-2026-04-22-at-19.15.47.jpeg","width":1255,"height":768},{"@type":"BreadcrumbList","@id":"https:\/\/www.notibras.com\/site\/ser-ou-nao-ser-eis-a-questao\/#breadcrumb","itemListElement":[{"@type":"ListItem","position":1,"name":"In\u00edcio","item":"https:\/\/www.notibras.com\/site\/"},{"@type":"ListItem","position":2,"name":"Ser ou n\u00e3o ser&#8230; eis a quest\u00e3o&#8230;"}]},{"@type":"WebSite","@id":"https:\/\/www.notibras.com\/site\/#website","url":"https:\/\/www.notibras.com\/site\/","name":"Notibras","description":"Not\u00edcias de Bras\u00edlia, do Brasil e do Mundo","publisher":{"@id":"https:\/\/www.notibras.com\/site\/#organization"},"potentialAction":[{"@type":"SearchAction","target":{"@type":"EntryPoint","urlTemplate":"https:\/\/www.notibras.com\/site\/?s={search_term_string}"},"query-input":{"@type":"PropertyValueSpecification","valueRequired":true,"valueName":"search_term_string"}}],"inLanguage":"pt-BR"},{"@type":"Organization","@id":"https:\/\/www.notibras.com\/site\/#organization","name":"Grupo Notibras de Comunica\u00e7\u00e3o","url":"https:\/\/www.notibras.com\/site\/","logo":{"@type":"ImageObject","inLanguage":"pt-BR","@id":"https:\/\/www.notibras.com\/site\/#\/schema\/logo\/image\/","url":"https:\/\/www.notibras.com\/site\/wp-content\/uploads\/2023\/01\/notibras23.png","contentUrl":"https:\/\/www.notibras.com\/site\/wp-content\/uploads\/2023\/01\/notibras23.png","width":350,"height":87,"caption":"Grupo Notibras de Comunica\u00e7\u00e3o"},"image":{"@id":"https:\/\/www.notibras.com\/site\/#\/schema\/logo\/image\/"},"sameAs":["https:\/\/www.facebook.com\/notibras\/","https:\/\/x.com\/Notibras","https:\/\/www.instagram.com\/notibras\/"]},{"@type":"Person","@id":"https:\/\/www.notibras.com\/site\/#\/schema\/person\/5b7fabf2aedc3ada2105f03b22b4d3dd","name":"Eduardo Mart\u00ednez","image":{"@type":"ImageObject","inLanguage":"pt-BR","@id":"https:\/\/secure.gravatar.com\/avatar\/7902f906289926289cbcda644b5197c796b893c6ffd7b9a536a42d290f7704a0?s=96&d=mm&r=g","url":"https:\/\/secure.gravatar.com\/avatar\/7902f906289926289cbcda644b5197c796b893c6ffd7b9a536a42d290f7704a0?s=96&d=mm&r=g","contentUrl":"https:\/\/secure.gravatar.com\/avatar\/7902f906289926289cbcda644b5197c796b893c6ffd7b9a536a42d290f7704a0?s=96&d=mm&r=g","caption":"Eduardo Mart\u00ednez"}}]}},"amp_enabled":true,"_links":{"self":[{"href":"https:\/\/www.notibras.com\/site\/wp-json\/wp\/v2\/posts\/392227","targetHints":{"allow":["GET"]}}],"collection":[{"href":"https:\/\/www.notibras.com\/site\/wp-json\/wp\/v2\/posts"}],"about":[{"href":"https:\/\/www.notibras.com\/site\/wp-json\/wp\/v2\/types\/post"}],"author":[{"embeddable":true,"href":"https:\/\/www.notibras.com\/site\/wp-json\/wp\/v2\/users\/21"}],"replies":[{"embeddable":true,"href":"https:\/\/www.notibras.com\/site\/wp-json\/wp\/v2\/comments?post=392227"}],"version-history":[{"count":2,"href":"https:\/\/www.notibras.com\/site\/wp-json\/wp\/v2\/posts\/392227\/revisions"}],"predecessor-version":[{"id":392230,"href":"https:\/\/www.notibras.com\/site\/wp-json\/wp\/v2\/posts\/392227\/revisions\/392230"}],"wp:featuredmedia":[{"embeddable":true,"href":"https:\/\/www.notibras.com\/site\/wp-json\/wp\/v2\/media\/392228"}],"wp:attachment":[{"href":"https:\/\/www.notibras.com\/site\/wp-json\/wp\/v2\/media?parent=392227"}],"wp:term":[{"taxonomy":"category","embeddable":true,"href":"https:\/\/www.notibras.com\/site\/wp-json\/wp\/v2\/categories?post=392227"},{"taxonomy":"post_tag","embeddable":true,"href":"https:\/\/www.notibras.com\/site\/wp-json\/wp\/v2\/tags?post=392227"}],"curies":[{"name":"wp","href":"https:\/\/api.w.org\/{rel}","templated":true}]}}