{"id":392235,"date":"2026-04-27T02:00:07","date_gmt":"2026-04-27T05:00:07","guid":{"rendered":"https:\/\/www.notibras.com\/site\/?p=392235"},"modified":"2026-04-22T19:31:18","modified_gmt":"2026-04-22T22:31:18","slug":"nosso-mundo-e-real-ou-apenas-imaginacao","status":"publish","type":"post","link":"https:\/\/www.notibras.com\/site\/nosso-mundo-e-real-ou-apenas-imaginacao\/","title":{"rendered":"Nosso mundo \u00e9 real&#8230; ou apenas imagina\u00e7\u00e3o?"},"content":{"rendered":"<p>De certa forma, vivemos em um mundo de fantasias. E cada um tem o seu. Duas pessoas n\u00e3o convivem no mesmo espa\u00e7o-tempo, nem compartilham as mesmas experi\u00eancias. Vivem situa\u00e7\u00f5es similares. Por\u00e9m, de forma alguma compartilham as mesmas situa\u00e7\u00f5es&#8230;<\/p>\n<p>Parece um paradoxo tal afirma\u00e7\u00e3o, n\u00e3o \u00e9 mesmo? Afinal, se estou vendo a outra pessoa ao meu lado, como \u00e9 que n\u00e3o estamos na mesma sintonia? De certa forma tal resposta foi dada por um filme de fic\u00e7\u00e3o cient\u00edfica lan\u00e7ado a alguns anos atr\u00e1s, e que serviu de inspira\u00e7\u00e3o para os mais variados momentos. As famosas p\u00edlulas azul e vermelha continuam em voga at\u00e9 os dias de hoje&#8230;<\/p>\n<p>Claro que a compreens\u00e3o quanto aos eventos da hist\u00f3ria em quest\u00e3o depende do entendimento de cada um. E a\u00ed voltamos ao in\u00edcio de nossa conversa, onde afirmamos categoricamente que h\u00e1 v\u00e1rios Universos em paralelo, e cada ser est\u00e1 inserido em um deles, vivendo uma situa\u00e7\u00e3o nem sempre coincidente com a de seus pares&#8230;<\/p>\n<p>Como exemplo podemos usar a movimenta\u00e7\u00e3o que fazemos em nosso dia a dia. A din\u00e2mica social nos faz nos movimentar a todo instante, mudando de cen\u00e1rio e, logicamente, vivenciando situa\u00e7\u00f5es variadas. Mas o que isso significa, realmente? Bem&#8230;<\/p>\n<p>Quando estou interagindo com um determinado grupo estamos, ao menos naquele momento, todos vibrando na mesma sintonia. Compartilhamos o mesmo espa\u00e7o-tempo por alguns instantes. Por\u00e9m, ao mudarmos de cen\u00e1rio, deixamos de interagir com aquele grupo em especial e, sem mais nem menos, passamos a vibrar em uma nova sintonia&#8230;<\/p>\n<p>Simplesmente deixamos de participar de eventos com aquele grupo&#8230; \u00e9 como se, em determinado momento, fossemos apagados daquele espa\u00e7o. E realmente o somos. Pois passamos a n\u00e3o existir fisicamente, permanecendo apenas uma lembran\u00e7a de quem somos&#8230; ou fomos&#8230;<\/p>\n<p>Ao mesmo tempo, nossa imagem \u00e9 projetada para uma nova realidade, onde vivenciamos situa\u00e7\u00f5es totalmente diversas daquelas que at\u00e9 a pouco tempo particip\u00e1vamos ativamente. O marcador de nossa presen\u00e7a simplesmente se desloca para um novo Universo&#8230;<\/p>\n<p>Cada novo evento do qual participamos nos traz experi\u00eancias novas, que nos permite evoluir ao n\u00edvel pessoal. Por\u00e9m continuamos presos em nosso pr\u00f3prio espa\u00e7o-tempo, interagindo ocasionalmente com outros indiv\u00edduos que venham a participar de algum momento espec\u00edfico de nossa caminhada&#8230;<\/p>\n<p>Essa din\u00e2mica nos faz ter tr\u00eas tipos de rea\u00e7\u00e3o&#8230; a primeira \u00e9 a sensa\u00e7\u00e3o de pertencimento a um determinado grupo, pois nos sentimos em perfeita sincronia com o mesmo&#8230; aparentemente, nossas ideias se encaixam com os par\u00e2metros deste&#8230;<\/p>\n<p>A segunda \u00e9 a rejei\u00e7\u00e3o, visto que por um motivo ou por outro n\u00e3o nos sentimos bem junto aqueles que gravitam nesse grupo em especial. \u00c9 uma sensa\u00e7\u00e3o de n\u00e3o pertencimento, uma vez que nossas diretrizes pessoais n\u00e3o encontram eco naquele grupo em especial&#8230;<\/p>\n<p>A terceira \u00e9 simplesmente ignorar por completo tal situa\u00e7\u00e3o. Se n\u00e3o nos identificamos completamente com a linha de a\u00e7\u00e3o de determinado grupo, tamb\u00e9m n\u00e3o nos sentimos em um ambiente hostil, ao menos em um primeiro momento. E por esse motivo, acabamos por n\u00e3o seguir uma linha de a\u00e7\u00e3o padr\u00e3o&#8230; tanto podemos permanecer neste grupo como podemos simplesmente nos retirar. Isso ir\u00e1 depender das avalia\u00e7\u00f5es que faremos durante os primeiros contatos com o grupo&#8230;<\/p>\n<p>Sim, parece estranho. Por exemplo&#8230; como explicar a atra\u00e7\u00e3o de duas pessoas, que passam a coabitar sob o mesmo teto? Elas est\u00e3o na mesma sintonia durante todo o tempo&#8230; e seus descendentes tamb\u00e9m participam deste plano em quest\u00e3o, n\u00e3o \u00e9 mesmo? N\u00e3o exatamente&#8230;<\/p>\n<p>O seio familiar \u00e9 o exemplo mais gritante das cordas temporais. E por que? Simples&#8230; embora aparentemente todos estejam em uma mesma vibra\u00e7\u00e3o, cada um segue um caminho diferente de seus pares. E os momentos de intera\u00e7\u00e3o, que no in\u00edcio eram constantes, v\u00e3o aos poucos se espa\u00e7ando, at\u00e9 que em determinado momento passam a ser completamente aleat\u00f3rios&#8230;<\/p>\n<p>O \u00fanico momento em que dois seres compartilham o mesmo espa\u00e7o&#8230; n\u00e3o o tempo, apenas o espa\u00e7o&#8230; \u00e9 durante a gesta\u00e7\u00e3o da nova vida que foi gerada pela uni\u00e3o de determinado casal. E apenas a m\u00e3e estar\u00e1 compartilhando esse tempo com seu futuro filho&#8230; o pai ser\u00e1 mero espectador&#8230;<\/p>\n<p>Ap\u00f3s o nascimento, haver\u00e1 momentos de intera\u00e7\u00e3o familiar. Mas mesmo nessa fase, os sujeitos em quest\u00e3o passar\u00e3o a viver suas vidas de forma independente&#8230; inclusive o beb\u00ea, que em determinados momentos estar\u00e1 fora do espa\u00e7o-tempo de seus genitores&#8230;<\/p>\n<p>E assim, seguindo as informa\u00e7\u00f5es b\u00e1sicas que foram inseridas em nossa programa\u00e7\u00e3o original, desde nosso primeiro vagido constru\u00edmos nosso pr\u00f3prio Universo de Sonhos&#8230; onde temos nossa vis\u00e3o particular da vida e onde passamos a nos preparar para a vida naquilo que costumamos denominar como &#8220;Mundo Real&#8221;&#8230; mas ser\u00e1 que n\u00e3o \u00e9 nesses momentos que estamos vivendo em um &#8220;Universo Fict\u00edcio&#8221;, deixando nossa realidade escondida nos rec\u00f4nditos de nossa alma?&#8230;<\/p>\n","protected":false},"excerpt":{"rendered":"<p>De certa forma, vivemos em um mundo de fantasias. E cada um tem o seu. Duas pessoas n\u00e3o convivem no mesmo espa\u00e7o-tempo, nem compartilham as mesmas experi\u00eancias. Vivem situa\u00e7\u00f5es similares. Por\u00e9m, de forma alguma compartilham as mesmas situa\u00e7\u00f5es&#8230; Parece um paradoxo tal afirma\u00e7\u00e3o, n\u00e3o \u00e9 mesmo? Afinal, se estou vendo a outra pessoa ao meu [&hellip;]<\/p>\n","protected":false},"author":21,"featured_media":392236,"comment_status":"closed","ping_status":"closed","sticky":false,"template":"","format":"standard","meta":{"_acf_changed":false,"footnotes":""},"categories":[236],"tags":[],"class_list":["post-392235","post","type-post","status-publish","format-standard","has-post-thumbnail","hentry","category-ponto-de-vista"],"acf":[],"yoast_head":"<!-- This site is optimized with the Yoast SEO plugin v27.2 - https:\/\/yoast.com\/product\/yoast-seo-wordpress\/ -->\n<title>Nosso mundo \u00e9 real... ou apenas imagina\u00e7\u00e3o? - Notibras<\/title>\n<meta name=\"robots\" content=\"index, follow, max-snippet:-1, max-image-preview:large, max-video-preview:-1\" \/>\n<link rel=\"canonical\" href=\"https:\/\/www.notibras.com\/site\/nosso-mundo-e-real-ou-apenas-imaginacao\/\" \/>\n<meta property=\"og:locale\" content=\"pt_BR\" \/>\n<meta property=\"og:type\" content=\"article\" \/>\n<meta property=\"og:title\" content=\"Nosso mundo \u00e9 real... ou apenas imagina\u00e7\u00e3o? - Notibras\" \/>\n<meta property=\"og:description\" content=\"De certa forma, vivemos em um mundo de fantasias. E cada um tem o seu. Duas pessoas n\u00e3o convivem no mesmo espa\u00e7o-tempo, nem compartilham as mesmas experi\u00eancias. Vivem situa\u00e7\u00f5es similares. Por\u00e9m, de forma alguma compartilham as mesmas situa\u00e7\u00f5es&#8230; Parece um paradoxo tal afirma\u00e7\u00e3o, n\u00e3o \u00e9 mesmo? Afinal, se estou vendo a outra pessoa ao meu [&hellip;]\" \/>\n<meta property=\"og:url\" content=\"https:\/\/www.notibras.com\/site\/nosso-mundo-e-real-ou-apenas-imaginacao\/\" \/>\n<meta property=\"og:site_name\" content=\"Notibras\" \/>\n<meta property=\"article:publisher\" content=\"https:\/\/www.facebook.com\/notibras\/\" \/>\n<meta property=\"article:published_time\" content=\"2026-04-27T05:00:07+00:00\" \/>\n<meta property=\"og:image\" content=\"https:\/\/www.notibras.com\/site\/wp-content\/uploads\/2026\/04\/WhatsApp-Image-2026-04-22-at-19.29.54.jpeg\" \/>\n\t<meta property=\"og:image:width\" content=\"1181\" \/>\n\t<meta property=\"og:image:height\" content=\"768\" \/>\n\t<meta property=\"og:image:type\" content=\"image\/jpeg\" \/>\n<meta name=\"author\" content=\"Eduardo Mart\u00ednez\" \/>\n<meta name=\"twitter:card\" content=\"summary_large_image\" \/>\n<meta name=\"twitter:creator\" content=\"@Notibras\" \/>\n<meta name=\"twitter:site\" content=\"@Notibras\" \/>\n<meta name=\"twitter:label1\" content=\"Escrito por\" \/>\n\t<meta name=\"twitter:data1\" content=\"Eduardo Mart\u00ednez\" \/>\n\t<meta name=\"twitter:label2\" content=\"Est. tempo de leitura\" \/>\n\t<meta name=\"twitter:data2\" content=\"5 minutos\" \/>\n<script type=\"application\/ld+json\" class=\"yoast-schema-graph\">{\"@context\":\"https:\/\/schema.org\",\"@graph\":[{\"@type\":\"Article\",\"@id\":\"https:\/\/www.notibras.com\/site\/nosso-mundo-e-real-ou-apenas-imaginacao\/#article\",\"isPartOf\":{\"@id\":\"https:\/\/www.notibras.com\/site\/nosso-mundo-e-real-ou-apenas-imaginacao\/\"},\"author\":{\"name\":\"Eduardo Mart\u00ednez\",\"@id\":\"https:\/\/www.notibras.com\/site\/#\/schema\/person\/5b7fabf2aedc3ada2105f03b22b4d3dd\"},\"headline\":\"Nosso mundo \u00e9 real&#8230; ou apenas imagina\u00e7\u00e3o?\",\"datePublished\":\"2026-04-27T05:00:07+00:00\",\"mainEntityOfPage\":{\"@id\":\"https:\/\/www.notibras.com\/site\/nosso-mundo-e-real-ou-apenas-imaginacao\/\"},\"wordCount\":858,\"publisher\":{\"@id\":\"https:\/\/www.notibras.com\/site\/#organization\"},\"image\":{\"@id\":\"https:\/\/www.notibras.com\/site\/nosso-mundo-e-real-ou-apenas-imaginacao\/#primaryimage\"},\"thumbnailUrl\":\"https:\/\/www.notibras.com\/site\/wp-content\/uploads\/2026\/04\/WhatsApp-Image-2026-04-22-at-19.29.54.jpeg\",\"articleSection\":[\"Ponto de Vista\"],\"inLanguage\":\"pt-BR\"},{\"@type\":\"WebPage\",\"@id\":\"https:\/\/www.notibras.com\/site\/nosso-mundo-e-real-ou-apenas-imaginacao\/\",\"url\":\"https:\/\/www.notibras.com\/site\/nosso-mundo-e-real-ou-apenas-imaginacao\/\",\"name\":\"Nosso mundo \u00e9 real... ou apenas imagina\u00e7\u00e3o? - Notibras\",\"isPartOf\":{\"@id\":\"https:\/\/www.notibras.com\/site\/#website\"},\"primaryImageOfPage\":{\"@id\":\"https:\/\/www.notibras.com\/site\/nosso-mundo-e-real-ou-apenas-imaginacao\/#primaryimage\"},\"image\":{\"@id\":\"https:\/\/www.notibras.com\/site\/nosso-mundo-e-real-ou-apenas-imaginacao\/#primaryimage\"},\"thumbnailUrl\":\"https:\/\/www.notibras.com\/site\/wp-content\/uploads\/2026\/04\/WhatsApp-Image-2026-04-22-at-19.29.54.jpeg\",\"datePublished\":\"2026-04-27T05:00:07+00:00\",\"breadcrumb\":{\"@id\":\"https:\/\/www.notibras.com\/site\/nosso-mundo-e-real-ou-apenas-imaginacao\/#breadcrumb\"},\"inLanguage\":\"pt-BR\",\"potentialAction\":[{\"@type\":\"ReadAction\",\"target\":[\"https:\/\/www.notibras.com\/site\/nosso-mundo-e-real-ou-apenas-imaginacao\/\"]}]},{\"@type\":\"ImageObject\",\"inLanguage\":\"pt-BR\",\"@id\":\"https:\/\/www.notibras.com\/site\/nosso-mundo-e-real-ou-apenas-imaginacao\/#primaryimage\",\"url\":\"https:\/\/www.notibras.com\/site\/wp-content\/uploads\/2026\/04\/WhatsApp-Image-2026-04-22-at-19.29.54.jpeg\",\"contentUrl\":\"https:\/\/www.notibras.com\/site\/wp-content\/uploads\/2026\/04\/WhatsApp-Image-2026-04-22-at-19.29.54.jpeg\",\"width\":1181,\"height\":768},{\"@type\":\"BreadcrumbList\",\"@id\":\"https:\/\/www.notibras.com\/site\/nosso-mundo-e-real-ou-apenas-imaginacao\/#breadcrumb\",\"itemListElement\":[{\"@type\":\"ListItem\",\"position\":1,\"name\":\"In\u00edcio\",\"item\":\"https:\/\/www.notibras.com\/site\/\"},{\"@type\":\"ListItem\",\"position\":2,\"name\":\"Nosso mundo \u00e9 real&#8230; ou apenas imagina\u00e7\u00e3o?\"}]},{\"@type\":\"WebSite\",\"@id\":\"https:\/\/www.notibras.com\/site\/#website\",\"url\":\"https:\/\/www.notibras.com\/site\/\",\"name\":\"Notibras\",\"description\":\"Not\u00edcias de Bras\u00edlia, do Brasil e do Mundo\",\"publisher\":{\"@id\":\"https:\/\/www.notibras.com\/site\/#organization\"},\"potentialAction\":[{\"@type\":\"SearchAction\",\"target\":{\"@type\":\"EntryPoint\",\"urlTemplate\":\"https:\/\/www.notibras.com\/site\/?s={search_term_string}\"},\"query-input\":{\"@type\":\"PropertyValueSpecification\",\"valueRequired\":true,\"valueName\":\"search_term_string\"}}],\"inLanguage\":\"pt-BR\"},{\"@type\":\"Organization\",\"@id\":\"https:\/\/www.notibras.com\/site\/#organization\",\"name\":\"Grupo Notibras de Comunica\u00e7\u00e3o\",\"url\":\"https:\/\/www.notibras.com\/site\/\",\"logo\":{\"@type\":\"ImageObject\",\"inLanguage\":\"pt-BR\",\"@id\":\"https:\/\/www.notibras.com\/site\/#\/schema\/logo\/image\/\",\"url\":\"https:\/\/www.notibras.com\/site\/wp-content\/uploads\/2023\/01\/notibras23.png\",\"contentUrl\":\"https:\/\/www.notibras.com\/site\/wp-content\/uploads\/2023\/01\/notibras23.png\",\"width\":350,\"height\":87,\"caption\":\"Grupo Notibras de Comunica\u00e7\u00e3o\"},\"image\":{\"@id\":\"https:\/\/www.notibras.com\/site\/#\/schema\/logo\/image\/\"},\"sameAs\":[\"https:\/\/www.facebook.com\/notibras\/\",\"https:\/\/x.com\/Notibras\",\"https:\/\/www.instagram.com\/notibras\/\"]},{\"@type\":\"Person\",\"@id\":\"https:\/\/www.notibras.com\/site\/#\/schema\/person\/5b7fabf2aedc3ada2105f03b22b4d3dd\",\"name\":\"Eduardo Mart\u00ednez\",\"image\":{\"@type\":\"ImageObject\",\"inLanguage\":\"pt-BR\",\"@id\":\"https:\/\/secure.gravatar.com\/avatar\/7902f906289926289cbcda644b5197c796b893c6ffd7b9a536a42d290f7704a0?s=96&d=mm&r=g\",\"url\":\"https:\/\/secure.gravatar.com\/avatar\/7902f906289926289cbcda644b5197c796b893c6ffd7b9a536a42d290f7704a0?s=96&d=mm&r=g\",\"contentUrl\":\"https:\/\/secure.gravatar.com\/avatar\/7902f906289926289cbcda644b5197c796b893c6ffd7b9a536a42d290f7704a0?s=96&d=mm&r=g\",\"caption\":\"Eduardo Mart\u00ednez\"}}]}<\/script>\n<!-- \/ Yoast SEO plugin. -->","yoast_head_json":{"title":"Nosso mundo \u00e9 real... ou apenas imagina\u00e7\u00e3o? - Notibras","robots":{"index":"index","follow":"follow","max-snippet":"max-snippet:-1","max-image-preview":"max-image-preview:large","max-video-preview":"max-video-preview:-1"},"canonical":"https:\/\/www.notibras.com\/site\/nosso-mundo-e-real-ou-apenas-imaginacao\/","og_locale":"pt_BR","og_type":"article","og_title":"Nosso mundo \u00e9 real... ou apenas imagina\u00e7\u00e3o? - Notibras","og_description":"De certa forma, vivemos em um mundo de fantasias. E cada um tem o seu. Duas pessoas n\u00e3o convivem no mesmo espa\u00e7o-tempo, nem compartilham as mesmas experi\u00eancias. Vivem situa\u00e7\u00f5es similares. Por\u00e9m, de forma alguma compartilham as mesmas situa\u00e7\u00f5es&#8230; Parece um paradoxo tal afirma\u00e7\u00e3o, n\u00e3o \u00e9 mesmo? Afinal, se estou vendo a outra pessoa ao meu [&hellip;]","og_url":"https:\/\/www.notibras.com\/site\/nosso-mundo-e-real-ou-apenas-imaginacao\/","og_site_name":"Notibras","article_publisher":"https:\/\/www.facebook.com\/notibras\/","article_published_time":"2026-04-27T05:00:07+00:00","og_image":[{"width":1181,"height":768,"url":"https:\/\/www.notibras.com\/site\/wp-content\/uploads\/2026\/04\/WhatsApp-Image-2026-04-22-at-19.29.54.jpeg","type":"image\/jpeg"}],"author":"Eduardo Mart\u00ednez","twitter_card":"summary_large_image","twitter_creator":"@Notibras","twitter_site":"@Notibras","twitter_misc":{"Escrito por":"Eduardo Mart\u00ednez","Est. tempo de leitura":"5 minutos"},"schema":{"@context":"https:\/\/schema.org","@graph":[{"@type":"Article","@id":"https:\/\/www.notibras.com\/site\/nosso-mundo-e-real-ou-apenas-imaginacao\/#article","isPartOf":{"@id":"https:\/\/www.notibras.com\/site\/nosso-mundo-e-real-ou-apenas-imaginacao\/"},"author":{"name":"Eduardo Mart\u00ednez","@id":"https:\/\/www.notibras.com\/site\/#\/schema\/person\/5b7fabf2aedc3ada2105f03b22b4d3dd"},"headline":"Nosso mundo \u00e9 real&#8230; ou apenas imagina\u00e7\u00e3o?","datePublished":"2026-04-27T05:00:07+00:00","mainEntityOfPage":{"@id":"https:\/\/www.notibras.com\/site\/nosso-mundo-e-real-ou-apenas-imaginacao\/"},"wordCount":858,"publisher":{"@id":"https:\/\/www.notibras.com\/site\/#organization"},"image":{"@id":"https:\/\/www.notibras.com\/site\/nosso-mundo-e-real-ou-apenas-imaginacao\/#primaryimage"},"thumbnailUrl":"https:\/\/www.notibras.com\/site\/wp-content\/uploads\/2026\/04\/WhatsApp-Image-2026-04-22-at-19.29.54.jpeg","articleSection":["Ponto de Vista"],"inLanguage":"pt-BR"},{"@type":"WebPage","@id":"https:\/\/www.notibras.com\/site\/nosso-mundo-e-real-ou-apenas-imaginacao\/","url":"https:\/\/www.notibras.com\/site\/nosso-mundo-e-real-ou-apenas-imaginacao\/","name":"Nosso mundo \u00e9 real... ou apenas imagina\u00e7\u00e3o? - Notibras","isPartOf":{"@id":"https:\/\/www.notibras.com\/site\/#website"},"primaryImageOfPage":{"@id":"https:\/\/www.notibras.com\/site\/nosso-mundo-e-real-ou-apenas-imaginacao\/#primaryimage"},"image":{"@id":"https:\/\/www.notibras.com\/site\/nosso-mundo-e-real-ou-apenas-imaginacao\/#primaryimage"},"thumbnailUrl":"https:\/\/www.notibras.com\/site\/wp-content\/uploads\/2026\/04\/WhatsApp-Image-2026-04-22-at-19.29.54.jpeg","datePublished":"2026-04-27T05:00:07+00:00","breadcrumb":{"@id":"https:\/\/www.notibras.com\/site\/nosso-mundo-e-real-ou-apenas-imaginacao\/#breadcrumb"},"inLanguage":"pt-BR","potentialAction":[{"@type":"ReadAction","target":["https:\/\/www.notibras.com\/site\/nosso-mundo-e-real-ou-apenas-imaginacao\/"]}]},{"@type":"ImageObject","inLanguage":"pt-BR","@id":"https:\/\/www.notibras.com\/site\/nosso-mundo-e-real-ou-apenas-imaginacao\/#primaryimage","url":"https:\/\/www.notibras.com\/site\/wp-content\/uploads\/2026\/04\/WhatsApp-Image-2026-04-22-at-19.29.54.jpeg","contentUrl":"https:\/\/www.notibras.com\/site\/wp-content\/uploads\/2026\/04\/WhatsApp-Image-2026-04-22-at-19.29.54.jpeg","width":1181,"height":768},{"@type":"BreadcrumbList","@id":"https:\/\/www.notibras.com\/site\/nosso-mundo-e-real-ou-apenas-imaginacao\/#breadcrumb","itemListElement":[{"@type":"ListItem","position":1,"name":"In\u00edcio","item":"https:\/\/www.notibras.com\/site\/"},{"@type":"ListItem","position":2,"name":"Nosso mundo \u00e9 real&#8230; ou apenas imagina\u00e7\u00e3o?"}]},{"@type":"WebSite","@id":"https:\/\/www.notibras.com\/site\/#website","url":"https:\/\/www.notibras.com\/site\/","name":"Notibras","description":"Not\u00edcias de Bras\u00edlia, do Brasil e do Mundo","publisher":{"@id":"https:\/\/www.notibras.com\/site\/#organization"},"potentialAction":[{"@type":"SearchAction","target":{"@type":"EntryPoint","urlTemplate":"https:\/\/www.notibras.com\/site\/?s={search_term_string}"},"query-input":{"@type":"PropertyValueSpecification","valueRequired":true,"valueName":"search_term_string"}}],"inLanguage":"pt-BR"},{"@type":"Organization","@id":"https:\/\/www.notibras.com\/site\/#organization","name":"Grupo Notibras de Comunica\u00e7\u00e3o","url":"https:\/\/www.notibras.com\/site\/","logo":{"@type":"ImageObject","inLanguage":"pt-BR","@id":"https:\/\/www.notibras.com\/site\/#\/schema\/logo\/image\/","url":"https:\/\/www.notibras.com\/site\/wp-content\/uploads\/2023\/01\/notibras23.png","contentUrl":"https:\/\/www.notibras.com\/site\/wp-content\/uploads\/2023\/01\/notibras23.png","width":350,"height":87,"caption":"Grupo Notibras de Comunica\u00e7\u00e3o"},"image":{"@id":"https:\/\/www.notibras.com\/site\/#\/schema\/logo\/image\/"},"sameAs":["https:\/\/www.facebook.com\/notibras\/","https:\/\/x.com\/Notibras","https:\/\/www.instagram.com\/notibras\/"]},{"@type":"Person","@id":"https:\/\/www.notibras.com\/site\/#\/schema\/person\/5b7fabf2aedc3ada2105f03b22b4d3dd","name":"Eduardo Mart\u00ednez","image":{"@type":"ImageObject","inLanguage":"pt-BR","@id":"https:\/\/secure.gravatar.com\/avatar\/7902f906289926289cbcda644b5197c796b893c6ffd7b9a536a42d290f7704a0?s=96&d=mm&r=g","url":"https:\/\/secure.gravatar.com\/avatar\/7902f906289926289cbcda644b5197c796b893c6ffd7b9a536a42d290f7704a0?s=96&d=mm&r=g","contentUrl":"https:\/\/secure.gravatar.com\/avatar\/7902f906289926289cbcda644b5197c796b893c6ffd7b9a536a42d290f7704a0?s=96&d=mm&r=g","caption":"Eduardo Mart\u00ednez"}}]}},"amp_enabled":true,"_links":{"self":[{"href":"https:\/\/www.notibras.com\/site\/wp-json\/wp\/v2\/posts\/392235","targetHints":{"allow":["GET"]}}],"collection":[{"href":"https:\/\/www.notibras.com\/site\/wp-json\/wp\/v2\/posts"}],"about":[{"href":"https:\/\/www.notibras.com\/site\/wp-json\/wp\/v2\/types\/post"}],"author":[{"embeddable":true,"href":"https:\/\/www.notibras.com\/site\/wp-json\/wp\/v2\/users\/21"}],"replies":[{"embeddable":true,"href":"https:\/\/www.notibras.com\/site\/wp-json\/wp\/v2\/comments?post=392235"}],"version-history":[{"count":2,"href":"https:\/\/www.notibras.com\/site\/wp-json\/wp\/v2\/posts\/392235\/revisions"}],"predecessor-version":[{"id":392238,"href":"https:\/\/www.notibras.com\/site\/wp-json\/wp\/v2\/posts\/392235\/revisions\/392238"}],"wp:featuredmedia":[{"embeddable":true,"href":"https:\/\/www.notibras.com\/site\/wp-json\/wp\/v2\/media\/392236"}],"wp:attachment":[{"href":"https:\/\/www.notibras.com\/site\/wp-json\/wp\/v2\/media?parent=392235"}],"wp:term":[{"taxonomy":"category","embeddable":true,"href":"https:\/\/www.notibras.com\/site\/wp-json\/wp\/v2\/categories?post=392235"},{"taxonomy":"post_tag","embeddable":true,"href":"https:\/\/www.notibras.com\/site\/wp-json\/wp\/v2\/tags?post=392235"}],"curies":[{"name":"wp","href":"https:\/\/api.w.org\/{rel}","templated":true}]}}