{"id":392239,"date":"2026-04-28T02:15:03","date_gmt":"2026-04-28T05:15:03","guid":{"rendered":"https:\/\/www.notibras.com\/site\/?p=392239"},"modified":"2026-04-22T19:39:32","modified_gmt":"2026-04-22T22:39:32","slug":"somos-fluidos-e-sofremos-por-isso","status":"publish","type":"post","link":"https:\/\/www.notibras.com\/site\/somos-fluidos-e-sofremos-por-isso\/","title":{"rendered":"Somos fluidos&#8230; e sofremos por isso&#8230;"},"content":{"rendered":"<p>Acho que j\u00e1 disse v\u00e1rias vezes que somos seres complexos. Mas resolvi iniciar essa nossa conversa com a mesma frase. E por qu\u00ea? Simples&#8230; por mais que tentemos ser coerentes, n\u00e3o s\u00f3 com as pessoas ao nosso redor como conosco mesmo, haver\u00e1 sempre algo que permanecer\u00e1 oculto em nossa alma, por vezes inacess\u00edvel a n\u00f3s mesmas&#8230;<\/p>\n<p>A chave para compreendermos nosso lado oculto est\u00e1 dentro de n\u00f3s. N\u00e3o h\u00e1 como outra pessoa nos guiar para o completo conhecimento de nossa psique. Ela pode nos orientar sobre seu pr\u00f3prio percurso. Mas n\u00e3o h\u00e1 como nos dar certeza de que seguindo sua trajet\u00f3ria alcan\u00e7aremos o resultado esperado. Porque h\u00e1 muitas variantes no caminho e, infelizmente, cada um deve tra\u00e7ar seu pr\u00f3prio destino&#8230;<\/p>\n<p>Temos m\u00faltiplas personalidades. E muitas vezes todas se manifestam quase que ao mesmo tempo. Incoerente? Nem tanto&#8230; afinal, a din\u00e2mica da vida nos obriga a ser vers\u00e1teis e, como o camale\u00e3o, nos ajustar a cada situa\u00e7\u00e3o que se nos apresente&#8230;<\/p>\n<p>Nosso problema se inicia quando uma personalidade que estava dormente resolve se manifestar&#8230; e essa n\u00e3o \u00e9 a personalidade que as pessoas \u00e0 nossa volta conseguiriam compreender, por motivos v\u00e1rios. E embora ela queira de toda forma tornar-se vis\u00edvel para o mundo, acabamos por mant\u00ea-la longe da luz, para nossa pr\u00f3pria prote\u00e7\u00e3o&#8230;<\/p>\n<p>E porque simplesmente n\u00e3o damos liberdade a essa persona que tentamos, de todas as formas, sufocar? \u00c9 que muitas vezes ela n\u00e3o corresponde \u00e0 vis\u00e3o que a Sociedade espera de n\u00f3s. E at\u00e9 que possamos traz\u00ea-la \u00e0 Luz, faz-se necess\u00e1rio um longo processo para preparar sua poss\u00edvel apresenta\u00e7\u00e3o ao mundo&#8230;<\/p>\n<p>Eu disse &#8220;poss\u00edvel&#8221; porque, por mais que desejemos trazer \u00e0 Luz essa nossa faceta escondida, h\u00e1 variantes em demasia que podem abortar esse nascimento que tanto desejamos. Porque h\u00e1 pessoas que fazem parte de nossa vida que podem n\u00e3o se sentir confort\u00e1veis com essa nossa faceta. E pode inclusive haver um rompimento de rela\u00e7\u00f5es, causando uma ruptura imposs\u00edvel de se recuperar&#8230;<\/p>\n<p>Deveria ser algo simples viver em toda nossa plenitude, sendo quem somos de fato. Mas a Sociedade n\u00e3o funciona assim, ela distribui os pap\u00e9is aleatoriamente. Mesmo que, aos nossos olhos, haja uma l\u00f3gica em suas determina\u00e7\u00f5es. Temos um papel a cumprir e&#8230; olha s\u00f3 a incoer\u00eancia disso tudo&#8230; somos os primeiros ju\u00edzes a julgar nossas a\u00e7\u00f5es. E costumamos ser mais implac\u00e1veis que nossos pares ao darmos o veredito. Pois levamos em conta variantes que, para nossa surpresa, o restante do grupo nem mesmo leva em conta. Nosso medo de ser julgadas \u00e9 tanto que nos condenamos por antecipa\u00e7\u00e3o&#8230;<\/p>\n<p>O medo de sermos apontadas pelos nossos pares simplesmente nos impede de viver a nossa verdade. Porque quando voc\u00ea decide ser quem realmente \u00e9, haver\u00e1 um pre\u00e7o a pagar. E nem sempre podemos arcar com esse custo&#8230;<\/p>\n<p>Somos seres flu\u00eddos. E o simples fato de n\u00e3o entender essa din\u00e2mica da vida faz com que tenhamos medo de sofrer rejei\u00e7\u00f5es que, se tiv\u00e9ssemos coragem de atravessar o sinal amarelo, descobrir\u00edamos que na verdade tal n\u00e3o ocorreria e, talvez, nos recebessem de bra\u00e7os abertos, nos acolhendo e ofertando o amor que desejamos t\u00e3o desesperadamente&#8230;<\/p>\n<p>Mas assim \u00e9 a vida, n\u00e3o \u00e9 mesmo?&#8230; afinal, a rejei\u00e7\u00e3o sobre nossa verdadeira persona nasce primeiramente em nosso pr\u00f3prio seio. Quando nos amamos o suficiente, quando nos entregamos de verdade ao mundo&#8230; ele ver\u00e1 em nosso semblante quem somos realmente&#8230; e na maioria das vezes nos acolher\u00e1, nos dando o carinho t\u00e3o desejado por n\u00f3s&#8230; mas cabe a n\u00f3s, e apenas a n\u00f3s, dar o primeiro passo. Se tudo correr\u00e1 bem, como desejamos? Nada nessa vida \u00e9 l\u00edquido e certo, exceto a morte. Mas s\u00f3 saberemos se o sucesso ocorrer\u00e1 ou n\u00e3o se tentarmos&#8230; n\u00e3o h\u00e1 outro caminho. Pense nisso&#8230;<\/p>\n","protected":false},"excerpt":{"rendered":"<p>Acho que j\u00e1 disse v\u00e1rias vezes que somos seres complexos. Mas resolvi iniciar essa nossa conversa com a mesma frase. E por qu\u00ea? Simples&#8230; por mais que tentemos ser coerentes, n\u00e3o s\u00f3 com as pessoas ao nosso redor como conosco mesmo, haver\u00e1 sempre algo que permanecer\u00e1 oculto em nossa alma, por vezes inacess\u00edvel a n\u00f3s [&hellip;]<\/p>\n","protected":false},"author":21,"featured_media":392240,"comment_status":"closed","ping_status":"closed","sticky":false,"template":"","format":"standard","meta":{"_acf_changed":false,"footnotes":""},"categories":[236],"tags":[],"class_list":["post-392239","post","type-post","status-publish","format-standard","has-post-thumbnail","hentry","category-ponto-de-vista"],"acf":[],"yoast_head":"<!-- This site is optimized with the Yoast SEO plugin v27.2 - https:\/\/yoast.com\/product\/yoast-seo-wordpress\/ -->\n<title>Somos fluidos... e sofremos por isso... - Notibras<\/title>\n<meta name=\"robots\" content=\"index, follow, max-snippet:-1, max-image-preview:large, max-video-preview:-1\" \/>\n<link rel=\"canonical\" href=\"https:\/\/www.notibras.com\/site\/somos-fluidos-e-sofremos-por-isso\/\" \/>\n<meta property=\"og:locale\" content=\"pt_BR\" \/>\n<meta property=\"og:type\" content=\"article\" \/>\n<meta property=\"og:title\" content=\"Somos fluidos... e sofremos por isso... - Notibras\" \/>\n<meta property=\"og:description\" content=\"Acho que j\u00e1 disse v\u00e1rias vezes que somos seres complexos. Mas resolvi iniciar essa nossa conversa com a mesma frase. E por qu\u00ea? Simples&#8230; por mais que tentemos ser coerentes, n\u00e3o s\u00f3 com as pessoas ao nosso redor como conosco mesmo, haver\u00e1 sempre algo que permanecer\u00e1 oculto em nossa alma, por vezes inacess\u00edvel a n\u00f3s [&hellip;]\" \/>\n<meta property=\"og:url\" content=\"https:\/\/www.notibras.com\/site\/somos-fluidos-e-sofremos-por-isso\/\" \/>\n<meta property=\"og:site_name\" content=\"Notibras\" \/>\n<meta property=\"article:publisher\" content=\"https:\/\/www.facebook.com\/notibras\/\" \/>\n<meta property=\"article:published_time\" content=\"2026-04-28T05:15:03+00:00\" \/>\n<meta property=\"og:image\" content=\"https:\/\/www.notibras.com\/site\/wp-content\/uploads\/2026\/04\/WhatsApp-Image-2026-04-22-at-19.37.18.jpeg\" \/>\n\t<meta property=\"og:image:width\" content=\"815\" \/>\n\t<meta property=\"og:image:height\" content=\"907\" \/>\n\t<meta property=\"og:image:type\" content=\"image\/jpeg\" \/>\n<meta name=\"author\" content=\"Eduardo Mart\u00ednez\" \/>\n<meta name=\"twitter:card\" content=\"summary_large_image\" \/>\n<meta name=\"twitter:creator\" content=\"@Notibras\" \/>\n<meta name=\"twitter:site\" content=\"@Notibras\" \/>\n<meta name=\"twitter:label1\" content=\"Escrito por\" \/>\n\t<meta name=\"twitter:data1\" content=\"Eduardo Mart\u00ednez\" \/>\n\t<meta name=\"twitter:label2\" content=\"Est. tempo de leitura\" \/>\n\t<meta name=\"twitter:data2\" content=\"4 minutos\" \/>\n<script type=\"application\/ld+json\" class=\"yoast-schema-graph\">{\"@context\":\"https:\/\/schema.org\",\"@graph\":[{\"@type\":\"Article\",\"@id\":\"https:\/\/www.notibras.com\/site\/somos-fluidos-e-sofremos-por-isso\/#article\",\"isPartOf\":{\"@id\":\"https:\/\/www.notibras.com\/site\/somos-fluidos-e-sofremos-por-isso\/\"},\"author\":{\"name\":\"Eduardo Mart\u00ednez\",\"@id\":\"https:\/\/www.notibras.com\/site\/#\/schema\/person\/5b7fabf2aedc3ada2105f03b22b4d3dd\"},\"headline\":\"Somos fluidos&#8230; e sofremos por isso&#8230;\",\"datePublished\":\"2026-04-28T05:15:03+00:00\",\"mainEntityOfPage\":{\"@id\":\"https:\/\/www.notibras.com\/site\/somos-fluidos-e-sofremos-por-isso\/\"},\"wordCount\":674,\"publisher\":{\"@id\":\"https:\/\/www.notibras.com\/site\/#organization\"},\"image\":{\"@id\":\"https:\/\/www.notibras.com\/site\/somos-fluidos-e-sofremos-por-isso\/#primaryimage\"},\"thumbnailUrl\":\"https:\/\/www.notibras.com\/site\/wp-content\/uploads\/2026\/04\/WhatsApp-Image-2026-04-22-at-19.37.18.jpeg\",\"articleSection\":[\"Ponto de Vista\"],\"inLanguage\":\"pt-BR\"},{\"@type\":\"WebPage\",\"@id\":\"https:\/\/www.notibras.com\/site\/somos-fluidos-e-sofremos-por-isso\/\",\"url\":\"https:\/\/www.notibras.com\/site\/somos-fluidos-e-sofremos-por-isso\/\",\"name\":\"Somos fluidos... e sofremos por isso... - Notibras\",\"isPartOf\":{\"@id\":\"https:\/\/www.notibras.com\/site\/#website\"},\"primaryImageOfPage\":{\"@id\":\"https:\/\/www.notibras.com\/site\/somos-fluidos-e-sofremos-por-isso\/#primaryimage\"},\"image\":{\"@id\":\"https:\/\/www.notibras.com\/site\/somos-fluidos-e-sofremos-por-isso\/#primaryimage\"},\"thumbnailUrl\":\"https:\/\/www.notibras.com\/site\/wp-content\/uploads\/2026\/04\/WhatsApp-Image-2026-04-22-at-19.37.18.jpeg\",\"datePublished\":\"2026-04-28T05:15:03+00:00\",\"breadcrumb\":{\"@id\":\"https:\/\/www.notibras.com\/site\/somos-fluidos-e-sofremos-por-isso\/#breadcrumb\"},\"inLanguage\":\"pt-BR\",\"potentialAction\":[{\"@type\":\"ReadAction\",\"target\":[\"https:\/\/www.notibras.com\/site\/somos-fluidos-e-sofremos-por-isso\/\"]}]},{\"@type\":\"ImageObject\",\"inLanguage\":\"pt-BR\",\"@id\":\"https:\/\/www.notibras.com\/site\/somos-fluidos-e-sofremos-por-isso\/#primaryimage\",\"url\":\"https:\/\/www.notibras.com\/site\/wp-content\/uploads\/2026\/04\/WhatsApp-Image-2026-04-22-at-19.37.18.jpeg\",\"contentUrl\":\"https:\/\/www.notibras.com\/site\/wp-content\/uploads\/2026\/04\/WhatsApp-Image-2026-04-22-at-19.37.18.jpeg\",\"width\":815,\"height\":907},{\"@type\":\"BreadcrumbList\",\"@id\":\"https:\/\/www.notibras.com\/site\/somos-fluidos-e-sofremos-por-isso\/#breadcrumb\",\"itemListElement\":[{\"@type\":\"ListItem\",\"position\":1,\"name\":\"In\u00edcio\",\"item\":\"https:\/\/www.notibras.com\/site\/\"},{\"@type\":\"ListItem\",\"position\":2,\"name\":\"Somos fluidos&#8230; e sofremos por isso&#8230;\"}]},{\"@type\":\"WebSite\",\"@id\":\"https:\/\/www.notibras.com\/site\/#website\",\"url\":\"https:\/\/www.notibras.com\/site\/\",\"name\":\"Notibras\",\"description\":\"Not\u00edcias de Bras\u00edlia, do Brasil e do Mundo\",\"publisher\":{\"@id\":\"https:\/\/www.notibras.com\/site\/#organization\"},\"potentialAction\":[{\"@type\":\"SearchAction\",\"target\":{\"@type\":\"EntryPoint\",\"urlTemplate\":\"https:\/\/www.notibras.com\/site\/?s={search_term_string}\"},\"query-input\":{\"@type\":\"PropertyValueSpecification\",\"valueRequired\":true,\"valueName\":\"search_term_string\"}}],\"inLanguage\":\"pt-BR\"},{\"@type\":\"Organization\",\"@id\":\"https:\/\/www.notibras.com\/site\/#organization\",\"name\":\"Grupo Notibras de Comunica\u00e7\u00e3o\",\"url\":\"https:\/\/www.notibras.com\/site\/\",\"logo\":{\"@type\":\"ImageObject\",\"inLanguage\":\"pt-BR\",\"@id\":\"https:\/\/www.notibras.com\/site\/#\/schema\/logo\/image\/\",\"url\":\"https:\/\/www.notibras.com\/site\/wp-content\/uploads\/2023\/01\/notibras23.png\",\"contentUrl\":\"https:\/\/www.notibras.com\/site\/wp-content\/uploads\/2023\/01\/notibras23.png\",\"width\":350,\"height\":87,\"caption\":\"Grupo Notibras de Comunica\u00e7\u00e3o\"},\"image\":{\"@id\":\"https:\/\/www.notibras.com\/site\/#\/schema\/logo\/image\/\"},\"sameAs\":[\"https:\/\/www.facebook.com\/notibras\/\",\"https:\/\/x.com\/Notibras\",\"https:\/\/www.instagram.com\/notibras\/\"]},{\"@type\":\"Person\",\"@id\":\"https:\/\/www.notibras.com\/site\/#\/schema\/person\/5b7fabf2aedc3ada2105f03b22b4d3dd\",\"name\":\"Eduardo Mart\u00ednez\",\"image\":{\"@type\":\"ImageObject\",\"inLanguage\":\"pt-BR\",\"@id\":\"https:\/\/secure.gravatar.com\/avatar\/7902f906289926289cbcda644b5197c796b893c6ffd7b9a536a42d290f7704a0?s=96&d=mm&r=g\",\"url\":\"https:\/\/secure.gravatar.com\/avatar\/7902f906289926289cbcda644b5197c796b893c6ffd7b9a536a42d290f7704a0?s=96&d=mm&r=g\",\"contentUrl\":\"https:\/\/secure.gravatar.com\/avatar\/7902f906289926289cbcda644b5197c796b893c6ffd7b9a536a42d290f7704a0?s=96&d=mm&r=g\",\"caption\":\"Eduardo Mart\u00ednez\"}}]}<\/script>\n<!-- \/ Yoast SEO plugin. -->","yoast_head_json":{"title":"Somos fluidos... e sofremos por isso... - Notibras","robots":{"index":"index","follow":"follow","max-snippet":"max-snippet:-1","max-image-preview":"max-image-preview:large","max-video-preview":"max-video-preview:-1"},"canonical":"https:\/\/www.notibras.com\/site\/somos-fluidos-e-sofremos-por-isso\/","og_locale":"pt_BR","og_type":"article","og_title":"Somos fluidos... e sofremos por isso... - Notibras","og_description":"Acho que j\u00e1 disse v\u00e1rias vezes que somos seres complexos. Mas resolvi iniciar essa nossa conversa com a mesma frase. E por qu\u00ea? Simples&#8230; por mais que tentemos ser coerentes, n\u00e3o s\u00f3 com as pessoas ao nosso redor como conosco mesmo, haver\u00e1 sempre algo que permanecer\u00e1 oculto em nossa alma, por vezes inacess\u00edvel a n\u00f3s [&hellip;]","og_url":"https:\/\/www.notibras.com\/site\/somos-fluidos-e-sofremos-por-isso\/","og_site_name":"Notibras","article_publisher":"https:\/\/www.facebook.com\/notibras\/","article_published_time":"2026-04-28T05:15:03+00:00","og_image":[{"width":815,"height":907,"url":"https:\/\/www.notibras.com\/site\/wp-content\/uploads\/2026\/04\/WhatsApp-Image-2026-04-22-at-19.37.18.jpeg","type":"image\/jpeg"}],"author":"Eduardo Mart\u00ednez","twitter_card":"summary_large_image","twitter_creator":"@Notibras","twitter_site":"@Notibras","twitter_misc":{"Escrito por":"Eduardo Mart\u00ednez","Est. tempo de leitura":"4 minutos"},"schema":{"@context":"https:\/\/schema.org","@graph":[{"@type":"Article","@id":"https:\/\/www.notibras.com\/site\/somos-fluidos-e-sofremos-por-isso\/#article","isPartOf":{"@id":"https:\/\/www.notibras.com\/site\/somos-fluidos-e-sofremos-por-isso\/"},"author":{"name":"Eduardo Mart\u00ednez","@id":"https:\/\/www.notibras.com\/site\/#\/schema\/person\/5b7fabf2aedc3ada2105f03b22b4d3dd"},"headline":"Somos fluidos&#8230; e sofremos por isso&#8230;","datePublished":"2026-04-28T05:15:03+00:00","mainEntityOfPage":{"@id":"https:\/\/www.notibras.com\/site\/somos-fluidos-e-sofremos-por-isso\/"},"wordCount":674,"publisher":{"@id":"https:\/\/www.notibras.com\/site\/#organization"},"image":{"@id":"https:\/\/www.notibras.com\/site\/somos-fluidos-e-sofremos-por-isso\/#primaryimage"},"thumbnailUrl":"https:\/\/www.notibras.com\/site\/wp-content\/uploads\/2026\/04\/WhatsApp-Image-2026-04-22-at-19.37.18.jpeg","articleSection":["Ponto de Vista"],"inLanguage":"pt-BR"},{"@type":"WebPage","@id":"https:\/\/www.notibras.com\/site\/somos-fluidos-e-sofremos-por-isso\/","url":"https:\/\/www.notibras.com\/site\/somos-fluidos-e-sofremos-por-isso\/","name":"Somos fluidos... e sofremos por isso... - Notibras","isPartOf":{"@id":"https:\/\/www.notibras.com\/site\/#website"},"primaryImageOfPage":{"@id":"https:\/\/www.notibras.com\/site\/somos-fluidos-e-sofremos-por-isso\/#primaryimage"},"image":{"@id":"https:\/\/www.notibras.com\/site\/somos-fluidos-e-sofremos-por-isso\/#primaryimage"},"thumbnailUrl":"https:\/\/www.notibras.com\/site\/wp-content\/uploads\/2026\/04\/WhatsApp-Image-2026-04-22-at-19.37.18.jpeg","datePublished":"2026-04-28T05:15:03+00:00","breadcrumb":{"@id":"https:\/\/www.notibras.com\/site\/somos-fluidos-e-sofremos-por-isso\/#breadcrumb"},"inLanguage":"pt-BR","potentialAction":[{"@type":"ReadAction","target":["https:\/\/www.notibras.com\/site\/somos-fluidos-e-sofremos-por-isso\/"]}]},{"@type":"ImageObject","inLanguage":"pt-BR","@id":"https:\/\/www.notibras.com\/site\/somos-fluidos-e-sofremos-por-isso\/#primaryimage","url":"https:\/\/www.notibras.com\/site\/wp-content\/uploads\/2026\/04\/WhatsApp-Image-2026-04-22-at-19.37.18.jpeg","contentUrl":"https:\/\/www.notibras.com\/site\/wp-content\/uploads\/2026\/04\/WhatsApp-Image-2026-04-22-at-19.37.18.jpeg","width":815,"height":907},{"@type":"BreadcrumbList","@id":"https:\/\/www.notibras.com\/site\/somos-fluidos-e-sofremos-por-isso\/#breadcrumb","itemListElement":[{"@type":"ListItem","position":1,"name":"In\u00edcio","item":"https:\/\/www.notibras.com\/site\/"},{"@type":"ListItem","position":2,"name":"Somos fluidos&#8230; e sofremos por isso&#8230;"}]},{"@type":"WebSite","@id":"https:\/\/www.notibras.com\/site\/#website","url":"https:\/\/www.notibras.com\/site\/","name":"Notibras","description":"Not\u00edcias de Bras\u00edlia, do Brasil e do Mundo","publisher":{"@id":"https:\/\/www.notibras.com\/site\/#organization"},"potentialAction":[{"@type":"SearchAction","target":{"@type":"EntryPoint","urlTemplate":"https:\/\/www.notibras.com\/site\/?s={search_term_string}"},"query-input":{"@type":"PropertyValueSpecification","valueRequired":true,"valueName":"search_term_string"}}],"inLanguage":"pt-BR"},{"@type":"Organization","@id":"https:\/\/www.notibras.com\/site\/#organization","name":"Grupo Notibras de Comunica\u00e7\u00e3o","url":"https:\/\/www.notibras.com\/site\/","logo":{"@type":"ImageObject","inLanguage":"pt-BR","@id":"https:\/\/www.notibras.com\/site\/#\/schema\/logo\/image\/","url":"https:\/\/www.notibras.com\/site\/wp-content\/uploads\/2023\/01\/notibras23.png","contentUrl":"https:\/\/www.notibras.com\/site\/wp-content\/uploads\/2023\/01\/notibras23.png","width":350,"height":87,"caption":"Grupo Notibras de Comunica\u00e7\u00e3o"},"image":{"@id":"https:\/\/www.notibras.com\/site\/#\/schema\/logo\/image\/"},"sameAs":["https:\/\/www.facebook.com\/notibras\/","https:\/\/x.com\/Notibras","https:\/\/www.instagram.com\/notibras\/"]},{"@type":"Person","@id":"https:\/\/www.notibras.com\/site\/#\/schema\/person\/5b7fabf2aedc3ada2105f03b22b4d3dd","name":"Eduardo Mart\u00ednez","image":{"@type":"ImageObject","inLanguage":"pt-BR","@id":"https:\/\/secure.gravatar.com\/avatar\/7902f906289926289cbcda644b5197c796b893c6ffd7b9a536a42d290f7704a0?s=96&d=mm&r=g","url":"https:\/\/secure.gravatar.com\/avatar\/7902f906289926289cbcda644b5197c796b893c6ffd7b9a536a42d290f7704a0?s=96&d=mm&r=g","contentUrl":"https:\/\/secure.gravatar.com\/avatar\/7902f906289926289cbcda644b5197c796b893c6ffd7b9a536a42d290f7704a0?s=96&d=mm&r=g","caption":"Eduardo Mart\u00ednez"}}]}},"amp_enabled":true,"_links":{"self":[{"href":"https:\/\/www.notibras.com\/site\/wp-json\/wp\/v2\/posts\/392239","targetHints":{"allow":["GET"]}}],"collection":[{"href":"https:\/\/www.notibras.com\/site\/wp-json\/wp\/v2\/posts"}],"about":[{"href":"https:\/\/www.notibras.com\/site\/wp-json\/wp\/v2\/types\/post"}],"author":[{"embeddable":true,"href":"https:\/\/www.notibras.com\/site\/wp-json\/wp\/v2\/users\/21"}],"replies":[{"embeddable":true,"href":"https:\/\/www.notibras.com\/site\/wp-json\/wp\/v2\/comments?post=392239"}],"version-history":[{"count":2,"href":"https:\/\/www.notibras.com\/site\/wp-json\/wp\/v2\/posts\/392239\/revisions"}],"predecessor-version":[{"id":392242,"href":"https:\/\/www.notibras.com\/site\/wp-json\/wp\/v2\/posts\/392239\/revisions\/392242"}],"wp:featuredmedia":[{"embeddable":true,"href":"https:\/\/www.notibras.com\/site\/wp-json\/wp\/v2\/media\/392240"}],"wp:attachment":[{"href":"https:\/\/www.notibras.com\/site\/wp-json\/wp\/v2\/media?parent=392239"}],"wp:term":[{"taxonomy":"category","embeddable":true,"href":"https:\/\/www.notibras.com\/site\/wp-json\/wp\/v2\/categories?post=392239"},{"taxonomy":"post_tag","embeddable":true,"href":"https:\/\/www.notibras.com\/site\/wp-json\/wp\/v2\/tags?post=392239"}],"curies":[{"name":"wp","href":"https:\/\/api.w.org\/{rel}","templated":true}]}}