{"id":392243,"date":"2026-04-29T02:00:19","date_gmt":"2026-04-29T05:00:19","guid":{"rendered":"https:\/\/www.notibras.com\/site\/?p=392243"},"modified":"2026-04-22T19:47:32","modified_gmt":"2026-04-22T22:47:32","slug":"vamos-cuidar-de-nossas-criancas","status":"publish","type":"post","link":"https:\/\/www.notibras.com\/site\/vamos-cuidar-de-nossas-criancas\/","title":{"rendered":"Vamos cuidar de nossas crian\u00e7as"},"content":{"rendered":"<p>Crian\u00e7a feliz, feliz a cantar<\/p>\n<p>Alegre a embalar seu sonho infantil&#8230;<\/p>\n<p>Esses dois versos s\u00e3o o in\u00edcio da &#8220;Can\u00e7\u00e3o da Crian\u00e7a&#8221;, escrita por Francisco Alves e Ren\u00e9 Bittencourt, cujo tema \u00e9 a exalta\u00e7\u00e3o da felicidade esperada na primeira inf\u00e2ncia. Pena que ontem, como hoje, nossas crian\u00e7as n\u00e3o consigam viver sua meninice como deveriam&#8230; e merecem&#8230;<\/p>\n<p>O problema maior \u00e9 que vivemos uma eterna Roda Viva, um C\u00edrculo Vicioso do qual \u00e9 dif\u00edcil escaparmos. Porque replicamos com nossos pequeninos aquilo que vivenciamos em nossa pr\u00f3pria inf\u00e2ncia&#8230; e o que \u00e9 pior? N\u00e3o \u00e9 algo proposital&#8230;<\/p>\n<p>Ainda nos dias de hoje&#8230; ou principalmente nos dias de hoje&#8230; apenas uma pequena parcela de nossas crian\u00e7as tem o sagrado direito \u00e0 Felicidade respeitado. Pois s\u00e3o violentadas de v\u00e1rias formas por n\u00f3s, que j\u00e1 deixamos essa fase de nossa vida h\u00e1 um bom tempo&#8230;<\/p>\n<p>Desde que pisamos neste mundo&#8230; ou seja, desde que a Ra\u00e7a Humana come\u00e7ou a habitar esse planeta&#8230; as crian\u00e7as foram vistas como nossa pr\u00f3pria continua\u00e7\u00e3o. Nossa imortalidade depende de nossa prole, pois nos perpetuamos nessas criaturinhas que, um dia, replicar\u00e3o tudo aquilo que lhes passamos&#8230;<\/p>\n<p>Dever\u00edamos trat\u00e1-las n\u00e3o como uma pe\u00e7a fr\u00e1gil, mas como o que elas s\u00e3o realmente&#8230; um broto de nossa \u00e1rvore geneal\u00f3gica, cujos frutos futuros dar\u00e3o continuidade \u00e0 nossa hist\u00f3ria. Dever\u00edamos cuidar desses brotos com muito carinho, com muito amor&#8230; para que elas pudessem dar amor aos brotos que teriam origem a partir destas&#8230;<\/p>\n<p>Infelizmente, por motivos mil, n\u00e3o \u00e9 isso o que ocorre em nosso dia a dia. Mesmo criando v\u00e1rias Leis que protegeriam, em tese, os adultos do amanh\u00e3, n\u00e3o \u00e9 isso o que realmente ocorre na privacidade do lar&#8230;<\/p>\n<p>H\u00e1 v\u00e1rias formas de maltratarmos algu\u00e9m. A mais simples&#8230; e a mais despercebida&#8230; \u00e9 o abandono parental. Um detalhe&#8230; n\u00e3o estou falando do &#8220;abandono parental&#8221; conforme a Lei determina. Nem sempre o fato de algu\u00e9m estar ao seu lado significa que voc\u00ea est\u00e1 recebendo a aten\u00e7\u00e3o necess\u00e1ria. E esse abandono&#8230; parental, porque os respons\u00e1veis pela crian\u00e7a est\u00e3o ao seu lado, ao menos fisicamente&#8230; se deve mais \u00e0 din\u00e2mica da vida moderna que propriamente um desejo de seus genitores&#8230;<\/p>\n<p>Para se manter uma casa&#8230; n\u00e3o propriamente um lar&#8230; faz-se necess\u00e1rio ter dinheiro. Pois esse \u00e9 que possibilitar\u00e1 a aquisi\u00e7\u00e3o de tudo aquilo que necessitamos para sobreviver. E para conseguir o vil metal, precisamos trabalhar. E, como os pre\u00e7os s\u00e3o um absurdo atualmente, os dois genitores t\u00eam que deixar seu rebento sozinho em sua casa para conseguir o sustento que necessitam. Trabalham no m\u00ednimo cinco dias por semana&#8230; alguns chegam a trabalhar seis sete dias&#8230; para conseguirem garantir o suficiente para as despesas da fam\u00edlia. E a crian\u00e7a acaba sozinha, vendo seus genitores muito raramente. Passear com estes torna-se um luxo do qual nem sempre consegue dispor&#8230;<\/p>\n<p>Por mais que digamos que tudo o que fazemos \u00e9 por nossos pequenos, tal nem sempre corresponde \u00e0 realidade. Sim, procuramos suprir suas necessidades b\u00e1sicas. Mas suas necessidades de carinho, de amor acabam, muitas vezes, esquecidas nos rec\u00f4nditos de nossas mentes&#8230; porque h\u00e1 certas tarefas que pedem aten\u00e7\u00e3o imediata de nossa parte. E a\u00ed&#8230;<\/p>\n<p>Quando a crian\u00e7a, cansada de ser esquecida em um canto como se uma boneca de pano fosse e protesta contra tal situa\u00e7\u00e3o, nossa &#8220;forma\u00e7\u00e3o familiar&#8221; aflora em nossa mente e damos a ela exatamente aquilo que nossos pais nos deram no passado&#8230; e \u00e9 quando a situa\u00e7\u00e3o se torna&#8230;pesada&#8230;<\/p>\n<p>Dificilmente tentamos ver o lado da crian\u00e7a. Criamos nossas expectativas sobre esta e cobramos da mesma o cumprimento daquilo que achamos que ela deve fazer. Simples assim. Sem direito a recusar, pois esta n\u00e3o tem discernimento para decidir o que pode ou n\u00e3o fazer&#8230; e quando n\u00e3o o faz, rotulamos como m\u00e1 educa\u00e7\u00e3o, falta de respeito&#8230; e tal e qual nosso passado, aplicamos-lhe castigos&#8230; muitas vezes, f\u00edsicos&#8230;<\/p>\n<p>Como mudar esse estado de coisas? N\u00e3o \u00e9 atrav\u00e9s de Leis, pois estas acabam por se mostrarem ineficazes. O verdadeiro caminho \u00e9 a conscientiza\u00e7\u00e3o de cada um&#8230; que procuremos dar aos nossos pequenos apenas Amor&#8230; Amor verdadeiro. Temos que quebrar a corrente que nos prende ao passado. Deixar os maus-tratos recebidos na inf\u00e2ncia perdidos na escurid\u00e3o do esquecimento. Repliquemos apenas os momentos felizes que tivemos, para que nossas crian\u00e7as realmente possam ter uma inf\u00e2ncia feliz e que possam, assim, construir um futuro onde apenas o Amor e a Alegria imperem. E assim, com certeza, alcan\u00e7aremos a Verdadeira Paz Mundial t\u00e3o sonhada e desejada por todos&#8230;<\/p>\n","protected":false},"excerpt":{"rendered":"<p>Crian\u00e7a feliz, feliz a cantar Alegre a embalar seu sonho infantil&#8230; Esses dois versos s\u00e3o o in\u00edcio da &#8220;Can\u00e7\u00e3o da Crian\u00e7a&#8221;, escrita por Francisco Alves e Ren\u00e9 Bittencourt, cujo tema \u00e9 a exalta\u00e7\u00e3o da felicidade esperada na primeira inf\u00e2ncia. Pena que ontem, como hoje, nossas crian\u00e7as n\u00e3o consigam viver sua meninice como deveriam&#8230; e merecem&#8230; [&hellip;]<\/p>\n","protected":false},"author":21,"featured_media":392244,"comment_status":"closed","ping_status":"closed","sticky":false,"template":"","format":"standard","meta":{"_acf_changed":false,"footnotes":""},"categories":[236],"tags":[],"class_list":["post-392243","post","type-post","status-publish","format-standard","has-post-thumbnail","hentry","category-ponto-de-vista"],"acf":[],"yoast_head":"<!-- This site is optimized with the Yoast SEO plugin v27.2 - https:\/\/yoast.com\/product\/yoast-seo-wordpress\/ -->\n<title>Vamos cuidar de nossas crian\u00e7as - Notibras<\/title>\n<meta name=\"robots\" content=\"index, follow, max-snippet:-1, max-image-preview:large, max-video-preview:-1\" \/>\n<link rel=\"canonical\" href=\"https:\/\/www.notibras.com\/site\/vamos-cuidar-de-nossas-criancas\/\" \/>\n<meta property=\"og:locale\" content=\"pt_BR\" \/>\n<meta property=\"og:type\" content=\"article\" \/>\n<meta property=\"og:title\" content=\"Vamos cuidar de nossas crian\u00e7as - Notibras\" \/>\n<meta property=\"og:description\" content=\"Crian\u00e7a feliz, feliz a cantar Alegre a embalar seu sonho infantil&#8230; Esses dois versos s\u00e3o o in\u00edcio da &#8220;Can\u00e7\u00e3o da Crian\u00e7a&#8221;, escrita por Francisco Alves e Ren\u00e9 Bittencourt, cujo tema \u00e9 a exalta\u00e7\u00e3o da felicidade esperada na primeira inf\u00e2ncia. Pena que ontem, como hoje, nossas crian\u00e7as n\u00e3o consigam viver sua meninice como deveriam&#8230; e merecem&#8230; [&hellip;]\" \/>\n<meta property=\"og:url\" content=\"https:\/\/www.notibras.com\/site\/vamos-cuidar-de-nossas-criancas\/\" \/>\n<meta property=\"og:site_name\" content=\"Notibras\" \/>\n<meta property=\"article:publisher\" content=\"https:\/\/www.facebook.com\/notibras\/\" \/>\n<meta property=\"article:published_time\" content=\"2026-04-29T05:00:19+00:00\" \/>\n<meta property=\"og:image\" content=\"https:\/\/www.notibras.com\/site\/wp-content\/uploads\/2026\/04\/WhatsApp-Image-2026-04-22-at-19.44.24.jpeg\" \/>\n\t<meta property=\"og:image:width\" content=\"816\" \/>\n\t<meta property=\"og:image:height\" content=\"746\" \/>\n\t<meta property=\"og:image:type\" content=\"image\/jpeg\" \/>\n<meta name=\"author\" content=\"Eduardo Mart\u00ednez\" \/>\n<meta name=\"twitter:card\" content=\"summary_large_image\" \/>\n<meta name=\"twitter:creator\" content=\"@Notibras\" \/>\n<meta name=\"twitter:site\" content=\"@Notibras\" \/>\n<meta name=\"twitter:label1\" content=\"Escrito por\" \/>\n\t<meta name=\"twitter:data1\" content=\"Eduardo Mart\u00ednez\" \/>\n\t<meta name=\"twitter:label2\" content=\"Est. tempo de leitura\" \/>\n\t<meta name=\"twitter:data2\" content=\"5 minutos\" \/>\n<script type=\"application\/ld+json\" class=\"yoast-schema-graph\">{\"@context\":\"https:\/\/schema.org\",\"@graph\":[{\"@type\":\"Article\",\"@id\":\"https:\/\/www.notibras.com\/site\/vamos-cuidar-de-nossas-criancas\/#article\",\"isPartOf\":{\"@id\":\"https:\/\/www.notibras.com\/site\/vamos-cuidar-de-nossas-criancas\/\"},\"author\":{\"name\":\"Eduardo Mart\u00ednez\",\"@id\":\"https:\/\/www.notibras.com\/site\/#\/schema\/person\/5b7fabf2aedc3ada2105f03b22b4d3dd\"},\"headline\":\"Vamos cuidar de nossas crian\u00e7as\",\"datePublished\":\"2026-04-29T05:00:19+00:00\",\"mainEntityOfPage\":{\"@id\":\"https:\/\/www.notibras.com\/site\/vamos-cuidar-de-nossas-criancas\/\"},\"wordCount\":802,\"publisher\":{\"@id\":\"https:\/\/www.notibras.com\/site\/#organization\"},\"image\":{\"@id\":\"https:\/\/www.notibras.com\/site\/vamos-cuidar-de-nossas-criancas\/#primaryimage\"},\"thumbnailUrl\":\"https:\/\/www.notibras.com\/site\/wp-content\/uploads\/2026\/04\/WhatsApp-Image-2026-04-22-at-19.44.24.jpeg\",\"articleSection\":[\"Ponto de Vista\"],\"inLanguage\":\"pt-BR\"},{\"@type\":\"WebPage\",\"@id\":\"https:\/\/www.notibras.com\/site\/vamos-cuidar-de-nossas-criancas\/\",\"url\":\"https:\/\/www.notibras.com\/site\/vamos-cuidar-de-nossas-criancas\/\",\"name\":\"Vamos cuidar de nossas crian\u00e7as - Notibras\",\"isPartOf\":{\"@id\":\"https:\/\/www.notibras.com\/site\/#website\"},\"primaryImageOfPage\":{\"@id\":\"https:\/\/www.notibras.com\/site\/vamos-cuidar-de-nossas-criancas\/#primaryimage\"},\"image\":{\"@id\":\"https:\/\/www.notibras.com\/site\/vamos-cuidar-de-nossas-criancas\/#primaryimage\"},\"thumbnailUrl\":\"https:\/\/www.notibras.com\/site\/wp-content\/uploads\/2026\/04\/WhatsApp-Image-2026-04-22-at-19.44.24.jpeg\",\"datePublished\":\"2026-04-29T05:00:19+00:00\",\"breadcrumb\":{\"@id\":\"https:\/\/www.notibras.com\/site\/vamos-cuidar-de-nossas-criancas\/#breadcrumb\"},\"inLanguage\":\"pt-BR\",\"potentialAction\":[{\"@type\":\"ReadAction\",\"target\":[\"https:\/\/www.notibras.com\/site\/vamos-cuidar-de-nossas-criancas\/\"]}]},{\"@type\":\"ImageObject\",\"inLanguage\":\"pt-BR\",\"@id\":\"https:\/\/www.notibras.com\/site\/vamos-cuidar-de-nossas-criancas\/#primaryimage\",\"url\":\"https:\/\/www.notibras.com\/site\/wp-content\/uploads\/2026\/04\/WhatsApp-Image-2026-04-22-at-19.44.24.jpeg\",\"contentUrl\":\"https:\/\/www.notibras.com\/site\/wp-content\/uploads\/2026\/04\/WhatsApp-Image-2026-04-22-at-19.44.24.jpeg\",\"width\":816,\"height\":746},{\"@type\":\"BreadcrumbList\",\"@id\":\"https:\/\/www.notibras.com\/site\/vamos-cuidar-de-nossas-criancas\/#breadcrumb\",\"itemListElement\":[{\"@type\":\"ListItem\",\"position\":1,\"name\":\"In\u00edcio\",\"item\":\"https:\/\/www.notibras.com\/site\/\"},{\"@type\":\"ListItem\",\"position\":2,\"name\":\"Vamos cuidar de nossas crian\u00e7as\"}]},{\"@type\":\"WebSite\",\"@id\":\"https:\/\/www.notibras.com\/site\/#website\",\"url\":\"https:\/\/www.notibras.com\/site\/\",\"name\":\"Notibras\",\"description\":\"Not\u00edcias de Bras\u00edlia, do Brasil e do Mundo\",\"publisher\":{\"@id\":\"https:\/\/www.notibras.com\/site\/#organization\"},\"potentialAction\":[{\"@type\":\"SearchAction\",\"target\":{\"@type\":\"EntryPoint\",\"urlTemplate\":\"https:\/\/www.notibras.com\/site\/?s={search_term_string}\"},\"query-input\":{\"@type\":\"PropertyValueSpecification\",\"valueRequired\":true,\"valueName\":\"search_term_string\"}}],\"inLanguage\":\"pt-BR\"},{\"@type\":\"Organization\",\"@id\":\"https:\/\/www.notibras.com\/site\/#organization\",\"name\":\"Grupo Notibras de Comunica\u00e7\u00e3o\",\"url\":\"https:\/\/www.notibras.com\/site\/\",\"logo\":{\"@type\":\"ImageObject\",\"inLanguage\":\"pt-BR\",\"@id\":\"https:\/\/www.notibras.com\/site\/#\/schema\/logo\/image\/\",\"url\":\"https:\/\/www.notibras.com\/site\/wp-content\/uploads\/2023\/01\/notibras23.png\",\"contentUrl\":\"https:\/\/www.notibras.com\/site\/wp-content\/uploads\/2023\/01\/notibras23.png\",\"width\":350,\"height\":87,\"caption\":\"Grupo Notibras de Comunica\u00e7\u00e3o\"},\"image\":{\"@id\":\"https:\/\/www.notibras.com\/site\/#\/schema\/logo\/image\/\"},\"sameAs\":[\"https:\/\/www.facebook.com\/notibras\/\",\"https:\/\/x.com\/Notibras\",\"https:\/\/www.instagram.com\/notibras\/\"]},{\"@type\":\"Person\",\"@id\":\"https:\/\/www.notibras.com\/site\/#\/schema\/person\/5b7fabf2aedc3ada2105f03b22b4d3dd\",\"name\":\"Eduardo Mart\u00ednez\",\"image\":{\"@type\":\"ImageObject\",\"inLanguage\":\"pt-BR\",\"@id\":\"https:\/\/secure.gravatar.com\/avatar\/7902f906289926289cbcda644b5197c796b893c6ffd7b9a536a42d290f7704a0?s=96&d=mm&r=g\",\"url\":\"https:\/\/secure.gravatar.com\/avatar\/7902f906289926289cbcda644b5197c796b893c6ffd7b9a536a42d290f7704a0?s=96&d=mm&r=g\",\"contentUrl\":\"https:\/\/secure.gravatar.com\/avatar\/7902f906289926289cbcda644b5197c796b893c6ffd7b9a536a42d290f7704a0?s=96&d=mm&r=g\",\"caption\":\"Eduardo Mart\u00ednez\"}}]}<\/script>\n<!-- \/ Yoast SEO plugin. -->","yoast_head_json":{"title":"Vamos cuidar de nossas crian\u00e7as - Notibras","robots":{"index":"index","follow":"follow","max-snippet":"max-snippet:-1","max-image-preview":"max-image-preview:large","max-video-preview":"max-video-preview:-1"},"canonical":"https:\/\/www.notibras.com\/site\/vamos-cuidar-de-nossas-criancas\/","og_locale":"pt_BR","og_type":"article","og_title":"Vamos cuidar de nossas crian\u00e7as - Notibras","og_description":"Crian\u00e7a feliz, feliz a cantar Alegre a embalar seu sonho infantil&#8230; Esses dois versos s\u00e3o o in\u00edcio da &#8220;Can\u00e7\u00e3o da Crian\u00e7a&#8221;, escrita por Francisco Alves e Ren\u00e9 Bittencourt, cujo tema \u00e9 a exalta\u00e7\u00e3o da felicidade esperada na primeira inf\u00e2ncia. Pena que ontem, como hoje, nossas crian\u00e7as n\u00e3o consigam viver sua meninice como deveriam&#8230; e merecem&#8230; [&hellip;]","og_url":"https:\/\/www.notibras.com\/site\/vamos-cuidar-de-nossas-criancas\/","og_site_name":"Notibras","article_publisher":"https:\/\/www.facebook.com\/notibras\/","article_published_time":"2026-04-29T05:00:19+00:00","og_image":[{"width":816,"height":746,"url":"https:\/\/www.notibras.com\/site\/wp-content\/uploads\/2026\/04\/WhatsApp-Image-2026-04-22-at-19.44.24.jpeg","type":"image\/jpeg"}],"author":"Eduardo Mart\u00ednez","twitter_card":"summary_large_image","twitter_creator":"@Notibras","twitter_site":"@Notibras","twitter_misc":{"Escrito por":"Eduardo Mart\u00ednez","Est. tempo de leitura":"5 minutos"},"schema":{"@context":"https:\/\/schema.org","@graph":[{"@type":"Article","@id":"https:\/\/www.notibras.com\/site\/vamos-cuidar-de-nossas-criancas\/#article","isPartOf":{"@id":"https:\/\/www.notibras.com\/site\/vamos-cuidar-de-nossas-criancas\/"},"author":{"name":"Eduardo Mart\u00ednez","@id":"https:\/\/www.notibras.com\/site\/#\/schema\/person\/5b7fabf2aedc3ada2105f03b22b4d3dd"},"headline":"Vamos cuidar de nossas crian\u00e7as","datePublished":"2026-04-29T05:00:19+00:00","mainEntityOfPage":{"@id":"https:\/\/www.notibras.com\/site\/vamos-cuidar-de-nossas-criancas\/"},"wordCount":802,"publisher":{"@id":"https:\/\/www.notibras.com\/site\/#organization"},"image":{"@id":"https:\/\/www.notibras.com\/site\/vamos-cuidar-de-nossas-criancas\/#primaryimage"},"thumbnailUrl":"https:\/\/www.notibras.com\/site\/wp-content\/uploads\/2026\/04\/WhatsApp-Image-2026-04-22-at-19.44.24.jpeg","articleSection":["Ponto de Vista"],"inLanguage":"pt-BR"},{"@type":"WebPage","@id":"https:\/\/www.notibras.com\/site\/vamos-cuidar-de-nossas-criancas\/","url":"https:\/\/www.notibras.com\/site\/vamos-cuidar-de-nossas-criancas\/","name":"Vamos cuidar de nossas crian\u00e7as - Notibras","isPartOf":{"@id":"https:\/\/www.notibras.com\/site\/#website"},"primaryImageOfPage":{"@id":"https:\/\/www.notibras.com\/site\/vamos-cuidar-de-nossas-criancas\/#primaryimage"},"image":{"@id":"https:\/\/www.notibras.com\/site\/vamos-cuidar-de-nossas-criancas\/#primaryimage"},"thumbnailUrl":"https:\/\/www.notibras.com\/site\/wp-content\/uploads\/2026\/04\/WhatsApp-Image-2026-04-22-at-19.44.24.jpeg","datePublished":"2026-04-29T05:00:19+00:00","breadcrumb":{"@id":"https:\/\/www.notibras.com\/site\/vamos-cuidar-de-nossas-criancas\/#breadcrumb"},"inLanguage":"pt-BR","potentialAction":[{"@type":"ReadAction","target":["https:\/\/www.notibras.com\/site\/vamos-cuidar-de-nossas-criancas\/"]}]},{"@type":"ImageObject","inLanguage":"pt-BR","@id":"https:\/\/www.notibras.com\/site\/vamos-cuidar-de-nossas-criancas\/#primaryimage","url":"https:\/\/www.notibras.com\/site\/wp-content\/uploads\/2026\/04\/WhatsApp-Image-2026-04-22-at-19.44.24.jpeg","contentUrl":"https:\/\/www.notibras.com\/site\/wp-content\/uploads\/2026\/04\/WhatsApp-Image-2026-04-22-at-19.44.24.jpeg","width":816,"height":746},{"@type":"BreadcrumbList","@id":"https:\/\/www.notibras.com\/site\/vamos-cuidar-de-nossas-criancas\/#breadcrumb","itemListElement":[{"@type":"ListItem","position":1,"name":"In\u00edcio","item":"https:\/\/www.notibras.com\/site\/"},{"@type":"ListItem","position":2,"name":"Vamos cuidar de nossas crian\u00e7as"}]},{"@type":"WebSite","@id":"https:\/\/www.notibras.com\/site\/#website","url":"https:\/\/www.notibras.com\/site\/","name":"Notibras","description":"Not\u00edcias de Bras\u00edlia, do Brasil e do Mundo","publisher":{"@id":"https:\/\/www.notibras.com\/site\/#organization"},"potentialAction":[{"@type":"SearchAction","target":{"@type":"EntryPoint","urlTemplate":"https:\/\/www.notibras.com\/site\/?s={search_term_string}"},"query-input":{"@type":"PropertyValueSpecification","valueRequired":true,"valueName":"search_term_string"}}],"inLanguage":"pt-BR"},{"@type":"Organization","@id":"https:\/\/www.notibras.com\/site\/#organization","name":"Grupo Notibras de Comunica\u00e7\u00e3o","url":"https:\/\/www.notibras.com\/site\/","logo":{"@type":"ImageObject","inLanguage":"pt-BR","@id":"https:\/\/www.notibras.com\/site\/#\/schema\/logo\/image\/","url":"https:\/\/www.notibras.com\/site\/wp-content\/uploads\/2023\/01\/notibras23.png","contentUrl":"https:\/\/www.notibras.com\/site\/wp-content\/uploads\/2023\/01\/notibras23.png","width":350,"height":87,"caption":"Grupo Notibras de Comunica\u00e7\u00e3o"},"image":{"@id":"https:\/\/www.notibras.com\/site\/#\/schema\/logo\/image\/"},"sameAs":["https:\/\/www.facebook.com\/notibras\/","https:\/\/x.com\/Notibras","https:\/\/www.instagram.com\/notibras\/"]},{"@type":"Person","@id":"https:\/\/www.notibras.com\/site\/#\/schema\/person\/5b7fabf2aedc3ada2105f03b22b4d3dd","name":"Eduardo Mart\u00ednez","image":{"@type":"ImageObject","inLanguage":"pt-BR","@id":"https:\/\/secure.gravatar.com\/avatar\/7902f906289926289cbcda644b5197c796b893c6ffd7b9a536a42d290f7704a0?s=96&d=mm&r=g","url":"https:\/\/secure.gravatar.com\/avatar\/7902f906289926289cbcda644b5197c796b893c6ffd7b9a536a42d290f7704a0?s=96&d=mm&r=g","contentUrl":"https:\/\/secure.gravatar.com\/avatar\/7902f906289926289cbcda644b5197c796b893c6ffd7b9a536a42d290f7704a0?s=96&d=mm&r=g","caption":"Eduardo Mart\u00ednez"}}]}},"amp_enabled":true,"_links":{"self":[{"href":"https:\/\/www.notibras.com\/site\/wp-json\/wp\/v2\/posts\/392243","targetHints":{"allow":["GET"]}}],"collection":[{"href":"https:\/\/www.notibras.com\/site\/wp-json\/wp\/v2\/posts"}],"about":[{"href":"https:\/\/www.notibras.com\/site\/wp-json\/wp\/v2\/types\/post"}],"author":[{"embeddable":true,"href":"https:\/\/www.notibras.com\/site\/wp-json\/wp\/v2\/users\/21"}],"replies":[{"embeddable":true,"href":"https:\/\/www.notibras.com\/site\/wp-json\/wp\/v2\/comments?post=392243"}],"version-history":[{"count":2,"href":"https:\/\/www.notibras.com\/site\/wp-json\/wp\/v2\/posts\/392243\/revisions"}],"predecessor-version":[{"id":392246,"href":"https:\/\/www.notibras.com\/site\/wp-json\/wp\/v2\/posts\/392243\/revisions\/392246"}],"wp:featuredmedia":[{"embeddable":true,"href":"https:\/\/www.notibras.com\/site\/wp-json\/wp\/v2\/media\/392244"}],"wp:attachment":[{"href":"https:\/\/www.notibras.com\/site\/wp-json\/wp\/v2\/media?parent=392243"}],"wp:term":[{"taxonomy":"category","embeddable":true,"href":"https:\/\/www.notibras.com\/site\/wp-json\/wp\/v2\/categories?post=392243"},{"taxonomy":"post_tag","embeddable":true,"href":"https:\/\/www.notibras.com\/site\/wp-json\/wp\/v2\/tags?post=392243"}],"curies":[{"name":"wp","href":"https:\/\/api.w.org\/{rel}","templated":true}]}}