{"id":392302,"date":"2026-04-25T02:00:09","date_gmt":"2026-04-25T05:00:09","guid":{"rendered":"https:\/\/www.notibras.com\/site\/?p=392302"},"modified":"2026-04-23T16:46:12","modified_gmt":"2026-04-23T19:46:12","slug":"ate-o-dicionario-desconfia","status":"publish","type":"post","link":"https:\/\/www.notibras.com\/site\/ate-o-dicionario-desconfia\/","title":{"rendered":"At\u00e9 o dicion\u00e1rio desconfia"},"content":{"rendered":"<p>Zeca, a despeito da simplicidade fon\u00e9tica do seu nome, fazia quest\u00e3o de ser o mais rebuscado poss\u00edvel na escrita. Seus contos, ainda que n\u00e3o ocupassem mais do que duas ou tr\u00eas laudas, comportavam voc\u00e1bulos que at\u00e9 o pr\u00f3prio dicion\u00e1rio ficaria em d\u00favida sobre a sua exist\u00eancia.<\/p>\n<p>Fulano n\u00e3o era lento, mas cuntat\u00f3rio. Beltrana, ent\u00e3o, era afamada por sua percuci\u00eancia, enquanto sicrano, que havia se aventurado por um acantil, foi acometido, durante viagem \u00e0s terras chilenas, de pneumoultramicroscopicossilicovulcanoconi\u00f3tico. E a coisa n\u00e3o parava por a\u00ed, como se o sujeito tivesse regozijo de imaginar o leitor aborto em pensamentos, fingindo entender o que lhe era deveras alheio. <em>Touch\u00e9<\/em>!<\/p>\n<p>\u2014 N\u00e3o perco meu tempo com esses tipos, cujo car\u00e1ter seja d\u00fabio ou delet\u00e9rio.<\/p>\n<p>\u2014 E quem entende?<\/p>\n<p>\u2014 Hum! N\u00e3o tente jogar pra cima de mim a culpa da ignor\u00e2ncia do mundo, Aur\u00e9lio.<\/p>\n<p>Levava a piteira aos l\u00e1bios delgados, tragava e, assim que a fuma\u00e7a se esva\u00eda na busca de outros ares, Zeca cofiava o bigode digno de quem confere a m\u00e9trica de poesia parnasiana em busca de algum deslize.<\/p>\n<p>\u2014 Veja bem, meu dileto confrade, n\u00e3o me atrevo a fazer parte dessa barafunda de textos de hoje em dia. Sinto saudade, Aur\u00e9lio, dos idos de antigamente, quando a pena era coisa sagrada. E n\u00e3o me entenda mal, c\u00e1 entre n\u00f3s, que a frugalidade fique apenas no prato de comida, o est\u00f4mago a tudo aceita. Por\u00e9m, todavia, contudo, entretanto, para o c\u00e9rebro, meu amigo, nada menos do que escritos lautos.<\/p>\n<p>Aur\u00e9lio, visto que aquela batalha estava perdida, ergueu o copo e prop\u00f4s um brinde.<\/p>\n<p>\u2014 A voc\u00ea, Zeca, o escritor das palavras dif\u00edceis.<\/p>\n<p>O companheiro, sorriso nos l\u00e1bios, aceitou de bom grado a singela homenagem e, ap\u00f3s degustar o licor, repousou o copo sobre a mesa de mogno.<\/p>\n<p>\u2014 Meu nobre Aur\u00e9lio, voc\u00ea me colocou em estado de j\u00fabilo inenarr\u00e1vel. E voc\u00ea est\u00e1 certo, pois n\u00e3o me preocupo em ser f\u00e1cil, meu amigo. F\u00e1cil \u00e9 anedota contada em botequim, onde at\u00e9 os temulentos a entendem. N\u00e3o sou p\u00e3o de l\u00f3, que serve aos banguelas de intelecto. Sou denso, meu estimado companheiro, que nem bolo solado.<\/p>\n<p><strong>\u2026\u2026\u2026\u2026\u2026\u2026\u2026\u2026<\/strong><\/p>\n<p><strong>Eduardo Cesario-Mart\u00ednez \u00e9 autor do livro \u201957 Contos e Cr\u00f4nicas por um Autor Muito Velho\u2019 (Vencedor do Pr\u00eamio Liter\u00e1rio Clarice Lispector \u2013 2025 na categoria livro de contos).<\/strong><\/p>\n<p><strong>Compre aqui<\/strong><\/p>\n<p><a href=\"https:\/\/www.joanineditora.com.br\/57-contos-e-cronicas-por-um-autor-muito-velho\"><strong>https:\/\/www.joanineditora.com.br\/57-contos-e-cronicas-por-um-autor-muito-velho<\/strong><\/a><\/p>\n","protected":false},"excerpt":{"rendered":"<p>Zeca, a despeito da simplicidade fon\u00e9tica do seu nome, fazia quest\u00e3o de ser o mais rebuscado poss\u00edvel na escrita. Seus contos, ainda que n\u00e3o ocupassem mais do que duas ou tr\u00eas laudas, comportavam voc\u00e1bulos que at\u00e9 o pr\u00f3prio dicion\u00e1rio ficaria em d\u00favida sobre a sua exist\u00eancia. Fulano n\u00e3o era lento, mas cuntat\u00f3rio. Beltrana, ent\u00e3o, era [&hellip;]<\/p>\n","protected":false},"author":21,"featured_media":392303,"comment_status":"closed","ping_status":"closed","sticky":false,"template":"","format":"standard","meta":{"_acf_changed":false,"footnotes":""},"categories":[161],"tags":[],"class_list":["post-392302","post","type-post","status-publish","format-standard","has-post-thumbnail","hentry","category-quadradinho-em-foco"],"acf":[],"yoast_head":"<!-- This site is optimized with the Yoast SEO plugin v27.2 - https:\/\/yoast.com\/product\/yoast-seo-wordpress\/ -->\n<title>At\u00e9 o dicion\u00e1rio desconfia - Notibras<\/title>\n<meta name=\"robots\" content=\"index, follow, max-snippet:-1, max-image-preview:large, max-video-preview:-1\" \/>\n<link rel=\"canonical\" href=\"https:\/\/www.notibras.com\/site\/ate-o-dicionario-desconfia\/\" \/>\n<meta property=\"og:locale\" content=\"pt_BR\" \/>\n<meta property=\"og:type\" content=\"article\" \/>\n<meta property=\"og:title\" content=\"At\u00e9 o dicion\u00e1rio desconfia - Notibras\" \/>\n<meta property=\"og:description\" content=\"Zeca, a despeito da simplicidade fon\u00e9tica do seu nome, fazia quest\u00e3o de ser o mais rebuscado poss\u00edvel na escrita. Seus contos, ainda que n\u00e3o ocupassem mais do que duas ou tr\u00eas laudas, comportavam voc\u00e1bulos que at\u00e9 o pr\u00f3prio dicion\u00e1rio ficaria em d\u00favida sobre a sua exist\u00eancia. Fulano n\u00e3o era lento, mas cuntat\u00f3rio. Beltrana, ent\u00e3o, era [&hellip;]\" \/>\n<meta property=\"og:url\" content=\"https:\/\/www.notibras.com\/site\/ate-o-dicionario-desconfia\/\" \/>\n<meta property=\"og:site_name\" content=\"Notibras\" \/>\n<meta property=\"article:publisher\" content=\"https:\/\/www.facebook.com\/notibras\/\" \/>\n<meta property=\"article:published_time\" content=\"2026-04-25T05:00:09+00:00\" \/>\n<meta property=\"og:image\" content=\"https:\/\/www.notibras.com\/site\/wp-content\/uploads\/2026\/04\/WhatsApp-Image-2026-04-23-at-16.31.48.jpeg\" \/>\n\t<meta property=\"og:image:width\" content=\"1280\" \/>\n\t<meta property=\"og:image:height\" content=\"745\" \/>\n\t<meta property=\"og:image:type\" content=\"image\/jpeg\" \/>\n<meta name=\"author\" content=\"Eduardo Mart\u00ednez\" \/>\n<meta name=\"twitter:card\" content=\"summary_large_image\" \/>\n<meta name=\"twitter:creator\" content=\"@Notibras\" \/>\n<meta name=\"twitter:site\" content=\"@Notibras\" \/>\n<meta name=\"twitter:label1\" content=\"Escrito por\" \/>\n\t<meta name=\"twitter:data1\" content=\"Eduardo Mart\u00ednez\" \/>\n\t<meta name=\"twitter:label2\" content=\"Est. tempo de leitura\" \/>\n\t<meta name=\"twitter:data2\" content=\"3 minutos\" \/>\n<script type=\"application\/ld+json\" class=\"yoast-schema-graph\">{\"@context\":\"https:\/\/schema.org\",\"@graph\":[{\"@type\":\"Article\",\"@id\":\"https:\/\/www.notibras.com\/site\/ate-o-dicionario-desconfia\/#article\",\"isPartOf\":{\"@id\":\"https:\/\/www.notibras.com\/site\/ate-o-dicionario-desconfia\/\"},\"author\":{\"name\":\"Eduardo Mart\u00ednez\",\"@id\":\"https:\/\/www.notibras.com\/site\/#\/schema\/person\/5b7fabf2aedc3ada2105f03b22b4d3dd\"},\"headline\":\"At\u00e9 o dicion\u00e1rio desconfia\",\"datePublished\":\"2026-04-25T05:00:09+00:00\",\"mainEntityOfPage\":{\"@id\":\"https:\/\/www.notibras.com\/site\/ate-o-dicionario-desconfia\/\"},\"wordCount\":433,\"publisher\":{\"@id\":\"https:\/\/www.notibras.com\/site\/#organization\"},\"image\":{\"@id\":\"https:\/\/www.notibras.com\/site\/ate-o-dicionario-desconfia\/#primaryimage\"},\"thumbnailUrl\":\"https:\/\/www.notibras.com\/site\/wp-content\/uploads\/2026\/04\/WhatsApp-Image-2026-04-23-at-16.31.48.jpeg\",\"articleSection\":[\"Quadradinho em Foco\"],\"inLanguage\":\"pt-BR\"},{\"@type\":\"WebPage\",\"@id\":\"https:\/\/www.notibras.com\/site\/ate-o-dicionario-desconfia\/\",\"url\":\"https:\/\/www.notibras.com\/site\/ate-o-dicionario-desconfia\/\",\"name\":\"At\u00e9 o dicion\u00e1rio desconfia - Notibras\",\"isPartOf\":{\"@id\":\"https:\/\/www.notibras.com\/site\/#website\"},\"primaryImageOfPage\":{\"@id\":\"https:\/\/www.notibras.com\/site\/ate-o-dicionario-desconfia\/#primaryimage\"},\"image\":{\"@id\":\"https:\/\/www.notibras.com\/site\/ate-o-dicionario-desconfia\/#primaryimage\"},\"thumbnailUrl\":\"https:\/\/www.notibras.com\/site\/wp-content\/uploads\/2026\/04\/WhatsApp-Image-2026-04-23-at-16.31.48.jpeg\",\"datePublished\":\"2026-04-25T05:00:09+00:00\",\"breadcrumb\":{\"@id\":\"https:\/\/www.notibras.com\/site\/ate-o-dicionario-desconfia\/#breadcrumb\"},\"inLanguage\":\"pt-BR\",\"potentialAction\":[{\"@type\":\"ReadAction\",\"target\":[\"https:\/\/www.notibras.com\/site\/ate-o-dicionario-desconfia\/\"]}]},{\"@type\":\"ImageObject\",\"inLanguage\":\"pt-BR\",\"@id\":\"https:\/\/www.notibras.com\/site\/ate-o-dicionario-desconfia\/#primaryimage\",\"url\":\"https:\/\/www.notibras.com\/site\/wp-content\/uploads\/2026\/04\/WhatsApp-Image-2026-04-23-at-16.31.48.jpeg\",\"contentUrl\":\"https:\/\/www.notibras.com\/site\/wp-content\/uploads\/2026\/04\/WhatsApp-Image-2026-04-23-at-16.31.48.jpeg\",\"width\":1280,\"height\":745},{\"@type\":\"BreadcrumbList\",\"@id\":\"https:\/\/www.notibras.com\/site\/ate-o-dicionario-desconfia\/#breadcrumb\",\"itemListElement\":[{\"@type\":\"ListItem\",\"position\":1,\"name\":\"In\u00edcio\",\"item\":\"https:\/\/www.notibras.com\/site\/\"},{\"@type\":\"ListItem\",\"position\":2,\"name\":\"At\u00e9 o dicion\u00e1rio desconfia\"}]},{\"@type\":\"WebSite\",\"@id\":\"https:\/\/www.notibras.com\/site\/#website\",\"url\":\"https:\/\/www.notibras.com\/site\/\",\"name\":\"Notibras\",\"description\":\"Not\u00edcias de Bras\u00edlia, do Brasil e do Mundo\",\"publisher\":{\"@id\":\"https:\/\/www.notibras.com\/site\/#organization\"},\"potentialAction\":[{\"@type\":\"SearchAction\",\"target\":{\"@type\":\"EntryPoint\",\"urlTemplate\":\"https:\/\/www.notibras.com\/site\/?s={search_term_string}\"},\"query-input\":{\"@type\":\"PropertyValueSpecification\",\"valueRequired\":true,\"valueName\":\"search_term_string\"}}],\"inLanguage\":\"pt-BR\"},{\"@type\":\"Organization\",\"@id\":\"https:\/\/www.notibras.com\/site\/#organization\",\"name\":\"Grupo Notibras de Comunica\u00e7\u00e3o\",\"url\":\"https:\/\/www.notibras.com\/site\/\",\"logo\":{\"@type\":\"ImageObject\",\"inLanguage\":\"pt-BR\",\"@id\":\"https:\/\/www.notibras.com\/site\/#\/schema\/logo\/image\/\",\"url\":\"https:\/\/www.notibras.com\/site\/wp-content\/uploads\/2023\/01\/notibras23.png\",\"contentUrl\":\"https:\/\/www.notibras.com\/site\/wp-content\/uploads\/2023\/01\/notibras23.png\",\"width\":350,\"height\":87,\"caption\":\"Grupo Notibras de Comunica\u00e7\u00e3o\"},\"image\":{\"@id\":\"https:\/\/www.notibras.com\/site\/#\/schema\/logo\/image\/\"},\"sameAs\":[\"https:\/\/www.facebook.com\/notibras\/\",\"https:\/\/x.com\/Notibras\",\"https:\/\/www.instagram.com\/notibras\/\"]},{\"@type\":\"Person\",\"@id\":\"https:\/\/www.notibras.com\/site\/#\/schema\/person\/5b7fabf2aedc3ada2105f03b22b4d3dd\",\"name\":\"Eduardo Mart\u00ednez\",\"image\":{\"@type\":\"ImageObject\",\"inLanguage\":\"pt-BR\",\"@id\":\"https:\/\/secure.gravatar.com\/avatar\/7902f906289926289cbcda644b5197c796b893c6ffd7b9a536a42d290f7704a0?s=96&d=mm&r=g\",\"url\":\"https:\/\/secure.gravatar.com\/avatar\/7902f906289926289cbcda644b5197c796b893c6ffd7b9a536a42d290f7704a0?s=96&d=mm&r=g\",\"contentUrl\":\"https:\/\/secure.gravatar.com\/avatar\/7902f906289926289cbcda644b5197c796b893c6ffd7b9a536a42d290f7704a0?s=96&d=mm&r=g\",\"caption\":\"Eduardo Mart\u00ednez\"}}]}<\/script>\n<!-- \/ Yoast SEO plugin. -->","yoast_head_json":{"title":"At\u00e9 o dicion\u00e1rio desconfia - Notibras","robots":{"index":"index","follow":"follow","max-snippet":"max-snippet:-1","max-image-preview":"max-image-preview:large","max-video-preview":"max-video-preview:-1"},"canonical":"https:\/\/www.notibras.com\/site\/ate-o-dicionario-desconfia\/","og_locale":"pt_BR","og_type":"article","og_title":"At\u00e9 o dicion\u00e1rio desconfia - Notibras","og_description":"Zeca, a despeito da simplicidade fon\u00e9tica do seu nome, fazia quest\u00e3o de ser o mais rebuscado poss\u00edvel na escrita. Seus contos, ainda que n\u00e3o ocupassem mais do que duas ou tr\u00eas laudas, comportavam voc\u00e1bulos que at\u00e9 o pr\u00f3prio dicion\u00e1rio ficaria em d\u00favida sobre a sua exist\u00eancia. Fulano n\u00e3o era lento, mas cuntat\u00f3rio. Beltrana, ent\u00e3o, era [&hellip;]","og_url":"https:\/\/www.notibras.com\/site\/ate-o-dicionario-desconfia\/","og_site_name":"Notibras","article_publisher":"https:\/\/www.facebook.com\/notibras\/","article_published_time":"2026-04-25T05:00:09+00:00","og_image":[{"width":1280,"height":745,"url":"https:\/\/www.notibras.com\/site\/wp-content\/uploads\/2026\/04\/WhatsApp-Image-2026-04-23-at-16.31.48.jpeg","type":"image\/jpeg"}],"author":"Eduardo Mart\u00ednez","twitter_card":"summary_large_image","twitter_creator":"@Notibras","twitter_site":"@Notibras","twitter_misc":{"Escrito por":"Eduardo Mart\u00ednez","Est. tempo de leitura":"3 minutos"},"schema":{"@context":"https:\/\/schema.org","@graph":[{"@type":"Article","@id":"https:\/\/www.notibras.com\/site\/ate-o-dicionario-desconfia\/#article","isPartOf":{"@id":"https:\/\/www.notibras.com\/site\/ate-o-dicionario-desconfia\/"},"author":{"name":"Eduardo Mart\u00ednez","@id":"https:\/\/www.notibras.com\/site\/#\/schema\/person\/5b7fabf2aedc3ada2105f03b22b4d3dd"},"headline":"At\u00e9 o dicion\u00e1rio desconfia","datePublished":"2026-04-25T05:00:09+00:00","mainEntityOfPage":{"@id":"https:\/\/www.notibras.com\/site\/ate-o-dicionario-desconfia\/"},"wordCount":433,"publisher":{"@id":"https:\/\/www.notibras.com\/site\/#organization"},"image":{"@id":"https:\/\/www.notibras.com\/site\/ate-o-dicionario-desconfia\/#primaryimage"},"thumbnailUrl":"https:\/\/www.notibras.com\/site\/wp-content\/uploads\/2026\/04\/WhatsApp-Image-2026-04-23-at-16.31.48.jpeg","articleSection":["Quadradinho em Foco"],"inLanguage":"pt-BR"},{"@type":"WebPage","@id":"https:\/\/www.notibras.com\/site\/ate-o-dicionario-desconfia\/","url":"https:\/\/www.notibras.com\/site\/ate-o-dicionario-desconfia\/","name":"At\u00e9 o dicion\u00e1rio desconfia - Notibras","isPartOf":{"@id":"https:\/\/www.notibras.com\/site\/#website"},"primaryImageOfPage":{"@id":"https:\/\/www.notibras.com\/site\/ate-o-dicionario-desconfia\/#primaryimage"},"image":{"@id":"https:\/\/www.notibras.com\/site\/ate-o-dicionario-desconfia\/#primaryimage"},"thumbnailUrl":"https:\/\/www.notibras.com\/site\/wp-content\/uploads\/2026\/04\/WhatsApp-Image-2026-04-23-at-16.31.48.jpeg","datePublished":"2026-04-25T05:00:09+00:00","breadcrumb":{"@id":"https:\/\/www.notibras.com\/site\/ate-o-dicionario-desconfia\/#breadcrumb"},"inLanguage":"pt-BR","potentialAction":[{"@type":"ReadAction","target":["https:\/\/www.notibras.com\/site\/ate-o-dicionario-desconfia\/"]}]},{"@type":"ImageObject","inLanguage":"pt-BR","@id":"https:\/\/www.notibras.com\/site\/ate-o-dicionario-desconfia\/#primaryimage","url":"https:\/\/www.notibras.com\/site\/wp-content\/uploads\/2026\/04\/WhatsApp-Image-2026-04-23-at-16.31.48.jpeg","contentUrl":"https:\/\/www.notibras.com\/site\/wp-content\/uploads\/2026\/04\/WhatsApp-Image-2026-04-23-at-16.31.48.jpeg","width":1280,"height":745},{"@type":"BreadcrumbList","@id":"https:\/\/www.notibras.com\/site\/ate-o-dicionario-desconfia\/#breadcrumb","itemListElement":[{"@type":"ListItem","position":1,"name":"In\u00edcio","item":"https:\/\/www.notibras.com\/site\/"},{"@type":"ListItem","position":2,"name":"At\u00e9 o dicion\u00e1rio desconfia"}]},{"@type":"WebSite","@id":"https:\/\/www.notibras.com\/site\/#website","url":"https:\/\/www.notibras.com\/site\/","name":"Notibras","description":"Not\u00edcias de Bras\u00edlia, do Brasil e do Mundo","publisher":{"@id":"https:\/\/www.notibras.com\/site\/#organization"},"potentialAction":[{"@type":"SearchAction","target":{"@type":"EntryPoint","urlTemplate":"https:\/\/www.notibras.com\/site\/?s={search_term_string}"},"query-input":{"@type":"PropertyValueSpecification","valueRequired":true,"valueName":"search_term_string"}}],"inLanguage":"pt-BR"},{"@type":"Organization","@id":"https:\/\/www.notibras.com\/site\/#organization","name":"Grupo Notibras de Comunica\u00e7\u00e3o","url":"https:\/\/www.notibras.com\/site\/","logo":{"@type":"ImageObject","inLanguage":"pt-BR","@id":"https:\/\/www.notibras.com\/site\/#\/schema\/logo\/image\/","url":"https:\/\/www.notibras.com\/site\/wp-content\/uploads\/2023\/01\/notibras23.png","contentUrl":"https:\/\/www.notibras.com\/site\/wp-content\/uploads\/2023\/01\/notibras23.png","width":350,"height":87,"caption":"Grupo Notibras de Comunica\u00e7\u00e3o"},"image":{"@id":"https:\/\/www.notibras.com\/site\/#\/schema\/logo\/image\/"},"sameAs":["https:\/\/www.facebook.com\/notibras\/","https:\/\/x.com\/Notibras","https:\/\/www.instagram.com\/notibras\/"]},{"@type":"Person","@id":"https:\/\/www.notibras.com\/site\/#\/schema\/person\/5b7fabf2aedc3ada2105f03b22b4d3dd","name":"Eduardo Mart\u00ednez","image":{"@type":"ImageObject","inLanguage":"pt-BR","@id":"https:\/\/secure.gravatar.com\/avatar\/7902f906289926289cbcda644b5197c796b893c6ffd7b9a536a42d290f7704a0?s=96&d=mm&r=g","url":"https:\/\/secure.gravatar.com\/avatar\/7902f906289926289cbcda644b5197c796b893c6ffd7b9a536a42d290f7704a0?s=96&d=mm&r=g","contentUrl":"https:\/\/secure.gravatar.com\/avatar\/7902f906289926289cbcda644b5197c796b893c6ffd7b9a536a42d290f7704a0?s=96&d=mm&r=g","caption":"Eduardo Mart\u00ednez"}}]}},"amp_enabled":true,"_links":{"self":[{"href":"https:\/\/www.notibras.com\/site\/wp-json\/wp\/v2\/posts\/392302","targetHints":{"allow":["GET"]}}],"collection":[{"href":"https:\/\/www.notibras.com\/site\/wp-json\/wp\/v2\/posts"}],"about":[{"href":"https:\/\/www.notibras.com\/site\/wp-json\/wp\/v2\/types\/post"}],"author":[{"embeddable":true,"href":"https:\/\/www.notibras.com\/site\/wp-json\/wp\/v2\/users\/21"}],"replies":[{"embeddable":true,"href":"https:\/\/www.notibras.com\/site\/wp-json\/wp\/v2\/comments?post=392302"}],"version-history":[{"count":5,"href":"https:\/\/www.notibras.com\/site\/wp-json\/wp\/v2\/posts\/392302\/revisions"}],"predecessor-version":[{"id":392305,"href":"https:\/\/www.notibras.com\/site\/wp-json\/wp\/v2\/posts\/392302\/revisions\/392305"}],"wp:featuredmedia":[{"embeddable":true,"href":"https:\/\/www.notibras.com\/site\/wp-json\/wp\/v2\/media\/392303"}],"wp:attachment":[{"href":"https:\/\/www.notibras.com\/site\/wp-json\/wp\/v2\/media?parent=392302"}],"wp:term":[{"taxonomy":"category","embeddable":true,"href":"https:\/\/www.notibras.com\/site\/wp-json\/wp\/v2\/categories?post=392302"},{"taxonomy":"post_tag","embeddable":true,"href":"https:\/\/www.notibras.com\/site\/wp-json\/wp\/v2\/tags?post=392302"}],"curies":[{"name":"wp","href":"https:\/\/api.w.org\/{rel}","templated":true}]}}