{"id":392332,"date":"2026-04-28T00:15:13","date_gmt":"2026-04-28T03:15:13","guid":{"rendered":"https:\/\/www.notibras.com\/site\/?p=392332"},"modified":"2026-04-23T19:13:23","modified_gmt":"2026-04-23T22:13:23","slug":"maos-e-petalas","status":"publish","type":"post","link":"https:\/\/www.notibras.com\/site\/maos-e-petalas\/","title":{"rendered":"M\u00e3os e p\u00e9talas"},"content":{"rendered":"<p>Nas m\u00e3os do jardineiro,<br \/>\na terra se faz confidente:<br \/>\nsulcos profundos como rios secos,<br \/>\ncalos que guardam a mem\u00f3ria da semente.<br \/>\nEle chega antes do orvalho secar,<br \/>\nantes do sol reivindicar o c\u00e9u,<br \/>\ne toca as mudas com rever\u00eancia antiga,<br \/>\ncomo quem acaricia um segredo que d\u00f3i de t\u00e3o belo.<\/p>\n<p>As rosas abrem devagar, t\u00edmidas,<br \/>\np\u00e9talas vermelhas como l\u00e1bios que hesitam em beijar;<br \/>\nele as poda sem pressa,<br \/>\ncorta o excesso para que o resto respire.<br \/>\nCada corte \u00e9 um verso amputado,<br \/>\nmas deixa a flor mais inteira, mais viva.<\/p>\n<p>As margaridas dan\u00e7am brancas ao vento,<br \/>\nsimples como promessas de crian\u00e7a;<br \/>\nele as rega com \u00e1gua que j\u00e1 foi l\u00e1grima,<br \/>\ne elas crescem sem saber de dor,<br \/>\nsem saber que as m\u00e3os que as sustentam<br \/>\nj\u00e1 carregaram o peso de invernos inteiros.<\/p>\n<p>Ip\u00eas amarelos explodem no alto,<br \/>\ncomo gritos de sol preso na copa;<br \/>\nmas \u00e9 na terra baixa, no canteiro escondido,<br \/>\nque as m\u00e3os dele conversam com violetas mi\u00fadas,<br \/>\ncom cravos que ningu\u00e9m nota,<br \/>\ncom ervas daninhas que ele salva da morte por teimosia.<\/p>\n<p>Essas m\u00e3os n\u00e3o pedem aplauso.<br \/>\nN\u00e3o assinam decretos, n\u00e3o discursam ao vento.<br \/>\nElas s\u00f3 sabem de ciclos:<br \/>\nnascer, abrir, murchar, renascer.<br \/>\nE quando uma flor cai,<br \/>\nele a recolhe com delicadeza,<br \/>\ncomo se guardasse o \u00faltimo suspiro de um poema.<\/p>\n<p>No fim do dia,<br \/>\nquando o jardim adormece sob a lua,<br \/>\nas m\u00e3os repousam, sujas de terra e de cor.<br \/>\nE nelas, invis\u00edvel,<br \/>\no jardim inteiro pulsa:<br \/>\nraiz que busca o escuro,<br \/>\ncaule que desafia a gravidade,<br \/>\np\u00e9tala que se entrega ao ef\u00eamero.<\/p>\n<p>Porque o jardineiro sabe,<br \/>\nsem precisar de palavras:<br \/>\na beleza n\u00e3o est\u00e1 na flor que dura,<br \/>\nmas na m\u00e3o que a faz durar um pouco mais.<br \/>\nE assim, entre terra e c\u00e9u,<br \/>\nm\u00e3os calejadas e p\u00e9talas fr\u00e1geis se entendem<br \/>\nnum sil\u00eancio que \u00e9 o mais belo dos versos.<\/p>\n","protected":false},"excerpt":{"rendered":"<p>Nas m\u00e3os do jardineiro, a terra se faz confidente: sulcos profundos como rios secos, calos que guardam a mem\u00f3ria da semente. Ele chega antes do orvalho secar, antes do sol reivindicar o c\u00e9u, e toca as mudas com rever\u00eancia antiga, como quem acaricia um segredo que d\u00f3i de t\u00e3o belo. As rosas abrem devagar, t\u00edmidas, [&hellip;]<\/p>\n","protected":false},"author":21,"featured_media":392333,"comment_status":"closed","ping_status":"closed","sticky":false,"template":"","format":"standard","meta":{"_acf_changed":false,"footnotes":""},"categories":[234],"tags":[],"class_list":["post-392332","post","type-post","status-publish","format-standard","has-post-thumbnail","hentry","category-cafe-literario"],"acf":[],"yoast_head":"<!-- This site is optimized with the Yoast SEO plugin v27.2 - https:\/\/yoast.com\/product\/yoast-seo-wordpress\/ -->\n<title>M\u00e3os e p\u00e9talas - Notibras<\/title>\n<meta name=\"robots\" content=\"index, follow, max-snippet:-1, max-image-preview:large, max-video-preview:-1\" \/>\n<link rel=\"canonical\" href=\"https:\/\/www.notibras.com\/site\/maos-e-petalas\/\" \/>\n<meta property=\"og:locale\" content=\"pt_BR\" \/>\n<meta property=\"og:type\" content=\"article\" \/>\n<meta property=\"og:title\" content=\"M\u00e3os e p\u00e9talas - Notibras\" \/>\n<meta property=\"og:description\" content=\"Nas m\u00e3os do jardineiro, a terra se faz confidente: sulcos profundos como rios secos, calos que guardam a mem\u00f3ria da semente. Ele chega antes do orvalho secar, antes do sol reivindicar o c\u00e9u, e toca as mudas com rever\u00eancia antiga, como quem acaricia um segredo que d\u00f3i de t\u00e3o belo. As rosas abrem devagar, t\u00edmidas, [&hellip;]\" \/>\n<meta property=\"og:url\" content=\"https:\/\/www.notibras.com\/site\/maos-e-petalas\/\" \/>\n<meta property=\"og:site_name\" content=\"Notibras\" \/>\n<meta property=\"article:publisher\" content=\"https:\/\/www.facebook.com\/notibras\/\" \/>\n<meta property=\"article:published_time\" content=\"2026-04-28T03:15:13+00:00\" \/>\n<meta property=\"og:image\" content=\"https:\/\/www.notibras.com\/site\/wp-content\/uploads\/2026\/04\/WhatsApp-Image-2026-04-23-at-19.11.13.jpeg\" \/>\n\t<meta property=\"og:image:width\" content=\"1125\" \/>\n\t<meta property=\"og:image:height\" content=\"680\" \/>\n\t<meta property=\"og:image:type\" content=\"image\/jpeg\" \/>\n<meta name=\"author\" content=\"Eduardo Mart\u00ednez\" \/>\n<meta name=\"twitter:card\" content=\"summary_large_image\" \/>\n<meta name=\"twitter:creator\" content=\"@Notibras\" \/>\n<meta name=\"twitter:site\" content=\"@Notibras\" \/>\n<meta name=\"twitter:label1\" content=\"Escrito por\" \/>\n\t<meta name=\"twitter:data1\" content=\"Eduardo Mart\u00ednez\" \/>\n\t<meta name=\"twitter:label2\" content=\"Est. tempo de leitura\" \/>\n\t<meta name=\"twitter:data2\" content=\"2 minutos\" \/>\n<script type=\"application\/ld+json\" class=\"yoast-schema-graph\">{\"@context\":\"https:\/\/schema.org\",\"@graph\":[{\"@type\":\"Article\",\"@id\":\"https:\/\/www.notibras.com\/site\/maos-e-petalas\/#article\",\"isPartOf\":{\"@id\":\"https:\/\/www.notibras.com\/site\/maos-e-petalas\/\"},\"author\":{\"name\":\"Eduardo Mart\u00ednez\",\"@id\":\"https:\/\/www.notibras.com\/site\/#\/schema\/person\/5b7fabf2aedc3ada2105f03b22b4d3dd\"},\"headline\":\"M\u00e3os e p\u00e9talas\",\"datePublished\":\"2026-04-28T03:15:13+00:00\",\"mainEntityOfPage\":{\"@id\":\"https:\/\/www.notibras.com\/site\/maos-e-petalas\/\"},\"wordCount\":340,\"publisher\":{\"@id\":\"https:\/\/www.notibras.com\/site\/#organization\"},\"image\":{\"@id\":\"https:\/\/www.notibras.com\/site\/maos-e-petalas\/#primaryimage\"},\"thumbnailUrl\":\"https:\/\/www.notibras.com\/site\/wp-content\/uploads\/2026\/04\/WhatsApp-Image-2026-04-23-at-19.11.13.jpeg\",\"articleSection\":[\"Caf\u00e9 Liter\u00e1rio\"],\"inLanguage\":\"pt-BR\"},{\"@type\":\"WebPage\",\"@id\":\"https:\/\/www.notibras.com\/site\/maos-e-petalas\/\",\"url\":\"https:\/\/www.notibras.com\/site\/maos-e-petalas\/\",\"name\":\"M\u00e3os e p\u00e9talas - Notibras\",\"isPartOf\":{\"@id\":\"https:\/\/www.notibras.com\/site\/#website\"},\"primaryImageOfPage\":{\"@id\":\"https:\/\/www.notibras.com\/site\/maos-e-petalas\/#primaryimage\"},\"image\":{\"@id\":\"https:\/\/www.notibras.com\/site\/maos-e-petalas\/#primaryimage\"},\"thumbnailUrl\":\"https:\/\/www.notibras.com\/site\/wp-content\/uploads\/2026\/04\/WhatsApp-Image-2026-04-23-at-19.11.13.jpeg\",\"datePublished\":\"2026-04-28T03:15:13+00:00\",\"breadcrumb\":{\"@id\":\"https:\/\/www.notibras.com\/site\/maos-e-petalas\/#breadcrumb\"},\"inLanguage\":\"pt-BR\",\"potentialAction\":[{\"@type\":\"ReadAction\",\"target\":[\"https:\/\/www.notibras.com\/site\/maos-e-petalas\/\"]}]},{\"@type\":\"ImageObject\",\"inLanguage\":\"pt-BR\",\"@id\":\"https:\/\/www.notibras.com\/site\/maos-e-petalas\/#primaryimage\",\"url\":\"https:\/\/www.notibras.com\/site\/wp-content\/uploads\/2026\/04\/WhatsApp-Image-2026-04-23-at-19.11.13.jpeg\",\"contentUrl\":\"https:\/\/www.notibras.com\/site\/wp-content\/uploads\/2026\/04\/WhatsApp-Image-2026-04-23-at-19.11.13.jpeg\",\"width\":1125,\"height\":680},{\"@type\":\"BreadcrumbList\",\"@id\":\"https:\/\/www.notibras.com\/site\/maos-e-petalas\/#breadcrumb\",\"itemListElement\":[{\"@type\":\"ListItem\",\"position\":1,\"name\":\"In\u00edcio\",\"item\":\"https:\/\/www.notibras.com\/site\/\"},{\"@type\":\"ListItem\",\"position\":2,\"name\":\"M\u00e3os e p\u00e9talas\"}]},{\"@type\":\"WebSite\",\"@id\":\"https:\/\/www.notibras.com\/site\/#website\",\"url\":\"https:\/\/www.notibras.com\/site\/\",\"name\":\"Notibras\",\"description\":\"Not\u00edcias de Bras\u00edlia, do Brasil e do Mundo\",\"publisher\":{\"@id\":\"https:\/\/www.notibras.com\/site\/#organization\"},\"potentialAction\":[{\"@type\":\"SearchAction\",\"target\":{\"@type\":\"EntryPoint\",\"urlTemplate\":\"https:\/\/www.notibras.com\/site\/?s={search_term_string}\"},\"query-input\":{\"@type\":\"PropertyValueSpecification\",\"valueRequired\":true,\"valueName\":\"search_term_string\"}}],\"inLanguage\":\"pt-BR\"},{\"@type\":\"Organization\",\"@id\":\"https:\/\/www.notibras.com\/site\/#organization\",\"name\":\"Grupo Notibras de Comunica\u00e7\u00e3o\",\"url\":\"https:\/\/www.notibras.com\/site\/\",\"logo\":{\"@type\":\"ImageObject\",\"inLanguage\":\"pt-BR\",\"@id\":\"https:\/\/www.notibras.com\/site\/#\/schema\/logo\/image\/\",\"url\":\"https:\/\/www.notibras.com\/site\/wp-content\/uploads\/2023\/01\/notibras23.png\",\"contentUrl\":\"https:\/\/www.notibras.com\/site\/wp-content\/uploads\/2023\/01\/notibras23.png\",\"width\":350,\"height\":87,\"caption\":\"Grupo Notibras de Comunica\u00e7\u00e3o\"},\"image\":{\"@id\":\"https:\/\/www.notibras.com\/site\/#\/schema\/logo\/image\/\"},\"sameAs\":[\"https:\/\/www.facebook.com\/notibras\/\",\"https:\/\/x.com\/Notibras\",\"https:\/\/www.instagram.com\/notibras\/\"]},{\"@type\":\"Person\",\"@id\":\"https:\/\/www.notibras.com\/site\/#\/schema\/person\/5b7fabf2aedc3ada2105f03b22b4d3dd\",\"name\":\"Eduardo Mart\u00ednez\",\"image\":{\"@type\":\"ImageObject\",\"inLanguage\":\"pt-BR\",\"@id\":\"https:\/\/secure.gravatar.com\/avatar\/7902f906289926289cbcda644b5197c796b893c6ffd7b9a536a42d290f7704a0?s=96&d=mm&r=g\",\"url\":\"https:\/\/secure.gravatar.com\/avatar\/7902f906289926289cbcda644b5197c796b893c6ffd7b9a536a42d290f7704a0?s=96&d=mm&r=g\",\"contentUrl\":\"https:\/\/secure.gravatar.com\/avatar\/7902f906289926289cbcda644b5197c796b893c6ffd7b9a536a42d290f7704a0?s=96&d=mm&r=g\",\"caption\":\"Eduardo Mart\u00ednez\"}}]}<\/script>\n<!-- \/ Yoast SEO plugin. -->","yoast_head_json":{"title":"M\u00e3os e p\u00e9talas - Notibras","robots":{"index":"index","follow":"follow","max-snippet":"max-snippet:-1","max-image-preview":"max-image-preview:large","max-video-preview":"max-video-preview:-1"},"canonical":"https:\/\/www.notibras.com\/site\/maos-e-petalas\/","og_locale":"pt_BR","og_type":"article","og_title":"M\u00e3os e p\u00e9talas - Notibras","og_description":"Nas m\u00e3os do jardineiro, a terra se faz confidente: sulcos profundos como rios secos, calos que guardam a mem\u00f3ria da semente. Ele chega antes do orvalho secar, antes do sol reivindicar o c\u00e9u, e toca as mudas com rever\u00eancia antiga, como quem acaricia um segredo que d\u00f3i de t\u00e3o belo. As rosas abrem devagar, t\u00edmidas, [&hellip;]","og_url":"https:\/\/www.notibras.com\/site\/maos-e-petalas\/","og_site_name":"Notibras","article_publisher":"https:\/\/www.facebook.com\/notibras\/","article_published_time":"2026-04-28T03:15:13+00:00","og_image":[{"width":1125,"height":680,"url":"https:\/\/www.notibras.com\/site\/wp-content\/uploads\/2026\/04\/WhatsApp-Image-2026-04-23-at-19.11.13.jpeg","type":"image\/jpeg"}],"author":"Eduardo Mart\u00ednez","twitter_card":"summary_large_image","twitter_creator":"@Notibras","twitter_site":"@Notibras","twitter_misc":{"Escrito por":"Eduardo Mart\u00ednez","Est. tempo de leitura":"2 minutos"},"schema":{"@context":"https:\/\/schema.org","@graph":[{"@type":"Article","@id":"https:\/\/www.notibras.com\/site\/maos-e-petalas\/#article","isPartOf":{"@id":"https:\/\/www.notibras.com\/site\/maos-e-petalas\/"},"author":{"name":"Eduardo Mart\u00ednez","@id":"https:\/\/www.notibras.com\/site\/#\/schema\/person\/5b7fabf2aedc3ada2105f03b22b4d3dd"},"headline":"M\u00e3os e p\u00e9talas","datePublished":"2026-04-28T03:15:13+00:00","mainEntityOfPage":{"@id":"https:\/\/www.notibras.com\/site\/maos-e-petalas\/"},"wordCount":340,"publisher":{"@id":"https:\/\/www.notibras.com\/site\/#organization"},"image":{"@id":"https:\/\/www.notibras.com\/site\/maos-e-petalas\/#primaryimage"},"thumbnailUrl":"https:\/\/www.notibras.com\/site\/wp-content\/uploads\/2026\/04\/WhatsApp-Image-2026-04-23-at-19.11.13.jpeg","articleSection":["Caf\u00e9 Liter\u00e1rio"],"inLanguage":"pt-BR"},{"@type":"WebPage","@id":"https:\/\/www.notibras.com\/site\/maos-e-petalas\/","url":"https:\/\/www.notibras.com\/site\/maos-e-petalas\/","name":"M\u00e3os e p\u00e9talas - Notibras","isPartOf":{"@id":"https:\/\/www.notibras.com\/site\/#website"},"primaryImageOfPage":{"@id":"https:\/\/www.notibras.com\/site\/maos-e-petalas\/#primaryimage"},"image":{"@id":"https:\/\/www.notibras.com\/site\/maos-e-petalas\/#primaryimage"},"thumbnailUrl":"https:\/\/www.notibras.com\/site\/wp-content\/uploads\/2026\/04\/WhatsApp-Image-2026-04-23-at-19.11.13.jpeg","datePublished":"2026-04-28T03:15:13+00:00","breadcrumb":{"@id":"https:\/\/www.notibras.com\/site\/maos-e-petalas\/#breadcrumb"},"inLanguage":"pt-BR","potentialAction":[{"@type":"ReadAction","target":["https:\/\/www.notibras.com\/site\/maos-e-petalas\/"]}]},{"@type":"ImageObject","inLanguage":"pt-BR","@id":"https:\/\/www.notibras.com\/site\/maos-e-petalas\/#primaryimage","url":"https:\/\/www.notibras.com\/site\/wp-content\/uploads\/2026\/04\/WhatsApp-Image-2026-04-23-at-19.11.13.jpeg","contentUrl":"https:\/\/www.notibras.com\/site\/wp-content\/uploads\/2026\/04\/WhatsApp-Image-2026-04-23-at-19.11.13.jpeg","width":1125,"height":680},{"@type":"BreadcrumbList","@id":"https:\/\/www.notibras.com\/site\/maos-e-petalas\/#breadcrumb","itemListElement":[{"@type":"ListItem","position":1,"name":"In\u00edcio","item":"https:\/\/www.notibras.com\/site\/"},{"@type":"ListItem","position":2,"name":"M\u00e3os e p\u00e9talas"}]},{"@type":"WebSite","@id":"https:\/\/www.notibras.com\/site\/#website","url":"https:\/\/www.notibras.com\/site\/","name":"Notibras","description":"Not\u00edcias de Bras\u00edlia, do Brasil e do Mundo","publisher":{"@id":"https:\/\/www.notibras.com\/site\/#organization"},"potentialAction":[{"@type":"SearchAction","target":{"@type":"EntryPoint","urlTemplate":"https:\/\/www.notibras.com\/site\/?s={search_term_string}"},"query-input":{"@type":"PropertyValueSpecification","valueRequired":true,"valueName":"search_term_string"}}],"inLanguage":"pt-BR"},{"@type":"Organization","@id":"https:\/\/www.notibras.com\/site\/#organization","name":"Grupo Notibras de Comunica\u00e7\u00e3o","url":"https:\/\/www.notibras.com\/site\/","logo":{"@type":"ImageObject","inLanguage":"pt-BR","@id":"https:\/\/www.notibras.com\/site\/#\/schema\/logo\/image\/","url":"https:\/\/www.notibras.com\/site\/wp-content\/uploads\/2023\/01\/notibras23.png","contentUrl":"https:\/\/www.notibras.com\/site\/wp-content\/uploads\/2023\/01\/notibras23.png","width":350,"height":87,"caption":"Grupo Notibras de Comunica\u00e7\u00e3o"},"image":{"@id":"https:\/\/www.notibras.com\/site\/#\/schema\/logo\/image\/"},"sameAs":["https:\/\/www.facebook.com\/notibras\/","https:\/\/x.com\/Notibras","https:\/\/www.instagram.com\/notibras\/"]},{"@type":"Person","@id":"https:\/\/www.notibras.com\/site\/#\/schema\/person\/5b7fabf2aedc3ada2105f03b22b4d3dd","name":"Eduardo Mart\u00ednez","image":{"@type":"ImageObject","inLanguage":"pt-BR","@id":"https:\/\/secure.gravatar.com\/avatar\/7902f906289926289cbcda644b5197c796b893c6ffd7b9a536a42d290f7704a0?s=96&d=mm&r=g","url":"https:\/\/secure.gravatar.com\/avatar\/7902f906289926289cbcda644b5197c796b893c6ffd7b9a536a42d290f7704a0?s=96&d=mm&r=g","contentUrl":"https:\/\/secure.gravatar.com\/avatar\/7902f906289926289cbcda644b5197c796b893c6ffd7b9a536a42d290f7704a0?s=96&d=mm&r=g","caption":"Eduardo Mart\u00ednez"}}]}},"amp_enabled":true,"_links":{"self":[{"href":"https:\/\/www.notibras.com\/site\/wp-json\/wp\/v2\/posts\/392332","targetHints":{"allow":["GET"]}}],"collection":[{"href":"https:\/\/www.notibras.com\/site\/wp-json\/wp\/v2\/posts"}],"about":[{"href":"https:\/\/www.notibras.com\/site\/wp-json\/wp\/v2\/types\/post"}],"author":[{"embeddable":true,"href":"https:\/\/www.notibras.com\/site\/wp-json\/wp\/v2\/users\/21"}],"replies":[{"embeddable":true,"href":"https:\/\/www.notibras.com\/site\/wp-json\/wp\/v2\/comments?post=392332"}],"version-history":[{"count":2,"href":"https:\/\/www.notibras.com\/site\/wp-json\/wp\/v2\/posts\/392332\/revisions"}],"predecessor-version":[{"id":392335,"href":"https:\/\/www.notibras.com\/site\/wp-json\/wp\/v2\/posts\/392332\/revisions\/392335"}],"wp:featuredmedia":[{"embeddable":true,"href":"https:\/\/www.notibras.com\/site\/wp-json\/wp\/v2\/media\/392333"}],"wp:attachment":[{"href":"https:\/\/www.notibras.com\/site\/wp-json\/wp\/v2\/media?parent=392332"}],"wp:term":[{"taxonomy":"category","embeddable":true,"href":"https:\/\/www.notibras.com\/site\/wp-json\/wp\/v2\/categories?post=392332"},{"taxonomy":"post_tag","embeddable":true,"href":"https:\/\/www.notibras.com\/site\/wp-json\/wp\/v2\/tags?post=392332"}],"curies":[{"name":"wp","href":"https:\/\/api.w.org\/{rel}","templated":true}]}}