{"id":392364,"date":"2026-04-25T01:15:55","date_gmt":"2026-04-25T04:15:55","guid":{"rendered":"https:\/\/www.notibras.com\/site\/?p=392364"},"modified":"2026-04-23T23:09:17","modified_gmt":"2026-04-24T02:09:17","slug":"o-tabuleiro-da-liberdade","status":"publish","type":"post","link":"https:\/\/www.notibras.com\/site\/o-tabuleiro-da-liberdade\/","title":{"rendered":"O TABULEIRO DA LIBERDADE"},"content":{"rendered":"<p><strong>no xadrez<\/strong><\/p>\n<p>&nbsp;<\/p>\n<p>o jogador escolhe estar preso<\/p>\n<p>vendo o alvo da lua nascer quadrado<\/p>\n<p>entremeado pelos quartos do tabuleiro<\/p>\n<p>reis e rainhas duelam<\/p>\n<p>com seus pe\u00f5es<\/p>\n<p>seu clero, suas torres<\/p>\n<p>mas n\u00e3o h\u00e1 cavaleiros<\/p>\n<p>somente cavalos mancos<\/p>\n<p>a cada tr\u00eas passos<\/p>\n<p>trope\u00e7am um para o lado<\/p>\n<p>seja para frente ou para tr\u00e1s<\/p>\n<p>o inspetor do meu col\u00e9gio jogava com excel\u00eancia<\/p>\n<p>ensinava os pupilos sob vigil\u00e2ncia<\/p>\n<p>a decifrar a magia do jogo<\/p>\n<p>e a mover no escuro<\/p>\n<p>as sombras de dentro<\/p>\n<p>e no jardim de pe\u00e7as de marfim<\/p>\n<p>cavalgar por sua liberdade<\/p>\n<p><strong>\u2026\u2026\u2026\u2026\u2026\u2026\u2026\u2026\u2026..<\/strong><\/p>\n<p><strong>Guilherme, carioca nascido em 1986, encontrou na poesia sua express\u00e3o desde a adolesc\u00eancia. Formado em Direito pela UFRJ e em Psicologia pela Est\u00e1cio, lan\u00e7ou em 2024 o livro \u201cEsta leitura \u00e9 gratuita\u201d pela Editora Patu\u00e1. Desde ent\u00e3o, mant\u00e9m no Instagram o perfil @guiesuaspoesias, dedicado \u00e0 poesia independente.<\/strong><\/p>\n","protected":false},"excerpt":{"rendered":"<p>no xadrez &nbsp; o jogador escolhe estar preso vendo o alvo da lua nascer quadrado entremeado pelos quartos do tabuleiro reis e rainhas duelam com seus pe\u00f5es seu clero, suas torres mas n\u00e3o h\u00e1 cavaleiros somente cavalos mancos a cada tr\u00eas passos trope\u00e7am um para o lado seja para frente ou para tr\u00e1s o inspetor [&hellip;]<\/p>\n","protected":false},"author":21,"featured_media":392365,"comment_status":"closed","ping_status":"closed","sticky":false,"template":"","format":"standard","meta":{"_acf_changed":false,"footnotes":""},"categories":[234],"tags":[],"class_list":["post-392364","post","type-post","status-publish","format-standard","has-post-thumbnail","hentry","category-cafe-literario"],"acf":[],"yoast_head":"<!-- This site is optimized with the Yoast SEO plugin v27.2 - https:\/\/yoast.com\/product\/yoast-seo-wordpress\/ -->\n<title>O TABULEIRO DA LIBERDADE - Notibras<\/title>\n<meta name=\"robots\" content=\"index, follow, max-snippet:-1, max-image-preview:large, max-video-preview:-1\" \/>\n<link rel=\"canonical\" href=\"https:\/\/www.notibras.com\/site\/o-tabuleiro-da-liberdade\/\" \/>\n<meta property=\"og:locale\" content=\"pt_BR\" \/>\n<meta property=\"og:type\" content=\"article\" \/>\n<meta property=\"og:title\" content=\"O TABULEIRO DA LIBERDADE - Notibras\" \/>\n<meta property=\"og:description\" content=\"no xadrez &nbsp; o jogador escolhe estar preso vendo o alvo da lua nascer quadrado entremeado pelos quartos do tabuleiro reis e rainhas duelam com seus pe\u00f5es seu clero, suas torres mas n\u00e3o h\u00e1 cavaleiros somente cavalos mancos a cada tr\u00eas passos trope\u00e7am um para o lado seja para frente ou para tr\u00e1s o inspetor [&hellip;]\" \/>\n<meta property=\"og:url\" content=\"https:\/\/www.notibras.com\/site\/o-tabuleiro-da-liberdade\/\" \/>\n<meta property=\"og:site_name\" content=\"Notibras\" \/>\n<meta property=\"article:publisher\" content=\"https:\/\/www.facebook.com\/notibras\/\" \/>\n<meta property=\"article:published_time\" content=\"2026-04-25T04:15:55+00:00\" \/>\n<meta property=\"og:image\" content=\"https:\/\/www.notibras.com\/site\/wp-content\/uploads\/2026\/04\/ChatGPT-Image-23-de-abr.-de-2026-23_01_21-1024x725.png\" \/>\n\t<meta property=\"og:image:width\" content=\"1024\" \/>\n\t<meta property=\"og:image:height\" content=\"725\" \/>\n\t<meta property=\"og:image:type\" content=\"image\/png\" \/>\n<meta name=\"author\" content=\"Eduardo Mart\u00ednez\" \/>\n<meta name=\"twitter:card\" content=\"summary_large_image\" \/>\n<meta name=\"twitter:creator\" content=\"@Notibras\" \/>\n<meta name=\"twitter:site\" content=\"@Notibras\" \/>\n<meta name=\"twitter:label1\" content=\"Escrito por\" \/>\n\t<meta name=\"twitter:data1\" content=\"Eduardo Mart\u00ednez\" \/>\n\t<meta name=\"twitter:label2\" content=\"Est. tempo de leitura\" \/>\n\t<meta name=\"twitter:data2\" content=\"2 minutos\" \/>\n<script type=\"application\/ld+json\" class=\"yoast-schema-graph\">{\"@context\":\"https:\/\/schema.org\",\"@graph\":[{\"@type\":\"Article\",\"@id\":\"https:\/\/www.notibras.com\/site\/o-tabuleiro-da-liberdade\/#article\",\"isPartOf\":{\"@id\":\"https:\/\/www.notibras.com\/site\/o-tabuleiro-da-liberdade\/\"},\"author\":{\"name\":\"Eduardo Mart\u00ednez\",\"@id\":\"https:\/\/www.notibras.com\/site\/#\/schema\/person\/5b7fabf2aedc3ada2105f03b22b4d3dd\"},\"headline\":\"O TABULEIRO DA LIBERDADE\",\"datePublished\":\"2026-04-25T04:15:55+00:00\",\"mainEntityOfPage\":{\"@id\":\"https:\/\/www.notibras.com\/site\/o-tabuleiro-da-liberdade\/\"},\"wordCount\":154,\"publisher\":{\"@id\":\"https:\/\/www.notibras.com\/site\/#organization\"},\"image\":{\"@id\":\"https:\/\/www.notibras.com\/site\/o-tabuleiro-da-liberdade\/#primaryimage\"},\"thumbnailUrl\":\"https:\/\/www.notibras.com\/site\/wp-content\/uploads\/2026\/04\/ChatGPT-Image-23-de-abr.-de-2026-23_01_21.png\",\"articleSection\":[\"Caf\u00e9 Liter\u00e1rio\"],\"inLanguage\":\"pt-BR\"},{\"@type\":\"WebPage\",\"@id\":\"https:\/\/www.notibras.com\/site\/o-tabuleiro-da-liberdade\/\",\"url\":\"https:\/\/www.notibras.com\/site\/o-tabuleiro-da-liberdade\/\",\"name\":\"O TABULEIRO DA LIBERDADE - Notibras\",\"isPartOf\":{\"@id\":\"https:\/\/www.notibras.com\/site\/#website\"},\"primaryImageOfPage\":{\"@id\":\"https:\/\/www.notibras.com\/site\/o-tabuleiro-da-liberdade\/#primaryimage\"},\"image\":{\"@id\":\"https:\/\/www.notibras.com\/site\/o-tabuleiro-da-liberdade\/#primaryimage\"},\"thumbnailUrl\":\"https:\/\/www.notibras.com\/site\/wp-content\/uploads\/2026\/04\/ChatGPT-Image-23-de-abr.-de-2026-23_01_21.png\",\"datePublished\":\"2026-04-25T04:15:55+00:00\",\"breadcrumb\":{\"@id\":\"https:\/\/www.notibras.com\/site\/o-tabuleiro-da-liberdade\/#breadcrumb\"},\"inLanguage\":\"pt-BR\",\"potentialAction\":[{\"@type\":\"ReadAction\",\"target\":[\"https:\/\/www.notibras.com\/site\/o-tabuleiro-da-liberdade\/\"]}]},{\"@type\":\"ImageObject\",\"inLanguage\":\"pt-BR\",\"@id\":\"https:\/\/www.notibras.com\/site\/o-tabuleiro-da-liberdade\/#primaryimage\",\"url\":\"https:\/\/www.notibras.com\/site\/wp-content\/uploads\/2026\/04\/ChatGPT-Image-23-de-abr.-de-2026-23_01_21.png\",\"contentUrl\":\"https:\/\/www.notibras.com\/site\/wp-content\/uploads\/2026\/04\/ChatGPT-Image-23-de-abr.-de-2026-23_01_21.png\",\"width\":1491,\"height\":1055},{\"@type\":\"BreadcrumbList\",\"@id\":\"https:\/\/www.notibras.com\/site\/o-tabuleiro-da-liberdade\/#breadcrumb\",\"itemListElement\":[{\"@type\":\"ListItem\",\"position\":1,\"name\":\"In\u00edcio\",\"item\":\"https:\/\/www.notibras.com\/site\/\"},{\"@type\":\"ListItem\",\"position\":2,\"name\":\"O TABULEIRO DA LIBERDADE\"}]},{\"@type\":\"WebSite\",\"@id\":\"https:\/\/www.notibras.com\/site\/#website\",\"url\":\"https:\/\/www.notibras.com\/site\/\",\"name\":\"Notibras\",\"description\":\"Not\u00edcias de Bras\u00edlia, do Brasil e do Mundo\",\"publisher\":{\"@id\":\"https:\/\/www.notibras.com\/site\/#organization\"},\"potentialAction\":[{\"@type\":\"SearchAction\",\"target\":{\"@type\":\"EntryPoint\",\"urlTemplate\":\"https:\/\/www.notibras.com\/site\/?s={search_term_string}\"},\"query-input\":{\"@type\":\"PropertyValueSpecification\",\"valueRequired\":true,\"valueName\":\"search_term_string\"}}],\"inLanguage\":\"pt-BR\"},{\"@type\":\"Organization\",\"@id\":\"https:\/\/www.notibras.com\/site\/#organization\",\"name\":\"Grupo Notibras de Comunica\u00e7\u00e3o\",\"url\":\"https:\/\/www.notibras.com\/site\/\",\"logo\":{\"@type\":\"ImageObject\",\"inLanguage\":\"pt-BR\",\"@id\":\"https:\/\/www.notibras.com\/site\/#\/schema\/logo\/image\/\",\"url\":\"https:\/\/www.notibras.com\/site\/wp-content\/uploads\/2023\/01\/notibras23.png\",\"contentUrl\":\"https:\/\/www.notibras.com\/site\/wp-content\/uploads\/2023\/01\/notibras23.png\",\"width\":350,\"height\":87,\"caption\":\"Grupo Notibras de Comunica\u00e7\u00e3o\"},\"image\":{\"@id\":\"https:\/\/www.notibras.com\/site\/#\/schema\/logo\/image\/\"},\"sameAs\":[\"https:\/\/www.facebook.com\/notibras\/\",\"https:\/\/x.com\/Notibras\",\"https:\/\/www.instagram.com\/notibras\/\"]},{\"@type\":\"Person\",\"@id\":\"https:\/\/www.notibras.com\/site\/#\/schema\/person\/5b7fabf2aedc3ada2105f03b22b4d3dd\",\"name\":\"Eduardo Mart\u00ednez\",\"image\":{\"@type\":\"ImageObject\",\"inLanguage\":\"pt-BR\",\"@id\":\"https:\/\/secure.gravatar.com\/avatar\/7902f906289926289cbcda644b5197c796b893c6ffd7b9a536a42d290f7704a0?s=96&d=mm&r=g\",\"url\":\"https:\/\/secure.gravatar.com\/avatar\/7902f906289926289cbcda644b5197c796b893c6ffd7b9a536a42d290f7704a0?s=96&d=mm&r=g\",\"contentUrl\":\"https:\/\/secure.gravatar.com\/avatar\/7902f906289926289cbcda644b5197c796b893c6ffd7b9a536a42d290f7704a0?s=96&d=mm&r=g\",\"caption\":\"Eduardo Mart\u00ednez\"}}]}<\/script>\n<!-- \/ Yoast SEO plugin. -->","yoast_head_json":{"title":"O TABULEIRO DA LIBERDADE - Notibras","robots":{"index":"index","follow":"follow","max-snippet":"max-snippet:-1","max-image-preview":"max-image-preview:large","max-video-preview":"max-video-preview:-1"},"canonical":"https:\/\/www.notibras.com\/site\/o-tabuleiro-da-liberdade\/","og_locale":"pt_BR","og_type":"article","og_title":"O TABULEIRO DA LIBERDADE - Notibras","og_description":"no xadrez &nbsp; o jogador escolhe estar preso vendo o alvo da lua nascer quadrado entremeado pelos quartos do tabuleiro reis e rainhas duelam com seus pe\u00f5es seu clero, suas torres mas n\u00e3o h\u00e1 cavaleiros somente cavalos mancos a cada tr\u00eas passos trope\u00e7am um para o lado seja para frente ou para tr\u00e1s o inspetor [&hellip;]","og_url":"https:\/\/www.notibras.com\/site\/o-tabuleiro-da-liberdade\/","og_site_name":"Notibras","article_publisher":"https:\/\/www.facebook.com\/notibras\/","article_published_time":"2026-04-25T04:15:55+00:00","og_image":[{"width":1024,"height":725,"url":"https:\/\/www.notibras.com\/site\/wp-content\/uploads\/2026\/04\/ChatGPT-Image-23-de-abr.-de-2026-23_01_21-1024x725.png","type":"image\/png"}],"author":"Eduardo Mart\u00ednez","twitter_card":"summary_large_image","twitter_creator":"@Notibras","twitter_site":"@Notibras","twitter_misc":{"Escrito por":"Eduardo Mart\u00ednez","Est. tempo de leitura":"2 minutos"},"schema":{"@context":"https:\/\/schema.org","@graph":[{"@type":"Article","@id":"https:\/\/www.notibras.com\/site\/o-tabuleiro-da-liberdade\/#article","isPartOf":{"@id":"https:\/\/www.notibras.com\/site\/o-tabuleiro-da-liberdade\/"},"author":{"name":"Eduardo Mart\u00ednez","@id":"https:\/\/www.notibras.com\/site\/#\/schema\/person\/5b7fabf2aedc3ada2105f03b22b4d3dd"},"headline":"O TABULEIRO DA LIBERDADE","datePublished":"2026-04-25T04:15:55+00:00","mainEntityOfPage":{"@id":"https:\/\/www.notibras.com\/site\/o-tabuleiro-da-liberdade\/"},"wordCount":154,"publisher":{"@id":"https:\/\/www.notibras.com\/site\/#organization"},"image":{"@id":"https:\/\/www.notibras.com\/site\/o-tabuleiro-da-liberdade\/#primaryimage"},"thumbnailUrl":"https:\/\/www.notibras.com\/site\/wp-content\/uploads\/2026\/04\/ChatGPT-Image-23-de-abr.-de-2026-23_01_21.png","articleSection":["Caf\u00e9 Liter\u00e1rio"],"inLanguage":"pt-BR"},{"@type":"WebPage","@id":"https:\/\/www.notibras.com\/site\/o-tabuleiro-da-liberdade\/","url":"https:\/\/www.notibras.com\/site\/o-tabuleiro-da-liberdade\/","name":"O TABULEIRO DA LIBERDADE - Notibras","isPartOf":{"@id":"https:\/\/www.notibras.com\/site\/#website"},"primaryImageOfPage":{"@id":"https:\/\/www.notibras.com\/site\/o-tabuleiro-da-liberdade\/#primaryimage"},"image":{"@id":"https:\/\/www.notibras.com\/site\/o-tabuleiro-da-liberdade\/#primaryimage"},"thumbnailUrl":"https:\/\/www.notibras.com\/site\/wp-content\/uploads\/2026\/04\/ChatGPT-Image-23-de-abr.-de-2026-23_01_21.png","datePublished":"2026-04-25T04:15:55+00:00","breadcrumb":{"@id":"https:\/\/www.notibras.com\/site\/o-tabuleiro-da-liberdade\/#breadcrumb"},"inLanguage":"pt-BR","potentialAction":[{"@type":"ReadAction","target":["https:\/\/www.notibras.com\/site\/o-tabuleiro-da-liberdade\/"]}]},{"@type":"ImageObject","inLanguage":"pt-BR","@id":"https:\/\/www.notibras.com\/site\/o-tabuleiro-da-liberdade\/#primaryimage","url":"https:\/\/www.notibras.com\/site\/wp-content\/uploads\/2026\/04\/ChatGPT-Image-23-de-abr.-de-2026-23_01_21.png","contentUrl":"https:\/\/www.notibras.com\/site\/wp-content\/uploads\/2026\/04\/ChatGPT-Image-23-de-abr.-de-2026-23_01_21.png","width":1491,"height":1055},{"@type":"BreadcrumbList","@id":"https:\/\/www.notibras.com\/site\/o-tabuleiro-da-liberdade\/#breadcrumb","itemListElement":[{"@type":"ListItem","position":1,"name":"In\u00edcio","item":"https:\/\/www.notibras.com\/site\/"},{"@type":"ListItem","position":2,"name":"O TABULEIRO DA LIBERDADE"}]},{"@type":"WebSite","@id":"https:\/\/www.notibras.com\/site\/#website","url":"https:\/\/www.notibras.com\/site\/","name":"Notibras","description":"Not\u00edcias de Bras\u00edlia, do Brasil e do Mundo","publisher":{"@id":"https:\/\/www.notibras.com\/site\/#organization"},"potentialAction":[{"@type":"SearchAction","target":{"@type":"EntryPoint","urlTemplate":"https:\/\/www.notibras.com\/site\/?s={search_term_string}"},"query-input":{"@type":"PropertyValueSpecification","valueRequired":true,"valueName":"search_term_string"}}],"inLanguage":"pt-BR"},{"@type":"Organization","@id":"https:\/\/www.notibras.com\/site\/#organization","name":"Grupo Notibras de Comunica\u00e7\u00e3o","url":"https:\/\/www.notibras.com\/site\/","logo":{"@type":"ImageObject","inLanguage":"pt-BR","@id":"https:\/\/www.notibras.com\/site\/#\/schema\/logo\/image\/","url":"https:\/\/www.notibras.com\/site\/wp-content\/uploads\/2023\/01\/notibras23.png","contentUrl":"https:\/\/www.notibras.com\/site\/wp-content\/uploads\/2023\/01\/notibras23.png","width":350,"height":87,"caption":"Grupo Notibras de Comunica\u00e7\u00e3o"},"image":{"@id":"https:\/\/www.notibras.com\/site\/#\/schema\/logo\/image\/"},"sameAs":["https:\/\/www.facebook.com\/notibras\/","https:\/\/x.com\/Notibras","https:\/\/www.instagram.com\/notibras\/"]},{"@type":"Person","@id":"https:\/\/www.notibras.com\/site\/#\/schema\/person\/5b7fabf2aedc3ada2105f03b22b4d3dd","name":"Eduardo Mart\u00ednez","image":{"@type":"ImageObject","inLanguage":"pt-BR","@id":"https:\/\/secure.gravatar.com\/avatar\/7902f906289926289cbcda644b5197c796b893c6ffd7b9a536a42d290f7704a0?s=96&d=mm&r=g","url":"https:\/\/secure.gravatar.com\/avatar\/7902f906289926289cbcda644b5197c796b893c6ffd7b9a536a42d290f7704a0?s=96&d=mm&r=g","contentUrl":"https:\/\/secure.gravatar.com\/avatar\/7902f906289926289cbcda644b5197c796b893c6ffd7b9a536a42d290f7704a0?s=96&d=mm&r=g","caption":"Eduardo Mart\u00ednez"}}]}},"amp_enabled":true,"_links":{"self":[{"href":"https:\/\/www.notibras.com\/site\/wp-json\/wp\/v2\/posts\/392364","targetHints":{"allow":["GET"]}}],"collection":[{"href":"https:\/\/www.notibras.com\/site\/wp-json\/wp\/v2\/posts"}],"about":[{"href":"https:\/\/www.notibras.com\/site\/wp-json\/wp\/v2\/types\/post"}],"author":[{"embeddable":true,"href":"https:\/\/www.notibras.com\/site\/wp-json\/wp\/v2\/users\/21"}],"replies":[{"embeddable":true,"href":"https:\/\/www.notibras.com\/site\/wp-json\/wp\/v2\/comments?post=392364"}],"version-history":[{"count":2,"href":"https:\/\/www.notibras.com\/site\/wp-json\/wp\/v2\/posts\/392364\/revisions"}],"predecessor-version":[{"id":392367,"href":"https:\/\/www.notibras.com\/site\/wp-json\/wp\/v2\/posts\/392364\/revisions\/392367"}],"wp:featuredmedia":[{"embeddable":true,"href":"https:\/\/www.notibras.com\/site\/wp-json\/wp\/v2\/media\/392365"}],"wp:attachment":[{"href":"https:\/\/www.notibras.com\/site\/wp-json\/wp\/v2\/media?parent=392364"}],"wp:term":[{"taxonomy":"category","embeddable":true,"href":"https:\/\/www.notibras.com\/site\/wp-json\/wp\/v2\/categories?post=392364"},{"taxonomy":"post_tag","embeddable":true,"href":"https:\/\/www.notibras.com\/site\/wp-json\/wp\/v2\/tags?post=392364"}],"curies":[{"name":"wp","href":"https:\/\/api.w.org\/{rel}","templated":true}]}}